{"id":1097,"date":"2026-03-18T11:21:43","date_gmt":"2026-03-18T11:21:43","guid":{"rendered":"https:\/\/ugtfgvalicante.com\/?p=1097"},"modified":"2026-03-18T11:21:45","modified_gmt":"2026-03-18T11:21:45","slug":"alicante-ratifica-su-apuesta-por-ampliar-el-tram-en-cuatro-fases-con-el-nuevo-pge","status":"publish","type":"post","link":"https:\/\/ugtfgvalicante.com\/index.php\/2026\/03\/18\/alicante-ratifica-su-apuesta-por-ampliar-el-tram-en-cuatro-fases-con-el-nuevo-pge\/","title":{"rendered":"Alicante ratifica su apuesta por ampliar el Tram en cuatro fases con el nuevo PGE"},"content":{"rendered":"\n<p>Plantea aprovechar el trazado de la Gran V\u00eda para prolongar l\u00edneas existentes hacia los barrios del norte y del sur de la ciudad. Al tiempo, se aspira a ganar frecuencias de paso y reducir el uso del veh\u00edculo privado.<\/p>\n\n\n\n<p>ALICANTE. El equipo de gobierno de Alicante, del Partido Popular (PP), vuelve a anticipar parte de las previsiones que quedar\u00e1n recogidas en el borrador del nuevo Plan General Estructural (PGE) en lo que respecta, ahora, a la futura prolongaci\u00f3n del servicio de tranv\u00eda: el conocido como sistema Tram. Fuentes municipales han detallado, a trav\u00e9s de un comunicado, que el futuro planeamiento \u00abapuesta de forma clara por el refuerzo y ampliaci\u00f3n de la red tranviaria, para mejorar su competitividad y reducir el uso del veh\u00edculo privado y derivar este tr\u00e1fico al transporte colectivo\u00bb.<\/p>\n\n\n\n<p>\u00bfDe qu\u00e9 modo? Incrementando las frecuencias de paso, ampliando la red y mejorando la integraci\u00f3n urbana del Tram en cuatro fases de actuaci\u00f3n, como se planteaba en el informe&nbsp;&#8216;An\u00e1lisis de la red viaria y ferroviaria estructural del municipio de Alicante&#8217; encargado por el Ayuntamiento de Alicante a un equipo de ingenieros de la&nbsp;Universidad de Alicante (UA) como parte de los estudios previos necesarios para&nbsp;afrontar la redacci\u00f3n del PGE.<\/p>\n\n\n\n<p>Como inform\u00f3 este diario cuando se desarroll\u00f3 el primer proceso participativo sobre el borrador del PGE, hace un a\u00f1o, esas cuatro fases comprenden el desarrollo o prolongaci\u00f3n de l\u00edneas sobre el eje de la Gran V\u00eda. Eso s\u00ed, el desarrollo de esas previsiones requiere de la participaci\u00f3n imprescindible de la Generalitat, a trav\u00e9s de la Conselleria de Medio Ambiente, Infraestructuras y Territorio, y de la empresa p\u00fablica Ferrocarrils de la Generalitat (FGV), puesto que son quienes asumen las competencias de construcci\u00f3n y gesti\u00f3n de las infraestructuras tranviarias en la Comunitat.<\/p>\n\n\n\n<p>En primer t\u00e9rmino, la&nbsp;propuesta de mejora de la red tranviaria comienza con una fase 0, en la que el objetivo es el refuerzo de las frecuencias en todas las l\u00edneas metropolitanas, hasta alcanzar un intervalo m\u00e1ximo de 10 minutos,<strong>&nbsp;<\/strong>umbral que garantiza fiabilidad y atrae demanda.<\/p>\n\n\n\n<p>La fase 1 supone la ampliaci\u00f3n de la red mediante la ejecuci\u00f3n de las l\u00edneas de Gran V\u00eda hasta su conexi\u00f3n con los barrios del sur y San Gabriel; avenida de D\u00e9nia como eje estrat\u00e9gico lanzadera entre el centro de Alicante y Sant Joan; avenida de Aguilera, para enlazar la Estaci\u00f3n Intermodal con los barrios del sur; y conexiones con las l\u00edneas existentes en la avenida de la Condomina (Playas) y en San Vicente, enlazando con el nodo intermodal secundario de movilidad previsto en la futura estaci\u00f3n Alicante Norte, seg\u00fan detallan las mismas fuentes.<\/p>\n\n\n\n<p>La fase 2 plantea la prolongaci\u00f3n hacia los barrios de La Florida, San Gabriel y las \u00e1reas industriales, as\u00ed como la ejecuci\u00f3n de un nuevo ramal de circunvalaci\u00f3n norte, que conecte la l\u00ednea de Playa de San Juan a la altura de Lucentum con los nuevos desarrollos de Vistahermosa Norte y Colonia Requena.<\/p>\n\n\n\n<p>Por \u00faltimo, la fase 3 prev\u00e9 la extensi\u00f3n de la l\u00ednea de la Gran V\u00eda hacia el Garbinet y la avenida de Denia y la ejecuci\u00f3n de un nuevo ramal de circunvalaci\u00f3n sur que conecte la l\u00ednea de Gran V\u00eda con los nuevos desarrollos previstos en el entorno de Rabasa, consolidando la malla tranviaria metropolitana.&nbsp;<\/p>\n\n\n\n<h2 class=\"wp-block-heading\">Gran V\u00eda como eje vertebrador<\/h2>\n\n\n\n<p>De este modo, se propone \u00abla reconversi\u00f3n de la Gran V\u00eda como eje articulador de barrios, constituy\u00e9ndose en un cintur\u00f3n que pueda acoger un elevado n\u00famero de viajeros, dado que conecta directamente con barrios de alta densidad ya existentes\u00bb. Adem\u00e1s, las mismas fuentes se\u00f1alan que \u00abel eje de la avenida de D\u00e9nia resulta clave dentro de la estrategia de conexi\u00f3n del entorno metropolitano con el centro de Alicante en 15-20 minutos, planteando un Tram&nbsp;lanzadera que enlace de manera directa Sant Joan, el Hospital y la Universidad Miguel Hern\u00e1ndez con la Estaci\u00f3n Intermodal\u00bb.<\/p>\n\n\n\n<p>\u00abLa expansi\u00f3n del TRAM por todo el municipio para dar servicio a barrios que hoy en d\u00eda no est\u00e1n conectados con este medio de transporte y la mejora de las frecuencias para ganar operatividad son dos estrategias fundamentales del modelo de movilidad que impulsa el PGE\u00bb, explica el<strong>&nbsp;<\/strong>concejal de Urbanismo,&nbsp;<strong>To\u00f1o Peral<\/strong>. \u00abApostamos por la movilidad sostenible y por un transporte p\u00fablico eficiente, moderno e interconectado que resulte realmente atractivo como alternativa al veh\u00edculo privado\u00bb, a\u00f1ade el edil.<\/p>\n\n\n\n<p>Por \u00faltimo, fuentes municipales a\u00f1aden que \u00abtras la celebraci\u00f3n, la semana pasada, de la primera mesa tem\u00e1tica, sobre Infraestructura verde y Suelo no urbanizable, este martes, a las 17.30 horas, en Puerta Ferrisa, tendr\u00e1 lugar la segunda, sobre movilidad, en la que se debatir\u00e1 la estrategia de expansi\u00f3n del Tram, entre otros proyectos\u00bb.<\/p>\n\n\n\n<p>Fuente: <a href=\"https:\/\/alicanteplaza.es\/alicanteplaza\/alicante\/alicante-ratifica-su-apuesta-por-ampliar-el-tram-en-cuatro-fases-con-el-nuevo-pge\">Alicanteplaza<\/a><\/p>\n","protected":false},"excerpt":{"rendered":"<div class=\"mh-excerpt\"><p>Plantea aprovechar el trazado de la Gran V\u00eda para prolongar l\u00edneas existentes hacia los barrios del norte y del sur de la ciudad. Al tiempo, <a class=\"mh-excerpt-more\" href=\"https:\/\/ugtfgvalicante.com\/index.php\/2026\/03\/18\/alicante-ratifica-su-apuesta-por-ampliar-el-tram-en-cuatro-fases-con-el-nuevo-pge\/\" title=\"Alicante ratifica su apuesta por ampliar el Tram en cuatro fases con el nuevo PGE\">[&#8230;]<\/a><\/p>\n<\/div>","protected":false},"author":4,"featured_media":1098,"comment_status":"closed","ping_status":"closed","sticky":false,"template":"","format":"standard","meta":{"footnotes":""},"categories":[5],"tags":[],"class_list":["post-1097","post","type-post","status-publish","format-standard","has-post-thumbnail","hentry","category-noticias-prensa"],"yoast_head":"<!-- This site is optimized with the Yoast SEO plugin v26.6 - https:\/\/yoast.com\/wordpress\/plugins\/seo\/ -->\n<title>Alicante ratifica su apuesta por ampliar el Tram en cuatro fases con el nuevo PGE - FGV Alicante<\/title>\n<meta name=\"robots\" content=\"index, follow, max-snippet:-1, max-image-preview:large, max-video-preview:-1\" \/>\n<link rel=\"canonical\" href=\"https:\/\/ugtfgvalicante.com\/index.php\/2026\/03\/18\/alicante-ratifica-su-apuesta-por-ampliar-el-tram-en-cuatro-fases-con-el-nuevo-pge\/\" \/>\n<meta property=\"og:locale\" content=\"es_ES\" \/>\n<meta property=\"og:type\" content=\"article\" \/>\n<meta property=\"og:title\" content=\"Alicante ratifica su apuesta por ampliar el Tram en cuatro fases con el nuevo PGE - FGV Alicante\" \/>\n<meta property=\"og:description\" content=\"Plantea aprovechar el trazado de la Gran V\u00eda para prolongar l\u00edneas existentes hacia los barrios del norte y del sur de la ciudad. Al tiempo, [...]\" \/>\n<meta property=\"og:url\" content=\"https:\/\/ugtfgvalicante.com\/index.php\/2026\/03\/18\/alicante-ratifica-su-apuesta-por-ampliar-el-tram-en-cuatro-fases-con-el-nuevo-pge\/\" \/>\n<meta property=\"og:site_name\" content=\"FGV Alicante\" \/>\n<meta property=\"article:publisher\" content=\"https:\/\/es-es.facebook.com\/ugt.fgvalicante\/\" \/>\n<meta property=\"article:published_time\" content=\"2026-03-18T11:21:43+00:00\" \/>\n<meta property=\"article:modified_time\" content=\"2026-03-18T11:21:45+00:00\" \/>\n<meta property=\"og:image\" content=\"https:\/\/ugtfgvalicante.com\/wp-content\/uploads\/2026\/03\/articulos-1804210.jpg\" \/>\n\t<meta property=\"og:image:width\" content=\"1200\" \/>\n\t<meta property=\"og:image:height\" content=\"848\" \/>\n\t<meta property=\"og:image:type\" content=\"image\/jpeg\" \/>\n<meta name=\"author\" content=\"Ugt FGV Alicante\" \/>\n<meta name=\"twitter:card\" content=\"summary_large_image\" \/>\n<meta name=\"twitter:label1\" content=\"Escrito por\" \/>\n\t<meta name=\"twitter:data1\" content=\"Ugt FGV Alicante\" \/>\n\t<meta name=\"twitter:label2\" content=\"Tiempo de lectura\" \/>\n\t<meta name=\"twitter:data2\" content=\"4 minutos\" \/>\n<script type=\"application\/ld+json\" class=\"yoast-schema-graph\">{\"@context\":\"https:\/\/schema.org\",\"@graph\":[{\"@type\":\"Article\",\"@id\":\"https:\/\/ugtfgvalicante.com\/index.php\/2026\/03\/18\/alicante-ratifica-su-apuesta-por-ampliar-el-tram-en-cuatro-fases-con-el-nuevo-pge\/#article\",\"isPartOf\":{\"@id\":\"https:\/\/ugtfgvalicante.com\/index.php\/2026\/03\/18\/alicante-ratifica-su-apuesta-por-ampliar-el-tram-en-cuatro-fases-con-el-nuevo-pge\/\"},\"author\":{\"name\":\"Ugt FGV Alicante\",\"@id\":\"https:\/\/ugtfgvalicante.com\/#\/schema\/person\/a1375a9c1ef53e624aa79c34b93b62e8\"},\"headline\":\"Alicante ratifica su apuesta por ampliar el Tram en cuatro fases con el nuevo PGE\",\"datePublished\":\"2026-03-18T11:21:43+00:00\",\"dateModified\":\"2026-03-18T11:21:45+00:00\",\"mainEntityOfPage\":{\"@id\":\"https:\/\/ugtfgvalicante.com\/index.php\/2026\/03\/18\/alicante-ratifica-su-apuesta-por-ampliar-el-tram-en-cuatro-fases-con-el-nuevo-pge\/\"},\"wordCount\":862,\"publisher\":{\"@id\":\"https:\/\/ugtfgvalicante.com\/#organization\"},\"image\":{\"@id\":\"https:\/\/ugtfgvalicante.com\/index.php\/2026\/03\/18\/alicante-ratifica-su-apuesta-por-ampliar-el-tram-en-cuatro-fases-con-el-nuevo-pge\/#primaryimage\"},\"thumbnailUrl\":\"https:\/\/ugtfgvalicante.com\/wp-content\/uploads\/2026\/03\/articulos-1804210.jpg\",\"articleSection\":[\"Noticias prensa\"],\"inLanguage\":\"es\"},{\"@type\":\"WebPage\",\"@id\":\"https:\/\/ugtfgvalicante.com\/index.php\/2026\/03\/18\/alicante-ratifica-su-apuesta-por-ampliar-el-tram-en-cuatro-fases-con-el-nuevo-pge\/\",\"url\":\"https:\/\/ugtfgvalicante.com\/index.php\/2026\/03\/18\/alicante-ratifica-su-apuesta-por-ampliar-el-tram-en-cuatro-fases-con-el-nuevo-pge\/\",\"name\":\"Alicante ratifica su apuesta por ampliar el Tram en cuatro fases con el nuevo PGE - FGV Alicante\",\"isPartOf\":{\"@id\":\"https:\/\/ugtfgvalicante.com\/#website\"},\"primaryImageOfPage\":{\"@id\":\"https:\/\/ugtfgvalicante.com\/index.php\/2026\/03\/18\/alicante-ratifica-su-apuesta-por-ampliar-el-tram-en-cuatro-fases-con-el-nuevo-pge\/#primaryimage\"},\"image\":{\"@id\":\"https:\/\/ugtfgvalicante.com\/index.php\/2026\/03\/18\/alicante-ratifica-su-apuesta-por-ampliar-el-tram-en-cuatro-fases-con-el-nuevo-pge\/#primaryimage\"},\"thumbnailUrl\":\"https:\/\/ugtfgvalicante.com\/wp-content\/uploads\/2026\/03\/articulos-1804210.jpg\",\"datePublished\":\"2026-03-18T11:21:43+00:00\",\"dateModified\":\"2026-03-18T11:21:45+00:00\",\"breadcrumb\":{\"@id\":\"https:\/\/ugtfgvalicante.com\/index.php\/2026\/03\/18\/alicante-ratifica-su-apuesta-por-ampliar-el-tram-en-cuatro-fases-con-el-nuevo-pge\/#breadcrumb\"},\"inLanguage\":\"es\",\"potentialAction\":[{\"@type\":\"ReadAction\",\"target\":[\"https:\/\/ugtfgvalicante.com\/index.php\/2026\/03\/18\/alicante-ratifica-su-apuesta-por-ampliar-el-tram-en-cuatro-fases-con-el-nuevo-pge\/\"]}]},{\"@type\":\"ImageObject\",\"inLanguage\":\"es\",\"@id\":\"https:\/\/ugtfgvalicante.com\/index.php\/2026\/03\/18\/alicante-ratifica-su-apuesta-por-ampliar-el-tram-en-cuatro-fases-con-el-nuevo-pge\/#primaryimage\",\"url\":\"https:\/\/ugtfgvalicante.com\/wp-content\/uploads\/2026\/03\/articulos-1804210.jpg\",\"contentUrl\":\"https:\/\/ugtfgvalicante.com\/wp-content\/uploads\/2026\/03\/articulos-1804210.jpg\",\"width\":1200,\"height\":848},{\"@type\":\"BreadcrumbList\",\"@id\":\"https:\/\/ugtfgvalicante.com\/index.php\/2026\/03\/18\/alicante-ratifica-su-apuesta-por-ampliar-el-tram-en-cuatro-fases-con-el-nuevo-pge\/#breadcrumb\",\"itemListElement\":[{\"@type\":\"ListItem\",\"position\":1,\"name\":\"Portada\",\"item\":\"https:\/\/ugtfgvalicante.com\/\"},{\"@type\":\"ListItem\",\"position\":2,\"name\":\"Alicante ratifica su apuesta por ampliar el Tram en cuatro fases con el nuevo PGE\"}]},{\"@type\":\"WebSite\",\"@id\":\"https:\/\/ugtfgvalicante.com\/#website\",\"url\":\"https:\/\/ugtfgvalicante.com\/\",\"name\":\"FGV Alicante\",\"description\":\"\",\"publisher\":{\"@id\":\"https:\/\/ugtfgvalicante.com\/#organization\"},\"potentialAction\":[{\"@type\":\"SearchAction\",\"target\":{\"@type\":\"EntryPoint\",\"urlTemplate\":\"https:\/\/ugtfgvalicante.com\/?s={search_term_string}\"},\"query-input\":{\"@type\":\"PropertyValueSpecification\",\"valueRequired\":true,\"valueName\":\"search_term_string\"}}],\"inLanguage\":\"es\"},{\"@type\":\"Organization\",\"@id\":\"https:\/\/ugtfgvalicante.com\/#organization\",\"name\":\"UGT FGV Alicante\",\"url\":\"https:\/\/ugtfgvalicante.com\/\",\"logo\":{\"@type\":\"ImageObject\",\"inLanguage\":\"es\",\"@id\":\"https:\/\/ugtfgvalicante.com\/#\/schema\/logo\/image\/\",\"url\":\"https:\/\/ugtfgvalicante.com\/wp-content\/uploads\/2022\/10\/logo-ugt-web.png\",\"contentUrl\":\"https:\/\/ugtfgvalicante.com\/wp-content\/uploads\/2022\/10\/logo-ugt-web.png\",\"width\":2283,\"height\":1126,\"caption\":\"UGT FGV Alicante\"},\"image\":{\"@id\":\"https:\/\/ugtfgvalicante.com\/#\/schema\/logo\/image\/\"},\"sameAs\":[\"https:\/\/es-es.facebook.com\/ugt.fgvalicante\/\"]},{\"@type\":\"Person\",\"@id\":\"https:\/\/ugtfgvalicante.com\/#\/schema\/person\/a1375a9c1ef53e624aa79c34b93b62e8\",\"name\":\"Ugt FGV Alicante\",\"image\":{\"@type\":\"ImageObject\",\"inLanguage\":\"es\",\"@id\":\"https:\/\/ugtfgvalicante.com\/#\/schema\/person\/image\/\",\"url\":\"https:\/\/secure.gravatar.com\/avatar\/ea41cd8456808460c6c0caa1a213c3c921573555df6b57a7ee2f16fb6f502866?s=96&d=mm&r=g\",\"contentUrl\":\"https:\/\/secure.gravatar.com\/avatar\/ea41cd8456808460c6c0caa1a213c3c921573555df6b57a7ee2f16fb6f502866?s=96&d=mm&r=g\",\"caption\":\"Ugt FGV Alicante\"},\"url\":\"https:\/\/ugtfgvalicante.com\/index.php\/author\/ggrau\/\"}]}<\/script>\n<!-- \/ Yoast SEO plugin. -->","yoast_head_json":{"title":"Alicante ratifica su apuesta por ampliar el Tram en cuatro fases con el nuevo PGE - FGV Alicante","robots":{"index":"index","follow":"follow","max-snippet":"max-snippet:-1","max-image-preview":"max-image-preview:large","max-video-preview":"max-video-preview:-1"},"canonical":"https:\/\/ugtfgvalicante.com\/index.php\/2026\/03\/18\/alicante-ratifica-su-apuesta-por-ampliar-el-tram-en-cuatro-fases-con-el-nuevo-pge\/","og_locale":"es_ES","og_type":"article","og_title":"Alicante ratifica su apuesta por ampliar el Tram en cuatro fases con el nuevo PGE - FGV Alicante","og_description":"Plantea aprovechar el trazado de la Gran V\u00eda para prolongar l\u00edneas existentes hacia los barrios del norte y del sur de la ciudad. Al tiempo, [...]","og_url":"https:\/\/ugtfgvalicante.com\/index.php\/2026\/03\/18\/alicante-ratifica-su-apuesta-por-ampliar-el-tram-en-cuatro-fases-con-el-nuevo-pge\/","og_site_name":"FGV Alicante","article_publisher":"https:\/\/es-es.facebook.com\/ugt.fgvalicante\/","article_published_time":"2026-03-18T11:21:43+00:00","article_modified_time":"2026-03-18T11:21:45+00:00","og_image":[{"width":1200,"height":848,"url":"https:\/\/ugtfgvalicante.com\/wp-content\/uploads\/2026\/03\/articulos-1804210.jpg","type":"image\/jpeg"}],"author":"Ugt FGV Alicante","twitter_card":"summary_large_image","twitter_misc":{"Escrito por":"Ugt FGV Alicante","Tiempo de lectura":"4 minutos"},"schema":{"@context":"https:\/\/schema.org","@graph":[{"@type":"Article","@id":"https:\/\/ugtfgvalicante.com\/index.php\/2026\/03\/18\/alicante-ratifica-su-apuesta-por-ampliar-el-tram-en-cuatro-fases-con-el-nuevo-pge\/#article","isPartOf":{"@id":"https:\/\/ugtfgvalicante.com\/index.php\/2026\/03\/18\/alicante-ratifica-su-apuesta-por-ampliar-el-tram-en-cuatro-fases-con-el-nuevo-pge\/"},"author":{"name":"Ugt FGV Alicante","@id":"https:\/\/ugtfgvalicante.com\/#\/schema\/person\/a1375a9c1ef53e624aa79c34b93b62e8"},"headline":"Alicante ratifica su apuesta por ampliar el Tram en cuatro fases con el nuevo PGE","datePublished":"2026-03-18T11:21:43+00:00","dateModified":"2026-03-18T11:21:45+00:00","mainEntityOfPage":{"@id":"https:\/\/ugtfgvalicante.com\/index.php\/2026\/03\/18\/alicante-ratifica-su-apuesta-por-ampliar-el-tram-en-cuatro-fases-con-el-nuevo-pge\/"},"wordCount":862,"publisher":{"@id":"https:\/\/ugtfgvalicante.com\/#organization"},"image":{"@id":"https:\/\/ugtfgvalicante.com\/index.php\/2026\/03\/18\/alicante-ratifica-su-apuesta-por-ampliar-el-tram-en-cuatro-fases-con-el-nuevo-pge\/#primaryimage"},"thumbnailUrl":"https:\/\/ugtfgvalicante.com\/wp-content\/uploads\/2026\/03\/articulos-1804210.jpg","articleSection":["Noticias prensa"],"inLanguage":"es"},{"@type":"WebPage","@id":"https:\/\/ugtfgvalicante.com\/index.php\/2026\/03\/18\/alicante-ratifica-su-apuesta-por-ampliar-el-tram-en-cuatro-fases-con-el-nuevo-pge\/","url":"https:\/\/ugtfgvalicante.com\/index.php\/2026\/03\/18\/alicante-ratifica-su-apuesta-por-ampliar-el-tram-en-cuatro-fases-con-el-nuevo-pge\/","name":"Alicante ratifica su apuesta por ampliar el Tram en cuatro fases con el nuevo PGE - FGV Alicante","isPartOf":{"@id":"https:\/\/ugtfgvalicante.com\/#website"},"primaryImageOfPage":{"@id":"https:\/\/ugtfgvalicante.com\/index.php\/2026\/03\/18\/alicante-ratifica-su-apuesta-por-ampliar-el-tram-en-cuatro-fases-con-el-nuevo-pge\/#primaryimage"},"image":{"@id":"https:\/\/ugtfgvalicante.com\/index.php\/2026\/03\/18\/alicante-ratifica-su-apuesta-por-ampliar-el-tram-en-cuatro-fases-con-el-nuevo-pge\/#primaryimage"},"thumbnailUrl":"https:\/\/ugtfgvalicante.com\/wp-content\/uploads\/2026\/03\/articulos-1804210.jpg","datePublished":"2026-03-18T11:21:43+00:00","dateModified":"2026-03-18T11:21:45+00:00","breadcrumb":{"@id":"https:\/\/ugtfgvalicante.com\/index.php\/2026\/03\/18\/alicante-ratifica-su-apuesta-por-ampliar-el-tram-en-cuatro-fases-con-el-nuevo-pge\/#breadcrumb"},"inLanguage":"es","potentialAction":[{"@type":"ReadAction","target":["https:\/\/ugtfgvalicante.com\/index.php\/2026\/03\/18\/alicante-ratifica-su-apuesta-por-ampliar-el-tram-en-cuatro-fases-con-el-nuevo-pge\/"]}]},{"@type":"ImageObject","inLanguage":"es","@id":"https:\/\/ugtfgvalicante.com\/index.php\/2026\/03\/18\/alicante-ratifica-su-apuesta-por-ampliar-el-tram-en-cuatro-fases-con-el-nuevo-pge\/#primaryimage","url":"https:\/\/ugtfgvalicante.com\/wp-content\/uploads\/2026\/03\/articulos-1804210.jpg","contentUrl":"https:\/\/ugtfgvalicante.com\/wp-content\/uploads\/2026\/03\/articulos-1804210.jpg","width":1200,"height":848},{"@type":"BreadcrumbList","@id":"https:\/\/ugtfgvalicante.com\/index.php\/2026\/03\/18\/alicante-ratifica-su-apuesta-por-ampliar-el-tram-en-cuatro-fases-con-el-nuevo-pge\/#breadcrumb","itemListElement":[{"@type":"ListItem","position":1,"name":"Portada","item":"https:\/\/ugtfgvalicante.com\/"},{"@type":"ListItem","position":2,"name":"Alicante ratifica su apuesta por ampliar el Tram en cuatro fases con el nuevo PGE"}]},{"@type":"WebSite","@id":"https:\/\/ugtfgvalicante.com\/#website","url":"https:\/\/ugtfgvalicante.com\/","name":"FGV Alicante","description":"","publisher":{"@id":"https:\/\/ugtfgvalicante.com\/#organization"},"potentialAction":[{"@type":"SearchAction","target":{"@type":"EntryPoint","urlTemplate":"https:\/\/ugtfgvalicante.com\/?s={search_term_string}"},"query-input":{"@type":"PropertyValueSpecification","valueRequired":true,"valueName":"search_term_string"}}],"inLanguage":"es"},{"@type":"Organization","@id":"https:\/\/ugtfgvalicante.com\/#organization","name":"UGT FGV Alicante","url":"https:\/\/ugtfgvalicante.com\/","logo":{"@type":"ImageObject","inLanguage":"es","@id":"https:\/\/ugtfgvalicante.com\/#\/schema\/logo\/image\/","url":"https:\/\/ugtfgvalicante.com\/wp-content\/uploads\/2022\/10\/logo-ugt-web.png","contentUrl":"https:\/\/ugtfgvalicante.com\/wp-content\/uploads\/2022\/10\/logo-ugt-web.png","width":2283,"height":1126,"caption":"UGT FGV Alicante"},"image":{"@id":"https:\/\/ugtfgvalicante.com\/#\/schema\/logo\/image\/"},"sameAs":["https:\/\/es-es.facebook.com\/ugt.fgvalicante\/"]},{"@type":"Person","@id":"https:\/\/ugtfgvalicante.com\/#\/schema\/person\/a1375a9c1ef53e624aa79c34b93b62e8","name":"Ugt FGV Alicante","image":{"@type":"ImageObject","inLanguage":"es","@id":"https:\/\/ugtfgvalicante.com\/#\/schema\/person\/image\/","url":"https:\/\/secure.gravatar.com\/avatar\/ea41cd8456808460c6c0caa1a213c3c921573555df6b57a7ee2f16fb6f502866?s=96&d=mm&r=g","contentUrl":"https:\/\/secure.gravatar.com\/avatar\/ea41cd8456808460c6c0caa1a213c3c921573555df6b57a7ee2f16fb6f502866?s=96&d=mm&r=g","caption":"Ugt FGV Alicante"},"url":"https:\/\/ugtfgvalicante.com\/index.php\/author\/ggrau\/"}]}},"_links":{"self":[{"href":"https:\/\/ugtfgvalicante.com\/index.php\/wp-json\/wp\/v2\/posts\/1097","targetHints":{"allow":["GET"]}}],"collection":[{"href":"https:\/\/ugtfgvalicante.com\/index.php\/wp-json\/wp\/v2\/posts"}],"about":[{"href":"https:\/\/ugtfgvalicante.com\/index.php\/wp-json\/wp\/v2\/types\/post"}],"author":[{"embeddable":true,"href":"https:\/\/ugtfgvalicante.com\/index.php\/wp-json\/wp\/v2\/users\/4"}],"replies":[{"embeddable":true,"href":"https:\/\/ugtfgvalicante.com\/index.php\/wp-json\/wp\/v2\/comments?post=1097"}],"version-history":[{"count":1,"href":"https:\/\/ugtfgvalicante.com\/index.php\/wp-json\/wp\/v2\/posts\/1097\/revisions"}],"predecessor-version":[{"id":1099,"href":"https:\/\/ugtfgvalicante.com\/index.php\/wp-json\/wp\/v2\/posts\/1097\/revisions\/1099"}],"wp:featuredmedia":[{"embeddable":true,"href":"https:\/\/ugtfgvalicante.com\/index.php\/wp-json\/wp\/v2\/media\/1098"}],"wp:attachment":[{"href":"https:\/\/ugtfgvalicante.com\/index.php\/wp-json\/wp\/v2\/media?parent=1097"}],"wp:term":[{"taxonomy":"category","embeddable":true,"href":"https:\/\/ugtfgvalicante.com\/index.php\/wp-json\/wp\/v2\/categories?post=1097"},{"taxonomy":"post_tag","embeddable":true,"href":"https:\/\/ugtfgvalicante.com\/index.php\/wp-json\/wp\/v2\/tags?post=1097"}],"curies":[{"name":"wp","href":"https:\/\/api.w.org\/{rel}","templated":true}]}}