{"id":110,"date":"2022-07-08T21:27:21","date_gmt":"2022-07-08T21:27:21","guid":{"rendered":"https:\/\/ugtfgvalicante.com\/?p=110"},"modified":"2022-07-08T21:27:21","modified_gmt":"2022-07-08T21:27:21","slug":"el-tram-te-lleva-gratis-a-los-parques-tematicos-de-benidorm","status":"publish","type":"post","link":"https:\/\/ugtfgvalicante.com\/index.php\/2022\/07\/08\/el-tram-te-lleva-gratis-a-los-parques-tematicos-de-benidorm\/","title":{"rendered":"El TRAM te lleva gratis a los parques tem\u00e1ticos de Benidorm"},"content":{"rendered":"\n<h3 class=\"wp-block-heading\">&nbsp;El TRAM de Alicante ofrece transporte gratuito a los parques tem\u00e1ticos de Benidorm. El desplazamiento incluye los traslados de ida y vuelta en tren, y el viaje en autob\u00fas desde la parada hasta los parques<\/h3>\n\n\n\n<p>La Generalitat, a trav\u00e9s de Ferrocarrils de la Generalitat Valenciana (FGV), ofrece, durante todo el verano, la posibilidad de adquirir en las estaciones del TRAM d\u2019Alacant entradas, en las que&nbsp;<strong>se incluye el transporte a&nbsp;los diferentes parques tem\u00e1ticos de Benidorm.<\/strong><\/p>\n\n\n\n<p>Esta promoci\u00f3n incluye este a\u00f1o las instalaciones de<strong>&nbsp;Terra Natura, Aqua Natura, Aqualandia y Mundomar y Terra M\u00edtica<\/strong>, esta \u00faltima \u00fanicamente en temporada alta (del 1 de julio al 4 de septiembre).<\/p>\n\n\n\n<p>Con esta iniciativa, todas aquellas personas que adquieran la entrada de uno de estos parques en las taquillas asistidas de cualquiera de las estaciones del TRAM d\u00b4Alacant, entre Alicante y D\u00e9nia,&nbsp;<strong>podr\u00e1n realizar gratis<\/strong>, con el precio establecido a cada entrada,<strong>&nbsp;el viaje de ida y vuelta en tren, as\u00ed como el desplazamiento hasta el parque en autob\u00fas.<\/strong><\/p>\n\n\n\n<p>La promoci\u00f3n incluye el desplazamiento en los trenes y tranv\u00edas del TRAM d\u2019Alacant hasta la estaci\u00f3n de Benidorm, que conecta con la L\u00ednea 1 hasta Luceros y con la L\u00ednea 9 hasta D\u00e9nia, as\u00ed como el enlace con el autob\u00fas urbano que lleva a los recintos de ocio y posterior regreso.<\/p>\n\n\n\n<p>Para acceder a los parques los usuarios del TRAM d\u2019Alacant deben enlazar con la L\u00ednea 01 de autobuses urbanos de Benidorm, junto a la propia estaci\u00f3n del tren. El horario de estos autobuses se puede consultar en sus propias paradas.<\/p>\n\n\n\n<p>FGV recuerda a todos los usuarios que se puede obtener m\u00e1s informaci\u00f3n en el tel\u00e9fono de\u00a0<strong>informaci\u00f3n 900 72 04 72<\/strong>, en la\u00a0<strong>web www.tramalacant.es,<\/strong>\u00a0redes sociales y app oficial.<\/p>\n\n\n\n<p>Fuente:<a href=\"https:\/\/alicantepress.com\/art\/47914\/el-tram-te-lleva-gratis-a-los-parques-tematicos-de-benidorm\/\"> Alicantepress<\/a><\/p>\n","protected":false},"excerpt":{"rendered":"<div class=\"mh-excerpt\"><p>&nbsp;El TRAM de Alicante ofrece transporte gratuito a los parques tem\u00e1ticos de Benidorm. El desplazamiento incluye los traslados de ida y vuelta en tren, y <a class=\"mh-excerpt-more\" href=\"https:\/\/ugtfgvalicante.com\/index.php\/2022\/07\/08\/el-tram-te-lleva-gratis-a-los-parques-tematicos-de-benidorm\/\" title=\"El TRAM te lleva gratis a los parques tem\u00e1ticos de Benidorm\">[&#8230;]<\/a><\/p>\n<\/div>","protected":false},"author":4,"featured_media":111,"comment_status":"closed","ping_status":"","sticky":false,"template":"","format":"standard","meta":{"footnotes":""},"categories":[1],"tags":[],"class_list":["post-110","post","type-post","status-publish","format-standard","has-post-thumbnail","hentry","category-sin-categoria"],"yoast_head":"<!-- This site is optimized with the Yoast SEO plugin v26.6 - https:\/\/yoast.com\/wordpress\/plugins\/seo\/ -->\n<title>El TRAM te lleva gratis a los parques tem\u00e1ticos de Benidorm - FGV Alicante<\/title>\n<meta name=\"robots\" content=\"index, follow, max-snippet:-1, max-image-preview:large, max-video-preview:-1\" \/>\n<link rel=\"canonical\" href=\"https:\/\/ugtfgvalicante.com\/index.php\/2022\/07\/08\/el-tram-te-lleva-gratis-a-los-parques-tematicos-de-benidorm\/\" \/>\n<meta property=\"og:locale\" content=\"es_ES\" \/>\n<meta property=\"og:type\" content=\"article\" \/>\n<meta property=\"og:title\" content=\"El TRAM te lleva gratis a los parques tem\u00e1ticos de Benidorm - FGV Alicante\" \/>\n<meta property=\"og:description\" content=\"&nbsp;El TRAM de Alicante ofrece transporte gratuito a los parques tem\u00e1ticos de Benidorm. El desplazamiento incluye los traslados de ida y vuelta en tren, y [...]\" \/>\n<meta property=\"og:url\" content=\"https:\/\/ugtfgvalicante.com\/index.php\/2022\/07\/08\/el-tram-te-lleva-gratis-a-los-parques-tematicos-de-benidorm\/\" \/>\n<meta property=\"og:site_name\" content=\"FGV Alicante\" \/>\n<meta property=\"article:publisher\" content=\"https:\/\/es-es.facebook.com\/ugt.fgvalicante\/\" \/>\n<meta property=\"article:published_time\" content=\"2022-07-08T21:27:21+00:00\" \/>\n<meta property=\"og:image\" content=\"https:\/\/ugtfgvalicante.com\/wp-content\/uploads\/2022\/07\/9994_220707_foto_tram-parques.jpg\" \/>\n\t<meta property=\"og:image:width\" content=\"670\" \/>\n\t<meta property=\"og:image:height\" content=\"433\" \/>\n\t<meta property=\"og:image:type\" content=\"image\/jpeg\" \/>\n<meta name=\"author\" content=\"Ugt FGV Alicante\" \/>\n<meta name=\"twitter:card\" content=\"summary_large_image\" \/>\n<meta name=\"twitter:label1\" content=\"Escrito por\" \/>\n\t<meta name=\"twitter:data1\" content=\"Ugt FGV Alicante\" \/>\n\t<meta name=\"twitter:label2\" content=\"Tiempo de lectura\" \/>\n\t<meta name=\"twitter:data2\" content=\"2 minutos\" \/>\n<script type=\"application\/ld+json\" class=\"yoast-schema-graph\">{\"@context\":\"https:\/\/schema.org\",\"@graph\":[{\"@type\":\"Article\",\"@id\":\"https:\/\/ugtfgvalicante.com\/index.php\/2022\/07\/08\/el-tram-te-lleva-gratis-a-los-parques-tematicos-de-benidorm\/#article\",\"isPartOf\":{\"@id\":\"https:\/\/ugtfgvalicante.com\/index.php\/2022\/07\/08\/el-tram-te-lleva-gratis-a-los-parques-tematicos-de-benidorm\/\"},\"author\":{\"name\":\"Ugt FGV Alicante\",\"@id\":\"https:\/\/ugtfgvalicante.com\/#\/schema\/person\/a1375a9c1ef53e624aa79c34b93b62e8\"},\"headline\":\"El TRAM te lleva gratis a los parques tem\u00e1ticos de Benidorm\",\"datePublished\":\"2022-07-08T21:27:21+00:00\",\"mainEntityOfPage\":{\"@id\":\"https:\/\/ugtfgvalicante.com\/index.php\/2022\/07\/08\/el-tram-te-lleva-gratis-a-los-parques-tematicos-de-benidorm\/\"},\"wordCount\":327,\"publisher\":{\"@id\":\"https:\/\/ugtfgvalicante.com\/#organization\"},\"image\":{\"@id\":\"https:\/\/ugtfgvalicante.com\/index.php\/2022\/07\/08\/el-tram-te-lleva-gratis-a-los-parques-tematicos-de-benidorm\/#primaryimage\"},\"thumbnailUrl\":\"https:\/\/ugtfgvalicante.com\/wp-content\/uploads\/2022\/07\/9994_220707_foto_tram-parques.jpg\",\"inLanguage\":\"es\"},{\"@type\":\"WebPage\",\"@id\":\"https:\/\/ugtfgvalicante.com\/index.php\/2022\/07\/08\/el-tram-te-lleva-gratis-a-los-parques-tematicos-de-benidorm\/\",\"url\":\"https:\/\/ugtfgvalicante.com\/index.php\/2022\/07\/08\/el-tram-te-lleva-gratis-a-los-parques-tematicos-de-benidorm\/\",\"name\":\"El TRAM te lleva gratis a los parques tem\u00e1ticos de Benidorm - FGV Alicante\",\"isPartOf\":{\"@id\":\"https:\/\/ugtfgvalicante.com\/#website\"},\"primaryImageOfPage\":{\"@id\":\"https:\/\/ugtfgvalicante.com\/index.php\/2022\/07\/08\/el-tram-te-lleva-gratis-a-los-parques-tematicos-de-benidorm\/#primaryimage\"},\"image\":{\"@id\":\"https:\/\/ugtfgvalicante.com\/index.php\/2022\/07\/08\/el-tram-te-lleva-gratis-a-los-parques-tematicos-de-benidorm\/#primaryimage\"},\"thumbnailUrl\":\"https:\/\/ugtfgvalicante.com\/wp-content\/uploads\/2022\/07\/9994_220707_foto_tram-parques.jpg\",\"datePublished\":\"2022-07-08T21:27:21+00:00\",\"breadcrumb\":{\"@id\":\"https:\/\/ugtfgvalicante.com\/index.php\/2022\/07\/08\/el-tram-te-lleva-gratis-a-los-parques-tematicos-de-benidorm\/#breadcrumb\"},\"inLanguage\":\"es\",\"potentialAction\":[{\"@type\":\"ReadAction\",\"target\":[\"https:\/\/ugtfgvalicante.com\/index.php\/2022\/07\/08\/el-tram-te-lleva-gratis-a-los-parques-tematicos-de-benidorm\/\"]}]},{\"@type\":\"ImageObject\",\"inLanguage\":\"es\",\"@id\":\"https:\/\/ugtfgvalicante.com\/index.php\/2022\/07\/08\/el-tram-te-lleva-gratis-a-los-parques-tematicos-de-benidorm\/#primaryimage\",\"url\":\"https:\/\/ugtfgvalicante.com\/wp-content\/uploads\/2022\/07\/9994_220707_foto_tram-parques.jpg\",\"contentUrl\":\"https:\/\/ugtfgvalicante.com\/wp-content\/uploads\/2022\/07\/9994_220707_foto_tram-parques.jpg\",\"width\":670,\"height\":433},{\"@type\":\"BreadcrumbList\",\"@id\":\"https:\/\/ugtfgvalicante.com\/index.php\/2022\/07\/08\/el-tram-te-lleva-gratis-a-los-parques-tematicos-de-benidorm\/#breadcrumb\",\"itemListElement\":[{\"@type\":\"ListItem\",\"position\":1,\"name\":\"Portada\",\"item\":\"https:\/\/ugtfgvalicante.com\/\"},{\"@type\":\"ListItem\",\"position\":2,\"name\":\"El TRAM te lleva gratis a los parques tem\u00e1ticos de Benidorm\"}]},{\"@type\":\"WebSite\",\"@id\":\"https:\/\/ugtfgvalicante.com\/#website\",\"url\":\"https:\/\/ugtfgvalicante.com\/\",\"name\":\"FGV Alicante\",\"description\":\"\",\"publisher\":{\"@id\":\"https:\/\/ugtfgvalicante.com\/#organization\"},\"potentialAction\":[{\"@type\":\"SearchAction\",\"target\":{\"@type\":\"EntryPoint\",\"urlTemplate\":\"https:\/\/ugtfgvalicante.com\/?s={search_term_string}\"},\"query-input\":{\"@type\":\"PropertyValueSpecification\",\"valueRequired\":true,\"valueName\":\"search_term_string\"}}],\"inLanguage\":\"es\"},{\"@type\":\"Organization\",\"@id\":\"https:\/\/ugtfgvalicante.com\/#organization\",\"name\":\"UGT FGV Alicante\",\"url\":\"https:\/\/ugtfgvalicante.com\/\",\"logo\":{\"@type\":\"ImageObject\",\"inLanguage\":\"es\",\"@id\":\"https:\/\/ugtfgvalicante.com\/#\/schema\/logo\/image\/\",\"url\":\"https:\/\/ugtfgvalicante.com\/wp-content\/uploads\/2022\/10\/logo-ugt-web.png\",\"contentUrl\":\"https:\/\/ugtfgvalicante.com\/wp-content\/uploads\/2022\/10\/logo-ugt-web.png\",\"width\":2283,\"height\":1126,\"caption\":\"UGT FGV Alicante\"},\"image\":{\"@id\":\"https:\/\/ugtfgvalicante.com\/#\/schema\/logo\/image\/\"},\"sameAs\":[\"https:\/\/es-es.facebook.com\/ugt.fgvalicante\/\"]},{\"@type\":\"Person\",\"@id\":\"https:\/\/ugtfgvalicante.com\/#\/schema\/person\/a1375a9c1ef53e624aa79c34b93b62e8\",\"name\":\"Ugt FGV Alicante\",\"image\":{\"@type\":\"ImageObject\",\"inLanguage\":\"es\",\"@id\":\"https:\/\/ugtfgvalicante.com\/#\/schema\/person\/image\/\",\"url\":\"https:\/\/secure.gravatar.com\/avatar\/ea41cd8456808460c6c0caa1a213c3c921573555df6b57a7ee2f16fb6f502866?s=96&d=mm&r=g\",\"contentUrl\":\"https:\/\/secure.gravatar.com\/avatar\/ea41cd8456808460c6c0caa1a213c3c921573555df6b57a7ee2f16fb6f502866?s=96&d=mm&r=g\",\"caption\":\"Ugt FGV Alicante\"},\"url\":\"https:\/\/ugtfgvalicante.com\/index.php\/author\/ggrau\/\"}]}<\/script>\n<!-- \/ Yoast SEO plugin. -->","yoast_head_json":{"title":"El TRAM te lleva gratis a los parques tem\u00e1ticos de Benidorm - FGV Alicante","robots":{"index":"index","follow":"follow","max-snippet":"max-snippet:-1","max-image-preview":"max-image-preview:large","max-video-preview":"max-video-preview:-1"},"canonical":"https:\/\/ugtfgvalicante.com\/index.php\/2022\/07\/08\/el-tram-te-lleva-gratis-a-los-parques-tematicos-de-benidorm\/","og_locale":"es_ES","og_type":"article","og_title":"El TRAM te lleva gratis a los parques tem\u00e1ticos de Benidorm - FGV Alicante","og_description":"&nbsp;El TRAM de Alicante ofrece transporte gratuito a los parques tem\u00e1ticos de Benidorm. El desplazamiento incluye los traslados de ida y vuelta en tren, y [...]","og_url":"https:\/\/ugtfgvalicante.com\/index.php\/2022\/07\/08\/el-tram-te-lleva-gratis-a-los-parques-tematicos-de-benidorm\/","og_site_name":"FGV Alicante","article_publisher":"https:\/\/es-es.facebook.com\/ugt.fgvalicante\/","article_published_time":"2022-07-08T21:27:21+00:00","og_image":[{"width":670,"height":433,"url":"https:\/\/ugtfgvalicante.com\/wp-content\/uploads\/2022\/07\/9994_220707_foto_tram-parques.jpg","type":"image\/jpeg"}],"author":"Ugt FGV Alicante","twitter_card":"summary_large_image","twitter_misc":{"Escrito por":"Ugt FGV Alicante","Tiempo de lectura":"2 minutos"},"schema":{"@context":"https:\/\/schema.org","@graph":[{"@type":"Article","@id":"https:\/\/ugtfgvalicante.com\/index.php\/2022\/07\/08\/el-tram-te-lleva-gratis-a-los-parques-tematicos-de-benidorm\/#article","isPartOf":{"@id":"https:\/\/ugtfgvalicante.com\/index.php\/2022\/07\/08\/el-tram-te-lleva-gratis-a-los-parques-tematicos-de-benidorm\/"},"author":{"name":"Ugt FGV Alicante","@id":"https:\/\/ugtfgvalicante.com\/#\/schema\/person\/a1375a9c1ef53e624aa79c34b93b62e8"},"headline":"El TRAM te lleva gratis a los parques tem\u00e1ticos de Benidorm","datePublished":"2022-07-08T21:27:21+00:00","mainEntityOfPage":{"@id":"https:\/\/ugtfgvalicante.com\/index.php\/2022\/07\/08\/el-tram-te-lleva-gratis-a-los-parques-tematicos-de-benidorm\/"},"wordCount":327,"publisher":{"@id":"https:\/\/ugtfgvalicante.com\/#organization"},"image":{"@id":"https:\/\/ugtfgvalicante.com\/index.php\/2022\/07\/08\/el-tram-te-lleva-gratis-a-los-parques-tematicos-de-benidorm\/#primaryimage"},"thumbnailUrl":"https:\/\/ugtfgvalicante.com\/wp-content\/uploads\/2022\/07\/9994_220707_foto_tram-parques.jpg","inLanguage":"es"},{"@type":"WebPage","@id":"https:\/\/ugtfgvalicante.com\/index.php\/2022\/07\/08\/el-tram-te-lleva-gratis-a-los-parques-tematicos-de-benidorm\/","url":"https:\/\/ugtfgvalicante.com\/index.php\/2022\/07\/08\/el-tram-te-lleva-gratis-a-los-parques-tematicos-de-benidorm\/","name":"El TRAM te lleva gratis a los parques tem\u00e1ticos de Benidorm - FGV Alicante","isPartOf":{"@id":"https:\/\/ugtfgvalicante.com\/#website"},"primaryImageOfPage":{"@id":"https:\/\/ugtfgvalicante.com\/index.php\/2022\/07\/08\/el-tram-te-lleva-gratis-a-los-parques-tematicos-de-benidorm\/#primaryimage"},"image":{"@id":"https:\/\/ugtfgvalicante.com\/index.php\/2022\/07\/08\/el-tram-te-lleva-gratis-a-los-parques-tematicos-de-benidorm\/#primaryimage"},"thumbnailUrl":"https:\/\/ugtfgvalicante.com\/wp-content\/uploads\/2022\/07\/9994_220707_foto_tram-parques.jpg","datePublished":"2022-07-08T21:27:21+00:00","breadcrumb":{"@id":"https:\/\/ugtfgvalicante.com\/index.php\/2022\/07\/08\/el-tram-te-lleva-gratis-a-los-parques-tematicos-de-benidorm\/#breadcrumb"},"inLanguage":"es","potentialAction":[{"@type":"ReadAction","target":["https:\/\/ugtfgvalicante.com\/index.php\/2022\/07\/08\/el-tram-te-lleva-gratis-a-los-parques-tematicos-de-benidorm\/"]}]},{"@type":"ImageObject","inLanguage":"es","@id":"https:\/\/ugtfgvalicante.com\/index.php\/2022\/07\/08\/el-tram-te-lleva-gratis-a-los-parques-tematicos-de-benidorm\/#primaryimage","url":"https:\/\/ugtfgvalicante.com\/wp-content\/uploads\/2022\/07\/9994_220707_foto_tram-parques.jpg","contentUrl":"https:\/\/ugtfgvalicante.com\/wp-content\/uploads\/2022\/07\/9994_220707_foto_tram-parques.jpg","width":670,"height":433},{"@type":"BreadcrumbList","@id":"https:\/\/ugtfgvalicante.com\/index.php\/2022\/07\/08\/el-tram-te-lleva-gratis-a-los-parques-tematicos-de-benidorm\/#breadcrumb","itemListElement":[{"@type":"ListItem","position":1,"name":"Portada","item":"https:\/\/ugtfgvalicante.com\/"},{"@type":"ListItem","position":2,"name":"El TRAM te lleva gratis a los parques tem\u00e1ticos de Benidorm"}]},{"@type":"WebSite","@id":"https:\/\/ugtfgvalicante.com\/#website","url":"https:\/\/ugtfgvalicante.com\/","name":"FGV Alicante","description":"","publisher":{"@id":"https:\/\/ugtfgvalicante.com\/#organization"},"potentialAction":[{"@type":"SearchAction","target":{"@type":"EntryPoint","urlTemplate":"https:\/\/ugtfgvalicante.com\/?s={search_term_string}"},"query-input":{"@type":"PropertyValueSpecification","valueRequired":true,"valueName":"search_term_string"}}],"inLanguage":"es"},{"@type":"Organization","@id":"https:\/\/ugtfgvalicante.com\/#organization","name":"UGT FGV Alicante","url":"https:\/\/ugtfgvalicante.com\/","logo":{"@type":"ImageObject","inLanguage":"es","@id":"https:\/\/ugtfgvalicante.com\/#\/schema\/logo\/image\/","url":"https:\/\/ugtfgvalicante.com\/wp-content\/uploads\/2022\/10\/logo-ugt-web.png","contentUrl":"https:\/\/ugtfgvalicante.com\/wp-content\/uploads\/2022\/10\/logo-ugt-web.png","width":2283,"height":1126,"caption":"UGT FGV Alicante"},"image":{"@id":"https:\/\/ugtfgvalicante.com\/#\/schema\/logo\/image\/"},"sameAs":["https:\/\/es-es.facebook.com\/ugt.fgvalicante\/"]},{"@type":"Person","@id":"https:\/\/ugtfgvalicante.com\/#\/schema\/person\/a1375a9c1ef53e624aa79c34b93b62e8","name":"Ugt FGV Alicante","image":{"@type":"ImageObject","inLanguage":"es","@id":"https:\/\/ugtfgvalicante.com\/#\/schema\/person\/image\/","url":"https:\/\/secure.gravatar.com\/avatar\/ea41cd8456808460c6c0caa1a213c3c921573555df6b57a7ee2f16fb6f502866?s=96&d=mm&r=g","contentUrl":"https:\/\/secure.gravatar.com\/avatar\/ea41cd8456808460c6c0caa1a213c3c921573555df6b57a7ee2f16fb6f502866?s=96&d=mm&r=g","caption":"Ugt FGV Alicante"},"url":"https:\/\/ugtfgvalicante.com\/index.php\/author\/ggrau\/"}]}},"_links":{"self":[{"href":"https:\/\/ugtfgvalicante.com\/index.php\/wp-json\/wp\/v2\/posts\/110","targetHints":{"allow":["GET"]}}],"collection":[{"href":"https:\/\/ugtfgvalicante.com\/index.php\/wp-json\/wp\/v2\/posts"}],"about":[{"href":"https:\/\/ugtfgvalicante.com\/index.php\/wp-json\/wp\/v2\/types\/post"}],"author":[{"embeddable":true,"href":"https:\/\/ugtfgvalicante.com\/index.php\/wp-json\/wp\/v2\/users\/4"}],"replies":[{"embeddable":true,"href":"https:\/\/ugtfgvalicante.com\/index.php\/wp-json\/wp\/v2\/comments?post=110"}],"version-history":[{"count":1,"href":"https:\/\/ugtfgvalicante.com\/index.php\/wp-json\/wp\/v2\/posts\/110\/revisions"}],"predecessor-version":[{"id":112,"href":"https:\/\/ugtfgvalicante.com\/index.php\/wp-json\/wp\/v2\/posts\/110\/revisions\/112"}],"wp:featuredmedia":[{"embeddable":true,"href":"https:\/\/ugtfgvalicante.com\/index.php\/wp-json\/wp\/v2\/media\/111"}],"wp:attachment":[{"href":"https:\/\/ugtfgvalicante.com\/index.php\/wp-json\/wp\/v2\/media?parent=110"}],"wp:term":[{"taxonomy":"category","embeddable":true,"href":"https:\/\/ugtfgvalicante.com\/index.php\/wp-json\/wp\/v2\/categories?post=110"},{"taxonomy":"post_tag","embeddable":true,"href":"https:\/\/ugtfgvalicante.com\/index.php\/wp-json\/wp\/v2\/tags?post=110"}],"curies":[{"name":"wp","href":"https:\/\/api.w.org\/{rel}","templated":true}]}}