{"id":1100,"date":"2026-03-18T11:27:24","date_gmt":"2026-03-18T11:27:24","guid":{"rendered":"https:\/\/ugtfgvalicante.com\/?p=1100"},"modified":"2026-03-18T11:27:25","modified_gmt":"2026-03-18T11:27:25","slug":"la-revolucion-del-tren-que-sugiere-la-ua-en-alicante-estacion-nodal-en-san-vicente-y-4-lineas-de-tram","status":"publish","type":"post","link":"https:\/\/ugtfgvalicante.com\/index.php\/2026\/03\/18\/la-revolucion-del-tren-que-sugiere-la-ua-en-alicante-estacion-nodal-en-san-vicente-y-4-lineas-de-tram\/","title":{"rendered":"La revoluci\u00f3n del tren que sugiere la UA en Alicante: estaci\u00f3n nodal en San Vicente y 4 l\u00edneas de Tram"},"content":{"rendered":"\n<p>El estudio sobre el ferrocarril para el nuevo PGE plantea transformar el apeadero del Parque Cient\u00edfico en una terminal que conecte tr\u00e1ficos procedentes de cinco comarcas, y prolongar el tranv\u00eda por el norte y sur de Gran V\u00eda<\/p>\n\n\n\n<p>La&nbsp;<strong>reducci\u00f3n del tr\u00e1fico en el casco urbano de Alicante<\/strong>&nbsp;pasa necesariamente por la redefinici\u00f3n de las redes de transporte ferroviario disponibles en la actualidad, y no solo por la&nbsp;<a href=\"https:\/\/alicanteplaza.es\/alicanteplaza\/alicante\/tres-nuevos-ejes-metropolitanos-la-solucion-para-restar-trafico-en-alicante-segun-los-estudios-del-pge\">construcci\u00f3n de nuevos ejes viarios<\/a>&nbsp;que puedan circunvalarlo. Esa es otra de las conclusiones centrales planteadas en el informe&nbsp;&#8216;An\u00e1lisis de la red viaria y ferroviaria estructural del municipio de Alicante&#8217; encargado por el Ayuntamiento de Alicante a un equipo de ingenieros de la&nbsp;Universidad de Alicante (UA) como parte de los estudios previos necesarios para&nbsp;<strong>afrontar la redacci\u00f3n del nuevo Plan General Estructural (PGE)<\/strong>.<\/p>\n\n\n\n<p>En ese estudio,&nbsp;coordinado por el profesor del Departamento de Ingenier\u00eda Civil,&nbsp;<strong>Armando Ortu\u00f1o,<\/strong>&nbsp;se sugieren al menos dos paquetes de medidas distintas a tener en cuenta en la elaboraci\u00f3n de ese&nbsp;futuro&nbsp;planeamiento urban\u00edstico, llamado a sustituir al vigente PGOU, aprobado en 1987. La primera bater\u00eda de propuestas se centra en la red de transporte ferroviario, con un planteamiento que reformula su entramado actual para&nbsp;<strong>convertir el actual apeadero del tren de cercan\u00edas situado junto a la Universidad de Alicante (UA) en una estaci\u00f3n metropolitana<\/strong>. Y la segunda, se circunscribe en el servicio de tranv\u00eda&nbsp;(el sistema Tram), sobre el que se plantea<strong>&nbsp;la puesta en marcha de cuatro nuevos recorridos,&nbsp;a modo de prolongaci\u00f3n de&nbsp;l\u00edneas ya existentes para dar pie a otras de nueva creaci\u00f3n<\/strong>.&nbsp;<\/p>\n\n\n\n<p>Por partes. El informe propone transformar el apeadero situado junto al campus oeste de la UA (el recinto que cobija el Parque Cient\u00edfico) en una estaci\u00f3n pasante que denomina &#8216;Alicante Norte&#8217;. Se tratar\u00eda de potenciar esa infraestructura, situada en el l\u00edmite con el t\u00e9rmino de San Vicente del Raspeig, para convertirla en&nbsp;<strong>una estaci\u00f3n nodal en la que se articulen todos los flujos provinciales de cercan\u00edas<\/strong>&nbsp;aprovechado la oportunidad que supone \u00abla conversi\u00f3n a tr\u00e1fico mixto del ramal de conexi\u00f3n de la Variante de Torrellano con la l\u00ednea 330 Alicante-La Encina\u00bb.&nbsp;<\/p>\n\n\n\n<p>El estudio plantea que esa apuesta por la estaci\u00f3n Alicante Norte permitir\u00eda habilitar \u00abla comunicaci\u00f3n directa de la l\u00ednea 336 Alicante \u2013 El Reguer\u00f3n y el corredor del Vinalop\u00f3\u00bb. Con ello, se conseguir\u00eda&nbsp;<strong>conectar hasta cinco de las nueve comarcas de la provincia, con al menos cuatro ventajas para mejorar los tr\u00e1ficos metropolitanos<\/strong>. La primera consistir\u00eda en conectar San Vicente del Raspeig y las poblaciones del Medio y Alto Vinalop\u00f3, con el aeropuerto de Alicante-Elche Miguel Hern\u00e1ndez y con la Universidad Miguel Hern\u00e1ndez de Elche (UMH). La segunda comprender\u00eda la comunicaci\u00f3n de los municipios de la Vega Baja y el Baix Vinalop\u00f3&nbsp;con el norte del \u00e1rea metropolitana de Alicante&nbsp;y el Medio y Alto Vinalop\u00f3,<strong>&nbsp;gracias a ese ramal&nbsp;de conexi\u00f3n de la Variante de Torrellano&nbsp;con la l\u00ednea 330 Alicante-La Encina<\/strong>.&nbsp;La tercera, la uni\u00f3n de Elche y la Vega Baja con&nbsp;la UA y su Parque Cient\u00edfico. Y la cuarta, la conexi\u00f3n&nbsp;ferroviaria directa entre los campus universitarios de las dos universidades p\u00fablicas de Alicante. As\u00ed queda reflejado en el gr\u00e1fico adjunto, incorporado al informe por su equipo redactor.<\/p>\n\n\n\n<p>Esa reformulaci\u00f3n del transporte ferroviario, con la estaci\u00f3n &#8216;Alicante Norte&#8217; como referencia, incluir\u00eda tambi\u00e9n&nbsp;<strong>la ejecuci\u00f3n de un ramal de alta velocidad de 1 km de longitud que conectar\u00eda la l\u00ednea de Alta velocidad Madrid-Alicante con la l\u00ednea de Cercan\u00edas C-3<\/strong>&nbsp;a la altura de dicho&nbsp;apeadero de Cercan\u00edas de la UA. As\u00ed, el estudio propone&nbsp;que los tr\u00e1ficos procedentes desde el centro y norte peninsular confluyan en la estaci\u00f3n de &#8216;Alicante Norte&#8217;&nbsp;\u00ab<strong>antes de partir hacia Benidorm gracias al Tren de la Costa<\/strong>, con un trazado&nbsp;paralelo a la autopista A-7&nbsp;como el que se plante\u00f3 en 2015 en el estudio informativo de ese proyecto. Con ello, tambi\u00e9n se favorecer\u00eda el desplazamiento en tren hasta la UA para los estudiantes procedentes de Marina Alta y Baixa.<\/p>\n\n\n\n<p>Adem\u00e1s, sugiere que<strong>&nbsp;la estaci\u00f3n &#8216;Alicante Norte&#8217; quede conectada con la l\u00ednea 2 del Tram con una prolongaci\u00f3n de su recorrido actual por la avenida del Aeroplano<\/strong>, lo que permitir\u00eda que&nbsp;\u00ablos viajeros de largo recorrido\u00bb que llegasen hasta esa estaci\u00f3n en ferrocarril pudiesen continuar viaje hasta cualquier punto del&nbsp;\u00e1rea metropolitana de Alicante a bordo de un tranv\u00eda.&nbsp;<\/p>\n\n\n\n<h2 class=\"wp-block-heading\">Red Tram<\/h2>\n\n\n\n<p>La red Tram concentra, de hecho, el segundo gran paquete de propuestas que el estudio plantea contemplar a la hora de dise\u00f1ar el nuevo PGE de Alicante. As\u00ed, sugiere extender el servicio actual con la&nbsp;prolongaci\u00f3n de las l\u00edneas actuales, o la generaci\u00f3n de nuevos recorridos,&nbsp;<strong>sin entrar a analizar qu\u00e9 tipo de material rodante (bus guiado o tranv\u00eda convencional) deber\u00eda implantarse<\/strong>.&nbsp;<\/p>\n\n\n\n<p>Eso s\u00ed, esa propuesta parte del incremento de las frecuencias de paso de las l\u00edneas actuales como condici\u00f3n previa. El informe habla de una<strong>&nbsp;Fase 0<\/strong>&nbsp;que consistir\u00eda en la disposici\u00f3n de m\u00e1s convoyes para que se procurase<strong>&nbsp;un paso cada diez minutos en todas las l\u00edneas<\/strong>, frente a los 15 o 30 minutos que se procuran en la actualidad en funci\u00f3n de cada recorrido.&nbsp;Con ello, se conseguir\u00eda reforzar el uso del tranv\u00eda como alternativa competitiva frente al uso del veh\u00edculo particular: en suma, la&nbsp;<em>meta&nbsp;<\/em>principal a batir.<\/p>\n\n\n\n<blockquote class=\"wp-block-quote is-layout-flow wp-block-quote-is-layout-flow\">\n<p>El informe recomienda el refuerzo del servicio para reducir las esperas del tranv\u00eda con un paso cada 10 minutos<\/p>\n<\/blockquote>\n\n\n\n<p>Tras ese punto de partida (que&nbsp;<strong>podr\u00eda ser factible con la entrada en funcionamiento de la Estaci\u00f3n Central<\/strong>), el estudio propone, como<strong>&nbsp;Fase 1<\/strong>, la prolongaci\u00f3n del trazado tranviario desde&nbsp;<a href=\"https:\/\/alicanteplaza.es\/alicanteplaza\/alicante\/fgv-activa-la-obra-dura-de-la-estacion-central-del-tram-en-alicante-con-un-ano-de-perforaciones\">esa nueva&nbsp;(ahora en construcci\u00f3n)<\/a>&nbsp;hacia los barrios de Benal\u00faa y Florida. Esa extensi\u00f3n se organizar\u00eda<strong>&nbsp;a trav\u00e9s de la avenida de Aguilera&nbsp;para dar paso a una&nbsp;bifurcaci\u00f3n en dos ramales distintos<\/strong>: uno hacia la avenida de Orihuela hasta la Glorieta M\u00fasico Emilio \u00c1lvarez, y otro por la&nbsp;calle Periodista Rafael Gonz\u00e1lez Aguilar hasta su intersecci\u00f3n con la Calle Pianista Gonzalo Soriano.<\/p>\n\n\n\n<p>En segundo t\u00e9rmino, tambi\u00e9n en esa Fase 1, el informe sugiere&nbsp;<strong>prolongar el recorrido de la L\u00ednea 2 a la altura del Hospital General, en la calle Maestro Alonso, para que tuviese continuidad sobre el eje de la Gran V\u00eda en direcci\u00f3n sur<\/strong>. Ese nuevo recorrido cruzar\u00eda el Puente Rojo y llegar\u00eda hasta la glorieta de la calle M\u00e9xico. En tercer lugar, plantea otro ramal que partir\u00eda desde ese nuevo trazado por la Gran V\u00eda para dirigirse por la avenida de Novelda hasta enlazar con el trazado actual de la L\u00ednea 2 en la parada de Ciudad Jard\u00edn, con lo que se dar\u00eda servicio al&nbsp;barrio de Los \u00c1ngeles.<\/p>\n\n\n\n<p>Adem\u00e1s, sugiere&nbsp;<strong>otra prolongaci\u00f3n de la L\u00ednea 2 a la altura del Bulevar del Pla que discurrir\u00eda por el trazado de la Avenida de D\u00e9nia hasta Santa Faz y el Hospital Universitario de San Juan<\/strong>, donde conectar\u00eda con el trazado por el PAU 5 y Nou Nazareth hasta tomar&nbsp;la avenida Pintor P\u00e9rez Gil planteado hasta ahora por Ferrocarrils de la Generalitat (FGV) para llegar al centro sanitario. Y por \u00faltimo, para cerrar esa Fase 1, propone otro tramo de conexi\u00f3n directa en Playa de San Juan entre las paradas de La Isleta y Tridente por la avenida&nbsp;de La Condomina.<\/p>\n\n\n\n<p>Pero no solo eso. El informe incluye una&nbsp;<strong>Fase 2<\/strong>&nbsp;con otras cuatro prolongaciones de la red, a partir de los nuevos recorridos que ya se habr\u00edan generado en la Fase 1. La primera, de ellas consistir\u00eda en una extensi\u00f3n por la avenida de&nbsp;Orihuela -desde la Glorieta M\u00fasico Emilio \u00c1lvarez-&nbsp;<strong>hacia la Carretera de Oca\u00f1a, Mercalicante y los pol\u00edgonos del Pla de&nbsp;la Vallonga y Atalayas<\/strong>. La segunda, supondr\u00eda la prolongaci\u00f3n por la&nbsp;calle Vicente Ch\u00e1varri, la rotonda el\u00edptica de la V\u00eda Parque y el Camino Viejo de Elche, de forma que quedase planificada una futura ampliaci\u00f3n \u00abpor la A-79 hacia el aeropuerto Alicante-Elche en el largo plazo\u00bb. La tercera, ser\u00eda una extensi\u00f3n del trazado ideado sobre la Gran V\u00eda,&nbsp;<strong>desde la rotonda de la calle M\u00e9xico para continuar hacia&nbsp;el barrio de San Gabriel<\/strong>&nbsp;por las calles de Paraguay y Ram\u00f3n G\u00f3mez Sempere. Y la cuarta y \u00faltima consistir\u00eda en la prolongaci\u00f3n del trazado por&nbsp;la Gran V\u00eda hacia el norte, desde la calle Maestro Alonso hasta la Avenida de D\u00e9nia por el Garbinet.<\/p>\n\n\n\n<blockquote class=\"wp-block-quote is-layout-flow wp-block-quote-is-layout-flow\">\n<p>Las prolongaciones del trazado del&nbsp;tranv\u00eda propuestas en tres fases progresivas supondr\u00edan una inversi\u00f3n de 315 millones<\/p>\n<\/blockquote>\n\n\n\n<p>Adem\u00e1s, el informe contempla una&nbsp;<strong>Fase 3<\/strong>&nbsp;en la que se concibe&nbsp;la ejecuci\u00f3n de&nbsp;<strong>un nuevo ramal que conectar\u00eda la l\u00ednea de Playa de San Juan a la altura de la parada de Lucentum&nbsp;por la calle de la Caja de Ahorros con los nuevos desarrollos de Vistahermosa Norte hasta llegar a la Colonia Requena<\/strong>, donde conectar\u00eda con la L\u00ednea 2 en las proximidades a la parada Virgen del Remedio.<\/p>\n\n\n\n<p>\u00bfC\u00f3mo se desarrollar\u00eda&nbsp;es conjunto de mejoras dise\u00f1adas sobre la red ferroviaria y el sistema Tram? Por lo pronto, su ejecuci\u00f3n exceder\u00eda del alcance de la redacci\u00f3n del PGE, que quedar\u00eda limitado a la reserva de suelo para su implantaci\u00f3n. La realizaci\u00f3n de esos nuevos trazados requerir\u00eda de la&nbsp;<strong>cooperaci\u00f3n del conjunto de administraciones&nbsp;<\/strong>(Gobierno central, Generalitat y el propio Ayuntamiento de Alicante) para asumir su financiaci\u00f3n, en el periodo plurianual&nbsp;en el que se prolongase su desarrollo.<\/p>\n\n\n\n<p>El informe de la UA no llega a cuantificar cu\u00e1l ser\u00eda la inversi\u00f3n necesaria para reordenar la red ferroviaria con las actuaciones propuestas, pero s\u00ed ofrece una estimaci\u00f3n orientativa del desembolso que conllevar\u00eda la ampliaci\u00f3n de recorridos del sistema Tram. En concreto, el estudio se\u00f1ala que<strong>&nbsp;la prolongaci\u00f3n de esos trazados supondr\u00eda un coste de&nbsp;315 millones<\/strong>.<\/p>\n\n\n\n<p>Fuente: <a href=\"https:\/\/alicanteplaza.es\/alicanteplaza\/alicante\/tren-y-tranvia\">Alicanteplaza<\/a> <\/p>\n","protected":false},"excerpt":{"rendered":"<div class=\"mh-excerpt\"><p>El estudio sobre el ferrocarril para el nuevo PGE plantea transformar el apeadero del Parque Cient\u00edfico en una terminal que conecte tr\u00e1ficos procedentes de cinco <a class=\"mh-excerpt-more\" href=\"https:\/\/ugtfgvalicante.com\/index.php\/2026\/03\/18\/la-revolucion-del-tren-que-sugiere-la-ua-en-alicante-estacion-nodal-en-san-vicente-y-4-lineas-de-tram\/\" title=\"La revoluci\u00f3n del tren que sugiere la UA en Alicante: estaci\u00f3n nodal en San Vicente y 4 l\u00edneas de Tram\">[&#8230;]<\/a><\/p>\n<\/div>","protected":false},"author":4,"featured_media":1101,"comment_status":"closed","ping_status":"closed","sticky":false,"template":"","format":"standard","meta":{"footnotes":""},"categories":[1],"tags":[],"class_list":["post-1100","post","type-post","status-publish","format-standard","has-post-thumbnail","hentry","category-sin-categoria"],"yoast_head":"<!-- This site is optimized with the Yoast SEO plugin v26.6 - https:\/\/yoast.com\/wordpress\/plugins\/seo\/ -->\n<title>La revoluci\u00f3n del tren que sugiere la UA en Alicante: estaci\u00f3n nodal en San Vicente y 4 l\u00edneas de Tram - FGV Alicante<\/title>\n<meta name=\"robots\" content=\"index, follow, max-snippet:-1, max-image-preview:large, max-video-preview:-1\" \/>\n<link rel=\"canonical\" href=\"https:\/\/ugtfgvalicante.com\/index.php\/2026\/03\/18\/la-revolucion-del-tren-que-sugiere-la-ua-en-alicante-estacion-nodal-en-san-vicente-y-4-lineas-de-tram\/\" \/>\n<meta property=\"og:locale\" content=\"es_ES\" \/>\n<meta property=\"og:type\" content=\"article\" \/>\n<meta property=\"og:title\" content=\"La revoluci\u00f3n del tren que sugiere la UA en Alicante: estaci\u00f3n nodal en San Vicente y 4 l\u00edneas de Tram - FGV Alicante\" \/>\n<meta property=\"og:description\" content=\"El estudio sobre el ferrocarril para el nuevo PGE plantea transformar el apeadero del Parque Cient\u00edfico en una terminal que conecte tr\u00e1ficos procedentes de cinco [...]\" \/>\n<meta property=\"og:url\" content=\"https:\/\/ugtfgvalicante.com\/index.php\/2026\/03\/18\/la-revolucion-del-tren-que-sugiere-la-ua-en-alicante-estacion-nodal-en-san-vicente-y-4-lineas-de-tram\/\" \/>\n<meta property=\"og:site_name\" content=\"FGV Alicante\" \/>\n<meta property=\"article:publisher\" content=\"https:\/\/es-es.facebook.com\/ugt.fgvalicante\/\" \/>\n<meta property=\"article:published_time\" content=\"2026-03-18T11:27:24+00:00\" \/>\n<meta property=\"article:modified_time\" content=\"2026-03-18T11:27:25+00:00\" \/>\n<meta property=\"og:image\" content=\"https:\/\/ugtfgvalicante.com\/wp-content\/uploads\/2026\/03\/articulos-1569494.jpg\" \/>\n\t<meta property=\"og:image:width\" content=\"1007\" \/>\n\t<meta property=\"og:image:height\" content=\"757\" \/>\n\t<meta property=\"og:image:type\" content=\"image\/jpeg\" \/>\n<meta name=\"author\" content=\"Ugt FGV Alicante\" \/>\n<meta name=\"twitter:card\" content=\"summary_large_image\" \/>\n<meta name=\"twitter:label1\" content=\"Escrito por\" \/>\n\t<meta name=\"twitter:data1\" content=\"Ugt FGV Alicante\" \/>\n\t<meta name=\"twitter:label2\" content=\"Tiempo de lectura\" \/>\n\t<meta name=\"twitter:data2\" content=\"8 minutos\" \/>\n<script type=\"application\/ld+json\" class=\"yoast-schema-graph\">{\"@context\":\"https:\/\/schema.org\",\"@graph\":[{\"@type\":\"Article\",\"@id\":\"https:\/\/ugtfgvalicante.com\/index.php\/2026\/03\/18\/la-revolucion-del-tren-que-sugiere-la-ua-en-alicante-estacion-nodal-en-san-vicente-y-4-lineas-de-tram\/#article\",\"isPartOf\":{\"@id\":\"https:\/\/ugtfgvalicante.com\/index.php\/2026\/03\/18\/la-revolucion-del-tren-que-sugiere-la-ua-en-alicante-estacion-nodal-en-san-vicente-y-4-lineas-de-tram\/\"},\"author\":{\"name\":\"Ugt FGV Alicante\",\"@id\":\"https:\/\/ugtfgvalicante.com\/#\/schema\/person\/a1375a9c1ef53e624aa79c34b93b62e8\"},\"headline\":\"La revoluci\u00f3n del tren que sugiere la UA en Alicante: estaci\u00f3n nodal en San Vicente y 4 l\u00edneas de Tram\",\"datePublished\":\"2026-03-18T11:27:24+00:00\",\"dateModified\":\"2026-03-18T11:27:25+00:00\",\"mainEntityOfPage\":{\"@id\":\"https:\/\/ugtfgvalicante.com\/index.php\/2026\/03\/18\/la-revolucion-del-tren-que-sugiere-la-ua-en-alicante-estacion-nodal-en-san-vicente-y-4-lineas-de-tram\/\"},\"wordCount\":1854,\"publisher\":{\"@id\":\"https:\/\/ugtfgvalicante.com\/#organization\"},\"image\":{\"@id\":\"https:\/\/ugtfgvalicante.com\/index.php\/2026\/03\/18\/la-revolucion-del-tren-que-sugiere-la-ua-en-alicante-estacion-nodal-en-san-vicente-y-4-lineas-de-tram\/#primaryimage\"},\"thumbnailUrl\":\"https:\/\/ugtfgvalicante.com\/wp-content\/uploads\/2026\/03\/articulos-1569494.jpg\",\"inLanguage\":\"es\"},{\"@type\":\"WebPage\",\"@id\":\"https:\/\/ugtfgvalicante.com\/index.php\/2026\/03\/18\/la-revolucion-del-tren-que-sugiere-la-ua-en-alicante-estacion-nodal-en-san-vicente-y-4-lineas-de-tram\/\",\"url\":\"https:\/\/ugtfgvalicante.com\/index.php\/2026\/03\/18\/la-revolucion-del-tren-que-sugiere-la-ua-en-alicante-estacion-nodal-en-san-vicente-y-4-lineas-de-tram\/\",\"name\":\"La revoluci\u00f3n del tren que sugiere la UA en Alicante: estaci\u00f3n nodal en San Vicente y 4 l\u00edneas de Tram - FGV Alicante\",\"isPartOf\":{\"@id\":\"https:\/\/ugtfgvalicante.com\/#website\"},\"primaryImageOfPage\":{\"@id\":\"https:\/\/ugtfgvalicante.com\/index.php\/2026\/03\/18\/la-revolucion-del-tren-que-sugiere-la-ua-en-alicante-estacion-nodal-en-san-vicente-y-4-lineas-de-tram\/#primaryimage\"},\"image\":{\"@id\":\"https:\/\/ugtfgvalicante.com\/index.php\/2026\/03\/18\/la-revolucion-del-tren-que-sugiere-la-ua-en-alicante-estacion-nodal-en-san-vicente-y-4-lineas-de-tram\/#primaryimage\"},\"thumbnailUrl\":\"https:\/\/ugtfgvalicante.com\/wp-content\/uploads\/2026\/03\/articulos-1569494.jpg\",\"datePublished\":\"2026-03-18T11:27:24+00:00\",\"dateModified\":\"2026-03-18T11:27:25+00:00\",\"breadcrumb\":{\"@id\":\"https:\/\/ugtfgvalicante.com\/index.php\/2026\/03\/18\/la-revolucion-del-tren-que-sugiere-la-ua-en-alicante-estacion-nodal-en-san-vicente-y-4-lineas-de-tram\/#breadcrumb\"},\"inLanguage\":\"es\",\"potentialAction\":[{\"@type\":\"ReadAction\",\"target\":[\"https:\/\/ugtfgvalicante.com\/index.php\/2026\/03\/18\/la-revolucion-del-tren-que-sugiere-la-ua-en-alicante-estacion-nodal-en-san-vicente-y-4-lineas-de-tram\/\"]}]},{\"@type\":\"ImageObject\",\"inLanguage\":\"es\",\"@id\":\"https:\/\/ugtfgvalicante.com\/index.php\/2026\/03\/18\/la-revolucion-del-tren-que-sugiere-la-ua-en-alicante-estacion-nodal-en-san-vicente-y-4-lineas-de-tram\/#primaryimage\",\"url\":\"https:\/\/ugtfgvalicante.com\/wp-content\/uploads\/2026\/03\/articulos-1569494.jpg\",\"contentUrl\":\"https:\/\/ugtfgvalicante.com\/wp-content\/uploads\/2026\/03\/articulos-1569494.jpg\",\"width\":1007,\"height\":757},{\"@type\":\"BreadcrumbList\",\"@id\":\"https:\/\/ugtfgvalicante.com\/index.php\/2026\/03\/18\/la-revolucion-del-tren-que-sugiere-la-ua-en-alicante-estacion-nodal-en-san-vicente-y-4-lineas-de-tram\/#breadcrumb\",\"itemListElement\":[{\"@type\":\"ListItem\",\"position\":1,\"name\":\"Portada\",\"item\":\"https:\/\/ugtfgvalicante.com\/\"},{\"@type\":\"ListItem\",\"position\":2,\"name\":\"La revoluci\u00f3n del tren que sugiere la UA en Alicante: estaci\u00f3n nodal en San Vicente y 4 l\u00edneas de Tram\"}]},{\"@type\":\"WebSite\",\"@id\":\"https:\/\/ugtfgvalicante.com\/#website\",\"url\":\"https:\/\/ugtfgvalicante.com\/\",\"name\":\"FGV Alicante\",\"description\":\"\",\"publisher\":{\"@id\":\"https:\/\/ugtfgvalicante.com\/#organization\"},\"potentialAction\":[{\"@type\":\"SearchAction\",\"target\":{\"@type\":\"EntryPoint\",\"urlTemplate\":\"https:\/\/ugtfgvalicante.com\/?s={search_term_string}\"},\"query-input\":{\"@type\":\"PropertyValueSpecification\",\"valueRequired\":true,\"valueName\":\"search_term_string\"}}],\"inLanguage\":\"es\"},{\"@type\":\"Organization\",\"@id\":\"https:\/\/ugtfgvalicante.com\/#organization\",\"name\":\"UGT FGV Alicante\",\"url\":\"https:\/\/ugtfgvalicante.com\/\",\"logo\":{\"@type\":\"ImageObject\",\"inLanguage\":\"es\",\"@id\":\"https:\/\/ugtfgvalicante.com\/#\/schema\/logo\/image\/\",\"url\":\"https:\/\/ugtfgvalicante.com\/wp-content\/uploads\/2022\/10\/logo-ugt-web.png\",\"contentUrl\":\"https:\/\/ugtfgvalicante.com\/wp-content\/uploads\/2022\/10\/logo-ugt-web.png\",\"width\":2283,\"height\":1126,\"caption\":\"UGT FGV Alicante\"},\"image\":{\"@id\":\"https:\/\/ugtfgvalicante.com\/#\/schema\/logo\/image\/\"},\"sameAs\":[\"https:\/\/es-es.facebook.com\/ugt.fgvalicante\/\"]},{\"@type\":\"Person\",\"@id\":\"https:\/\/ugtfgvalicante.com\/#\/schema\/person\/a1375a9c1ef53e624aa79c34b93b62e8\",\"name\":\"Ugt FGV Alicante\",\"image\":{\"@type\":\"ImageObject\",\"inLanguage\":\"es\",\"@id\":\"https:\/\/ugtfgvalicante.com\/#\/schema\/person\/image\/\",\"url\":\"https:\/\/secure.gravatar.com\/avatar\/ea41cd8456808460c6c0caa1a213c3c921573555df6b57a7ee2f16fb6f502866?s=96&d=mm&r=g\",\"contentUrl\":\"https:\/\/secure.gravatar.com\/avatar\/ea41cd8456808460c6c0caa1a213c3c921573555df6b57a7ee2f16fb6f502866?s=96&d=mm&r=g\",\"caption\":\"Ugt FGV Alicante\"},\"url\":\"https:\/\/ugtfgvalicante.com\/index.php\/author\/ggrau\/\"}]}<\/script>\n<!-- \/ Yoast SEO plugin. -->","yoast_head_json":{"title":"La revoluci\u00f3n del tren que sugiere la UA en Alicante: estaci\u00f3n nodal en San Vicente y 4 l\u00edneas de Tram - FGV Alicante","robots":{"index":"index","follow":"follow","max-snippet":"max-snippet:-1","max-image-preview":"max-image-preview:large","max-video-preview":"max-video-preview:-1"},"canonical":"https:\/\/ugtfgvalicante.com\/index.php\/2026\/03\/18\/la-revolucion-del-tren-que-sugiere-la-ua-en-alicante-estacion-nodal-en-san-vicente-y-4-lineas-de-tram\/","og_locale":"es_ES","og_type":"article","og_title":"La revoluci\u00f3n del tren que sugiere la UA en Alicante: estaci\u00f3n nodal en San Vicente y 4 l\u00edneas de Tram - FGV Alicante","og_description":"El estudio sobre el ferrocarril para el nuevo PGE plantea transformar el apeadero del Parque Cient\u00edfico en una terminal que conecte tr\u00e1ficos procedentes de cinco [...]","og_url":"https:\/\/ugtfgvalicante.com\/index.php\/2026\/03\/18\/la-revolucion-del-tren-que-sugiere-la-ua-en-alicante-estacion-nodal-en-san-vicente-y-4-lineas-de-tram\/","og_site_name":"FGV Alicante","article_publisher":"https:\/\/es-es.facebook.com\/ugt.fgvalicante\/","article_published_time":"2026-03-18T11:27:24+00:00","article_modified_time":"2026-03-18T11:27:25+00:00","og_image":[{"width":1007,"height":757,"url":"https:\/\/ugtfgvalicante.com\/wp-content\/uploads\/2026\/03\/articulos-1569494.jpg","type":"image\/jpeg"}],"author":"Ugt FGV Alicante","twitter_card":"summary_large_image","twitter_misc":{"Escrito por":"Ugt FGV Alicante","Tiempo de lectura":"8 minutos"},"schema":{"@context":"https:\/\/schema.org","@graph":[{"@type":"Article","@id":"https:\/\/ugtfgvalicante.com\/index.php\/2026\/03\/18\/la-revolucion-del-tren-que-sugiere-la-ua-en-alicante-estacion-nodal-en-san-vicente-y-4-lineas-de-tram\/#article","isPartOf":{"@id":"https:\/\/ugtfgvalicante.com\/index.php\/2026\/03\/18\/la-revolucion-del-tren-que-sugiere-la-ua-en-alicante-estacion-nodal-en-san-vicente-y-4-lineas-de-tram\/"},"author":{"name":"Ugt FGV Alicante","@id":"https:\/\/ugtfgvalicante.com\/#\/schema\/person\/a1375a9c1ef53e624aa79c34b93b62e8"},"headline":"La revoluci\u00f3n del tren que sugiere la UA en Alicante: estaci\u00f3n nodal en San Vicente y 4 l\u00edneas de Tram","datePublished":"2026-03-18T11:27:24+00:00","dateModified":"2026-03-18T11:27:25+00:00","mainEntityOfPage":{"@id":"https:\/\/ugtfgvalicante.com\/index.php\/2026\/03\/18\/la-revolucion-del-tren-que-sugiere-la-ua-en-alicante-estacion-nodal-en-san-vicente-y-4-lineas-de-tram\/"},"wordCount":1854,"publisher":{"@id":"https:\/\/ugtfgvalicante.com\/#organization"},"image":{"@id":"https:\/\/ugtfgvalicante.com\/index.php\/2026\/03\/18\/la-revolucion-del-tren-que-sugiere-la-ua-en-alicante-estacion-nodal-en-san-vicente-y-4-lineas-de-tram\/#primaryimage"},"thumbnailUrl":"https:\/\/ugtfgvalicante.com\/wp-content\/uploads\/2026\/03\/articulos-1569494.jpg","inLanguage":"es"},{"@type":"WebPage","@id":"https:\/\/ugtfgvalicante.com\/index.php\/2026\/03\/18\/la-revolucion-del-tren-que-sugiere-la-ua-en-alicante-estacion-nodal-en-san-vicente-y-4-lineas-de-tram\/","url":"https:\/\/ugtfgvalicante.com\/index.php\/2026\/03\/18\/la-revolucion-del-tren-que-sugiere-la-ua-en-alicante-estacion-nodal-en-san-vicente-y-4-lineas-de-tram\/","name":"La revoluci\u00f3n del tren que sugiere la UA en Alicante: estaci\u00f3n nodal en San Vicente y 4 l\u00edneas de Tram - FGV Alicante","isPartOf":{"@id":"https:\/\/ugtfgvalicante.com\/#website"},"primaryImageOfPage":{"@id":"https:\/\/ugtfgvalicante.com\/index.php\/2026\/03\/18\/la-revolucion-del-tren-que-sugiere-la-ua-en-alicante-estacion-nodal-en-san-vicente-y-4-lineas-de-tram\/#primaryimage"},"image":{"@id":"https:\/\/ugtfgvalicante.com\/index.php\/2026\/03\/18\/la-revolucion-del-tren-que-sugiere-la-ua-en-alicante-estacion-nodal-en-san-vicente-y-4-lineas-de-tram\/#primaryimage"},"thumbnailUrl":"https:\/\/ugtfgvalicante.com\/wp-content\/uploads\/2026\/03\/articulos-1569494.jpg","datePublished":"2026-03-18T11:27:24+00:00","dateModified":"2026-03-18T11:27:25+00:00","breadcrumb":{"@id":"https:\/\/ugtfgvalicante.com\/index.php\/2026\/03\/18\/la-revolucion-del-tren-que-sugiere-la-ua-en-alicante-estacion-nodal-en-san-vicente-y-4-lineas-de-tram\/#breadcrumb"},"inLanguage":"es","potentialAction":[{"@type":"ReadAction","target":["https:\/\/ugtfgvalicante.com\/index.php\/2026\/03\/18\/la-revolucion-del-tren-que-sugiere-la-ua-en-alicante-estacion-nodal-en-san-vicente-y-4-lineas-de-tram\/"]}]},{"@type":"ImageObject","inLanguage":"es","@id":"https:\/\/ugtfgvalicante.com\/index.php\/2026\/03\/18\/la-revolucion-del-tren-que-sugiere-la-ua-en-alicante-estacion-nodal-en-san-vicente-y-4-lineas-de-tram\/#primaryimage","url":"https:\/\/ugtfgvalicante.com\/wp-content\/uploads\/2026\/03\/articulos-1569494.jpg","contentUrl":"https:\/\/ugtfgvalicante.com\/wp-content\/uploads\/2026\/03\/articulos-1569494.jpg","width":1007,"height":757},{"@type":"BreadcrumbList","@id":"https:\/\/ugtfgvalicante.com\/index.php\/2026\/03\/18\/la-revolucion-del-tren-que-sugiere-la-ua-en-alicante-estacion-nodal-en-san-vicente-y-4-lineas-de-tram\/#breadcrumb","itemListElement":[{"@type":"ListItem","position":1,"name":"Portada","item":"https:\/\/ugtfgvalicante.com\/"},{"@type":"ListItem","position":2,"name":"La revoluci\u00f3n del tren que sugiere la UA en Alicante: estaci\u00f3n nodal en San Vicente y 4 l\u00edneas de Tram"}]},{"@type":"WebSite","@id":"https:\/\/ugtfgvalicante.com\/#website","url":"https:\/\/ugtfgvalicante.com\/","name":"FGV Alicante","description":"","publisher":{"@id":"https:\/\/ugtfgvalicante.com\/#organization"},"potentialAction":[{"@type":"SearchAction","target":{"@type":"EntryPoint","urlTemplate":"https:\/\/ugtfgvalicante.com\/?s={search_term_string}"},"query-input":{"@type":"PropertyValueSpecification","valueRequired":true,"valueName":"search_term_string"}}],"inLanguage":"es"},{"@type":"Organization","@id":"https:\/\/ugtfgvalicante.com\/#organization","name":"UGT FGV Alicante","url":"https:\/\/ugtfgvalicante.com\/","logo":{"@type":"ImageObject","inLanguage":"es","@id":"https:\/\/ugtfgvalicante.com\/#\/schema\/logo\/image\/","url":"https:\/\/ugtfgvalicante.com\/wp-content\/uploads\/2022\/10\/logo-ugt-web.png","contentUrl":"https:\/\/ugtfgvalicante.com\/wp-content\/uploads\/2022\/10\/logo-ugt-web.png","width":2283,"height":1126,"caption":"UGT FGV Alicante"},"image":{"@id":"https:\/\/ugtfgvalicante.com\/#\/schema\/logo\/image\/"},"sameAs":["https:\/\/es-es.facebook.com\/ugt.fgvalicante\/"]},{"@type":"Person","@id":"https:\/\/ugtfgvalicante.com\/#\/schema\/person\/a1375a9c1ef53e624aa79c34b93b62e8","name":"Ugt FGV Alicante","image":{"@type":"ImageObject","inLanguage":"es","@id":"https:\/\/ugtfgvalicante.com\/#\/schema\/person\/image\/","url":"https:\/\/secure.gravatar.com\/avatar\/ea41cd8456808460c6c0caa1a213c3c921573555df6b57a7ee2f16fb6f502866?s=96&d=mm&r=g","contentUrl":"https:\/\/secure.gravatar.com\/avatar\/ea41cd8456808460c6c0caa1a213c3c921573555df6b57a7ee2f16fb6f502866?s=96&d=mm&r=g","caption":"Ugt FGV Alicante"},"url":"https:\/\/ugtfgvalicante.com\/index.php\/author\/ggrau\/"}]}},"_links":{"self":[{"href":"https:\/\/ugtfgvalicante.com\/index.php\/wp-json\/wp\/v2\/posts\/1100","targetHints":{"allow":["GET"]}}],"collection":[{"href":"https:\/\/ugtfgvalicante.com\/index.php\/wp-json\/wp\/v2\/posts"}],"about":[{"href":"https:\/\/ugtfgvalicante.com\/index.php\/wp-json\/wp\/v2\/types\/post"}],"author":[{"embeddable":true,"href":"https:\/\/ugtfgvalicante.com\/index.php\/wp-json\/wp\/v2\/users\/4"}],"replies":[{"embeddable":true,"href":"https:\/\/ugtfgvalicante.com\/index.php\/wp-json\/wp\/v2\/comments?post=1100"}],"version-history":[{"count":1,"href":"https:\/\/ugtfgvalicante.com\/index.php\/wp-json\/wp\/v2\/posts\/1100\/revisions"}],"predecessor-version":[{"id":1102,"href":"https:\/\/ugtfgvalicante.com\/index.php\/wp-json\/wp\/v2\/posts\/1100\/revisions\/1102"}],"wp:featuredmedia":[{"embeddable":true,"href":"https:\/\/ugtfgvalicante.com\/index.php\/wp-json\/wp\/v2\/media\/1101"}],"wp:attachment":[{"href":"https:\/\/ugtfgvalicante.com\/index.php\/wp-json\/wp\/v2\/media?parent=1100"}],"wp:term":[{"taxonomy":"category","embeddable":true,"href":"https:\/\/ugtfgvalicante.com\/index.php\/wp-json\/wp\/v2\/categories?post=1100"},{"taxonomy":"post_tag","embeddable":true,"href":"https:\/\/ugtfgvalicante.com\/index.php\/wp-json\/wp\/v2\/tags?post=1100"}],"curies":[{"name":"wp","href":"https:\/\/api.w.org\/{rel}","templated":true}]}}