{"id":122,"date":"2022-07-27T08:41:32","date_gmt":"2022-07-27T08:41:32","guid":{"rendered":"https:\/\/ugtfgvalicante.com\/?p=122"},"modified":"2022-07-27T08:41:32","modified_gmt":"2022-07-27T08:41:32","slug":"la-empresa-infraestructuras-trade-asume-la-obra-de-renovacion-de-los-talleres-de-la-estacion-de-fgv-en-denia","status":"publish","type":"post","link":"https:\/\/ugtfgvalicante.com\/index.php\/2022\/07\/27\/la-empresa-infraestructuras-trade-asume-la-obra-de-renovacion-de-los-talleres-de-la-estacion-de-fgv-en-denia\/","title":{"rendered":"La empresa Infraestructuras Trade asume la obra de renovaci\u00f3n de los talleres de la estaci\u00f3n de FGV en D\u00e9nia"},"content":{"rendered":"\n<p>La empresa Infraestructuras Trade ha logrado alzarse con el concurso para la reforma de los talleres de la estaci\u00f3n de FGV en D\u00e9nia, un contrato por el que pujaba con otra empresa.<\/p>\n\n\n\n<p>Esta constructora catalana logr\u00f3 91,40 puntos, frente a los 61,20 que consigui\u00f3 la segunda Copcisa SA y deber\u00e1 afrontar la renovaci\u00f3n de los talleres por un importe de 770.973 euros (IVA incluido) y un plazo de ejecuci\u00f3n m\u00e1ximo de cuatro meses.<\/p>\n\n\n\n<p>Los trabajos consisten en la adaptaci\u00f3n de los talleres que hay en la estaci\u00f3n dianense a los nuevos modelos de tren que en los pr\u00f3ximos meses llegar\u00e1n a la capital de la Marina Alta. E incluye entre otras la ampliaci\u00f3n del foso de mantenimiento y de los a servicios de acceso para el mantenimiento de los veh\u00edculos. Adem\u00e1s se ha incluido la adecuaci\u00f3n de aseos; vestuario; y despachos; la reubicaci\u00f3n de las plazas de aparcamiento; el acondicionamiento de un punto limpio y reciclaje; y la instalaci\u00f3n de una nueva puerta de acceso motorizada.<\/p>\n\n\n\n<p>Las nuevas unidades cuentan con un dise\u00f1o y unas caracter\u00edsticas t\u00e9cnicas y de accesibilidad actualizadas de acuerdo con la normativa vigente y compatibles con la utilizaci\u00f3n de sistemas de seguridad, control y comunicaciones de \u00faltima tecnolog\u00eda. Son veh\u00edculos de piso bajo, por lo que est\u00e1n adaptados a la zona tranviarizada de acceso a D\u00e9nia.<\/p>\n\n\n\n<p>Fuente: <a href=\"https:\/\/deniadigital.es\/art\/15724\/la-empresa-infraestructuras-trade-asume-la-obra-de-renovacion-de-los-talleres-de-la-estacion-de-fgv-en-denia\">Deniadigital.es<\/a><\/p>\n","protected":false},"excerpt":{"rendered":"<div class=\"mh-excerpt\"><p>La empresa Infraestructuras Trade ha logrado alzarse con el concurso para la reforma de los talleres de la estaci\u00f3n de FGV en D\u00e9nia, un contrato <a class=\"mh-excerpt-more\" href=\"https:\/\/ugtfgvalicante.com\/index.php\/2022\/07\/27\/la-empresa-infraestructuras-trade-asume-la-obra-de-renovacion-de-los-talleres-de-la-estacion-de-fgv-en-denia\/\" title=\"La empresa Infraestructuras Trade asume la obra de renovaci\u00f3n de los talleres de la estaci\u00f3n de FGV en D\u00e9nia\">[&#8230;]<\/a><\/p>\n<\/div>","protected":false},"author":4,"featured_media":123,"comment_status":"closed","ping_status":"","sticky":false,"template":"","format":"standard","meta":{"footnotes":""},"categories":[1],"tags":[],"class_list":["post-122","post","type-post","status-publish","format-standard","has-post-thumbnail","hentry","category-sin-categoria"],"yoast_head":"<!-- This site is optimized with the Yoast SEO plugin v26.6 - https:\/\/yoast.com\/wordpress\/plugins\/seo\/ -->\n<title>La empresa Infraestructuras Trade asume la obra de renovaci\u00f3n de los talleres de la estaci\u00f3n de FGV en D\u00e9nia - FGV Alicante<\/title>\n<meta name=\"robots\" content=\"index, follow, max-snippet:-1, max-image-preview:large, max-video-preview:-1\" \/>\n<link rel=\"canonical\" href=\"https:\/\/ugtfgvalicante.com\/index.php\/2022\/07\/27\/la-empresa-infraestructuras-trade-asume-la-obra-de-renovacion-de-los-talleres-de-la-estacion-de-fgv-en-denia\/\" \/>\n<meta property=\"og:locale\" content=\"es_ES\" \/>\n<meta property=\"og:type\" content=\"article\" \/>\n<meta property=\"og:title\" content=\"La empresa Infraestructuras Trade asume la obra de renovaci\u00f3n de los talleres de la estaci\u00f3n de FGV en D\u00e9nia - FGV Alicante\" \/>\n<meta property=\"og:description\" content=\"La empresa Infraestructuras Trade ha logrado alzarse con el concurso para la reforma de los talleres de la estaci\u00f3n de FGV en D\u00e9nia, un contrato [...]\" \/>\n<meta property=\"og:url\" content=\"https:\/\/ugtfgvalicante.com\/index.php\/2022\/07\/27\/la-empresa-infraestructuras-trade-asume-la-obra-de-renovacion-de-los-talleres-de-la-estacion-de-fgv-en-denia\/\" \/>\n<meta property=\"og:site_name\" content=\"FGV Alicante\" \/>\n<meta property=\"article:publisher\" content=\"https:\/\/es-es.facebook.com\/ugt.fgvalicante\/\" \/>\n<meta property=\"article:published_time\" content=\"2022-07-27T08:41:32+00:00\" \/>\n<meta property=\"og:image\" content=\"https:\/\/ugtfgvalicante.com\/wp-content\/uploads\/2022\/07\/7063_fgv_talleresdeniafotoayto.jpg\" \/>\n\t<meta property=\"og:image:width\" content=\"800\" \/>\n\t<meta property=\"og:image:height\" content=\"600\" \/>\n\t<meta property=\"og:image:type\" content=\"image\/jpeg\" \/>\n<meta name=\"author\" content=\"Ugt FGV Alicante\" \/>\n<meta name=\"twitter:card\" content=\"summary_large_image\" \/>\n<meta name=\"twitter:label1\" content=\"Escrito por\" \/>\n\t<meta name=\"twitter:data1\" content=\"Ugt FGV Alicante\" \/>\n\t<meta name=\"twitter:label2\" content=\"Tiempo de lectura\" \/>\n\t<meta name=\"twitter:data2\" content=\"1 minuto\" \/>\n<script type=\"application\/ld+json\" class=\"yoast-schema-graph\">{\"@context\":\"https:\/\/schema.org\",\"@graph\":[{\"@type\":\"Article\",\"@id\":\"https:\/\/ugtfgvalicante.com\/index.php\/2022\/07\/27\/la-empresa-infraestructuras-trade-asume-la-obra-de-renovacion-de-los-talleres-de-la-estacion-de-fgv-en-denia\/#article\",\"isPartOf\":{\"@id\":\"https:\/\/ugtfgvalicante.com\/index.php\/2022\/07\/27\/la-empresa-infraestructuras-trade-asume-la-obra-de-renovacion-de-los-talleres-de-la-estacion-de-fgv-en-denia\/\"},\"author\":{\"name\":\"Ugt FGV Alicante\",\"@id\":\"https:\/\/ugtfgvalicante.com\/#\/schema\/person\/a1375a9c1ef53e624aa79c34b93b62e8\"},\"headline\":\"La empresa Infraestructuras Trade asume la obra de renovaci\u00f3n de los talleres de la estaci\u00f3n de FGV en D\u00e9nia\",\"datePublished\":\"2022-07-27T08:41:32+00:00\",\"mainEntityOfPage\":{\"@id\":\"https:\/\/ugtfgvalicante.com\/index.php\/2022\/07\/27\/la-empresa-infraestructuras-trade-asume-la-obra-de-renovacion-de-los-talleres-de-la-estacion-de-fgv-en-denia\/\"},\"wordCount\":265,\"publisher\":{\"@id\":\"https:\/\/ugtfgvalicante.com\/#organization\"},\"image\":{\"@id\":\"https:\/\/ugtfgvalicante.com\/index.php\/2022\/07\/27\/la-empresa-infraestructuras-trade-asume-la-obra-de-renovacion-de-los-talleres-de-la-estacion-de-fgv-en-denia\/#primaryimage\"},\"thumbnailUrl\":\"https:\/\/ugtfgvalicante.com\/wp-content\/uploads\/2022\/07\/7063_fgv_talleresdeniafotoayto.jpg\",\"inLanguage\":\"es\"},{\"@type\":\"WebPage\",\"@id\":\"https:\/\/ugtfgvalicante.com\/index.php\/2022\/07\/27\/la-empresa-infraestructuras-trade-asume-la-obra-de-renovacion-de-los-talleres-de-la-estacion-de-fgv-en-denia\/\",\"url\":\"https:\/\/ugtfgvalicante.com\/index.php\/2022\/07\/27\/la-empresa-infraestructuras-trade-asume-la-obra-de-renovacion-de-los-talleres-de-la-estacion-de-fgv-en-denia\/\",\"name\":\"La empresa Infraestructuras Trade asume la obra de renovaci\u00f3n de los talleres de la estaci\u00f3n de FGV en D\u00e9nia - FGV Alicante\",\"isPartOf\":{\"@id\":\"https:\/\/ugtfgvalicante.com\/#website\"},\"primaryImageOfPage\":{\"@id\":\"https:\/\/ugtfgvalicante.com\/index.php\/2022\/07\/27\/la-empresa-infraestructuras-trade-asume-la-obra-de-renovacion-de-los-talleres-de-la-estacion-de-fgv-en-denia\/#primaryimage\"},\"image\":{\"@id\":\"https:\/\/ugtfgvalicante.com\/index.php\/2022\/07\/27\/la-empresa-infraestructuras-trade-asume-la-obra-de-renovacion-de-los-talleres-de-la-estacion-de-fgv-en-denia\/#primaryimage\"},\"thumbnailUrl\":\"https:\/\/ugtfgvalicante.com\/wp-content\/uploads\/2022\/07\/7063_fgv_talleresdeniafotoayto.jpg\",\"datePublished\":\"2022-07-27T08:41:32+00:00\",\"breadcrumb\":{\"@id\":\"https:\/\/ugtfgvalicante.com\/index.php\/2022\/07\/27\/la-empresa-infraestructuras-trade-asume-la-obra-de-renovacion-de-los-talleres-de-la-estacion-de-fgv-en-denia\/#breadcrumb\"},\"inLanguage\":\"es\",\"potentialAction\":[{\"@type\":\"ReadAction\",\"target\":[\"https:\/\/ugtfgvalicante.com\/index.php\/2022\/07\/27\/la-empresa-infraestructuras-trade-asume-la-obra-de-renovacion-de-los-talleres-de-la-estacion-de-fgv-en-denia\/\"]}]},{\"@type\":\"ImageObject\",\"inLanguage\":\"es\",\"@id\":\"https:\/\/ugtfgvalicante.com\/index.php\/2022\/07\/27\/la-empresa-infraestructuras-trade-asume-la-obra-de-renovacion-de-los-talleres-de-la-estacion-de-fgv-en-denia\/#primaryimage\",\"url\":\"https:\/\/ugtfgvalicante.com\/wp-content\/uploads\/2022\/07\/7063_fgv_talleresdeniafotoayto.jpg\",\"contentUrl\":\"https:\/\/ugtfgvalicante.com\/wp-content\/uploads\/2022\/07\/7063_fgv_talleresdeniafotoayto.jpg\",\"width\":800,\"height\":600},{\"@type\":\"BreadcrumbList\",\"@id\":\"https:\/\/ugtfgvalicante.com\/index.php\/2022\/07\/27\/la-empresa-infraestructuras-trade-asume-la-obra-de-renovacion-de-los-talleres-de-la-estacion-de-fgv-en-denia\/#breadcrumb\",\"itemListElement\":[{\"@type\":\"ListItem\",\"position\":1,\"name\":\"Portada\",\"item\":\"https:\/\/ugtfgvalicante.com\/\"},{\"@type\":\"ListItem\",\"position\":2,\"name\":\"La empresa Infraestructuras Trade asume la obra de renovaci\u00f3n de los talleres de la estaci\u00f3n de FGV en D\u00e9nia\"}]},{\"@type\":\"WebSite\",\"@id\":\"https:\/\/ugtfgvalicante.com\/#website\",\"url\":\"https:\/\/ugtfgvalicante.com\/\",\"name\":\"FGV Alicante\",\"description\":\"\",\"publisher\":{\"@id\":\"https:\/\/ugtfgvalicante.com\/#organization\"},\"potentialAction\":[{\"@type\":\"SearchAction\",\"target\":{\"@type\":\"EntryPoint\",\"urlTemplate\":\"https:\/\/ugtfgvalicante.com\/?s={search_term_string}\"},\"query-input\":{\"@type\":\"PropertyValueSpecification\",\"valueRequired\":true,\"valueName\":\"search_term_string\"}}],\"inLanguage\":\"es\"},{\"@type\":\"Organization\",\"@id\":\"https:\/\/ugtfgvalicante.com\/#organization\",\"name\":\"UGT FGV Alicante\",\"url\":\"https:\/\/ugtfgvalicante.com\/\",\"logo\":{\"@type\":\"ImageObject\",\"inLanguage\":\"es\",\"@id\":\"https:\/\/ugtfgvalicante.com\/#\/schema\/logo\/image\/\",\"url\":\"https:\/\/ugtfgvalicante.com\/wp-content\/uploads\/2022\/10\/logo-ugt-web.png\",\"contentUrl\":\"https:\/\/ugtfgvalicante.com\/wp-content\/uploads\/2022\/10\/logo-ugt-web.png\",\"width\":2283,\"height\":1126,\"caption\":\"UGT FGV Alicante\"},\"image\":{\"@id\":\"https:\/\/ugtfgvalicante.com\/#\/schema\/logo\/image\/\"},\"sameAs\":[\"https:\/\/es-es.facebook.com\/ugt.fgvalicante\/\"]},{\"@type\":\"Person\",\"@id\":\"https:\/\/ugtfgvalicante.com\/#\/schema\/person\/a1375a9c1ef53e624aa79c34b93b62e8\",\"name\":\"Ugt FGV Alicante\",\"image\":{\"@type\":\"ImageObject\",\"inLanguage\":\"es\",\"@id\":\"https:\/\/ugtfgvalicante.com\/#\/schema\/person\/image\/\",\"url\":\"https:\/\/secure.gravatar.com\/avatar\/ea41cd8456808460c6c0caa1a213c3c921573555df6b57a7ee2f16fb6f502866?s=96&d=mm&r=g\",\"contentUrl\":\"https:\/\/secure.gravatar.com\/avatar\/ea41cd8456808460c6c0caa1a213c3c921573555df6b57a7ee2f16fb6f502866?s=96&d=mm&r=g\",\"caption\":\"Ugt FGV Alicante\"},\"url\":\"https:\/\/ugtfgvalicante.com\/index.php\/author\/ggrau\/\"}]}<\/script>\n<!-- \/ Yoast SEO plugin. -->","yoast_head_json":{"title":"La empresa Infraestructuras Trade asume la obra de renovaci\u00f3n de los talleres de la estaci\u00f3n de FGV en D\u00e9nia - FGV Alicante","robots":{"index":"index","follow":"follow","max-snippet":"max-snippet:-1","max-image-preview":"max-image-preview:large","max-video-preview":"max-video-preview:-1"},"canonical":"https:\/\/ugtfgvalicante.com\/index.php\/2022\/07\/27\/la-empresa-infraestructuras-trade-asume-la-obra-de-renovacion-de-los-talleres-de-la-estacion-de-fgv-en-denia\/","og_locale":"es_ES","og_type":"article","og_title":"La empresa Infraestructuras Trade asume la obra de renovaci\u00f3n de los talleres de la estaci\u00f3n de FGV en D\u00e9nia - FGV Alicante","og_description":"La empresa Infraestructuras Trade ha logrado alzarse con el concurso para la reforma de los talleres de la estaci\u00f3n de FGV en D\u00e9nia, un contrato [...]","og_url":"https:\/\/ugtfgvalicante.com\/index.php\/2022\/07\/27\/la-empresa-infraestructuras-trade-asume-la-obra-de-renovacion-de-los-talleres-de-la-estacion-de-fgv-en-denia\/","og_site_name":"FGV Alicante","article_publisher":"https:\/\/es-es.facebook.com\/ugt.fgvalicante\/","article_published_time":"2022-07-27T08:41:32+00:00","og_image":[{"width":800,"height":600,"url":"https:\/\/ugtfgvalicante.com\/wp-content\/uploads\/2022\/07\/7063_fgv_talleresdeniafotoayto.jpg","type":"image\/jpeg"}],"author":"Ugt FGV Alicante","twitter_card":"summary_large_image","twitter_misc":{"Escrito por":"Ugt FGV Alicante","Tiempo de lectura":"1 minuto"},"schema":{"@context":"https:\/\/schema.org","@graph":[{"@type":"Article","@id":"https:\/\/ugtfgvalicante.com\/index.php\/2022\/07\/27\/la-empresa-infraestructuras-trade-asume-la-obra-de-renovacion-de-los-talleres-de-la-estacion-de-fgv-en-denia\/#article","isPartOf":{"@id":"https:\/\/ugtfgvalicante.com\/index.php\/2022\/07\/27\/la-empresa-infraestructuras-trade-asume-la-obra-de-renovacion-de-los-talleres-de-la-estacion-de-fgv-en-denia\/"},"author":{"name":"Ugt FGV Alicante","@id":"https:\/\/ugtfgvalicante.com\/#\/schema\/person\/a1375a9c1ef53e624aa79c34b93b62e8"},"headline":"La empresa Infraestructuras Trade asume la obra de renovaci\u00f3n de los talleres de la estaci\u00f3n de FGV en D\u00e9nia","datePublished":"2022-07-27T08:41:32+00:00","mainEntityOfPage":{"@id":"https:\/\/ugtfgvalicante.com\/index.php\/2022\/07\/27\/la-empresa-infraestructuras-trade-asume-la-obra-de-renovacion-de-los-talleres-de-la-estacion-de-fgv-en-denia\/"},"wordCount":265,"publisher":{"@id":"https:\/\/ugtfgvalicante.com\/#organization"},"image":{"@id":"https:\/\/ugtfgvalicante.com\/index.php\/2022\/07\/27\/la-empresa-infraestructuras-trade-asume-la-obra-de-renovacion-de-los-talleres-de-la-estacion-de-fgv-en-denia\/#primaryimage"},"thumbnailUrl":"https:\/\/ugtfgvalicante.com\/wp-content\/uploads\/2022\/07\/7063_fgv_talleresdeniafotoayto.jpg","inLanguage":"es"},{"@type":"WebPage","@id":"https:\/\/ugtfgvalicante.com\/index.php\/2022\/07\/27\/la-empresa-infraestructuras-trade-asume-la-obra-de-renovacion-de-los-talleres-de-la-estacion-de-fgv-en-denia\/","url":"https:\/\/ugtfgvalicante.com\/index.php\/2022\/07\/27\/la-empresa-infraestructuras-trade-asume-la-obra-de-renovacion-de-los-talleres-de-la-estacion-de-fgv-en-denia\/","name":"La empresa Infraestructuras Trade asume la obra de renovaci\u00f3n de los talleres de la estaci\u00f3n de FGV en D\u00e9nia - FGV Alicante","isPartOf":{"@id":"https:\/\/ugtfgvalicante.com\/#website"},"primaryImageOfPage":{"@id":"https:\/\/ugtfgvalicante.com\/index.php\/2022\/07\/27\/la-empresa-infraestructuras-trade-asume-la-obra-de-renovacion-de-los-talleres-de-la-estacion-de-fgv-en-denia\/#primaryimage"},"image":{"@id":"https:\/\/ugtfgvalicante.com\/index.php\/2022\/07\/27\/la-empresa-infraestructuras-trade-asume-la-obra-de-renovacion-de-los-talleres-de-la-estacion-de-fgv-en-denia\/#primaryimage"},"thumbnailUrl":"https:\/\/ugtfgvalicante.com\/wp-content\/uploads\/2022\/07\/7063_fgv_talleresdeniafotoayto.jpg","datePublished":"2022-07-27T08:41:32+00:00","breadcrumb":{"@id":"https:\/\/ugtfgvalicante.com\/index.php\/2022\/07\/27\/la-empresa-infraestructuras-trade-asume-la-obra-de-renovacion-de-los-talleres-de-la-estacion-de-fgv-en-denia\/#breadcrumb"},"inLanguage":"es","potentialAction":[{"@type":"ReadAction","target":["https:\/\/ugtfgvalicante.com\/index.php\/2022\/07\/27\/la-empresa-infraestructuras-trade-asume-la-obra-de-renovacion-de-los-talleres-de-la-estacion-de-fgv-en-denia\/"]}]},{"@type":"ImageObject","inLanguage":"es","@id":"https:\/\/ugtfgvalicante.com\/index.php\/2022\/07\/27\/la-empresa-infraestructuras-trade-asume-la-obra-de-renovacion-de-los-talleres-de-la-estacion-de-fgv-en-denia\/#primaryimage","url":"https:\/\/ugtfgvalicante.com\/wp-content\/uploads\/2022\/07\/7063_fgv_talleresdeniafotoayto.jpg","contentUrl":"https:\/\/ugtfgvalicante.com\/wp-content\/uploads\/2022\/07\/7063_fgv_talleresdeniafotoayto.jpg","width":800,"height":600},{"@type":"BreadcrumbList","@id":"https:\/\/ugtfgvalicante.com\/index.php\/2022\/07\/27\/la-empresa-infraestructuras-trade-asume-la-obra-de-renovacion-de-los-talleres-de-la-estacion-de-fgv-en-denia\/#breadcrumb","itemListElement":[{"@type":"ListItem","position":1,"name":"Portada","item":"https:\/\/ugtfgvalicante.com\/"},{"@type":"ListItem","position":2,"name":"La empresa Infraestructuras Trade asume la obra de renovaci\u00f3n de los talleres de la estaci\u00f3n de FGV en D\u00e9nia"}]},{"@type":"WebSite","@id":"https:\/\/ugtfgvalicante.com\/#website","url":"https:\/\/ugtfgvalicante.com\/","name":"FGV Alicante","description":"","publisher":{"@id":"https:\/\/ugtfgvalicante.com\/#organization"},"potentialAction":[{"@type":"SearchAction","target":{"@type":"EntryPoint","urlTemplate":"https:\/\/ugtfgvalicante.com\/?s={search_term_string}"},"query-input":{"@type":"PropertyValueSpecification","valueRequired":true,"valueName":"search_term_string"}}],"inLanguage":"es"},{"@type":"Organization","@id":"https:\/\/ugtfgvalicante.com\/#organization","name":"UGT FGV Alicante","url":"https:\/\/ugtfgvalicante.com\/","logo":{"@type":"ImageObject","inLanguage":"es","@id":"https:\/\/ugtfgvalicante.com\/#\/schema\/logo\/image\/","url":"https:\/\/ugtfgvalicante.com\/wp-content\/uploads\/2022\/10\/logo-ugt-web.png","contentUrl":"https:\/\/ugtfgvalicante.com\/wp-content\/uploads\/2022\/10\/logo-ugt-web.png","width":2283,"height":1126,"caption":"UGT FGV Alicante"},"image":{"@id":"https:\/\/ugtfgvalicante.com\/#\/schema\/logo\/image\/"},"sameAs":["https:\/\/es-es.facebook.com\/ugt.fgvalicante\/"]},{"@type":"Person","@id":"https:\/\/ugtfgvalicante.com\/#\/schema\/person\/a1375a9c1ef53e624aa79c34b93b62e8","name":"Ugt FGV Alicante","image":{"@type":"ImageObject","inLanguage":"es","@id":"https:\/\/ugtfgvalicante.com\/#\/schema\/person\/image\/","url":"https:\/\/secure.gravatar.com\/avatar\/ea41cd8456808460c6c0caa1a213c3c921573555df6b57a7ee2f16fb6f502866?s=96&d=mm&r=g","contentUrl":"https:\/\/secure.gravatar.com\/avatar\/ea41cd8456808460c6c0caa1a213c3c921573555df6b57a7ee2f16fb6f502866?s=96&d=mm&r=g","caption":"Ugt FGV Alicante"},"url":"https:\/\/ugtfgvalicante.com\/index.php\/author\/ggrau\/"}]}},"_links":{"self":[{"href":"https:\/\/ugtfgvalicante.com\/index.php\/wp-json\/wp\/v2\/posts\/122","targetHints":{"allow":["GET"]}}],"collection":[{"href":"https:\/\/ugtfgvalicante.com\/index.php\/wp-json\/wp\/v2\/posts"}],"about":[{"href":"https:\/\/ugtfgvalicante.com\/index.php\/wp-json\/wp\/v2\/types\/post"}],"author":[{"embeddable":true,"href":"https:\/\/ugtfgvalicante.com\/index.php\/wp-json\/wp\/v2\/users\/4"}],"replies":[{"embeddable":true,"href":"https:\/\/ugtfgvalicante.com\/index.php\/wp-json\/wp\/v2\/comments?post=122"}],"version-history":[{"count":1,"href":"https:\/\/ugtfgvalicante.com\/index.php\/wp-json\/wp\/v2\/posts\/122\/revisions"}],"predecessor-version":[{"id":124,"href":"https:\/\/ugtfgvalicante.com\/index.php\/wp-json\/wp\/v2\/posts\/122\/revisions\/124"}],"wp:featuredmedia":[{"embeddable":true,"href":"https:\/\/ugtfgvalicante.com\/index.php\/wp-json\/wp\/v2\/media\/123"}],"wp:attachment":[{"href":"https:\/\/ugtfgvalicante.com\/index.php\/wp-json\/wp\/v2\/media?parent=122"}],"wp:term":[{"taxonomy":"category","embeddable":true,"href":"https:\/\/ugtfgvalicante.com\/index.php\/wp-json\/wp\/v2\/categories?post=122"},{"taxonomy":"post_tag","embeddable":true,"href":"https:\/\/ugtfgvalicante.com\/index.php\/wp-json\/wp\/v2\/tags?post=122"}],"curies":[{"name":"wp","href":"https:\/\/api.w.org\/{rel}","templated":true}]}}