{"id":131,"date":"2022-07-30T11:35:07","date_gmt":"2022-07-30T11:35:07","guid":{"rendered":"https:\/\/ugtfgvalicante.com\/?p=131"},"modified":"2022-07-30T11:35:07","modified_gmt":"2022-07-30T11:35:07","slug":"estas-son-las-playas-de-la-provincia-a-las-que-puedes-ir-en-tram","status":"publish","type":"post","link":"https:\/\/ugtfgvalicante.com\/index.php\/2022\/07\/30\/estas-son-las-playas-de-la-provincia-a-las-que-puedes-ir-en-tram\/","title":{"rendered":"Estas son las playas de la provincia a las que puedes ir en TRAM"},"content":{"rendered":"\n<p>ALICANTE. Si hay una ubicaci\u00f3n predeterminada del verano esa es la&nbsp;<a href=\"https:\/\/alicanteplaza.es\/tag\/Playas\" rel=\"noreferrer noopener\" target=\"_blank\"><strong>playa<\/strong><\/a>. Cada persona tiene sus favoritas y sus joyas escondidas, porque como reza Bad Bunny en uno de sus temas de&nbsp;<em>Un verano sin ti<\/em>, \u00absi pongo el&nbsp;<em>location<\/em>&nbsp;ya no es un&nbsp;<em>scret&nbsp;<\/em><em>spot<\/em>\u00ab. La Generalitat Valenciana puso el&nbsp;<a href=\"https:\/\/alicanteplaza.es\/metrovalenciaytramserangratislosdomingosdurantelosproximostresmeses1\" rel=\"noreferrer noopener\" target=\"_blank\">TRAM gratuito los domingos<\/a>&nbsp;de mayo, junio y julio como medida de choque a la subida del precio de la gasolina y como fomento del transporte p\u00fablico, por lo que muchos fans de los arenales utilizan este medio para acercarse hasta las playas y calas de la provincia y&nbsp;<em><strong>Alicante Plaza<\/strong><\/em>&nbsp;ha rastreado las l\u00edneas para que este viaje tenga una hoja de ruta clara. Este domingo, 31 de julio, ser\u00e1 el \u00faltimo con billete gratuito.<\/p>\n\n\n\n<h4 class=\"wp-block-heading\">L\u00ednea 1<\/h4>\n\n\n\n<p>La l\u00ednea 1 sale de la estaci\u00f3n de Luceros Alicante y encuentra su final en la rascaci\u00e9lica&nbsp;<a href=\"https:\/\/alicanteplaza.es\/Benidorm\" rel=\"noreferrer noopener\" target=\"_blank\">Benidorm<\/a>. Las primeras paradas playeras apean en&nbsp;<strong>Sangueta<\/strong>&nbsp;(hom\u00f3nima de su cala) y La Isleta, desde donde se puede ir a la Playa de&nbsp;<strong>la Albufereta<\/strong>. Seguidamente, se encuentra la zona norte de El Campello, concretamente en&nbsp;<strong>Poble Espanyol, Amerador, Coveta Fum\u00e0, Cala Piteres y Venta Lanuza<\/strong>, con sus respectivas calas.<\/p>\n\n\n\n<p>A ellas les siguen las vileras Parad\u00eds (Playa de&nbsp;<strong>Bol Nou<\/strong>&nbsp;y Playa&nbsp;<strong>Parad\u00eds<\/strong>), La Vila y Creueta (Playa de&nbsp;<strong>Villajoyosa<\/strong>), para finalizar en Benidorm, que, aunque a unos 20-30 minutos de distancia, se puede elegir entre los arenales de&nbsp;<strong>Mal Pas<\/strong>&nbsp;(el m\u00e1s cercano) y&nbsp;<strong>Levante<\/strong>.<\/p>\n\n\n\n<figure class=\"wp-block-image\"><img decoding=\"async\" src=\"https:\/\/alicanteplaza.es\/public\/Image\/2022\/7\/mapa-tram-alicante_NoticiaAmpliada.jpg\" alt=\"\"\/><figcaption><img decoding=\"async\" src=\"https:\/\/alicanteplaza.es\/images\/ico_camara.png\" alt=\"\">&nbsp;Mapa de las l\u00edneas de Tram Alacant<\/figcaption><\/figure>\n\n\n\n<h4 class=\"wp-block-heading\">L\u00ednea 3<\/h4>\n\n\n\n<p>Menos prolongada que la anterior es la l\u00ednea 3, que tambi\u00e9n parte de Luceros Alicante, pero finaliza en\u00a0<a rel=\"noreferrer noopener\" href=\"https:\/\/alicanteplaza.es\/tag\/EL%20CAMPELLO\" target=\"_blank\">El Campello<\/a>. Entre medias, se repiten las paradas de Sangueta y La Isleta y se a\u00f1ade\u00a0<strong>Albufereta<\/strong>, m\u00e1s pr\u00f3xima a la playa que le da el nombre. Los siguientes puntos de bajada del TRAM en los alrededores de la playa son Costa Blanca y Carrabiners, que permiten darse un chapuz\u00f3n en el arenal de la\u00a0<strong>Playa de San Juan<\/strong>\u00a0(Alicante). Y este se prolonga su color terrizo y azul hasta\u00a0<strong>Muchavista<\/strong>\u00a0(El Campello). Una vez estacionado el TRAM en el municipio campellero, la Playa de\u00a0<strong>Carrer la Mar<\/strong>\u00a0es el arenal disponible.<\/p>\n\n\n\n<h4 class=\"wp-block-heading\">L\u00ednea 4<\/h4>\n\n\n\n<p>La l\u00ednea 4 se mueve por Alicante, incluyendo San Juan Playa, aunque sin llegar a ese arenal, sino que acaba en Plaza Coru\u00f1a. Partiendo de Luceros y tambi\u00e9n parando en Sangueta, La Isleta y Albufereta, el siguiente recorrido es circular y abarca el&nbsp;<strong>Cabo de las Huertas<\/strong>. Desgranando las paradas, Sergio Cardell, Tridente, avenida de las Naciones y Cabo Huertas est\u00e1n pr\u00f3ximas a la&nbsp;<strong>Playa de la Almadraba<\/strong>,&nbsp;<strong>Cala Cantalar<\/strong>,&nbsp;<strong>Cabo de la Huerta<\/strong>&nbsp;y&nbsp;<strong>Cala de la Palmera<\/strong>; mientras que avenida de Benidorm, Londres y Plaza Coru\u00f1a desembocan en la arena, bien en la&nbsp;<strong>Playa de las Huertas<\/strong>&nbsp;o bien en&nbsp;<strong>San Juan Playa<\/strong>.<\/p>\n\n\n\n<h4 class=\"wp-block-heading\">L\u00ednea 9<\/h4>\n\n\n\n<p>La l\u00ednea 9 recorre desde Benidorm hasta\u00a0<a rel=\"noreferrer noopener\" href=\"https:\/\/alicanteplaza.es\/tag\/D%C3%A8nia\" target=\"_blank\">D\u00e9nia<\/a>, pasando por l&#8217;Alf\u00e0s del Pi, l&#8217;Albir, Altea, Calp, Benissa, Teulada y Gata de Gorgos. Las paradas de las tres primeras poblaciones (Benidorm, l&#8217;Alf\u00e0s y l&#8217;Albir) quedan algo alejadas de las playas, si bien Garganes (Altea) est\u00e1 pr\u00f3xima a la\u00a0<strong>Playa del Espig\u00f3n<\/strong>; Cap Negret (Altea) a la\u00a0<strong>Platja del Cap Negret<\/strong>\u00a0y Olla de Altea (Altea) a la\u00a0<strong>Platja de l&#8217;Olla<\/strong>. El resto de paradas tambi\u00e9n distan de los arenales.<\/p>\n\n\n\n<p>Fuente: <a href=\"https:\/\/alicanteplaza.es\/playas-alicante-tram-julio\">Alicanteplaza<\/a><\/p>\n","protected":false},"excerpt":{"rendered":"<div class=\"mh-excerpt\"><p>ALICANTE. Si hay una ubicaci\u00f3n predeterminada del verano esa es la&nbsp;playa. Cada persona tiene sus favoritas y sus joyas escondidas, porque como reza Bad Bunny <a class=\"mh-excerpt-more\" href=\"https:\/\/ugtfgvalicante.com\/index.php\/2022\/07\/30\/estas-son-las-playas-de-la-provincia-a-las-que-puedes-ir-en-tram\/\" title=\"Estas son las playas de la provincia a las que puedes ir en TRAM\">[&#8230;]<\/a><\/p>\n<\/div>","protected":false},"author":4,"featured_media":132,"comment_status":"closed","ping_status":"","sticky":false,"template":"","format":"standard","meta":{"footnotes":""},"categories":[5],"tags":[],"class_list":["post-131","post","type-post","status-publish","format-standard","has-post-thumbnail","hentry","category-noticias-prensa"],"yoast_head":"<!-- This site is optimized with the Yoast SEO plugin v26.6 - https:\/\/yoast.com\/wordpress\/plugins\/seo\/ -->\n<title>Estas son las playas de la provincia a las que puedes ir en TRAM - FGV Alicante<\/title>\n<meta name=\"robots\" content=\"index, follow, max-snippet:-1, max-image-preview:large, max-video-preview:-1\" \/>\n<link rel=\"canonical\" href=\"https:\/\/ugtfgvalicante.com\/index.php\/2022\/07\/30\/estas-son-las-playas-de-la-provincia-a-las-que-puedes-ir-en-tram\/\" \/>\n<meta property=\"og:locale\" content=\"es_ES\" \/>\n<meta property=\"og:type\" content=\"article\" \/>\n<meta property=\"og:title\" content=\"Estas son las playas de la provincia a las que puedes ir en TRAM - FGV Alicante\" \/>\n<meta property=\"og:description\" content=\"ALICANTE. Si hay una ubicaci\u00f3n predeterminada del verano esa es la&nbsp;playa. Cada persona tiene sus favoritas y sus joyas escondidas, porque como reza Bad Bunny [...]\" \/>\n<meta property=\"og:url\" content=\"https:\/\/ugtfgvalicante.com\/index.php\/2022\/07\/30\/estas-son-las-playas-de-la-provincia-a-las-que-puedes-ir-en-tram\/\" \/>\n<meta property=\"og:site_name\" content=\"FGV Alicante\" \/>\n<meta property=\"article:publisher\" content=\"https:\/\/es-es.facebook.com\/ugt.fgvalicante\/\" \/>\n<meta property=\"article:published_time\" content=\"2022-07-30T11:35:07+00:00\" \/>\n<meta property=\"og:image\" content=\"https:\/\/ugtfgvalicante.com\/wp-content\/uploads\/2022\/07\/playa-muchavista_NoticiaAmpliada.jpg\" \/>\n\t<meta property=\"og:image:width\" content=\"768\" \/>\n\t<meta property=\"og:image:height\" content=\"512\" \/>\n\t<meta property=\"og:image:type\" content=\"image\/jpeg\" \/>\n<meta name=\"author\" content=\"Ugt FGV Alicante\" \/>\n<meta name=\"twitter:card\" content=\"summary_large_image\" \/>\n<meta name=\"twitter:label1\" content=\"Escrito por\" \/>\n\t<meta name=\"twitter:data1\" content=\"Ugt FGV Alicante\" \/>\n\t<meta name=\"twitter:label2\" content=\"Tiempo de lectura\" \/>\n\t<meta name=\"twitter:data2\" content=\"3 minutos\" \/>\n<script type=\"application\/ld+json\" class=\"yoast-schema-graph\">{\"@context\":\"https:\/\/schema.org\",\"@graph\":[{\"@type\":\"Article\",\"@id\":\"https:\/\/ugtfgvalicante.com\/index.php\/2022\/07\/30\/estas-son-las-playas-de-la-provincia-a-las-que-puedes-ir-en-tram\/#article\",\"isPartOf\":{\"@id\":\"https:\/\/ugtfgvalicante.com\/index.php\/2022\/07\/30\/estas-son-las-playas-de-la-provincia-a-las-que-puedes-ir-en-tram\/\"},\"author\":{\"name\":\"Ugt FGV Alicante\",\"@id\":\"https:\/\/ugtfgvalicante.com\/#\/schema\/person\/a1375a9c1ef53e624aa79c34b93b62e8\"},\"headline\":\"Estas son las playas de la provincia a las que puedes ir en TRAM\",\"datePublished\":\"2022-07-30T11:35:07+00:00\",\"mainEntityOfPage\":{\"@id\":\"https:\/\/ugtfgvalicante.com\/index.php\/2022\/07\/30\/estas-son-las-playas-de-la-provincia-a-las-que-puedes-ir-en-tram\/\"},\"wordCount\":628,\"publisher\":{\"@id\":\"https:\/\/ugtfgvalicante.com\/#organization\"},\"image\":{\"@id\":\"https:\/\/ugtfgvalicante.com\/index.php\/2022\/07\/30\/estas-son-las-playas-de-la-provincia-a-las-que-puedes-ir-en-tram\/#primaryimage\"},\"thumbnailUrl\":\"https:\/\/ugtfgvalicante.com\/wp-content\/uploads\/2022\/07\/playa-muchavista_NoticiaAmpliada.jpg\",\"articleSection\":[\"Noticias prensa\"],\"inLanguage\":\"es\"},{\"@type\":\"WebPage\",\"@id\":\"https:\/\/ugtfgvalicante.com\/index.php\/2022\/07\/30\/estas-son-las-playas-de-la-provincia-a-las-que-puedes-ir-en-tram\/\",\"url\":\"https:\/\/ugtfgvalicante.com\/index.php\/2022\/07\/30\/estas-son-las-playas-de-la-provincia-a-las-que-puedes-ir-en-tram\/\",\"name\":\"Estas son las playas de la provincia a las que puedes ir en TRAM - FGV Alicante\",\"isPartOf\":{\"@id\":\"https:\/\/ugtfgvalicante.com\/#website\"},\"primaryImageOfPage\":{\"@id\":\"https:\/\/ugtfgvalicante.com\/index.php\/2022\/07\/30\/estas-son-las-playas-de-la-provincia-a-las-que-puedes-ir-en-tram\/#primaryimage\"},\"image\":{\"@id\":\"https:\/\/ugtfgvalicante.com\/index.php\/2022\/07\/30\/estas-son-las-playas-de-la-provincia-a-las-que-puedes-ir-en-tram\/#primaryimage\"},\"thumbnailUrl\":\"https:\/\/ugtfgvalicante.com\/wp-content\/uploads\/2022\/07\/playa-muchavista_NoticiaAmpliada.jpg\",\"datePublished\":\"2022-07-30T11:35:07+00:00\",\"breadcrumb\":{\"@id\":\"https:\/\/ugtfgvalicante.com\/index.php\/2022\/07\/30\/estas-son-las-playas-de-la-provincia-a-las-que-puedes-ir-en-tram\/#breadcrumb\"},\"inLanguage\":\"es\",\"potentialAction\":[{\"@type\":\"ReadAction\",\"target\":[\"https:\/\/ugtfgvalicante.com\/index.php\/2022\/07\/30\/estas-son-las-playas-de-la-provincia-a-las-que-puedes-ir-en-tram\/\"]}]},{\"@type\":\"ImageObject\",\"inLanguage\":\"es\",\"@id\":\"https:\/\/ugtfgvalicante.com\/index.php\/2022\/07\/30\/estas-son-las-playas-de-la-provincia-a-las-que-puedes-ir-en-tram\/#primaryimage\",\"url\":\"https:\/\/ugtfgvalicante.com\/wp-content\/uploads\/2022\/07\/playa-muchavista_NoticiaAmpliada.jpg\",\"contentUrl\":\"https:\/\/ugtfgvalicante.com\/wp-content\/uploads\/2022\/07\/playa-muchavista_NoticiaAmpliada.jpg\",\"width\":768,\"height\":512},{\"@type\":\"BreadcrumbList\",\"@id\":\"https:\/\/ugtfgvalicante.com\/index.php\/2022\/07\/30\/estas-son-las-playas-de-la-provincia-a-las-que-puedes-ir-en-tram\/#breadcrumb\",\"itemListElement\":[{\"@type\":\"ListItem\",\"position\":1,\"name\":\"Portada\",\"item\":\"https:\/\/ugtfgvalicante.com\/\"},{\"@type\":\"ListItem\",\"position\":2,\"name\":\"Estas son las playas de la provincia a las que puedes ir en TRAM\"}]},{\"@type\":\"WebSite\",\"@id\":\"https:\/\/ugtfgvalicante.com\/#website\",\"url\":\"https:\/\/ugtfgvalicante.com\/\",\"name\":\"FGV Alicante\",\"description\":\"\",\"publisher\":{\"@id\":\"https:\/\/ugtfgvalicante.com\/#organization\"},\"potentialAction\":[{\"@type\":\"SearchAction\",\"target\":{\"@type\":\"EntryPoint\",\"urlTemplate\":\"https:\/\/ugtfgvalicante.com\/?s={search_term_string}\"},\"query-input\":{\"@type\":\"PropertyValueSpecification\",\"valueRequired\":true,\"valueName\":\"search_term_string\"}}],\"inLanguage\":\"es\"},{\"@type\":\"Organization\",\"@id\":\"https:\/\/ugtfgvalicante.com\/#organization\",\"name\":\"UGT FGV Alicante\",\"url\":\"https:\/\/ugtfgvalicante.com\/\",\"logo\":{\"@type\":\"ImageObject\",\"inLanguage\":\"es\",\"@id\":\"https:\/\/ugtfgvalicante.com\/#\/schema\/logo\/image\/\",\"url\":\"https:\/\/ugtfgvalicante.com\/wp-content\/uploads\/2022\/10\/logo-ugt-web.png\",\"contentUrl\":\"https:\/\/ugtfgvalicante.com\/wp-content\/uploads\/2022\/10\/logo-ugt-web.png\",\"width\":2283,\"height\":1126,\"caption\":\"UGT FGV Alicante\"},\"image\":{\"@id\":\"https:\/\/ugtfgvalicante.com\/#\/schema\/logo\/image\/\"},\"sameAs\":[\"https:\/\/es-es.facebook.com\/ugt.fgvalicante\/\"]},{\"@type\":\"Person\",\"@id\":\"https:\/\/ugtfgvalicante.com\/#\/schema\/person\/a1375a9c1ef53e624aa79c34b93b62e8\",\"name\":\"Ugt FGV Alicante\",\"image\":{\"@type\":\"ImageObject\",\"inLanguage\":\"es\",\"@id\":\"https:\/\/ugtfgvalicante.com\/#\/schema\/person\/image\/\",\"url\":\"https:\/\/secure.gravatar.com\/avatar\/ea41cd8456808460c6c0caa1a213c3c921573555df6b57a7ee2f16fb6f502866?s=96&d=mm&r=g\",\"contentUrl\":\"https:\/\/secure.gravatar.com\/avatar\/ea41cd8456808460c6c0caa1a213c3c921573555df6b57a7ee2f16fb6f502866?s=96&d=mm&r=g\",\"caption\":\"Ugt FGV Alicante\"},\"url\":\"https:\/\/ugtfgvalicante.com\/index.php\/author\/ggrau\/\"}]}<\/script>\n<!-- \/ Yoast SEO plugin. -->","yoast_head_json":{"title":"Estas son las playas de la provincia a las que puedes ir en TRAM - FGV Alicante","robots":{"index":"index","follow":"follow","max-snippet":"max-snippet:-1","max-image-preview":"max-image-preview:large","max-video-preview":"max-video-preview:-1"},"canonical":"https:\/\/ugtfgvalicante.com\/index.php\/2022\/07\/30\/estas-son-las-playas-de-la-provincia-a-las-que-puedes-ir-en-tram\/","og_locale":"es_ES","og_type":"article","og_title":"Estas son las playas de la provincia a las que puedes ir en TRAM - FGV Alicante","og_description":"ALICANTE. Si hay una ubicaci\u00f3n predeterminada del verano esa es la&nbsp;playa. Cada persona tiene sus favoritas y sus joyas escondidas, porque como reza Bad Bunny [...]","og_url":"https:\/\/ugtfgvalicante.com\/index.php\/2022\/07\/30\/estas-son-las-playas-de-la-provincia-a-las-que-puedes-ir-en-tram\/","og_site_name":"FGV Alicante","article_publisher":"https:\/\/es-es.facebook.com\/ugt.fgvalicante\/","article_published_time":"2022-07-30T11:35:07+00:00","og_image":[{"width":768,"height":512,"url":"https:\/\/ugtfgvalicante.com\/wp-content\/uploads\/2022\/07\/playa-muchavista_NoticiaAmpliada.jpg","type":"image\/jpeg"}],"author":"Ugt FGV Alicante","twitter_card":"summary_large_image","twitter_misc":{"Escrito por":"Ugt FGV Alicante","Tiempo de lectura":"3 minutos"},"schema":{"@context":"https:\/\/schema.org","@graph":[{"@type":"Article","@id":"https:\/\/ugtfgvalicante.com\/index.php\/2022\/07\/30\/estas-son-las-playas-de-la-provincia-a-las-que-puedes-ir-en-tram\/#article","isPartOf":{"@id":"https:\/\/ugtfgvalicante.com\/index.php\/2022\/07\/30\/estas-son-las-playas-de-la-provincia-a-las-que-puedes-ir-en-tram\/"},"author":{"name":"Ugt FGV Alicante","@id":"https:\/\/ugtfgvalicante.com\/#\/schema\/person\/a1375a9c1ef53e624aa79c34b93b62e8"},"headline":"Estas son las playas de la provincia a las que puedes ir en TRAM","datePublished":"2022-07-30T11:35:07+00:00","mainEntityOfPage":{"@id":"https:\/\/ugtfgvalicante.com\/index.php\/2022\/07\/30\/estas-son-las-playas-de-la-provincia-a-las-que-puedes-ir-en-tram\/"},"wordCount":628,"publisher":{"@id":"https:\/\/ugtfgvalicante.com\/#organization"},"image":{"@id":"https:\/\/ugtfgvalicante.com\/index.php\/2022\/07\/30\/estas-son-las-playas-de-la-provincia-a-las-que-puedes-ir-en-tram\/#primaryimage"},"thumbnailUrl":"https:\/\/ugtfgvalicante.com\/wp-content\/uploads\/2022\/07\/playa-muchavista_NoticiaAmpliada.jpg","articleSection":["Noticias prensa"],"inLanguage":"es"},{"@type":"WebPage","@id":"https:\/\/ugtfgvalicante.com\/index.php\/2022\/07\/30\/estas-son-las-playas-de-la-provincia-a-las-que-puedes-ir-en-tram\/","url":"https:\/\/ugtfgvalicante.com\/index.php\/2022\/07\/30\/estas-son-las-playas-de-la-provincia-a-las-que-puedes-ir-en-tram\/","name":"Estas son las playas de la provincia a las que puedes ir en TRAM - FGV Alicante","isPartOf":{"@id":"https:\/\/ugtfgvalicante.com\/#website"},"primaryImageOfPage":{"@id":"https:\/\/ugtfgvalicante.com\/index.php\/2022\/07\/30\/estas-son-las-playas-de-la-provincia-a-las-que-puedes-ir-en-tram\/#primaryimage"},"image":{"@id":"https:\/\/ugtfgvalicante.com\/index.php\/2022\/07\/30\/estas-son-las-playas-de-la-provincia-a-las-que-puedes-ir-en-tram\/#primaryimage"},"thumbnailUrl":"https:\/\/ugtfgvalicante.com\/wp-content\/uploads\/2022\/07\/playa-muchavista_NoticiaAmpliada.jpg","datePublished":"2022-07-30T11:35:07+00:00","breadcrumb":{"@id":"https:\/\/ugtfgvalicante.com\/index.php\/2022\/07\/30\/estas-son-las-playas-de-la-provincia-a-las-que-puedes-ir-en-tram\/#breadcrumb"},"inLanguage":"es","potentialAction":[{"@type":"ReadAction","target":["https:\/\/ugtfgvalicante.com\/index.php\/2022\/07\/30\/estas-son-las-playas-de-la-provincia-a-las-que-puedes-ir-en-tram\/"]}]},{"@type":"ImageObject","inLanguage":"es","@id":"https:\/\/ugtfgvalicante.com\/index.php\/2022\/07\/30\/estas-son-las-playas-de-la-provincia-a-las-que-puedes-ir-en-tram\/#primaryimage","url":"https:\/\/ugtfgvalicante.com\/wp-content\/uploads\/2022\/07\/playa-muchavista_NoticiaAmpliada.jpg","contentUrl":"https:\/\/ugtfgvalicante.com\/wp-content\/uploads\/2022\/07\/playa-muchavista_NoticiaAmpliada.jpg","width":768,"height":512},{"@type":"BreadcrumbList","@id":"https:\/\/ugtfgvalicante.com\/index.php\/2022\/07\/30\/estas-son-las-playas-de-la-provincia-a-las-que-puedes-ir-en-tram\/#breadcrumb","itemListElement":[{"@type":"ListItem","position":1,"name":"Portada","item":"https:\/\/ugtfgvalicante.com\/"},{"@type":"ListItem","position":2,"name":"Estas son las playas de la provincia a las que puedes ir en TRAM"}]},{"@type":"WebSite","@id":"https:\/\/ugtfgvalicante.com\/#website","url":"https:\/\/ugtfgvalicante.com\/","name":"FGV Alicante","description":"","publisher":{"@id":"https:\/\/ugtfgvalicante.com\/#organization"},"potentialAction":[{"@type":"SearchAction","target":{"@type":"EntryPoint","urlTemplate":"https:\/\/ugtfgvalicante.com\/?s={search_term_string}"},"query-input":{"@type":"PropertyValueSpecification","valueRequired":true,"valueName":"search_term_string"}}],"inLanguage":"es"},{"@type":"Organization","@id":"https:\/\/ugtfgvalicante.com\/#organization","name":"UGT FGV Alicante","url":"https:\/\/ugtfgvalicante.com\/","logo":{"@type":"ImageObject","inLanguage":"es","@id":"https:\/\/ugtfgvalicante.com\/#\/schema\/logo\/image\/","url":"https:\/\/ugtfgvalicante.com\/wp-content\/uploads\/2022\/10\/logo-ugt-web.png","contentUrl":"https:\/\/ugtfgvalicante.com\/wp-content\/uploads\/2022\/10\/logo-ugt-web.png","width":2283,"height":1126,"caption":"UGT FGV Alicante"},"image":{"@id":"https:\/\/ugtfgvalicante.com\/#\/schema\/logo\/image\/"},"sameAs":["https:\/\/es-es.facebook.com\/ugt.fgvalicante\/"]},{"@type":"Person","@id":"https:\/\/ugtfgvalicante.com\/#\/schema\/person\/a1375a9c1ef53e624aa79c34b93b62e8","name":"Ugt FGV Alicante","image":{"@type":"ImageObject","inLanguage":"es","@id":"https:\/\/ugtfgvalicante.com\/#\/schema\/person\/image\/","url":"https:\/\/secure.gravatar.com\/avatar\/ea41cd8456808460c6c0caa1a213c3c921573555df6b57a7ee2f16fb6f502866?s=96&d=mm&r=g","contentUrl":"https:\/\/secure.gravatar.com\/avatar\/ea41cd8456808460c6c0caa1a213c3c921573555df6b57a7ee2f16fb6f502866?s=96&d=mm&r=g","caption":"Ugt FGV Alicante"},"url":"https:\/\/ugtfgvalicante.com\/index.php\/author\/ggrau\/"}]}},"_links":{"self":[{"href":"https:\/\/ugtfgvalicante.com\/index.php\/wp-json\/wp\/v2\/posts\/131","targetHints":{"allow":["GET"]}}],"collection":[{"href":"https:\/\/ugtfgvalicante.com\/index.php\/wp-json\/wp\/v2\/posts"}],"about":[{"href":"https:\/\/ugtfgvalicante.com\/index.php\/wp-json\/wp\/v2\/types\/post"}],"author":[{"embeddable":true,"href":"https:\/\/ugtfgvalicante.com\/index.php\/wp-json\/wp\/v2\/users\/4"}],"replies":[{"embeddable":true,"href":"https:\/\/ugtfgvalicante.com\/index.php\/wp-json\/wp\/v2\/comments?post=131"}],"version-history":[{"count":1,"href":"https:\/\/ugtfgvalicante.com\/index.php\/wp-json\/wp\/v2\/posts\/131\/revisions"}],"predecessor-version":[{"id":133,"href":"https:\/\/ugtfgvalicante.com\/index.php\/wp-json\/wp\/v2\/posts\/131\/revisions\/133"}],"wp:featuredmedia":[{"embeddable":true,"href":"https:\/\/ugtfgvalicante.com\/index.php\/wp-json\/wp\/v2\/media\/132"}],"wp:attachment":[{"href":"https:\/\/ugtfgvalicante.com\/index.php\/wp-json\/wp\/v2\/media?parent=131"}],"wp:term":[{"taxonomy":"category","embeddable":true,"href":"https:\/\/ugtfgvalicante.com\/index.php\/wp-json\/wp\/v2\/categories?post=131"},{"taxonomy":"post_tag","embeddable":true,"href":"https:\/\/ugtfgvalicante.com\/index.php\/wp-json\/wp\/v2\/tags?post=131"}],"curies":[{"name":"wp","href":"https:\/\/api.w.org\/{rel}","templated":true}]}}