{"id":135,"date":"2022-08-01T11:18:23","date_gmt":"2022-08-01T11:18:23","guid":{"rendered":"https:\/\/ugtfgvalicante.com\/?p=135"},"modified":"2022-08-01T11:19:21","modified_gmt":"2022-08-01T11:19:21","slug":"puig-anuncia-un-30-de-descuento-adicional-en-el-tram-de-septiembre-a-fin-de-ano","status":"publish","type":"post","link":"https:\/\/ugtfgvalicante.com\/index.php\/2022\/08\/01\/puig-anuncia-un-30-de-descuento-adicional-en-el-tram-de-septiembre-a-fin-de-ano\/","title":{"rendered":"Puig anuncia un 30% de descuento adicional en el TRAM de septiembre a fin de a\u00f1o"},"content":{"rendered":"\n<p>El presidente del Consell adelanta que la gratuidad del tranv\u00eda los domingos se mantendr\u00e1 en agosto<\/p>\n\n\n\n<p>El presidente de la Generalitat, Ximo Puig, ha anunciado un&nbsp;<strong>30% de descuento adicional<\/strong>&nbsp;en el transporte p\u00fablico auton\u00f3mico entre septiembre y fin de a\u00f1o que, en Alicante, afecta al TRAM. Una rebaja que se suma al 50% de reducci\u00f3n de&nbsp;<a href=\"https:\/\/www.informacion.es\/alicante\/2022\/06\/17\/tarifas-tram-reducen-50-67362276.html\">tarifas ya en vigor<\/a>&nbsp;y que adapta en la Comunidad Valenciana la bonificaci\u00f3n aprobada recientemente por el Gobierno.<\/p>\n\n\n\n<p>\u00abQueremos proteger a las familias, que alivien en parte la inflaci\u00f3n que castiga como siempre a las personas con menor poder adquisitivo\u00bb, ha manifestado Puig en una entrevista con Europa Press, donde&nbsp;<strong>ha avanzado esta medida<\/strong>&nbsp;enmarcada en el Real Decreto-ley 11\/2022, de 25 de junio.<\/p>\n\n\n\n<p>El descuento adicional del 30% se aplicar\u00e1&nbsp;<strong>a partir del 1 de septiembre y hasta finales de diciembre<\/strong>, cuando se evaluar\u00e1 para decidir si es necesario mantenerlo. De la medida, se beneficiar\u00e1n los usuarios del transporte p\u00fablico de la Generalitat (TRAM d&#8217;Alacant, Metrovalencia, TRAM de Castell\u00f3, MetroBus y concesiones), complementando la bonificaci\u00f3n de los trenes de Cercan\u00edas y Media Distancia anunciada por el Gobierno.<\/p>\n\n\n\n<p>Puig ha destacado que el Consell fue pionero al establecer la gratuidad de viajar los domingos en Metrovalencia y TRAM d&#8217;Alacant, que&nbsp;<strong>continuar\u00e1 durante agosto<\/strong>&nbsp;y ha permitido aumentar en torno a un 50% el&nbsp;<a href=\"https:\/\/www.informacion.es\/alicante\/2022\/06\/26\/tram-abarrotado-domingos-gratis-67683801.html\">n\u00famero de usuarios del \u00faltimo d\u00eda de la semana<\/a>.<\/p>\n\n\n\n<p>De momento, el descuento adicional del 30% estar\u00e1&nbsp;<strong>vigente hasta fin de a\u00f1o<\/strong>&nbsp;y entonces se evaluar\u00e1 la situaci\u00f3n, aunque el presidente del Consell ha confiado en que los \u00abdesorbitados\u00bb precios energ\u00e9ticos bajen ante las \u00abnoticias positivas\u00bb de los \u00faltimos d\u00edas en la gasolina y el di\u00e9sel.<\/p>\n\n\n\n<p>Por localidades, por ejemplo, un ciudadano de Alicante que quiera viajar a Benidorm, pagar\u00e1\u00a0<strong>8,4 euros frente a los 21 que pagaba antes<\/strong>\u00a0por un bono de diez viajes en el TRAM (-60%). Y en la ciudad de Castell\u00f3 de la Plana se aplicar\u00e1 el descuento del 30% al precio actual del TRAM, por lo que los diez viajes costar\u00e1n 5,74 euros en lugar de los 8,2 actuales.<\/p>\n\n\n\n<p>Fuente: <a href=\"https:\/\/www.informacion.es\/alicante\/2022\/07\/30\/puig-anuncia-descuento-adicional-tram-72002284.html\">dirioinformacio.es<\/a><\/p>\n","protected":false},"excerpt":{"rendered":"<div class=\"mh-excerpt\"><p>El presidente del Consell adelanta que la gratuidad del tranv\u00eda los domingos se mantendr\u00e1 en agosto El presidente de la Generalitat, Ximo Puig, ha anunciado <a class=\"mh-excerpt-more\" href=\"https:\/\/ugtfgvalicante.com\/index.php\/2022\/08\/01\/puig-anuncia-un-30-de-descuento-adicional-en-el-tram-de-septiembre-a-fin-de-ano\/\" title=\"Puig anuncia un 30% de descuento adicional en el TRAM de septiembre a fin de a\u00f1o\">[&#8230;]<\/a><\/p>\n<\/div>","protected":false},"author":4,"featured_media":136,"comment_status":"closed","ping_status":"","sticky":false,"template":"","format":"standard","meta":{"footnotes":""},"categories":[5],"tags":[],"class_list":["post-135","post","type-post","status-publish","format-standard","has-post-thumbnail","hentry","category-noticias-prensa"],"yoast_head":"<!-- This site is optimized with the Yoast SEO plugin v26.6 - https:\/\/yoast.com\/wordpress\/plugins\/seo\/ -->\n<title>Puig anuncia un 30% de descuento adicional en el TRAM de septiembre a fin de a\u00f1o - FGV Alicante<\/title>\n<meta name=\"robots\" content=\"index, follow, max-snippet:-1, max-image-preview:large, max-video-preview:-1\" \/>\n<link rel=\"canonical\" href=\"https:\/\/ugtfgvalicante.com\/index.php\/2022\/08\/01\/puig-anuncia-un-30-de-descuento-adicional-en-el-tram-de-septiembre-a-fin-de-ano\/\" \/>\n<meta property=\"og:locale\" content=\"es_ES\" \/>\n<meta property=\"og:type\" content=\"article\" \/>\n<meta property=\"og:title\" content=\"Puig anuncia un 30% de descuento adicional en el TRAM de septiembre a fin de a\u00f1o - FGV Alicante\" \/>\n<meta property=\"og:description\" content=\"El presidente del Consell adelanta que la gratuidad del tranv\u00eda los domingos se mantendr\u00e1 en agosto El presidente de la Generalitat, Ximo Puig, ha anunciado [...]\" \/>\n<meta property=\"og:url\" content=\"https:\/\/ugtfgvalicante.com\/index.php\/2022\/08\/01\/puig-anuncia-un-30-de-descuento-adicional-en-el-tram-de-septiembre-a-fin-de-ano\/\" \/>\n<meta property=\"og:site_name\" content=\"FGV Alicante\" \/>\n<meta property=\"article:publisher\" content=\"https:\/\/es-es.facebook.com\/ugt.fgvalicante\/\" \/>\n<meta property=\"article:published_time\" content=\"2022-08-01T11:18:23+00:00\" \/>\n<meta property=\"article:modified_time\" content=\"2022-08-01T11:19:21+00:00\" \/>\n<meta property=\"og:image\" content=\"https:\/\/ugtfgvalicante.com\/wp-content\/uploads\/2022\/08\/6385639b-8585-4a21-bd76-98b2d1b7a4a7_16-9-discover-aspect-ratio_default_0.jpg\" \/>\n\t<meta property=\"og:image:width\" content=\"1200\" \/>\n\t<meta property=\"og:image:height\" content=\"675\" \/>\n\t<meta property=\"og:image:type\" content=\"image\/jpeg\" \/>\n<meta name=\"author\" content=\"Ugt FGV Alicante\" \/>\n<meta name=\"twitter:card\" content=\"summary_large_image\" \/>\n<meta name=\"twitter:label1\" content=\"Escrito por\" \/>\n\t<meta name=\"twitter:data1\" content=\"Ugt FGV Alicante\" \/>\n\t<meta name=\"twitter:label2\" content=\"Tiempo de lectura\" \/>\n\t<meta name=\"twitter:data2\" content=\"2 minutos\" \/>\n<script type=\"application\/ld+json\" class=\"yoast-schema-graph\">{\"@context\":\"https:\/\/schema.org\",\"@graph\":[{\"@type\":\"Article\",\"@id\":\"https:\/\/ugtfgvalicante.com\/index.php\/2022\/08\/01\/puig-anuncia-un-30-de-descuento-adicional-en-el-tram-de-septiembre-a-fin-de-ano\/#article\",\"isPartOf\":{\"@id\":\"https:\/\/ugtfgvalicante.com\/index.php\/2022\/08\/01\/puig-anuncia-un-30-de-descuento-adicional-en-el-tram-de-septiembre-a-fin-de-ano\/\"},\"author\":{\"name\":\"Ugt FGV Alicante\",\"@id\":\"https:\/\/ugtfgvalicante.com\/#\/schema\/person\/a1375a9c1ef53e624aa79c34b93b62e8\"},\"headline\":\"Puig anuncia un 30% de descuento adicional en el TRAM de septiembre a fin de a\u00f1o\",\"datePublished\":\"2022-08-01T11:18:23+00:00\",\"dateModified\":\"2022-08-01T11:19:21+00:00\",\"mainEntityOfPage\":{\"@id\":\"https:\/\/ugtfgvalicante.com\/index.php\/2022\/08\/01\/puig-anuncia-un-30-de-descuento-adicional-en-el-tram-de-septiembre-a-fin-de-ano\/\"},\"wordCount\":383,\"publisher\":{\"@id\":\"https:\/\/ugtfgvalicante.com\/#organization\"},\"image\":{\"@id\":\"https:\/\/ugtfgvalicante.com\/index.php\/2022\/08\/01\/puig-anuncia-un-30-de-descuento-adicional-en-el-tram-de-septiembre-a-fin-de-ano\/#primaryimage\"},\"thumbnailUrl\":\"https:\/\/ugtfgvalicante.com\/wp-content\/uploads\/2022\/08\/6385639b-8585-4a21-bd76-98b2d1b7a4a7_16-9-discover-aspect-ratio_default_0.jpg\",\"articleSection\":[\"Noticias prensa\"],\"inLanguage\":\"es\"},{\"@type\":\"WebPage\",\"@id\":\"https:\/\/ugtfgvalicante.com\/index.php\/2022\/08\/01\/puig-anuncia-un-30-de-descuento-adicional-en-el-tram-de-septiembre-a-fin-de-ano\/\",\"url\":\"https:\/\/ugtfgvalicante.com\/index.php\/2022\/08\/01\/puig-anuncia-un-30-de-descuento-adicional-en-el-tram-de-septiembre-a-fin-de-ano\/\",\"name\":\"Puig anuncia un 30% de descuento adicional en el TRAM de septiembre a fin de a\u00f1o - FGV Alicante\",\"isPartOf\":{\"@id\":\"https:\/\/ugtfgvalicante.com\/#website\"},\"primaryImageOfPage\":{\"@id\":\"https:\/\/ugtfgvalicante.com\/index.php\/2022\/08\/01\/puig-anuncia-un-30-de-descuento-adicional-en-el-tram-de-septiembre-a-fin-de-ano\/#primaryimage\"},\"image\":{\"@id\":\"https:\/\/ugtfgvalicante.com\/index.php\/2022\/08\/01\/puig-anuncia-un-30-de-descuento-adicional-en-el-tram-de-septiembre-a-fin-de-ano\/#primaryimage\"},\"thumbnailUrl\":\"https:\/\/ugtfgvalicante.com\/wp-content\/uploads\/2022\/08\/6385639b-8585-4a21-bd76-98b2d1b7a4a7_16-9-discover-aspect-ratio_default_0.jpg\",\"datePublished\":\"2022-08-01T11:18:23+00:00\",\"dateModified\":\"2022-08-01T11:19:21+00:00\",\"breadcrumb\":{\"@id\":\"https:\/\/ugtfgvalicante.com\/index.php\/2022\/08\/01\/puig-anuncia-un-30-de-descuento-adicional-en-el-tram-de-septiembre-a-fin-de-ano\/#breadcrumb\"},\"inLanguage\":\"es\",\"potentialAction\":[{\"@type\":\"ReadAction\",\"target\":[\"https:\/\/ugtfgvalicante.com\/index.php\/2022\/08\/01\/puig-anuncia-un-30-de-descuento-adicional-en-el-tram-de-septiembre-a-fin-de-ano\/\"]}]},{\"@type\":\"ImageObject\",\"inLanguage\":\"es\",\"@id\":\"https:\/\/ugtfgvalicante.com\/index.php\/2022\/08\/01\/puig-anuncia-un-30-de-descuento-adicional-en-el-tram-de-septiembre-a-fin-de-ano\/#primaryimage\",\"url\":\"https:\/\/ugtfgvalicante.com\/wp-content\/uploads\/2022\/08\/6385639b-8585-4a21-bd76-98b2d1b7a4a7_16-9-discover-aspect-ratio_default_0.jpg\",\"contentUrl\":\"https:\/\/ugtfgvalicante.com\/wp-content\/uploads\/2022\/08\/6385639b-8585-4a21-bd76-98b2d1b7a4a7_16-9-discover-aspect-ratio_default_0.jpg\",\"width\":1200,\"height\":675},{\"@type\":\"BreadcrumbList\",\"@id\":\"https:\/\/ugtfgvalicante.com\/index.php\/2022\/08\/01\/puig-anuncia-un-30-de-descuento-adicional-en-el-tram-de-septiembre-a-fin-de-ano\/#breadcrumb\",\"itemListElement\":[{\"@type\":\"ListItem\",\"position\":1,\"name\":\"Portada\",\"item\":\"https:\/\/ugtfgvalicante.com\/\"},{\"@type\":\"ListItem\",\"position\":2,\"name\":\"Puig anuncia un 30% de descuento adicional en el TRAM de septiembre a fin de a\u00f1o\"}]},{\"@type\":\"WebSite\",\"@id\":\"https:\/\/ugtfgvalicante.com\/#website\",\"url\":\"https:\/\/ugtfgvalicante.com\/\",\"name\":\"FGV Alicante\",\"description\":\"\",\"publisher\":{\"@id\":\"https:\/\/ugtfgvalicante.com\/#organization\"},\"potentialAction\":[{\"@type\":\"SearchAction\",\"target\":{\"@type\":\"EntryPoint\",\"urlTemplate\":\"https:\/\/ugtfgvalicante.com\/?s={search_term_string}\"},\"query-input\":{\"@type\":\"PropertyValueSpecification\",\"valueRequired\":true,\"valueName\":\"search_term_string\"}}],\"inLanguage\":\"es\"},{\"@type\":\"Organization\",\"@id\":\"https:\/\/ugtfgvalicante.com\/#organization\",\"name\":\"UGT FGV Alicante\",\"url\":\"https:\/\/ugtfgvalicante.com\/\",\"logo\":{\"@type\":\"ImageObject\",\"inLanguage\":\"es\",\"@id\":\"https:\/\/ugtfgvalicante.com\/#\/schema\/logo\/image\/\",\"url\":\"https:\/\/ugtfgvalicante.com\/wp-content\/uploads\/2022\/10\/logo-ugt-web.png\",\"contentUrl\":\"https:\/\/ugtfgvalicante.com\/wp-content\/uploads\/2022\/10\/logo-ugt-web.png\",\"width\":2283,\"height\":1126,\"caption\":\"UGT FGV Alicante\"},\"image\":{\"@id\":\"https:\/\/ugtfgvalicante.com\/#\/schema\/logo\/image\/\"},\"sameAs\":[\"https:\/\/es-es.facebook.com\/ugt.fgvalicante\/\"]},{\"@type\":\"Person\",\"@id\":\"https:\/\/ugtfgvalicante.com\/#\/schema\/person\/a1375a9c1ef53e624aa79c34b93b62e8\",\"name\":\"Ugt FGV Alicante\",\"image\":{\"@type\":\"ImageObject\",\"inLanguage\":\"es\",\"@id\":\"https:\/\/ugtfgvalicante.com\/#\/schema\/person\/image\/\",\"url\":\"https:\/\/secure.gravatar.com\/avatar\/ea41cd8456808460c6c0caa1a213c3c921573555df6b57a7ee2f16fb6f502866?s=96&d=mm&r=g\",\"contentUrl\":\"https:\/\/secure.gravatar.com\/avatar\/ea41cd8456808460c6c0caa1a213c3c921573555df6b57a7ee2f16fb6f502866?s=96&d=mm&r=g\",\"caption\":\"Ugt FGV Alicante\"},\"url\":\"https:\/\/ugtfgvalicante.com\/index.php\/author\/ggrau\/\"}]}<\/script>\n<!-- \/ Yoast SEO plugin. -->","yoast_head_json":{"title":"Puig anuncia un 30% de descuento adicional en el TRAM de septiembre a fin de a\u00f1o - FGV Alicante","robots":{"index":"index","follow":"follow","max-snippet":"max-snippet:-1","max-image-preview":"max-image-preview:large","max-video-preview":"max-video-preview:-1"},"canonical":"https:\/\/ugtfgvalicante.com\/index.php\/2022\/08\/01\/puig-anuncia-un-30-de-descuento-adicional-en-el-tram-de-septiembre-a-fin-de-ano\/","og_locale":"es_ES","og_type":"article","og_title":"Puig anuncia un 30% de descuento adicional en el TRAM de septiembre a fin de a\u00f1o - FGV Alicante","og_description":"El presidente del Consell adelanta que la gratuidad del tranv\u00eda los domingos se mantendr\u00e1 en agosto El presidente de la Generalitat, Ximo Puig, ha anunciado [...]","og_url":"https:\/\/ugtfgvalicante.com\/index.php\/2022\/08\/01\/puig-anuncia-un-30-de-descuento-adicional-en-el-tram-de-septiembre-a-fin-de-ano\/","og_site_name":"FGV Alicante","article_publisher":"https:\/\/es-es.facebook.com\/ugt.fgvalicante\/","article_published_time":"2022-08-01T11:18:23+00:00","article_modified_time":"2022-08-01T11:19:21+00:00","og_image":[{"width":1200,"height":675,"url":"https:\/\/ugtfgvalicante.com\/wp-content\/uploads\/2022\/08\/6385639b-8585-4a21-bd76-98b2d1b7a4a7_16-9-discover-aspect-ratio_default_0.jpg","type":"image\/jpeg"}],"author":"Ugt FGV Alicante","twitter_card":"summary_large_image","twitter_misc":{"Escrito por":"Ugt FGV Alicante","Tiempo de lectura":"2 minutos"},"schema":{"@context":"https:\/\/schema.org","@graph":[{"@type":"Article","@id":"https:\/\/ugtfgvalicante.com\/index.php\/2022\/08\/01\/puig-anuncia-un-30-de-descuento-adicional-en-el-tram-de-septiembre-a-fin-de-ano\/#article","isPartOf":{"@id":"https:\/\/ugtfgvalicante.com\/index.php\/2022\/08\/01\/puig-anuncia-un-30-de-descuento-adicional-en-el-tram-de-septiembre-a-fin-de-ano\/"},"author":{"name":"Ugt FGV Alicante","@id":"https:\/\/ugtfgvalicante.com\/#\/schema\/person\/a1375a9c1ef53e624aa79c34b93b62e8"},"headline":"Puig anuncia un 30% de descuento adicional en el TRAM de septiembre a fin de a\u00f1o","datePublished":"2022-08-01T11:18:23+00:00","dateModified":"2022-08-01T11:19:21+00:00","mainEntityOfPage":{"@id":"https:\/\/ugtfgvalicante.com\/index.php\/2022\/08\/01\/puig-anuncia-un-30-de-descuento-adicional-en-el-tram-de-septiembre-a-fin-de-ano\/"},"wordCount":383,"publisher":{"@id":"https:\/\/ugtfgvalicante.com\/#organization"},"image":{"@id":"https:\/\/ugtfgvalicante.com\/index.php\/2022\/08\/01\/puig-anuncia-un-30-de-descuento-adicional-en-el-tram-de-septiembre-a-fin-de-ano\/#primaryimage"},"thumbnailUrl":"https:\/\/ugtfgvalicante.com\/wp-content\/uploads\/2022\/08\/6385639b-8585-4a21-bd76-98b2d1b7a4a7_16-9-discover-aspect-ratio_default_0.jpg","articleSection":["Noticias prensa"],"inLanguage":"es"},{"@type":"WebPage","@id":"https:\/\/ugtfgvalicante.com\/index.php\/2022\/08\/01\/puig-anuncia-un-30-de-descuento-adicional-en-el-tram-de-septiembre-a-fin-de-ano\/","url":"https:\/\/ugtfgvalicante.com\/index.php\/2022\/08\/01\/puig-anuncia-un-30-de-descuento-adicional-en-el-tram-de-septiembre-a-fin-de-ano\/","name":"Puig anuncia un 30% de descuento adicional en el TRAM de septiembre a fin de a\u00f1o - FGV Alicante","isPartOf":{"@id":"https:\/\/ugtfgvalicante.com\/#website"},"primaryImageOfPage":{"@id":"https:\/\/ugtfgvalicante.com\/index.php\/2022\/08\/01\/puig-anuncia-un-30-de-descuento-adicional-en-el-tram-de-septiembre-a-fin-de-ano\/#primaryimage"},"image":{"@id":"https:\/\/ugtfgvalicante.com\/index.php\/2022\/08\/01\/puig-anuncia-un-30-de-descuento-adicional-en-el-tram-de-septiembre-a-fin-de-ano\/#primaryimage"},"thumbnailUrl":"https:\/\/ugtfgvalicante.com\/wp-content\/uploads\/2022\/08\/6385639b-8585-4a21-bd76-98b2d1b7a4a7_16-9-discover-aspect-ratio_default_0.jpg","datePublished":"2022-08-01T11:18:23+00:00","dateModified":"2022-08-01T11:19:21+00:00","breadcrumb":{"@id":"https:\/\/ugtfgvalicante.com\/index.php\/2022\/08\/01\/puig-anuncia-un-30-de-descuento-adicional-en-el-tram-de-septiembre-a-fin-de-ano\/#breadcrumb"},"inLanguage":"es","potentialAction":[{"@type":"ReadAction","target":["https:\/\/ugtfgvalicante.com\/index.php\/2022\/08\/01\/puig-anuncia-un-30-de-descuento-adicional-en-el-tram-de-septiembre-a-fin-de-ano\/"]}]},{"@type":"ImageObject","inLanguage":"es","@id":"https:\/\/ugtfgvalicante.com\/index.php\/2022\/08\/01\/puig-anuncia-un-30-de-descuento-adicional-en-el-tram-de-septiembre-a-fin-de-ano\/#primaryimage","url":"https:\/\/ugtfgvalicante.com\/wp-content\/uploads\/2022\/08\/6385639b-8585-4a21-bd76-98b2d1b7a4a7_16-9-discover-aspect-ratio_default_0.jpg","contentUrl":"https:\/\/ugtfgvalicante.com\/wp-content\/uploads\/2022\/08\/6385639b-8585-4a21-bd76-98b2d1b7a4a7_16-9-discover-aspect-ratio_default_0.jpg","width":1200,"height":675},{"@type":"BreadcrumbList","@id":"https:\/\/ugtfgvalicante.com\/index.php\/2022\/08\/01\/puig-anuncia-un-30-de-descuento-adicional-en-el-tram-de-septiembre-a-fin-de-ano\/#breadcrumb","itemListElement":[{"@type":"ListItem","position":1,"name":"Portada","item":"https:\/\/ugtfgvalicante.com\/"},{"@type":"ListItem","position":2,"name":"Puig anuncia un 30% de descuento adicional en el TRAM de septiembre a fin de a\u00f1o"}]},{"@type":"WebSite","@id":"https:\/\/ugtfgvalicante.com\/#website","url":"https:\/\/ugtfgvalicante.com\/","name":"FGV Alicante","description":"","publisher":{"@id":"https:\/\/ugtfgvalicante.com\/#organization"},"potentialAction":[{"@type":"SearchAction","target":{"@type":"EntryPoint","urlTemplate":"https:\/\/ugtfgvalicante.com\/?s={search_term_string}"},"query-input":{"@type":"PropertyValueSpecification","valueRequired":true,"valueName":"search_term_string"}}],"inLanguage":"es"},{"@type":"Organization","@id":"https:\/\/ugtfgvalicante.com\/#organization","name":"UGT FGV Alicante","url":"https:\/\/ugtfgvalicante.com\/","logo":{"@type":"ImageObject","inLanguage":"es","@id":"https:\/\/ugtfgvalicante.com\/#\/schema\/logo\/image\/","url":"https:\/\/ugtfgvalicante.com\/wp-content\/uploads\/2022\/10\/logo-ugt-web.png","contentUrl":"https:\/\/ugtfgvalicante.com\/wp-content\/uploads\/2022\/10\/logo-ugt-web.png","width":2283,"height":1126,"caption":"UGT FGV Alicante"},"image":{"@id":"https:\/\/ugtfgvalicante.com\/#\/schema\/logo\/image\/"},"sameAs":["https:\/\/es-es.facebook.com\/ugt.fgvalicante\/"]},{"@type":"Person","@id":"https:\/\/ugtfgvalicante.com\/#\/schema\/person\/a1375a9c1ef53e624aa79c34b93b62e8","name":"Ugt FGV Alicante","image":{"@type":"ImageObject","inLanguage":"es","@id":"https:\/\/ugtfgvalicante.com\/#\/schema\/person\/image\/","url":"https:\/\/secure.gravatar.com\/avatar\/ea41cd8456808460c6c0caa1a213c3c921573555df6b57a7ee2f16fb6f502866?s=96&d=mm&r=g","contentUrl":"https:\/\/secure.gravatar.com\/avatar\/ea41cd8456808460c6c0caa1a213c3c921573555df6b57a7ee2f16fb6f502866?s=96&d=mm&r=g","caption":"Ugt FGV Alicante"},"url":"https:\/\/ugtfgvalicante.com\/index.php\/author\/ggrau\/"}]}},"_links":{"self":[{"href":"https:\/\/ugtfgvalicante.com\/index.php\/wp-json\/wp\/v2\/posts\/135","targetHints":{"allow":["GET"]}}],"collection":[{"href":"https:\/\/ugtfgvalicante.com\/index.php\/wp-json\/wp\/v2\/posts"}],"about":[{"href":"https:\/\/ugtfgvalicante.com\/index.php\/wp-json\/wp\/v2\/types\/post"}],"author":[{"embeddable":true,"href":"https:\/\/ugtfgvalicante.com\/index.php\/wp-json\/wp\/v2\/users\/4"}],"replies":[{"embeddable":true,"href":"https:\/\/ugtfgvalicante.com\/index.php\/wp-json\/wp\/v2\/comments?post=135"}],"version-history":[{"count":2,"href":"https:\/\/ugtfgvalicante.com\/index.php\/wp-json\/wp\/v2\/posts\/135\/revisions"}],"predecessor-version":[{"id":138,"href":"https:\/\/ugtfgvalicante.com\/index.php\/wp-json\/wp\/v2\/posts\/135\/revisions\/138"}],"wp:featuredmedia":[{"embeddable":true,"href":"https:\/\/ugtfgvalicante.com\/index.php\/wp-json\/wp\/v2\/media\/136"}],"wp:attachment":[{"href":"https:\/\/ugtfgvalicante.com\/index.php\/wp-json\/wp\/v2\/media?parent=135"}],"wp:term":[{"taxonomy":"category","embeddable":true,"href":"https:\/\/ugtfgvalicante.com\/index.php\/wp-json\/wp\/v2\/categories?post=135"},{"taxonomy":"post_tag","embeddable":true,"href":"https:\/\/ugtfgvalicante.com\/index.php\/wp-json\/wp\/v2\/tags?post=135"}],"curies":[{"name":"wp","href":"https:\/\/api.w.org\/{rel}","templated":true}]}}