{"id":141,"date":"2022-08-05T08:27:10","date_gmt":"2022-08-05T08:27:10","guid":{"rendered":"https:\/\/ugtfgvalicante.com\/?p=141"},"modified":"2022-08-05T08:29:10","modified_gmt":"2022-08-05T08:29:10","slug":"la-generalitat-inicia-las-obras-del-viaducto-del-quisi-de-la-linea-9-del-tram","status":"publish","type":"post","link":"https:\/\/ugtfgvalicante.com\/index.php\/2022\/08\/05\/la-generalitat-inicia-las-obras-del-viaducto-del-quisi-de-la-linea-9-del-tram\/","title":{"rendered":"La Generalitat inicia las obras del viaducto del Quisi de la L\u00ednea 9 del TRAM"},"content":{"rendered":"\n<p>El actual viaducto del Quisi fue construido entre los a\u00f1os 1913 y 1915, como parte de la l\u00ednea que enlaza Alicante y D\u00e9nia.<\/p>\n\n\n\n<p><strong>La Generalitat ha iniciado las obras del nuevo viaducto del Quisi de la L\u00ednea 9 (Benidorm-D\u00e9nia) del TRAM d\u2019 Alacant,<\/strong>&nbsp;esencial para poder concluir los trabajos de modernizaci\u00f3n de dicha l\u00ednea en que la Conselleria de Pol\u00edtica Territorial, Obras P\u00fablicas y Movilidad est\u00e1 invirtiendo m\u00e1s de 160 millones de euros.<\/p>\n\n\n\n<p>Los trabajos, adjudicados por 9.857.534 euros a la UTE FCC Construcci\u00f3n SA- CHM Obras e Infraestructuras SA, se prev\u00e9n que est\u00e9n finalizados en julio del pr\u00f3ximo a\u00f1o y permitir\u00e1n instalar un nuevo viaducto cercano al actual, situado tambi\u00e9n sobre el Barranco del Quisi, aguas abajo del existente, con una alineaci\u00f3n oblicua con respecto al anterior y una longitud de 370 metros.<\/p>\n\n\n\n<p>La consellera de Pol\u00edtica Territorial, Obras P\u00fablicas y Movilidad,&nbsp;<strong>Rebeca Torr\u00f3,&nbsp;<\/strong>acompa\u00f1ada de la directora gerente de Ferrocarrils de la Generalitat Valenciana, Ana\u00efs Menguzzato, ha visitado los primeros trabajos de movimiento de tierras y de cimentaci\u00f3n y ha se\u00f1alado que \u201cseguimos avanzando en est\u00e1 L\u00ednea 9, en la que hace poco ya se puso en marcha el tramo de Teulada-Gata\u201d .<\/p>\n\n\n\n<p>Adem\u00e1s,<strong>&nbsp;la consellera ha recordado que \u201chay que hacer frente a tres puentes para poder seguir modernizando esta linea del Tram\u201d.<\/strong>&nbsp;En cuanto al Quisi, Torrr\u00f3 ha indicado que se ha iniciado la construcci\u00f3n de una infraestructura junto a la existente debido a que la nueva maquinar\u00eda, los nuevos tranv\u00edas son mucho m\u00e1s pesados.<\/p>\n\n\n\n<p>Asimismo, la consellera ha destacado que \u201cla L\u00ednea 9, como anunci\u00f3 el president de la Generalitat, ser\u00e1 una realidad entre finales y principios de a\u00f1o, independientemente que se contin\u00faen con las obras en los puentes\u201d.<\/p>\n\n\n\n<p>Tambi\u00e9n ha avanzado que desde la Conselleria, \u201cse est\u00e1 estudiando el poder aprovechar las infraestructuras ferroviarias que quedar\u00e1n desocupadas una vez que finalicen las obras y reconvertirlas en v\u00edas verdes para el disfrute de toda la ciudadan\u00eda\u201d.<\/p>\n\n\n\n<p><strong>El actual viaducto del Quisi fue construido entre los a\u00f1os 1913 y 1915, como parte de la l\u00ednea que enlaza Alicante y D\u00e9nia.&nbsp;<\/strong>Las obras de rehabilitaci\u00f3n realizadas por FGV en este tramo han permitido que siga abierto a la circulaci\u00f3n de los actuales trenes di\u00e9sel.<\/p>\n\n\n\n<p>No obstante, ha sido necesario plantear la construcci\u00f3n de una variante de nueva construcci\u00f3n que posibilite el paso de los nuevos trenes duales (el\u00e9ctrico-di\u00e9sel) incorporados por FGV como parte del plan de modernizaci\u00f3n de esta l\u00ednea.<\/p>\n\n\n\n<p>Las inversiones ejecutadas y previstas por la Generalitat entre&nbsp;<strong>Benidorm y D\u00e9nia&nbsp;<\/strong>contemplan la renovaci\u00f3n de v\u00eda, adecuaci\u00f3n de viaductos, puentes y taludes, mejoras en el material m\u00f3vil y, la mejora de las instalaciones de seguridad, comunicaciones y energ\u00eda.<\/p>\n\n\n\n<p>El objetivo de estas inversiones es poder mantener la explotaci\u00f3n garantizando la calidad del servicio y, a su vez, adquirir los est\u00e1ndares de calidad del resto de la red de FGV en Alicante.<\/p>\n\n\n\n<p>Esta actuaci\u00f3n, igual que el resto que se ejecutan en la L\u00ednea 9, es susceptible de ser cofinanciada por la Uni\u00f3n Europea.<\/p>\n\n\n\n<p>Fuente: <a href=\"https:\/\/diariodealicante.net\/obras-quisi-tram\/\">Diario de Alicante<\/a><\/p>\n","protected":false},"excerpt":{"rendered":"<div class=\"mh-excerpt\"><p>El actual viaducto del Quisi fue construido entre los a\u00f1os 1913 y 1915, como parte de la l\u00ednea que enlaza Alicante y D\u00e9nia. La Generalitat <a class=\"mh-excerpt-more\" href=\"https:\/\/ugtfgvalicante.com\/index.php\/2022\/08\/05\/la-generalitat-inicia-las-obras-del-viaducto-del-quisi-de-la-linea-9-del-tram\/\" title=\"La Generalitat inicia las obras del viaducto del Quisi de la L\u00ednea 9 del TRAM\">[&#8230;]<\/a><\/p>\n<\/div>","protected":false},"author":4,"featured_media":142,"comment_status":"closed","ping_status":"","sticky":false,"template":"","format":"standard","meta":{"footnotes":""},"categories":[5],"tags":[],"class_list":["post-141","post","type-post","status-publish","format-standard","has-post-thumbnail","hentry","category-noticias-prensa"],"yoast_head":"<!-- This site is optimized with the Yoast SEO plugin v26.6 - https:\/\/yoast.com\/wordpress\/plugins\/seo\/ -->\n<title>La Generalitat inicia las obras del viaducto del Quisi de la L\u00ednea 9 del TRAM - FGV Alicante<\/title>\n<meta name=\"robots\" content=\"index, follow, max-snippet:-1, max-image-preview:large, max-video-preview:-1\" \/>\n<link rel=\"canonical\" href=\"https:\/\/ugtfgvalicante.com\/index.php\/2022\/08\/05\/la-generalitat-inicia-las-obras-del-viaducto-del-quisi-de-la-linea-9-del-tram\/\" \/>\n<meta property=\"og:locale\" content=\"es_ES\" \/>\n<meta property=\"og:type\" content=\"article\" \/>\n<meta property=\"og:title\" content=\"La Generalitat inicia las obras del viaducto del Quisi de la L\u00ednea 9 del TRAM - FGV Alicante\" \/>\n<meta property=\"og:description\" content=\"El actual viaducto del Quisi fue construido entre los a\u00f1os 1913 y 1915, como parte de la l\u00ednea que enlaza Alicante y D\u00e9nia. La Generalitat [...]\" \/>\n<meta property=\"og:url\" content=\"https:\/\/ugtfgvalicante.com\/index.php\/2022\/08\/05\/la-generalitat-inicia-las-obras-del-viaducto-del-quisi-de-la-linea-9-del-tram\/\" \/>\n<meta property=\"og:site_name\" content=\"FGV Alicante\" \/>\n<meta property=\"article:publisher\" content=\"https:\/\/es-es.facebook.com\/ugt.fgvalicante\/\" \/>\n<meta property=\"article:published_time\" content=\"2022-08-05T08:27:10+00:00\" \/>\n<meta property=\"article:modified_time\" content=\"2022-08-05T08:29:10+00:00\" \/>\n<meta property=\"og:image\" content=\"https:\/\/ugtfgvalicante.com\/wp-content\/uploads\/2022\/08\/220804_POL_foto-Quisi-696x464-1.jpg\" \/>\n\t<meta property=\"og:image:width\" content=\"696\" \/>\n\t<meta property=\"og:image:height\" content=\"464\" \/>\n\t<meta property=\"og:image:type\" content=\"image\/jpeg\" \/>\n<meta name=\"author\" content=\"Ugt FGV Alicante\" \/>\n<meta name=\"twitter:card\" content=\"summary_large_image\" \/>\n<meta name=\"twitter:label1\" content=\"Escrito por\" \/>\n\t<meta name=\"twitter:data1\" content=\"Ugt FGV Alicante\" \/>\n\t<meta name=\"twitter:label2\" content=\"Tiempo de lectura\" \/>\n\t<meta name=\"twitter:data2\" content=\"3 minutos\" \/>\n<script type=\"application\/ld+json\" class=\"yoast-schema-graph\">{\"@context\":\"https:\/\/schema.org\",\"@graph\":[{\"@type\":\"Article\",\"@id\":\"https:\/\/ugtfgvalicante.com\/index.php\/2022\/08\/05\/la-generalitat-inicia-las-obras-del-viaducto-del-quisi-de-la-linea-9-del-tram\/#article\",\"isPartOf\":{\"@id\":\"https:\/\/ugtfgvalicante.com\/index.php\/2022\/08\/05\/la-generalitat-inicia-las-obras-del-viaducto-del-quisi-de-la-linea-9-del-tram\/\"},\"author\":{\"name\":\"Ugt FGV Alicante\",\"@id\":\"https:\/\/ugtfgvalicante.com\/#\/schema\/person\/a1375a9c1ef53e624aa79c34b93b62e8\"},\"headline\":\"La Generalitat inicia las obras del viaducto del Quisi de la L\u00ednea 9 del TRAM\",\"datePublished\":\"2022-08-05T08:27:10+00:00\",\"dateModified\":\"2022-08-05T08:29:10+00:00\",\"mainEntityOfPage\":{\"@id\":\"https:\/\/ugtfgvalicante.com\/index.php\/2022\/08\/05\/la-generalitat-inicia-las-obras-del-viaducto-del-quisi-de-la-linea-9-del-tram\/\"},\"wordCount\":572,\"publisher\":{\"@id\":\"https:\/\/ugtfgvalicante.com\/#organization\"},\"image\":{\"@id\":\"https:\/\/ugtfgvalicante.com\/index.php\/2022\/08\/05\/la-generalitat-inicia-las-obras-del-viaducto-del-quisi-de-la-linea-9-del-tram\/#primaryimage\"},\"thumbnailUrl\":\"https:\/\/ugtfgvalicante.com\/wp-content\/uploads\/2022\/08\/220804_POL_foto-Quisi-696x464-1.jpg\",\"articleSection\":[\"Noticias prensa\"],\"inLanguage\":\"es\"},{\"@type\":\"WebPage\",\"@id\":\"https:\/\/ugtfgvalicante.com\/index.php\/2022\/08\/05\/la-generalitat-inicia-las-obras-del-viaducto-del-quisi-de-la-linea-9-del-tram\/\",\"url\":\"https:\/\/ugtfgvalicante.com\/index.php\/2022\/08\/05\/la-generalitat-inicia-las-obras-del-viaducto-del-quisi-de-la-linea-9-del-tram\/\",\"name\":\"La Generalitat inicia las obras del viaducto del Quisi de la L\u00ednea 9 del TRAM - FGV Alicante\",\"isPartOf\":{\"@id\":\"https:\/\/ugtfgvalicante.com\/#website\"},\"primaryImageOfPage\":{\"@id\":\"https:\/\/ugtfgvalicante.com\/index.php\/2022\/08\/05\/la-generalitat-inicia-las-obras-del-viaducto-del-quisi-de-la-linea-9-del-tram\/#primaryimage\"},\"image\":{\"@id\":\"https:\/\/ugtfgvalicante.com\/index.php\/2022\/08\/05\/la-generalitat-inicia-las-obras-del-viaducto-del-quisi-de-la-linea-9-del-tram\/#primaryimage\"},\"thumbnailUrl\":\"https:\/\/ugtfgvalicante.com\/wp-content\/uploads\/2022\/08\/220804_POL_foto-Quisi-696x464-1.jpg\",\"datePublished\":\"2022-08-05T08:27:10+00:00\",\"dateModified\":\"2022-08-05T08:29:10+00:00\",\"breadcrumb\":{\"@id\":\"https:\/\/ugtfgvalicante.com\/index.php\/2022\/08\/05\/la-generalitat-inicia-las-obras-del-viaducto-del-quisi-de-la-linea-9-del-tram\/#breadcrumb\"},\"inLanguage\":\"es\",\"potentialAction\":[{\"@type\":\"ReadAction\",\"target\":[\"https:\/\/ugtfgvalicante.com\/index.php\/2022\/08\/05\/la-generalitat-inicia-las-obras-del-viaducto-del-quisi-de-la-linea-9-del-tram\/\"]}]},{\"@type\":\"ImageObject\",\"inLanguage\":\"es\",\"@id\":\"https:\/\/ugtfgvalicante.com\/index.php\/2022\/08\/05\/la-generalitat-inicia-las-obras-del-viaducto-del-quisi-de-la-linea-9-del-tram\/#primaryimage\",\"url\":\"https:\/\/ugtfgvalicante.com\/wp-content\/uploads\/2022\/08\/220804_POL_foto-Quisi-696x464-1.jpg\",\"contentUrl\":\"https:\/\/ugtfgvalicante.com\/wp-content\/uploads\/2022\/08\/220804_POL_foto-Quisi-696x464-1.jpg\",\"width\":696,\"height\":464},{\"@type\":\"BreadcrumbList\",\"@id\":\"https:\/\/ugtfgvalicante.com\/index.php\/2022\/08\/05\/la-generalitat-inicia-las-obras-del-viaducto-del-quisi-de-la-linea-9-del-tram\/#breadcrumb\",\"itemListElement\":[{\"@type\":\"ListItem\",\"position\":1,\"name\":\"Portada\",\"item\":\"https:\/\/ugtfgvalicante.com\/\"},{\"@type\":\"ListItem\",\"position\":2,\"name\":\"La Generalitat inicia las obras del viaducto del Quisi de la L\u00ednea 9 del TRAM\"}]},{\"@type\":\"WebSite\",\"@id\":\"https:\/\/ugtfgvalicante.com\/#website\",\"url\":\"https:\/\/ugtfgvalicante.com\/\",\"name\":\"FGV Alicante\",\"description\":\"\",\"publisher\":{\"@id\":\"https:\/\/ugtfgvalicante.com\/#organization\"},\"potentialAction\":[{\"@type\":\"SearchAction\",\"target\":{\"@type\":\"EntryPoint\",\"urlTemplate\":\"https:\/\/ugtfgvalicante.com\/?s={search_term_string}\"},\"query-input\":{\"@type\":\"PropertyValueSpecification\",\"valueRequired\":true,\"valueName\":\"search_term_string\"}}],\"inLanguage\":\"es\"},{\"@type\":\"Organization\",\"@id\":\"https:\/\/ugtfgvalicante.com\/#organization\",\"name\":\"UGT FGV Alicante\",\"url\":\"https:\/\/ugtfgvalicante.com\/\",\"logo\":{\"@type\":\"ImageObject\",\"inLanguage\":\"es\",\"@id\":\"https:\/\/ugtfgvalicante.com\/#\/schema\/logo\/image\/\",\"url\":\"https:\/\/ugtfgvalicante.com\/wp-content\/uploads\/2022\/10\/logo-ugt-web.png\",\"contentUrl\":\"https:\/\/ugtfgvalicante.com\/wp-content\/uploads\/2022\/10\/logo-ugt-web.png\",\"width\":2283,\"height\":1126,\"caption\":\"UGT FGV Alicante\"},\"image\":{\"@id\":\"https:\/\/ugtfgvalicante.com\/#\/schema\/logo\/image\/\"},\"sameAs\":[\"https:\/\/es-es.facebook.com\/ugt.fgvalicante\/\"]},{\"@type\":\"Person\",\"@id\":\"https:\/\/ugtfgvalicante.com\/#\/schema\/person\/a1375a9c1ef53e624aa79c34b93b62e8\",\"name\":\"Ugt FGV Alicante\",\"image\":{\"@type\":\"ImageObject\",\"inLanguage\":\"es\",\"@id\":\"https:\/\/ugtfgvalicante.com\/#\/schema\/person\/image\/\",\"url\":\"https:\/\/secure.gravatar.com\/avatar\/ea41cd8456808460c6c0caa1a213c3c921573555df6b57a7ee2f16fb6f502866?s=96&d=mm&r=g\",\"contentUrl\":\"https:\/\/secure.gravatar.com\/avatar\/ea41cd8456808460c6c0caa1a213c3c921573555df6b57a7ee2f16fb6f502866?s=96&d=mm&r=g\",\"caption\":\"Ugt FGV Alicante\"},\"url\":\"https:\/\/ugtfgvalicante.com\/index.php\/author\/ggrau\/\"}]}<\/script>\n<!-- \/ Yoast SEO plugin. -->","yoast_head_json":{"title":"La Generalitat inicia las obras del viaducto del Quisi de la L\u00ednea 9 del TRAM - FGV Alicante","robots":{"index":"index","follow":"follow","max-snippet":"max-snippet:-1","max-image-preview":"max-image-preview:large","max-video-preview":"max-video-preview:-1"},"canonical":"https:\/\/ugtfgvalicante.com\/index.php\/2022\/08\/05\/la-generalitat-inicia-las-obras-del-viaducto-del-quisi-de-la-linea-9-del-tram\/","og_locale":"es_ES","og_type":"article","og_title":"La Generalitat inicia las obras del viaducto del Quisi de la L\u00ednea 9 del TRAM - FGV Alicante","og_description":"El actual viaducto del Quisi fue construido entre los a\u00f1os 1913 y 1915, como parte de la l\u00ednea que enlaza Alicante y D\u00e9nia. La Generalitat [...]","og_url":"https:\/\/ugtfgvalicante.com\/index.php\/2022\/08\/05\/la-generalitat-inicia-las-obras-del-viaducto-del-quisi-de-la-linea-9-del-tram\/","og_site_name":"FGV Alicante","article_publisher":"https:\/\/es-es.facebook.com\/ugt.fgvalicante\/","article_published_time":"2022-08-05T08:27:10+00:00","article_modified_time":"2022-08-05T08:29:10+00:00","og_image":[{"width":696,"height":464,"url":"https:\/\/ugtfgvalicante.com\/wp-content\/uploads\/2022\/08\/220804_POL_foto-Quisi-696x464-1.jpg","type":"image\/jpeg"}],"author":"Ugt FGV Alicante","twitter_card":"summary_large_image","twitter_misc":{"Escrito por":"Ugt FGV Alicante","Tiempo de lectura":"3 minutos"},"schema":{"@context":"https:\/\/schema.org","@graph":[{"@type":"Article","@id":"https:\/\/ugtfgvalicante.com\/index.php\/2022\/08\/05\/la-generalitat-inicia-las-obras-del-viaducto-del-quisi-de-la-linea-9-del-tram\/#article","isPartOf":{"@id":"https:\/\/ugtfgvalicante.com\/index.php\/2022\/08\/05\/la-generalitat-inicia-las-obras-del-viaducto-del-quisi-de-la-linea-9-del-tram\/"},"author":{"name":"Ugt FGV Alicante","@id":"https:\/\/ugtfgvalicante.com\/#\/schema\/person\/a1375a9c1ef53e624aa79c34b93b62e8"},"headline":"La Generalitat inicia las obras del viaducto del Quisi de la L\u00ednea 9 del TRAM","datePublished":"2022-08-05T08:27:10+00:00","dateModified":"2022-08-05T08:29:10+00:00","mainEntityOfPage":{"@id":"https:\/\/ugtfgvalicante.com\/index.php\/2022\/08\/05\/la-generalitat-inicia-las-obras-del-viaducto-del-quisi-de-la-linea-9-del-tram\/"},"wordCount":572,"publisher":{"@id":"https:\/\/ugtfgvalicante.com\/#organization"},"image":{"@id":"https:\/\/ugtfgvalicante.com\/index.php\/2022\/08\/05\/la-generalitat-inicia-las-obras-del-viaducto-del-quisi-de-la-linea-9-del-tram\/#primaryimage"},"thumbnailUrl":"https:\/\/ugtfgvalicante.com\/wp-content\/uploads\/2022\/08\/220804_POL_foto-Quisi-696x464-1.jpg","articleSection":["Noticias prensa"],"inLanguage":"es"},{"@type":"WebPage","@id":"https:\/\/ugtfgvalicante.com\/index.php\/2022\/08\/05\/la-generalitat-inicia-las-obras-del-viaducto-del-quisi-de-la-linea-9-del-tram\/","url":"https:\/\/ugtfgvalicante.com\/index.php\/2022\/08\/05\/la-generalitat-inicia-las-obras-del-viaducto-del-quisi-de-la-linea-9-del-tram\/","name":"La Generalitat inicia las obras del viaducto del Quisi de la L\u00ednea 9 del TRAM - FGV Alicante","isPartOf":{"@id":"https:\/\/ugtfgvalicante.com\/#website"},"primaryImageOfPage":{"@id":"https:\/\/ugtfgvalicante.com\/index.php\/2022\/08\/05\/la-generalitat-inicia-las-obras-del-viaducto-del-quisi-de-la-linea-9-del-tram\/#primaryimage"},"image":{"@id":"https:\/\/ugtfgvalicante.com\/index.php\/2022\/08\/05\/la-generalitat-inicia-las-obras-del-viaducto-del-quisi-de-la-linea-9-del-tram\/#primaryimage"},"thumbnailUrl":"https:\/\/ugtfgvalicante.com\/wp-content\/uploads\/2022\/08\/220804_POL_foto-Quisi-696x464-1.jpg","datePublished":"2022-08-05T08:27:10+00:00","dateModified":"2022-08-05T08:29:10+00:00","breadcrumb":{"@id":"https:\/\/ugtfgvalicante.com\/index.php\/2022\/08\/05\/la-generalitat-inicia-las-obras-del-viaducto-del-quisi-de-la-linea-9-del-tram\/#breadcrumb"},"inLanguage":"es","potentialAction":[{"@type":"ReadAction","target":["https:\/\/ugtfgvalicante.com\/index.php\/2022\/08\/05\/la-generalitat-inicia-las-obras-del-viaducto-del-quisi-de-la-linea-9-del-tram\/"]}]},{"@type":"ImageObject","inLanguage":"es","@id":"https:\/\/ugtfgvalicante.com\/index.php\/2022\/08\/05\/la-generalitat-inicia-las-obras-del-viaducto-del-quisi-de-la-linea-9-del-tram\/#primaryimage","url":"https:\/\/ugtfgvalicante.com\/wp-content\/uploads\/2022\/08\/220804_POL_foto-Quisi-696x464-1.jpg","contentUrl":"https:\/\/ugtfgvalicante.com\/wp-content\/uploads\/2022\/08\/220804_POL_foto-Quisi-696x464-1.jpg","width":696,"height":464},{"@type":"BreadcrumbList","@id":"https:\/\/ugtfgvalicante.com\/index.php\/2022\/08\/05\/la-generalitat-inicia-las-obras-del-viaducto-del-quisi-de-la-linea-9-del-tram\/#breadcrumb","itemListElement":[{"@type":"ListItem","position":1,"name":"Portada","item":"https:\/\/ugtfgvalicante.com\/"},{"@type":"ListItem","position":2,"name":"La Generalitat inicia las obras del viaducto del Quisi de la L\u00ednea 9 del TRAM"}]},{"@type":"WebSite","@id":"https:\/\/ugtfgvalicante.com\/#website","url":"https:\/\/ugtfgvalicante.com\/","name":"FGV Alicante","description":"","publisher":{"@id":"https:\/\/ugtfgvalicante.com\/#organization"},"potentialAction":[{"@type":"SearchAction","target":{"@type":"EntryPoint","urlTemplate":"https:\/\/ugtfgvalicante.com\/?s={search_term_string}"},"query-input":{"@type":"PropertyValueSpecification","valueRequired":true,"valueName":"search_term_string"}}],"inLanguage":"es"},{"@type":"Organization","@id":"https:\/\/ugtfgvalicante.com\/#organization","name":"UGT FGV Alicante","url":"https:\/\/ugtfgvalicante.com\/","logo":{"@type":"ImageObject","inLanguage":"es","@id":"https:\/\/ugtfgvalicante.com\/#\/schema\/logo\/image\/","url":"https:\/\/ugtfgvalicante.com\/wp-content\/uploads\/2022\/10\/logo-ugt-web.png","contentUrl":"https:\/\/ugtfgvalicante.com\/wp-content\/uploads\/2022\/10\/logo-ugt-web.png","width":2283,"height":1126,"caption":"UGT FGV Alicante"},"image":{"@id":"https:\/\/ugtfgvalicante.com\/#\/schema\/logo\/image\/"},"sameAs":["https:\/\/es-es.facebook.com\/ugt.fgvalicante\/"]},{"@type":"Person","@id":"https:\/\/ugtfgvalicante.com\/#\/schema\/person\/a1375a9c1ef53e624aa79c34b93b62e8","name":"Ugt FGV Alicante","image":{"@type":"ImageObject","inLanguage":"es","@id":"https:\/\/ugtfgvalicante.com\/#\/schema\/person\/image\/","url":"https:\/\/secure.gravatar.com\/avatar\/ea41cd8456808460c6c0caa1a213c3c921573555df6b57a7ee2f16fb6f502866?s=96&d=mm&r=g","contentUrl":"https:\/\/secure.gravatar.com\/avatar\/ea41cd8456808460c6c0caa1a213c3c921573555df6b57a7ee2f16fb6f502866?s=96&d=mm&r=g","caption":"Ugt FGV Alicante"},"url":"https:\/\/ugtfgvalicante.com\/index.php\/author\/ggrau\/"}]}},"_links":{"self":[{"href":"https:\/\/ugtfgvalicante.com\/index.php\/wp-json\/wp\/v2\/posts\/141","targetHints":{"allow":["GET"]}}],"collection":[{"href":"https:\/\/ugtfgvalicante.com\/index.php\/wp-json\/wp\/v2\/posts"}],"about":[{"href":"https:\/\/ugtfgvalicante.com\/index.php\/wp-json\/wp\/v2\/types\/post"}],"author":[{"embeddable":true,"href":"https:\/\/ugtfgvalicante.com\/index.php\/wp-json\/wp\/v2\/users\/4"}],"replies":[{"embeddable":true,"href":"https:\/\/ugtfgvalicante.com\/index.php\/wp-json\/wp\/v2\/comments?post=141"}],"version-history":[{"count":2,"href":"https:\/\/ugtfgvalicante.com\/index.php\/wp-json\/wp\/v2\/posts\/141\/revisions"}],"predecessor-version":[{"id":144,"href":"https:\/\/ugtfgvalicante.com\/index.php\/wp-json\/wp\/v2\/posts\/141\/revisions\/144"}],"wp:featuredmedia":[{"embeddable":true,"href":"https:\/\/ugtfgvalicante.com\/index.php\/wp-json\/wp\/v2\/media\/142"}],"wp:attachment":[{"href":"https:\/\/ugtfgvalicante.com\/index.php\/wp-json\/wp\/v2\/media?parent=141"}],"wp:term":[{"taxonomy":"category","embeddable":true,"href":"https:\/\/ugtfgvalicante.com\/index.php\/wp-json\/wp\/v2\/categories?post=141"},{"taxonomy":"post_tag","embeddable":true,"href":"https:\/\/ugtfgvalicante.com\/index.php\/wp-json\/wp\/v2\/tags?post=141"}],"curies":[{"name":"wp","href":"https:\/\/api.w.org\/{rel}","templated":true}]}}