{"id":146,"date":"2022-08-15T20:10:18","date_gmt":"2022-08-15T20:10:18","guid":{"rendered":"https:\/\/ugtfgvalicante.com\/?p=146"},"modified":"2022-08-15T20:12:00","modified_gmt":"2022-08-15T20:12:00","slug":"el-tram-dalacant-facilita-en-julio-la-movilidad-de-13-millones-de-pasajeros-un-36-mas","status":"publish","type":"post","link":"https:\/\/ugtfgvalicante.com\/index.php\/2022\/08\/15\/el-tram-dalacant-facilita-en-julio-la-movilidad-de-13-millones-de-pasajeros-un-36-mas\/","title":{"rendered":"El Tram d&#8217;Alacant facilita en julio\u00a0la movilidad de 1,3 millones de pasajeros: un 36% m\u00e1s"},"content":{"rendered":"\n<p>Ferrocarrils de la Generalitat Valenciana (FGV) ha facilitado la movilidad de un total de 6.127.007 pasajeros en julio entre Metrovalencia y TRAM d&#8217;Alacant, lo que representa un aumento del 41,09 por ciento respecto al mismo mes de 2021.<\/p>\n\n\n\n<p>En la red de Metrovalencia se han movilizado 4.818.819 usuarios durante el pasado mes de julio, lo que significa un incremento del 42,25% respecto al mismo periodo de 2021 y 1,4 millones m\u00e1s de viajeros que en julio del pasado a\u00f1o, seg\u00fan ha informado la Generalitat en un comunicado.<\/p>\n\n\n\n<p>Por otra parte, en la red de TRAM d&#8217;Alacant se han desplazado 1.308.188 usuarios durante el pasado mes de julio, un 36,95% m\u00e1s que en el mismo mes de 2021, lo que significa un aumento de 352.963 viajeros. El d\u00eda de m\u00e1s tr\u00e1fico fue el viernes 8, con 45.741 pasajeros.<\/p>\n\n\n\n<p>Las seis l\u00edneas de Metrovalencia han sumado en julio 4.157.973 desplazamientos y las cuatro de tranv\u00eda en funcionamiento han alcanzado 660.846 movimientos. La jornada de mayor volumen de tr\u00e1fico ha sido el viernes d\u00eda 1, con 194.177 usuarios.<\/p>\n\n\n\n<p>La l\u00ednea de metro que ha desplazado m\u00e1s personas ha sido la L\u00ednea 3 (Rafelbunyol\/Aeroport) con 952.137 pasajeros; seguida de la L\u00ednea 5 (Mar\u00edtim\/Aeroport) con 807.135; la L\u00ednea 2 (Ll\u00edria-Torrent Avinguda) con 647.079; la L\u00ednea 1 (B\u00e9tera\/Castell\u00f3) con 632.815; la L\u00ednea 7 (Mar\u00edtim\/Torrent Avinguda) con 603.050; y finalmente la L\u00ednea 9 (Alboraia Peris Arag\u00f3\/Riba-roja de T\u00faria) con 515.757 clientes.<\/p>\n\n\n\n<p>En el caso del tranv\u00eda, la que m\u00e1s movimientos la que ha registrado m\u00e1s movimientos ha sido la L\u00ednea 4 (Mas del Rosari\/ Doctor Lluch) con 334.831 viajes, seguida de la L\u00ednea 6 (Tossal del Rei\/Mar\u00edtim) con 180.551, la nueva L\u00ednea 10 (Alacant-Natzaret), con 109.670, y la L\u00ednea 8 (Nept\u00fa\/Mar\u00edtim), que ha sumado 35.794 usuarios.<\/p>\n\n\n\n<h4 class=\"wp-block-heading\">Tr\u00e1fico por estaciones<\/h4>\n\n\n\n<p>En el tr\u00e1fico por estaciones, X\u00e0tiva (L3, L5 y L9) se ha situado en primer lugar con 355.655 desplazamientos; en segundo lugar Col\u00f3n (L3, L5, L7 y L9) con 321.679, y en tercer lugar \u00c0ngel Guimer\u00e0 (L1, L2, L3, L5 y L9), con 184.714 movimientos.<\/p>\n\n\n\n<p>A continuaci\u00f3n, se han situado Pla\u00e7a Espanya (L1 y L2), con 149.531; T\u00faria (L1 y L2), con 144.301; Avinguda del Cid (L3, L5 y L9) con 125.558; Mislata (L3, L5 y L9), con 125.420; Benimaclet (L3 y L9), con 125.346; Torrent Avinguda (L2 y L7), con 120.650; y en d\u00e9cimo lugar Amistat (L5 y L7), con 115.859 validaciones.<\/p>\n\n\n\n<p>En el \u00e1rea metropolitana, destacan como las cinco estaciones m\u00e1s transitadas Mislata (L3, L5 y L9), con 125.420 usuarios; Torrent Avinguda (L2 y L7), con 120.650; Paiporta (L1, L2 y L7), con 100.776; Aeroport (L3 y L5), con 95.030; y Torrent (L1, L2 y L7), con 64.846 movimientos.<\/p>\n\n\n\n<p>Entre las paradas del tranv\u00eda, resaltan La Cadena (L4 y L6), con 37.545; Pont de Fusta (L4), con 36.456; Alacant (L10), con 36.294; Benimaclet (L4 y L6), con 29.532; y Platja Malva-rosa (L4 y L6), con 28.352 usuarios.<\/p>\n\n\n\n<h4 class=\"wp-block-heading\">Tram d&#8217;Alacant<\/h4>\n\n\n\n<p>Seg\u00fan la distribuci\u00f3n por l\u00edneas del TRAM D&#8217;Alacant, la L\u00ednea 2, que une Luceros con San Vicent del Raspeig, ha sido la m\u00e1s utilizada con 470.811 movimientos; seguida de la L\u00ednea 1, que comunica Luceros y Benidorm, con 294.211; la L\u00ednea 3, que enlaza Luceros con El Campello, con 252.048; la L\u00ednea 4, que une Luceros con Plaza La Coru\u00f1a, con 162.017; la L\u00ednea 5, nexo de uni\u00f3n entre Porta del Mar y Plaza La Coru\u00f1a, con 77.940; y la L\u00ednea 9, que discurre entre Benidorm y D\u00e9nia, con 51.161 viajes.<\/p>\n\n\n\n<p>En el tr\u00e1fico por estaciones, Luceros una vez m\u00e1s ha liderado la clasificaci\u00f3n, con 215.158 usuarios. Le siguieron Mercado, con 147.588, y Benidorm, con 76.269.<\/p>\n\n\n\n<p>Despu\u00e9s se han situado Marq-Castillo, con 73.324; El Campello, con 55.432; Sant Vicent del Raspeig, con 54.926; Garbinet, con 33.458; Bulevar del Pl\u00e1, con 33.415; La Goteta-Plaza Mar 2, con 29.981; y, en d\u00e9cimo lugar, Pintor Gast\u00f3n Castell\u00f3, con 29.533 movimientos.<\/p>\n\n\n\n<p>Al existir la posibilidad de comprar y validar los t\u00edtulos de transportes en el interior de las unidades del tranv\u00eda, tren-TRAM y tren convencional, las ventas y validaciones de t\u00edtulos de transporte en ruta se concretaron en 61.634 viajes.<\/p>\n\n\n\n<p>Fuente:<a href=\"https:\/\/alicanteplaza.es\/metrovalenciaytramdalacantfacilitaronlamovilidadde6millonesdepasajerosenjulio\"> AlicantePlaza<\/a><\/p>\n\n\n\n<p><\/p>\n","protected":false},"excerpt":{"rendered":"<div class=\"mh-excerpt\"><p>Ferrocarrils de la Generalitat Valenciana (FGV) ha facilitado la movilidad de un total de 6.127.007 pasajeros en julio entre Metrovalencia y TRAM d&#8217;Alacant, lo que <a class=\"mh-excerpt-more\" href=\"https:\/\/ugtfgvalicante.com\/index.php\/2022\/08\/15\/el-tram-dalacant-facilita-en-julio-la-movilidad-de-13-millones-de-pasajeros-un-36-mas\/\" title=\"El Tram d&#8217;Alacant facilita en julio\u00a0la movilidad de 1,3 millones de pasajeros: un 36% m\u00e1s\">[&#8230;]<\/a><\/p>\n<\/div>","protected":false},"author":4,"featured_media":147,"comment_status":"closed","ping_status":"","sticky":false,"template":"","format":"standard","meta":{"footnotes":""},"categories":[5],"tags":[],"class_list":["post-146","post","type-post","status-publish","format-standard","has-post-thumbnail","hentry","category-noticias-prensa"],"yoast_head":"<!-- This site is optimized with the Yoast SEO plugin v26.6 - https:\/\/yoast.com\/wordpress\/plugins\/seo\/ -->\n<title>El Tram d&#039;Alacant facilita en julio\u00a0la movilidad de 1,3 millones de pasajeros: un 36% m\u00e1s - FGV Alicante<\/title>\n<meta name=\"robots\" content=\"index, follow, max-snippet:-1, max-image-preview:large, max-video-preview:-1\" \/>\n<link rel=\"canonical\" href=\"https:\/\/ugtfgvalicante.com\/index.php\/2022\/08\/15\/el-tram-dalacant-facilita-en-julio-la-movilidad-de-13-millones-de-pasajeros-un-36-mas\/\" \/>\n<meta property=\"og:locale\" content=\"es_ES\" \/>\n<meta property=\"og:type\" content=\"article\" \/>\n<meta property=\"og:title\" content=\"El Tram d&#039;Alacant facilita en julio\u00a0la movilidad de 1,3 millones de pasajeros: un 36% m\u00e1s - FGV Alicante\" \/>\n<meta property=\"og:description\" content=\"Ferrocarrils de la Generalitat Valenciana (FGV) ha facilitado la movilidad de un total de 6.127.007 pasajeros en julio entre Metrovalencia y TRAM d&#8217;Alacant, lo que [...]\" \/>\n<meta property=\"og:url\" content=\"https:\/\/ugtfgvalicante.com\/index.php\/2022\/08\/15\/el-tram-dalacant-facilita-en-julio-la-movilidad-de-13-millones-de-pasajeros-un-36-mas\/\" \/>\n<meta property=\"og:site_name\" content=\"FGV Alicante\" \/>\n<meta property=\"article:publisher\" content=\"https:\/\/es-es.facebook.com\/ugt.fgvalicante\/\" \/>\n<meta property=\"article:published_time\" content=\"2022-08-15T20:10:18+00:00\" \/>\n<meta property=\"article:modified_time\" content=\"2022-08-15T20:12:00+00:00\" \/>\n<meta property=\"og:image\" content=\"https:\/\/ugtfgvalicante.com\/wp-content\/uploads\/2022\/08\/metrovalencia_NoticiaAmpliada.jpg\" \/>\n\t<meta property=\"og:image:width\" content=\"768\" \/>\n\t<meta property=\"og:image:height\" content=\"512\" \/>\n\t<meta property=\"og:image:type\" content=\"image\/jpeg\" \/>\n<meta name=\"author\" content=\"Ugt FGV Alicante\" \/>\n<meta name=\"twitter:card\" content=\"summary_large_image\" \/>\n<meta name=\"twitter:label1\" content=\"Escrito por\" \/>\n\t<meta name=\"twitter:data1\" content=\"Ugt FGV Alicante\" \/>\n\t<meta name=\"twitter:label2\" content=\"Tiempo de lectura\" \/>\n\t<meta name=\"twitter:data2\" content=\"3 minutos\" \/>\n<script type=\"application\/ld+json\" class=\"yoast-schema-graph\">{\"@context\":\"https:\/\/schema.org\",\"@graph\":[{\"@type\":\"Article\",\"@id\":\"https:\/\/ugtfgvalicante.com\/index.php\/2022\/08\/15\/el-tram-dalacant-facilita-en-julio-la-movilidad-de-13-millones-de-pasajeros-un-36-mas\/#article\",\"isPartOf\":{\"@id\":\"https:\/\/ugtfgvalicante.com\/index.php\/2022\/08\/15\/el-tram-dalacant-facilita-en-julio-la-movilidad-de-13-millones-de-pasajeros-un-36-mas\/\"},\"author\":{\"name\":\"Ugt FGV Alicante\",\"@id\":\"https:\/\/ugtfgvalicante.com\/#\/schema\/person\/a1375a9c1ef53e624aa79c34b93b62e8\"},\"headline\":\"El Tram d&#8217;Alacant facilita en julio\u00a0la movilidad de 1,3 millones de pasajeros: un 36% m\u00e1s\",\"datePublished\":\"2022-08-15T20:10:18+00:00\",\"dateModified\":\"2022-08-15T20:12:00+00:00\",\"mainEntityOfPage\":{\"@id\":\"https:\/\/ugtfgvalicante.com\/index.php\/2022\/08\/15\/el-tram-dalacant-facilita-en-julio-la-movilidad-de-13-millones-de-pasajeros-un-36-mas\/\"},\"wordCount\":693,\"publisher\":{\"@id\":\"https:\/\/ugtfgvalicante.com\/#organization\"},\"image\":{\"@id\":\"https:\/\/ugtfgvalicante.com\/index.php\/2022\/08\/15\/el-tram-dalacant-facilita-en-julio-la-movilidad-de-13-millones-de-pasajeros-un-36-mas\/#primaryimage\"},\"thumbnailUrl\":\"https:\/\/ugtfgvalicante.com\/wp-content\/uploads\/2022\/08\/metrovalencia_NoticiaAmpliada.jpg\",\"articleSection\":[\"Noticias prensa\"],\"inLanguage\":\"es\"},{\"@type\":\"WebPage\",\"@id\":\"https:\/\/ugtfgvalicante.com\/index.php\/2022\/08\/15\/el-tram-dalacant-facilita-en-julio-la-movilidad-de-13-millones-de-pasajeros-un-36-mas\/\",\"url\":\"https:\/\/ugtfgvalicante.com\/index.php\/2022\/08\/15\/el-tram-dalacant-facilita-en-julio-la-movilidad-de-13-millones-de-pasajeros-un-36-mas\/\",\"name\":\"El Tram d'Alacant facilita en julio\u00a0la movilidad de 1,3 millones de pasajeros: un 36% m\u00e1s - FGV Alicante\",\"isPartOf\":{\"@id\":\"https:\/\/ugtfgvalicante.com\/#website\"},\"primaryImageOfPage\":{\"@id\":\"https:\/\/ugtfgvalicante.com\/index.php\/2022\/08\/15\/el-tram-dalacant-facilita-en-julio-la-movilidad-de-13-millones-de-pasajeros-un-36-mas\/#primaryimage\"},\"image\":{\"@id\":\"https:\/\/ugtfgvalicante.com\/index.php\/2022\/08\/15\/el-tram-dalacant-facilita-en-julio-la-movilidad-de-13-millones-de-pasajeros-un-36-mas\/#primaryimage\"},\"thumbnailUrl\":\"https:\/\/ugtfgvalicante.com\/wp-content\/uploads\/2022\/08\/metrovalencia_NoticiaAmpliada.jpg\",\"datePublished\":\"2022-08-15T20:10:18+00:00\",\"dateModified\":\"2022-08-15T20:12:00+00:00\",\"breadcrumb\":{\"@id\":\"https:\/\/ugtfgvalicante.com\/index.php\/2022\/08\/15\/el-tram-dalacant-facilita-en-julio-la-movilidad-de-13-millones-de-pasajeros-un-36-mas\/#breadcrumb\"},\"inLanguage\":\"es\",\"potentialAction\":[{\"@type\":\"ReadAction\",\"target\":[\"https:\/\/ugtfgvalicante.com\/index.php\/2022\/08\/15\/el-tram-dalacant-facilita-en-julio-la-movilidad-de-13-millones-de-pasajeros-un-36-mas\/\"]}]},{\"@type\":\"ImageObject\",\"inLanguage\":\"es\",\"@id\":\"https:\/\/ugtfgvalicante.com\/index.php\/2022\/08\/15\/el-tram-dalacant-facilita-en-julio-la-movilidad-de-13-millones-de-pasajeros-un-36-mas\/#primaryimage\",\"url\":\"https:\/\/ugtfgvalicante.com\/wp-content\/uploads\/2022\/08\/metrovalencia_NoticiaAmpliada.jpg\",\"contentUrl\":\"https:\/\/ugtfgvalicante.com\/wp-content\/uploads\/2022\/08\/metrovalencia_NoticiaAmpliada.jpg\",\"width\":768,\"height\":512},{\"@type\":\"BreadcrumbList\",\"@id\":\"https:\/\/ugtfgvalicante.com\/index.php\/2022\/08\/15\/el-tram-dalacant-facilita-en-julio-la-movilidad-de-13-millones-de-pasajeros-un-36-mas\/#breadcrumb\",\"itemListElement\":[{\"@type\":\"ListItem\",\"position\":1,\"name\":\"Portada\",\"item\":\"https:\/\/ugtfgvalicante.com\/\"},{\"@type\":\"ListItem\",\"position\":2,\"name\":\"El Tram d&#8217;Alacant facilita en julio\u00a0la movilidad de 1,3 millones de pasajeros: un 36% m\u00e1s\"}]},{\"@type\":\"WebSite\",\"@id\":\"https:\/\/ugtfgvalicante.com\/#website\",\"url\":\"https:\/\/ugtfgvalicante.com\/\",\"name\":\"FGV Alicante\",\"description\":\"\",\"publisher\":{\"@id\":\"https:\/\/ugtfgvalicante.com\/#organization\"},\"potentialAction\":[{\"@type\":\"SearchAction\",\"target\":{\"@type\":\"EntryPoint\",\"urlTemplate\":\"https:\/\/ugtfgvalicante.com\/?s={search_term_string}\"},\"query-input\":{\"@type\":\"PropertyValueSpecification\",\"valueRequired\":true,\"valueName\":\"search_term_string\"}}],\"inLanguage\":\"es\"},{\"@type\":\"Organization\",\"@id\":\"https:\/\/ugtfgvalicante.com\/#organization\",\"name\":\"UGT FGV Alicante\",\"url\":\"https:\/\/ugtfgvalicante.com\/\",\"logo\":{\"@type\":\"ImageObject\",\"inLanguage\":\"es\",\"@id\":\"https:\/\/ugtfgvalicante.com\/#\/schema\/logo\/image\/\",\"url\":\"https:\/\/ugtfgvalicante.com\/wp-content\/uploads\/2022\/10\/logo-ugt-web.png\",\"contentUrl\":\"https:\/\/ugtfgvalicante.com\/wp-content\/uploads\/2022\/10\/logo-ugt-web.png\",\"width\":2283,\"height\":1126,\"caption\":\"UGT FGV Alicante\"},\"image\":{\"@id\":\"https:\/\/ugtfgvalicante.com\/#\/schema\/logo\/image\/\"},\"sameAs\":[\"https:\/\/es-es.facebook.com\/ugt.fgvalicante\/\"]},{\"@type\":\"Person\",\"@id\":\"https:\/\/ugtfgvalicante.com\/#\/schema\/person\/a1375a9c1ef53e624aa79c34b93b62e8\",\"name\":\"Ugt FGV Alicante\",\"image\":{\"@type\":\"ImageObject\",\"inLanguage\":\"es\",\"@id\":\"https:\/\/ugtfgvalicante.com\/#\/schema\/person\/image\/\",\"url\":\"https:\/\/secure.gravatar.com\/avatar\/ea41cd8456808460c6c0caa1a213c3c921573555df6b57a7ee2f16fb6f502866?s=96&d=mm&r=g\",\"contentUrl\":\"https:\/\/secure.gravatar.com\/avatar\/ea41cd8456808460c6c0caa1a213c3c921573555df6b57a7ee2f16fb6f502866?s=96&d=mm&r=g\",\"caption\":\"Ugt FGV Alicante\"},\"url\":\"https:\/\/ugtfgvalicante.com\/index.php\/author\/ggrau\/\"}]}<\/script>\n<!-- \/ Yoast SEO plugin. -->","yoast_head_json":{"title":"El Tram d'Alacant facilita en julio\u00a0la movilidad de 1,3 millones de pasajeros: un 36% m\u00e1s - FGV Alicante","robots":{"index":"index","follow":"follow","max-snippet":"max-snippet:-1","max-image-preview":"max-image-preview:large","max-video-preview":"max-video-preview:-1"},"canonical":"https:\/\/ugtfgvalicante.com\/index.php\/2022\/08\/15\/el-tram-dalacant-facilita-en-julio-la-movilidad-de-13-millones-de-pasajeros-un-36-mas\/","og_locale":"es_ES","og_type":"article","og_title":"El Tram d'Alacant facilita en julio\u00a0la movilidad de 1,3 millones de pasajeros: un 36% m\u00e1s - FGV Alicante","og_description":"Ferrocarrils de la Generalitat Valenciana (FGV) ha facilitado la movilidad de un total de 6.127.007 pasajeros en julio entre Metrovalencia y TRAM d&#8217;Alacant, lo que [...]","og_url":"https:\/\/ugtfgvalicante.com\/index.php\/2022\/08\/15\/el-tram-dalacant-facilita-en-julio-la-movilidad-de-13-millones-de-pasajeros-un-36-mas\/","og_site_name":"FGV Alicante","article_publisher":"https:\/\/es-es.facebook.com\/ugt.fgvalicante\/","article_published_time":"2022-08-15T20:10:18+00:00","article_modified_time":"2022-08-15T20:12:00+00:00","og_image":[{"width":768,"height":512,"url":"https:\/\/ugtfgvalicante.com\/wp-content\/uploads\/2022\/08\/metrovalencia_NoticiaAmpliada.jpg","type":"image\/jpeg"}],"author":"Ugt FGV Alicante","twitter_card":"summary_large_image","twitter_misc":{"Escrito por":"Ugt FGV Alicante","Tiempo de lectura":"3 minutos"},"schema":{"@context":"https:\/\/schema.org","@graph":[{"@type":"Article","@id":"https:\/\/ugtfgvalicante.com\/index.php\/2022\/08\/15\/el-tram-dalacant-facilita-en-julio-la-movilidad-de-13-millones-de-pasajeros-un-36-mas\/#article","isPartOf":{"@id":"https:\/\/ugtfgvalicante.com\/index.php\/2022\/08\/15\/el-tram-dalacant-facilita-en-julio-la-movilidad-de-13-millones-de-pasajeros-un-36-mas\/"},"author":{"name":"Ugt FGV Alicante","@id":"https:\/\/ugtfgvalicante.com\/#\/schema\/person\/a1375a9c1ef53e624aa79c34b93b62e8"},"headline":"El Tram d&#8217;Alacant facilita en julio\u00a0la movilidad de 1,3 millones de pasajeros: un 36% m\u00e1s","datePublished":"2022-08-15T20:10:18+00:00","dateModified":"2022-08-15T20:12:00+00:00","mainEntityOfPage":{"@id":"https:\/\/ugtfgvalicante.com\/index.php\/2022\/08\/15\/el-tram-dalacant-facilita-en-julio-la-movilidad-de-13-millones-de-pasajeros-un-36-mas\/"},"wordCount":693,"publisher":{"@id":"https:\/\/ugtfgvalicante.com\/#organization"},"image":{"@id":"https:\/\/ugtfgvalicante.com\/index.php\/2022\/08\/15\/el-tram-dalacant-facilita-en-julio-la-movilidad-de-13-millones-de-pasajeros-un-36-mas\/#primaryimage"},"thumbnailUrl":"https:\/\/ugtfgvalicante.com\/wp-content\/uploads\/2022\/08\/metrovalencia_NoticiaAmpliada.jpg","articleSection":["Noticias prensa"],"inLanguage":"es"},{"@type":"WebPage","@id":"https:\/\/ugtfgvalicante.com\/index.php\/2022\/08\/15\/el-tram-dalacant-facilita-en-julio-la-movilidad-de-13-millones-de-pasajeros-un-36-mas\/","url":"https:\/\/ugtfgvalicante.com\/index.php\/2022\/08\/15\/el-tram-dalacant-facilita-en-julio-la-movilidad-de-13-millones-de-pasajeros-un-36-mas\/","name":"El Tram d'Alacant facilita en julio\u00a0la movilidad de 1,3 millones de pasajeros: un 36% m\u00e1s - FGV Alicante","isPartOf":{"@id":"https:\/\/ugtfgvalicante.com\/#website"},"primaryImageOfPage":{"@id":"https:\/\/ugtfgvalicante.com\/index.php\/2022\/08\/15\/el-tram-dalacant-facilita-en-julio-la-movilidad-de-13-millones-de-pasajeros-un-36-mas\/#primaryimage"},"image":{"@id":"https:\/\/ugtfgvalicante.com\/index.php\/2022\/08\/15\/el-tram-dalacant-facilita-en-julio-la-movilidad-de-13-millones-de-pasajeros-un-36-mas\/#primaryimage"},"thumbnailUrl":"https:\/\/ugtfgvalicante.com\/wp-content\/uploads\/2022\/08\/metrovalencia_NoticiaAmpliada.jpg","datePublished":"2022-08-15T20:10:18+00:00","dateModified":"2022-08-15T20:12:00+00:00","breadcrumb":{"@id":"https:\/\/ugtfgvalicante.com\/index.php\/2022\/08\/15\/el-tram-dalacant-facilita-en-julio-la-movilidad-de-13-millones-de-pasajeros-un-36-mas\/#breadcrumb"},"inLanguage":"es","potentialAction":[{"@type":"ReadAction","target":["https:\/\/ugtfgvalicante.com\/index.php\/2022\/08\/15\/el-tram-dalacant-facilita-en-julio-la-movilidad-de-13-millones-de-pasajeros-un-36-mas\/"]}]},{"@type":"ImageObject","inLanguage":"es","@id":"https:\/\/ugtfgvalicante.com\/index.php\/2022\/08\/15\/el-tram-dalacant-facilita-en-julio-la-movilidad-de-13-millones-de-pasajeros-un-36-mas\/#primaryimage","url":"https:\/\/ugtfgvalicante.com\/wp-content\/uploads\/2022\/08\/metrovalencia_NoticiaAmpliada.jpg","contentUrl":"https:\/\/ugtfgvalicante.com\/wp-content\/uploads\/2022\/08\/metrovalencia_NoticiaAmpliada.jpg","width":768,"height":512},{"@type":"BreadcrumbList","@id":"https:\/\/ugtfgvalicante.com\/index.php\/2022\/08\/15\/el-tram-dalacant-facilita-en-julio-la-movilidad-de-13-millones-de-pasajeros-un-36-mas\/#breadcrumb","itemListElement":[{"@type":"ListItem","position":1,"name":"Portada","item":"https:\/\/ugtfgvalicante.com\/"},{"@type":"ListItem","position":2,"name":"El Tram d&#8217;Alacant facilita en julio\u00a0la movilidad de 1,3 millones de pasajeros: un 36% m\u00e1s"}]},{"@type":"WebSite","@id":"https:\/\/ugtfgvalicante.com\/#website","url":"https:\/\/ugtfgvalicante.com\/","name":"FGV Alicante","description":"","publisher":{"@id":"https:\/\/ugtfgvalicante.com\/#organization"},"potentialAction":[{"@type":"SearchAction","target":{"@type":"EntryPoint","urlTemplate":"https:\/\/ugtfgvalicante.com\/?s={search_term_string}"},"query-input":{"@type":"PropertyValueSpecification","valueRequired":true,"valueName":"search_term_string"}}],"inLanguage":"es"},{"@type":"Organization","@id":"https:\/\/ugtfgvalicante.com\/#organization","name":"UGT FGV Alicante","url":"https:\/\/ugtfgvalicante.com\/","logo":{"@type":"ImageObject","inLanguage":"es","@id":"https:\/\/ugtfgvalicante.com\/#\/schema\/logo\/image\/","url":"https:\/\/ugtfgvalicante.com\/wp-content\/uploads\/2022\/10\/logo-ugt-web.png","contentUrl":"https:\/\/ugtfgvalicante.com\/wp-content\/uploads\/2022\/10\/logo-ugt-web.png","width":2283,"height":1126,"caption":"UGT FGV Alicante"},"image":{"@id":"https:\/\/ugtfgvalicante.com\/#\/schema\/logo\/image\/"},"sameAs":["https:\/\/es-es.facebook.com\/ugt.fgvalicante\/"]},{"@type":"Person","@id":"https:\/\/ugtfgvalicante.com\/#\/schema\/person\/a1375a9c1ef53e624aa79c34b93b62e8","name":"Ugt FGV Alicante","image":{"@type":"ImageObject","inLanguage":"es","@id":"https:\/\/ugtfgvalicante.com\/#\/schema\/person\/image\/","url":"https:\/\/secure.gravatar.com\/avatar\/ea41cd8456808460c6c0caa1a213c3c921573555df6b57a7ee2f16fb6f502866?s=96&d=mm&r=g","contentUrl":"https:\/\/secure.gravatar.com\/avatar\/ea41cd8456808460c6c0caa1a213c3c921573555df6b57a7ee2f16fb6f502866?s=96&d=mm&r=g","caption":"Ugt FGV Alicante"},"url":"https:\/\/ugtfgvalicante.com\/index.php\/author\/ggrau\/"}]}},"_links":{"self":[{"href":"https:\/\/ugtfgvalicante.com\/index.php\/wp-json\/wp\/v2\/posts\/146","targetHints":{"allow":["GET"]}}],"collection":[{"href":"https:\/\/ugtfgvalicante.com\/index.php\/wp-json\/wp\/v2\/posts"}],"about":[{"href":"https:\/\/ugtfgvalicante.com\/index.php\/wp-json\/wp\/v2\/types\/post"}],"author":[{"embeddable":true,"href":"https:\/\/ugtfgvalicante.com\/index.php\/wp-json\/wp\/v2\/users\/4"}],"replies":[{"embeddable":true,"href":"https:\/\/ugtfgvalicante.com\/index.php\/wp-json\/wp\/v2\/comments?post=146"}],"version-history":[{"count":2,"href":"https:\/\/ugtfgvalicante.com\/index.php\/wp-json\/wp\/v2\/posts\/146\/revisions"}],"predecessor-version":[{"id":149,"href":"https:\/\/ugtfgvalicante.com\/index.php\/wp-json\/wp\/v2\/posts\/146\/revisions\/149"}],"wp:featuredmedia":[{"embeddable":true,"href":"https:\/\/ugtfgvalicante.com\/index.php\/wp-json\/wp\/v2\/media\/147"}],"wp:attachment":[{"href":"https:\/\/ugtfgvalicante.com\/index.php\/wp-json\/wp\/v2\/media?parent=146"}],"wp:term":[{"taxonomy":"category","embeddable":true,"href":"https:\/\/ugtfgvalicante.com\/index.php\/wp-json\/wp\/v2\/categories?post=146"},{"taxonomy":"post_tag","embeddable":true,"href":"https:\/\/ugtfgvalicante.com\/index.php\/wp-json\/wp\/v2\/tags?post=146"}],"curies":[{"name":"wp","href":"https:\/\/api.w.org\/{rel}","templated":true}]}}