{"id":161,"date":"2022-09-25T09:00:33","date_gmt":"2022-09-25T09:00:33","guid":{"rendered":"https:\/\/ugtfgvalicante.com\/?p=161"},"modified":"2022-09-25T09:00:33","modified_gmt":"2022-09-25T09:00:33","slug":"el-tranvia-pesca-pasajeros-ante-el-colapso-viario-que-sufren-los-accesos-a-la-universidad-de-alicante","status":"publish","type":"post","link":"https:\/\/ugtfgvalicante.com\/index.php\/2022\/09\/25\/el-tranvia-pesca-pasajeros-ante-el-colapso-viario-que-sufren-los-accesos-a-la-universidad-de-alicante\/","title":{"rendered":"El tranv\u00eda pesca pasajeros ante el colapso viario que sufren los accesos a la Universidad de Alicante"},"content":{"rendered":"\n<p>El movimiento de pasajeros con destino\/origen en el campus de San Vicente alcanza los 50.000 mensuales<\/p>\n\n\n\n<p>El&nbsp;<strong>TRAM pesca pasajeros<\/strong>&nbsp;en los accesos a la Universidad de Alicante.&nbsp;<strong>La mala situaci\u00f3n de la entrada viaria al Campus de San Vicente&nbsp;<\/strong>por la saturaci\u00f3n que se viven todas las ma\u00f1ana y en la horas punta en la circunvalaci\u00f3n, la A-7 hacia Elche y la A-31 entre Alicante y Elda ha tenido un derivada positiva para el tranv\u00eda, y, en concreto, para la l\u00ednea 2 (<strong>Alicante-San Vicente<\/strong>), que ha ganado un 6% de pasajeros desde el levantamiento de las restricciones a la movilidad, y tiene ya&nbsp;<strong>50.000 pasajeros mensuales<\/strong>. Viajeros, todos universitarios, que llegan a coger el tranv\u00eda no solo desde la ciudad de Alicante, sino tambi\u00e9n desde Benidorm, La Vila y hasta de la Marina Alta. La gran aceptaci\u00f3n el&nbsp;<a href=\"https:\/\/www.informacion.es\/alicante\/2022\/09\/02\/tram-alicante-horarios-precios-trayectos-62189880.html\">TRAM<\/a>&nbsp;coincide, adem\u00e1s, con la&nbsp;<strong>bajada del precio&nbsp;<\/strong>de los abonos para viajar en tranv\u00eda.<\/p>\n\n\n\n<p>Los<strong>&nbsp;datos del tr\u00e1fico de viajeros<\/strong>&nbsp;forman parte de un informe de Ferrocarriles de la Generalitat relativo a la primera quincena de este mes de septiembre, cuando ya estaban vigentes las medidas de ahorro adicionales en el transporte p\u00fablico, cofinanciadas por el Gobierno y la Generalitat, y que suponen un 30% de descuento, que se prolongar\u00e1 hasta finales de a\u00f1o.<\/p>\n\n\n\n<p>A estas medidas tambi\u00e9n hay que a\u00f1adir, seg\u00fan recuerda&nbsp;<strong>FGV,<\/strong>&nbsp;que durante este primer trimestre del curso los estudiantes pueden viajar gratis en Cercan\u00edas y Media Distancia y el descuento previo de hasta un 50% que supuso que la Generalitat simplificara el plano zonal del TRAM pasando de seis zonas a tres.<\/p>\n\n\n\n<p>La L\u00ednea 2 Luceros-Sant Vicent del Raspeig es la l\u00ednea que m\u00e1s viajeros desplaza del metropolitano de Alicante y tiene en su parada de Universitat, el apeadero m\u00e1s utilizado por los y las estudiantes de la&nbsp;<strong>Universidad de Alicante<\/strong>.<\/p>\n\n\n\n<p>Los viajeros que llegan a esta parada a diario provienen mayoritariamente de la zona TAM (l\u00b4Alacant\u00ed), pero tambi\u00e9n de otros destinos, como La Vila, El Campello o Benidorm, gracias a las interconexiones de distintas l\u00edneas de la red de&nbsp;<strong>Ferrocarrils de la Generalitat Valenciana.<\/strong><\/p>\n\n\n\n<p>\u201cEn un desplazamiento c\u00f3modo, r\u00e1pido y seguro, el trayecto desde la estaci\u00f3n de Marq-Castillo a la parada de Universitat, ambas en la citada L\u00ednea 2, es de aproximadamente 20 minutos, mientras que el de paradas menos cercanas, como la de Holanda de la L4 y L5, es de entre 40 y 45 minutos, con el transbordo en\u00a0<strong>Marq-Castillo<\/strong>\u00a0incluido\u201d, apuntan desde FGV.<\/p>\n\n\n\n<p>Los viajeros que llegan a la Universidad desde fuera del&nbsp;<strong>\u00e1rea metropolitana de Alicante<\/strong>&nbsp;o desde la zona norte de la ciudad transbordan en la parada de Marq-Castillo para redirigirse hacia la Universidad. En el caso de los universitarios que se mueven por la zona TAM, el \u00e1rea de transporte de Alicante ciudad y su \u00e1rea metropolitana, por la que se puede viajar con autob\u00fas y el TRAM, indistintamente, con el mismo t\u00edtulo van a poder ahorrar un 30% este curso en los t\u00edtulos multiviaje y los abonos, gracias al descuento cofinanciado por la Generalitat y el Gobierno.<\/p>\n\n\n\n<p>Un estudiante que se mueva por la zona&nbsp;<strong>TAM<\/strong>&nbsp;a partir de este nuevo curso pagar\u00e1 por un&nbsp;<strong>t\u00edtulo de 10 viajes 6\u201905 euros<\/strong>&nbsp;en vez de 8\u201970 euros, si no dispone de Carnet Jove y no quiere pagar un abono de m\u00e1s viajes.<\/p>\n\n\n\n<p>Si en cambio opta por comprar un bono\u00a0<strong>M\u00f3bilis Jove de 30 viajes<\/strong>\u00a0el precio se reduce hasta a\u00a0<strong>14,8 euros<\/strong>, frente a los 21,20 euros al mes que pagaba antes. En el caso del\u00a0<strong>bono escolar de 30 viajes el precio pasa de 16,50 a 11,55 euros<\/strong>. Estos \u00faltimos bonos son tambi\u00e9n de 30 viajes y est\u00e1n dirigidos a alumnos de entre 4 y 15 a\u00f1os, ambos inclusive.<\/p>\n\n\n\n<p>A los y las estudiantes que provengan de la comarca de&nbsp;<strong>l\u2019Alacant\u00ed,&nbsp;<\/strong>pero no pertenezcan a la zona TAM (Alicante y \u00c1rea Metropolitana), de la Marina Alta o la Marina Baja les beneficiar\u00e1 la bajada de precio de hasta un 50% aplicada por la Generalitat en junio debido a la simplificaci\u00f3n de zonas y el descuento adicional de un 30%.<\/p>\n\n\n\n<p>Por tanto, un estudiante de localidades como&nbsp;<strong>Benidorm, La Vila, El Campello<\/strong>&nbsp;o m\u00e1s lejanas, como Calp, que se desplacen hasta Alicante a estudiar pasar\u00e1 de pagar e 21 y 40 euros por un bono de 10 viajes que abonaban en el curso pasado a pagar entre 8\u20194 euros y 14 euros, como m\u00e1ximo, dependiendo del lugar donde comiencen su viaje.<\/p>\n\n\n\n<p>Como precio m\u00e1s competitivo y si los alumnos tienen<strong>\u00a0Carnet Jove<\/strong>\u00a0podr\u00e1n comprar, a partir de este curso, un Bono 30 Jove que costar\u00e1 entre 20\u20194 y 34 euros y permite realizar 40 viajes, frente a los 59 y 96 euros respectivamente que se pagaban anteriormente.<\/p>\n\n\n\n<p>El comienzo del curso en la<strong>&nbsp;Universidad de Alicante,<\/strong>&nbsp;campus en el que llegan a juntarse todos los d\u00edas hasta 30.000 personas entre alumnos, profesores y personal no docente ha vuelto a colapsar el acceso viario a la Universidad, al que se suman los problemas para circular por la autov\u00eda-70, que en el tramo entre Elche y El Campello soporta una intensidad de tr\u00e1fico de cien veh\u00edculos diarios. La situaci\u00f3n es desesperante en todos los sentidos del acceso, tanto en direcci\u00f3n Valencia, como Murcia, como si los veh\u00edculos llegan desde el Alto y Medio Vinalop\u00f3 o, sencillamente, si acceden a la rotonda desde la autov\u00eda para entrar en Alicante. Un tr\u00e1fico que no es universitario pero que genera tambi\u00e9n atascos.<\/p>\n\n\n\n<p>Un situaci\u00f3n que provoca que profesores y alumnos lleguen tarde a clase o tengan que salir de casa una hora antes, pues a los atascos y retenciones que impulsan el absentismo universitario?. complicaciones del intenso tr\u00e1fico viario se suma el hecho de que el transporte p\u00fablico, a excepci\u00f3n de las lineas de autob\u00fas, TRAM y Renfe que conectan la propia ciudad de Alicante con la UA es deficiente. Conclusi\u00f3n: todos los d\u00edas, coincidiendo con las horas de entrada o salida del campus, las retenciones en la\u00a0<strong>A-70 son kilom\u00e9tricas<\/strong>.\u00a0<\/p>\n\n\n\n<p>Fuente: <a href=\"https:\/\/www.informacion.es\/alicante\/2022\/09\/23\/tranvia-pesca-pasajeros-colapso-viario-75796131.html\">informaci\u00f3n.es<\/a><\/p>\n","protected":false},"excerpt":{"rendered":"<div class=\"mh-excerpt\"><p>El movimiento de pasajeros con destino\/origen en el campus de San Vicente alcanza los 50.000 mensuales El&nbsp;TRAM pesca pasajeros&nbsp;en los accesos a la Universidad de <a class=\"mh-excerpt-more\" href=\"https:\/\/ugtfgvalicante.com\/index.php\/2022\/09\/25\/el-tranvia-pesca-pasajeros-ante-el-colapso-viario-que-sufren-los-accesos-a-la-universidad-de-alicante\/\" title=\"El tranv\u00eda pesca pasajeros ante el colapso viario que sufren los accesos a la Universidad de Alicante\">[&#8230;]<\/a><\/p>\n<\/div>","protected":false},"author":4,"featured_media":162,"comment_status":"closed","ping_status":"","sticky":false,"template":"","format":"standard","meta":{"footnotes":""},"categories":[5],"tags":[],"class_list":["post-161","post","type-post","status-publish","format-standard","has-post-thumbnail","hentry","category-noticias-prensa"],"yoast_head":"<!-- This site is optimized with the Yoast SEO plugin v26.6 - https:\/\/yoast.com\/wordpress\/plugins\/seo\/ -->\n<title>El tranv\u00eda pesca pasajeros ante el colapso viario que sufren los accesos a la Universidad de Alicante - FGV Alicante<\/title>\n<meta name=\"robots\" content=\"index, follow, max-snippet:-1, max-image-preview:large, max-video-preview:-1\" \/>\n<link rel=\"canonical\" href=\"https:\/\/ugtfgvalicante.com\/index.php\/2022\/09\/25\/el-tranvia-pesca-pasajeros-ante-el-colapso-viario-que-sufren-los-accesos-a-la-universidad-de-alicante\/\" \/>\n<meta property=\"og:locale\" content=\"es_ES\" \/>\n<meta property=\"og:type\" content=\"article\" \/>\n<meta property=\"og:title\" content=\"El tranv\u00eda pesca pasajeros ante el colapso viario que sufren los accesos a la Universidad de Alicante - FGV Alicante\" \/>\n<meta property=\"og:description\" content=\"El movimiento de pasajeros con destino\/origen en el campus de San Vicente alcanza los 50.000 mensuales El&nbsp;TRAM pesca pasajeros&nbsp;en los accesos a la Universidad de [...]\" \/>\n<meta property=\"og:url\" content=\"https:\/\/ugtfgvalicante.com\/index.php\/2022\/09\/25\/el-tranvia-pesca-pasajeros-ante-el-colapso-viario-que-sufren-los-accesos-a-la-universidad-de-alicante\/\" \/>\n<meta property=\"og:site_name\" content=\"FGV Alicante\" \/>\n<meta property=\"article:publisher\" content=\"https:\/\/es-es.facebook.com\/ugt.fgvalicante\/\" \/>\n<meta property=\"article:published_time\" content=\"2022-09-25T09:00:33+00:00\" \/>\n<meta property=\"og:image\" content=\"https:\/\/ugtfgvalicante.com\/wp-content\/uploads\/2022\/09\/46379d22-7695-4e34-a942-93cf3a174e93_16-9-discover-aspect-ratio_default_0.jpg\" \/>\n\t<meta property=\"og:image:width\" content=\"1200\" \/>\n\t<meta property=\"og:image:height\" content=\"675\" \/>\n\t<meta property=\"og:image:type\" content=\"image\/jpeg\" \/>\n<meta name=\"author\" content=\"Ugt FGV Alicante\" \/>\n<meta name=\"twitter:card\" content=\"summary_large_image\" \/>\n<meta name=\"twitter:label1\" content=\"Escrito por\" \/>\n\t<meta name=\"twitter:data1\" content=\"Ugt FGV Alicante\" \/>\n\t<meta name=\"twitter:label2\" content=\"Tiempo de lectura\" \/>\n\t<meta name=\"twitter:data2\" content=\"5 minutos\" \/>\n<script type=\"application\/ld+json\" class=\"yoast-schema-graph\">{\"@context\":\"https:\/\/schema.org\",\"@graph\":[{\"@type\":\"Article\",\"@id\":\"https:\/\/ugtfgvalicante.com\/index.php\/2022\/09\/25\/el-tranvia-pesca-pasajeros-ante-el-colapso-viario-que-sufren-los-accesos-a-la-universidad-de-alicante\/#article\",\"isPartOf\":{\"@id\":\"https:\/\/ugtfgvalicante.com\/index.php\/2022\/09\/25\/el-tranvia-pesca-pasajeros-ante-el-colapso-viario-que-sufren-los-accesos-a-la-universidad-de-alicante\/\"},\"author\":{\"name\":\"Ugt FGV Alicante\",\"@id\":\"https:\/\/ugtfgvalicante.com\/#\/schema\/person\/a1375a9c1ef53e624aa79c34b93b62e8\"},\"headline\":\"El tranv\u00eda pesca pasajeros ante el colapso viario que sufren los accesos a la Universidad de Alicante\",\"datePublished\":\"2022-09-25T09:00:33+00:00\",\"mainEntityOfPage\":{\"@id\":\"https:\/\/ugtfgvalicante.com\/index.php\/2022\/09\/25\/el-tranvia-pesca-pasajeros-ante-el-colapso-viario-que-sufren-los-accesos-a-la-universidad-de-alicante\/\"},\"wordCount\":1072,\"publisher\":{\"@id\":\"https:\/\/ugtfgvalicante.com\/#organization\"},\"image\":{\"@id\":\"https:\/\/ugtfgvalicante.com\/index.php\/2022\/09\/25\/el-tranvia-pesca-pasajeros-ante-el-colapso-viario-que-sufren-los-accesos-a-la-universidad-de-alicante\/#primaryimage\"},\"thumbnailUrl\":\"https:\/\/ugtfgvalicante.com\/wp-content\/uploads\/2022\/09\/46379d22-7695-4e34-a942-93cf3a174e93_16-9-discover-aspect-ratio_default_0.jpg\",\"articleSection\":[\"Noticias prensa\"],\"inLanguage\":\"es\"},{\"@type\":\"WebPage\",\"@id\":\"https:\/\/ugtfgvalicante.com\/index.php\/2022\/09\/25\/el-tranvia-pesca-pasajeros-ante-el-colapso-viario-que-sufren-los-accesos-a-la-universidad-de-alicante\/\",\"url\":\"https:\/\/ugtfgvalicante.com\/index.php\/2022\/09\/25\/el-tranvia-pesca-pasajeros-ante-el-colapso-viario-que-sufren-los-accesos-a-la-universidad-de-alicante\/\",\"name\":\"El tranv\u00eda pesca pasajeros ante el colapso viario que sufren los accesos a la Universidad de Alicante - FGV Alicante\",\"isPartOf\":{\"@id\":\"https:\/\/ugtfgvalicante.com\/#website\"},\"primaryImageOfPage\":{\"@id\":\"https:\/\/ugtfgvalicante.com\/index.php\/2022\/09\/25\/el-tranvia-pesca-pasajeros-ante-el-colapso-viario-que-sufren-los-accesos-a-la-universidad-de-alicante\/#primaryimage\"},\"image\":{\"@id\":\"https:\/\/ugtfgvalicante.com\/index.php\/2022\/09\/25\/el-tranvia-pesca-pasajeros-ante-el-colapso-viario-que-sufren-los-accesos-a-la-universidad-de-alicante\/#primaryimage\"},\"thumbnailUrl\":\"https:\/\/ugtfgvalicante.com\/wp-content\/uploads\/2022\/09\/46379d22-7695-4e34-a942-93cf3a174e93_16-9-discover-aspect-ratio_default_0.jpg\",\"datePublished\":\"2022-09-25T09:00:33+00:00\",\"breadcrumb\":{\"@id\":\"https:\/\/ugtfgvalicante.com\/index.php\/2022\/09\/25\/el-tranvia-pesca-pasajeros-ante-el-colapso-viario-que-sufren-los-accesos-a-la-universidad-de-alicante\/#breadcrumb\"},\"inLanguage\":\"es\",\"potentialAction\":[{\"@type\":\"ReadAction\",\"target\":[\"https:\/\/ugtfgvalicante.com\/index.php\/2022\/09\/25\/el-tranvia-pesca-pasajeros-ante-el-colapso-viario-que-sufren-los-accesos-a-la-universidad-de-alicante\/\"]}]},{\"@type\":\"ImageObject\",\"inLanguage\":\"es\",\"@id\":\"https:\/\/ugtfgvalicante.com\/index.php\/2022\/09\/25\/el-tranvia-pesca-pasajeros-ante-el-colapso-viario-que-sufren-los-accesos-a-la-universidad-de-alicante\/#primaryimage\",\"url\":\"https:\/\/ugtfgvalicante.com\/wp-content\/uploads\/2022\/09\/46379d22-7695-4e34-a942-93cf3a174e93_16-9-discover-aspect-ratio_default_0.jpg\",\"contentUrl\":\"https:\/\/ugtfgvalicante.com\/wp-content\/uploads\/2022\/09\/46379d22-7695-4e34-a942-93cf3a174e93_16-9-discover-aspect-ratio_default_0.jpg\",\"width\":1200,\"height\":675},{\"@type\":\"BreadcrumbList\",\"@id\":\"https:\/\/ugtfgvalicante.com\/index.php\/2022\/09\/25\/el-tranvia-pesca-pasajeros-ante-el-colapso-viario-que-sufren-los-accesos-a-la-universidad-de-alicante\/#breadcrumb\",\"itemListElement\":[{\"@type\":\"ListItem\",\"position\":1,\"name\":\"Portada\",\"item\":\"https:\/\/ugtfgvalicante.com\/\"},{\"@type\":\"ListItem\",\"position\":2,\"name\":\"El tranv\u00eda pesca pasajeros ante el colapso viario que sufren los accesos a la Universidad de Alicante\"}]},{\"@type\":\"WebSite\",\"@id\":\"https:\/\/ugtfgvalicante.com\/#website\",\"url\":\"https:\/\/ugtfgvalicante.com\/\",\"name\":\"FGV Alicante\",\"description\":\"\",\"publisher\":{\"@id\":\"https:\/\/ugtfgvalicante.com\/#organization\"},\"potentialAction\":[{\"@type\":\"SearchAction\",\"target\":{\"@type\":\"EntryPoint\",\"urlTemplate\":\"https:\/\/ugtfgvalicante.com\/?s={search_term_string}\"},\"query-input\":{\"@type\":\"PropertyValueSpecification\",\"valueRequired\":true,\"valueName\":\"search_term_string\"}}],\"inLanguage\":\"es\"},{\"@type\":\"Organization\",\"@id\":\"https:\/\/ugtfgvalicante.com\/#organization\",\"name\":\"UGT FGV Alicante\",\"url\":\"https:\/\/ugtfgvalicante.com\/\",\"logo\":{\"@type\":\"ImageObject\",\"inLanguage\":\"es\",\"@id\":\"https:\/\/ugtfgvalicante.com\/#\/schema\/logo\/image\/\",\"url\":\"https:\/\/ugtfgvalicante.com\/wp-content\/uploads\/2022\/10\/logo-ugt-web.png\",\"contentUrl\":\"https:\/\/ugtfgvalicante.com\/wp-content\/uploads\/2022\/10\/logo-ugt-web.png\",\"width\":2283,\"height\":1126,\"caption\":\"UGT FGV Alicante\"},\"image\":{\"@id\":\"https:\/\/ugtfgvalicante.com\/#\/schema\/logo\/image\/\"},\"sameAs\":[\"https:\/\/es-es.facebook.com\/ugt.fgvalicante\/\"]},{\"@type\":\"Person\",\"@id\":\"https:\/\/ugtfgvalicante.com\/#\/schema\/person\/a1375a9c1ef53e624aa79c34b93b62e8\",\"name\":\"Ugt FGV Alicante\",\"image\":{\"@type\":\"ImageObject\",\"inLanguage\":\"es\",\"@id\":\"https:\/\/ugtfgvalicante.com\/#\/schema\/person\/image\/\",\"url\":\"https:\/\/secure.gravatar.com\/avatar\/ea41cd8456808460c6c0caa1a213c3c921573555df6b57a7ee2f16fb6f502866?s=96&d=mm&r=g\",\"contentUrl\":\"https:\/\/secure.gravatar.com\/avatar\/ea41cd8456808460c6c0caa1a213c3c921573555df6b57a7ee2f16fb6f502866?s=96&d=mm&r=g\",\"caption\":\"Ugt FGV Alicante\"},\"url\":\"https:\/\/ugtfgvalicante.com\/index.php\/author\/ggrau\/\"}]}<\/script>\n<!-- \/ Yoast SEO plugin. -->","yoast_head_json":{"title":"El tranv\u00eda pesca pasajeros ante el colapso viario que sufren los accesos a la Universidad de Alicante - FGV Alicante","robots":{"index":"index","follow":"follow","max-snippet":"max-snippet:-1","max-image-preview":"max-image-preview:large","max-video-preview":"max-video-preview:-1"},"canonical":"https:\/\/ugtfgvalicante.com\/index.php\/2022\/09\/25\/el-tranvia-pesca-pasajeros-ante-el-colapso-viario-que-sufren-los-accesos-a-la-universidad-de-alicante\/","og_locale":"es_ES","og_type":"article","og_title":"El tranv\u00eda pesca pasajeros ante el colapso viario que sufren los accesos a la Universidad de Alicante - FGV Alicante","og_description":"El movimiento de pasajeros con destino\/origen en el campus de San Vicente alcanza los 50.000 mensuales El&nbsp;TRAM pesca pasajeros&nbsp;en los accesos a la Universidad de [...]","og_url":"https:\/\/ugtfgvalicante.com\/index.php\/2022\/09\/25\/el-tranvia-pesca-pasajeros-ante-el-colapso-viario-que-sufren-los-accesos-a-la-universidad-de-alicante\/","og_site_name":"FGV Alicante","article_publisher":"https:\/\/es-es.facebook.com\/ugt.fgvalicante\/","article_published_time":"2022-09-25T09:00:33+00:00","og_image":[{"width":1200,"height":675,"url":"https:\/\/ugtfgvalicante.com\/wp-content\/uploads\/2022\/09\/46379d22-7695-4e34-a942-93cf3a174e93_16-9-discover-aspect-ratio_default_0.jpg","type":"image\/jpeg"}],"author":"Ugt FGV Alicante","twitter_card":"summary_large_image","twitter_misc":{"Escrito por":"Ugt FGV Alicante","Tiempo de lectura":"5 minutos"},"schema":{"@context":"https:\/\/schema.org","@graph":[{"@type":"Article","@id":"https:\/\/ugtfgvalicante.com\/index.php\/2022\/09\/25\/el-tranvia-pesca-pasajeros-ante-el-colapso-viario-que-sufren-los-accesos-a-la-universidad-de-alicante\/#article","isPartOf":{"@id":"https:\/\/ugtfgvalicante.com\/index.php\/2022\/09\/25\/el-tranvia-pesca-pasajeros-ante-el-colapso-viario-que-sufren-los-accesos-a-la-universidad-de-alicante\/"},"author":{"name":"Ugt FGV Alicante","@id":"https:\/\/ugtfgvalicante.com\/#\/schema\/person\/a1375a9c1ef53e624aa79c34b93b62e8"},"headline":"El tranv\u00eda pesca pasajeros ante el colapso viario que sufren los accesos a la Universidad de Alicante","datePublished":"2022-09-25T09:00:33+00:00","mainEntityOfPage":{"@id":"https:\/\/ugtfgvalicante.com\/index.php\/2022\/09\/25\/el-tranvia-pesca-pasajeros-ante-el-colapso-viario-que-sufren-los-accesos-a-la-universidad-de-alicante\/"},"wordCount":1072,"publisher":{"@id":"https:\/\/ugtfgvalicante.com\/#organization"},"image":{"@id":"https:\/\/ugtfgvalicante.com\/index.php\/2022\/09\/25\/el-tranvia-pesca-pasajeros-ante-el-colapso-viario-que-sufren-los-accesos-a-la-universidad-de-alicante\/#primaryimage"},"thumbnailUrl":"https:\/\/ugtfgvalicante.com\/wp-content\/uploads\/2022\/09\/46379d22-7695-4e34-a942-93cf3a174e93_16-9-discover-aspect-ratio_default_0.jpg","articleSection":["Noticias prensa"],"inLanguage":"es"},{"@type":"WebPage","@id":"https:\/\/ugtfgvalicante.com\/index.php\/2022\/09\/25\/el-tranvia-pesca-pasajeros-ante-el-colapso-viario-que-sufren-los-accesos-a-la-universidad-de-alicante\/","url":"https:\/\/ugtfgvalicante.com\/index.php\/2022\/09\/25\/el-tranvia-pesca-pasajeros-ante-el-colapso-viario-que-sufren-los-accesos-a-la-universidad-de-alicante\/","name":"El tranv\u00eda pesca pasajeros ante el colapso viario que sufren los accesos a la Universidad de Alicante - FGV Alicante","isPartOf":{"@id":"https:\/\/ugtfgvalicante.com\/#website"},"primaryImageOfPage":{"@id":"https:\/\/ugtfgvalicante.com\/index.php\/2022\/09\/25\/el-tranvia-pesca-pasajeros-ante-el-colapso-viario-que-sufren-los-accesos-a-la-universidad-de-alicante\/#primaryimage"},"image":{"@id":"https:\/\/ugtfgvalicante.com\/index.php\/2022\/09\/25\/el-tranvia-pesca-pasajeros-ante-el-colapso-viario-que-sufren-los-accesos-a-la-universidad-de-alicante\/#primaryimage"},"thumbnailUrl":"https:\/\/ugtfgvalicante.com\/wp-content\/uploads\/2022\/09\/46379d22-7695-4e34-a942-93cf3a174e93_16-9-discover-aspect-ratio_default_0.jpg","datePublished":"2022-09-25T09:00:33+00:00","breadcrumb":{"@id":"https:\/\/ugtfgvalicante.com\/index.php\/2022\/09\/25\/el-tranvia-pesca-pasajeros-ante-el-colapso-viario-que-sufren-los-accesos-a-la-universidad-de-alicante\/#breadcrumb"},"inLanguage":"es","potentialAction":[{"@type":"ReadAction","target":["https:\/\/ugtfgvalicante.com\/index.php\/2022\/09\/25\/el-tranvia-pesca-pasajeros-ante-el-colapso-viario-que-sufren-los-accesos-a-la-universidad-de-alicante\/"]}]},{"@type":"ImageObject","inLanguage":"es","@id":"https:\/\/ugtfgvalicante.com\/index.php\/2022\/09\/25\/el-tranvia-pesca-pasajeros-ante-el-colapso-viario-que-sufren-los-accesos-a-la-universidad-de-alicante\/#primaryimage","url":"https:\/\/ugtfgvalicante.com\/wp-content\/uploads\/2022\/09\/46379d22-7695-4e34-a942-93cf3a174e93_16-9-discover-aspect-ratio_default_0.jpg","contentUrl":"https:\/\/ugtfgvalicante.com\/wp-content\/uploads\/2022\/09\/46379d22-7695-4e34-a942-93cf3a174e93_16-9-discover-aspect-ratio_default_0.jpg","width":1200,"height":675},{"@type":"BreadcrumbList","@id":"https:\/\/ugtfgvalicante.com\/index.php\/2022\/09\/25\/el-tranvia-pesca-pasajeros-ante-el-colapso-viario-que-sufren-los-accesos-a-la-universidad-de-alicante\/#breadcrumb","itemListElement":[{"@type":"ListItem","position":1,"name":"Portada","item":"https:\/\/ugtfgvalicante.com\/"},{"@type":"ListItem","position":2,"name":"El tranv\u00eda pesca pasajeros ante el colapso viario que sufren los accesos a la Universidad de Alicante"}]},{"@type":"WebSite","@id":"https:\/\/ugtfgvalicante.com\/#website","url":"https:\/\/ugtfgvalicante.com\/","name":"FGV Alicante","description":"","publisher":{"@id":"https:\/\/ugtfgvalicante.com\/#organization"},"potentialAction":[{"@type":"SearchAction","target":{"@type":"EntryPoint","urlTemplate":"https:\/\/ugtfgvalicante.com\/?s={search_term_string}"},"query-input":{"@type":"PropertyValueSpecification","valueRequired":true,"valueName":"search_term_string"}}],"inLanguage":"es"},{"@type":"Organization","@id":"https:\/\/ugtfgvalicante.com\/#organization","name":"UGT FGV Alicante","url":"https:\/\/ugtfgvalicante.com\/","logo":{"@type":"ImageObject","inLanguage":"es","@id":"https:\/\/ugtfgvalicante.com\/#\/schema\/logo\/image\/","url":"https:\/\/ugtfgvalicante.com\/wp-content\/uploads\/2022\/10\/logo-ugt-web.png","contentUrl":"https:\/\/ugtfgvalicante.com\/wp-content\/uploads\/2022\/10\/logo-ugt-web.png","width":2283,"height":1126,"caption":"UGT FGV Alicante"},"image":{"@id":"https:\/\/ugtfgvalicante.com\/#\/schema\/logo\/image\/"},"sameAs":["https:\/\/es-es.facebook.com\/ugt.fgvalicante\/"]},{"@type":"Person","@id":"https:\/\/ugtfgvalicante.com\/#\/schema\/person\/a1375a9c1ef53e624aa79c34b93b62e8","name":"Ugt FGV Alicante","image":{"@type":"ImageObject","inLanguage":"es","@id":"https:\/\/ugtfgvalicante.com\/#\/schema\/person\/image\/","url":"https:\/\/secure.gravatar.com\/avatar\/ea41cd8456808460c6c0caa1a213c3c921573555df6b57a7ee2f16fb6f502866?s=96&d=mm&r=g","contentUrl":"https:\/\/secure.gravatar.com\/avatar\/ea41cd8456808460c6c0caa1a213c3c921573555df6b57a7ee2f16fb6f502866?s=96&d=mm&r=g","caption":"Ugt FGV Alicante"},"url":"https:\/\/ugtfgvalicante.com\/index.php\/author\/ggrau\/"}]}},"_links":{"self":[{"href":"https:\/\/ugtfgvalicante.com\/index.php\/wp-json\/wp\/v2\/posts\/161","targetHints":{"allow":["GET"]}}],"collection":[{"href":"https:\/\/ugtfgvalicante.com\/index.php\/wp-json\/wp\/v2\/posts"}],"about":[{"href":"https:\/\/ugtfgvalicante.com\/index.php\/wp-json\/wp\/v2\/types\/post"}],"author":[{"embeddable":true,"href":"https:\/\/ugtfgvalicante.com\/index.php\/wp-json\/wp\/v2\/users\/4"}],"replies":[{"embeddable":true,"href":"https:\/\/ugtfgvalicante.com\/index.php\/wp-json\/wp\/v2\/comments?post=161"}],"version-history":[{"count":1,"href":"https:\/\/ugtfgvalicante.com\/index.php\/wp-json\/wp\/v2\/posts\/161\/revisions"}],"predecessor-version":[{"id":163,"href":"https:\/\/ugtfgvalicante.com\/index.php\/wp-json\/wp\/v2\/posts\/161\/revisions\/163"}],"wp:featuredmedia":[{"embeddable":true,"href":"https:\/\/ugtfgvalicante.com\/index.php\/wp-json\/wp\/v2\/media\/162"}],"wp:attachment":[{"href":"https:\/\/ugtfgvalicante.com\/index.php\/wp-json\/wp\/v2\/media?parent=161"}],"wp:term":[{"taxonomy":"category","embeddable":true,"href":"https:\/\/ugtfgvalicante.com\/index.php\/wp-json\/wp\/v2\/categories?post=161"},{"taxonomy":"post_tag","embeddable":true,"href":"https:\/\/ugtfgvalicante.com\/index.php\/wp-json\/wp\/v2\/tags?post=161"}],"curies":[{"name":"wp","href":"https:\/\/api.w.org\/{rel}","templated":true}]}}