{"id":241,"date":"2022-11-06T09:01:28","date_gmt":"2022-11-06T09:01:28","guid":{"rendered":"https:\/\/ugtfgvalicante.com\/?p=241"},"modified":"2022-11-06T09:01:29","modified_gmt":"2022-11-06T09:01:29","slug":"el-consell-vuelve-a-salir-al-rescate-del-gobierno-y-ampliara-el-tram-de-alicante-hasta-gandia","status":"publish","type":"post","link":"https:\/\/ugtfgvalicante.com\/index.php\/2022\/11\/06\/el-consell-vuelve-a-salir-al-rescate-del-gobierno-y-ampliara-el-tram-de-alicante-hasta-gandia\/","title":{"rendered":"El Consell vuelve a salir al rescate del Gobierno y ampliar\u00e1 el TRAM de Alicante hasta Gandia"},"content":{"rendered":"\n<p>El fallido proyecto del Tren de la Costa entre Alicante y Valencia obliga a FGV a mover ficha prolongando la l\u00ednea 9 desde D\u00e9nia<\/p>\n\n\n\n<p>Ximo Puig sale de nuevo al rescate de Pedro S\u00e1nchez. El Consell ha<strong>\u00a0terminado por asumir la conexi\u00f3n entre D\u00e9nia y Gand\u00eda ampliando la red del TRAM\u00a0<\/strong>ante el proyecto fallido del\u00a0<a href=\"https:\/\/www.informacion.es\/alicante\/2022\/10\/04\/tren-costa-alicante-valencia-vuelve-76717485.html\">Tren de la Costa<\/a>\u00a0del Gobierno. La iniciativa se incluye en la ampliaci\u00f3n de la l\u00ednea 9 del tranv\u00eda entre Benidorm y D\u00e9nia, el principal proyecto de infraestructuras que desarrolla la Generalitat en la provincia de Alicante, dotado con 150 millones de euros. Aunque oficialmente el proyecto del Tren de la Costa no est\u00e1 enterrado y, por ejemplo, en las cuentas p\u00fablicas del Ministerio de Transportes para 2023 aparece una partida, testimonial, de 142.000 euros para conectar los 29 kil\u00f3metros entre\u00a0<strong>Gandia y D\u00e9nia<\/strong>, la Generalitat ha movido ficha. A medio a\u00f1o de las elecciones auton\u00f3micas, opta por prolongar el\u00a0<a href=\"https:\/\/www.informacion.es\/alicante\/2021\/08\/03\/falta-tren-costa-gratuidad-ap-55863878.html\">TRAM<\/a>\u00a0para que una vez en Gand\u00eda los viajeros puedan suban al tren de Cercan\u00edas hasta Valencia. Un parche para el fracasado tren costero, que se completar\u00e1 con la prolongaci\u00f3n del tranv\u00eda desde la estaci\u00f3n de Luceros hasta la del AVE en Alicante.<\/p>\n\n\n\n<p>El proyecto para conectar Alicante y Valencia con el denominado \u00abtren de la costa\u00bb, la uni\u00f3n de Gand\u00eda con Alicante a trav\u00e9s de una estaci\u00f3n en Benissa y pasando por\u00a0Benidorm,\u00a0tiene un coste aproximado de 1.500 millones de euros pero nunca se ha tomado en serio. Ahora, se debe realizar una nueva declaraci\u00f3n de impacto ambiental en el \u00fanico tramo que se tiene m\u00e1s o menos claro, el\u00a0<strong>Cullera-Gandia<\/strong>.<\/p>\n\n\n\n<p>El portavoz de Comprom\u00eds en el Senado,\u00a0Carles Mulet, ha denunciado el\u00a0nulo inter\u00e9s\u00a0del Ejecutivo en la esperada obra del Tren de la Costa, al no estar avanzando ninguno de los hitos previstos:<strong>\u00a0ni fondos, ni estudios, ni contratos, ni proyectos previstos<\/strong>. ADIF suspendi\u00f3 hace un par de meses el contrato para la duplicaci\u00f3n del tramo de Cullera a Gandia, que contaba con un presupuesto de\u00a0139 millones, incluido en el proyecto de Tren de la Costa y Plan de Cercan\u00edas 2017-2025 alegando que se necesita una nueva declaraci\u00f3n de impacto ambiental.<\/p>\n\n\n\n<p>El Consell tiene previsto invertir, por su parte, 316 millones de euros en Alicante para impulsar la movilidad sostenible, que permitir\u00e1 \u00abmejorar la cohesi\u00f3n social y territorial\u00bb, seg\u00fan sostiene&nbsp;<strong>Ximo Puig<\/strong>, como parte de la apuesta del Consell por impulsar el transporte p\u00fablico \u00abde calidad, descarbonizado, y capaz de ofrecer el mejor servicio posible\u00bb, porque ello contribuye a \u00abmejorar la calidad de vida de la ciudadan\u00eda\u00bb. La consellera Rebeca Torr\u00f3 certific\u00f3 la decisi\u00f3n durante la jornada sobre movilidad y zonas sensibles celebrada el jueves en Alicante.<\/p>\n\n\n\n<p>La&nbsp;Universidad de Alicante&nbsp;y la&nbsp;C\u00e1mara de Comercio&nbsp;llegaron a presentar en 2019 un proyecto alternativo al oficial del&nbsp;tren de la costa&nbsp;del Ministerio de Fomento para&nbsp;conectar<strong>&nbsp;Alicante con D\u00e9nia&nbsp;<\/strong>con un&nbsp;trazado paralelo a la AP-7. Corredor que convertir\u00eda la actual&nbsp;estaci\u00f3n de cercan\u00edas del Campus de&nbsp;San Vicente&nbsp;en el eje vertebrador ferroviario para&nbsp;distribuir el tr\u00e1fico de trenes&nbsp;AVE&nbsp;, conect\u00e1ndola, adem\u00e1s, con el&nbsp;aeropuerto de Alicante-Elche&nbsp;y, por supuesto, Benidorm.<\/p>\n\n\n\n<p>La iniciativa ahorraba, seg\u00fan el ingeniero\u00a0<strong>Armando Ortu\u00f1o<\/strong>, coordinador del proyecto, en cien millones de euros el plan original del Tren de la Costa (1.500 millones), y permitir\u00eda programar trenes directos entre\u00a0Benidorm\u00a0y Madrid en ancho de alta velocidad, \u00abque pr\u00e1cticamente permitir\u00eda duplicar la actual frecuencia de trenes gracias a que en los mismos coincidir\u00edan las demandas tanto de Alicante como de las Marinas\u00bb.<\/p>\n\n\n\n<p>La denominada&nbsp;Estaci\u00f3n Alicante Norte ser\u00eda pasante y permitir\u00eda, adem\u00e1s, conectar el&nbsp;<strong>Parque Cient\u00edfico con la red del AVE<\/strong>, convirtiendo el complejo de la UA en el primero en Espa\u00f1a con estaci\u00f3n AVE. Para ello, habr\u00eda que construir un ramal de un kil\u00f3metro en la actual l\u00ednea del AVE y otro ramal de otro kil\u00f3metro para enlazar las Cercan\u00edas de la l\u00ednea Alicante-Murcia con la estaci\u00f3n de Alicante Norte.<\/p>\n\n\n\n<p>En el acceso desde el sur a la estaci\u00f3n Alicante Norte confluir\u00edan las l\u00edneas de Madrid, Murcia-Alicante incluyendo aeropuerto, Benidorm y las comarcas del Vinalop\u00f3, adem\u00e1s de posibles servicios entre la actual estaci\u00f3n-t\u00e9rmino de\u00a0<strong>Alicante y Alicante Norte<\/strong>.<\/p>\n\n\n\n<h2 class=\"wp-block-heading\">L\u00ednea 6<\/h2>\n\n\n\n<p>Ferrocarriles de la Generalitat ha incluido tambi\u00e9n en el plan de ampliaci\u00f3n de la red del&nbsp;TRAM de Alicante&nbsp;la creaci\u00f3n de una nueva l\u00ednea, la L-6, que unir\u00e1 la estaci\u00f3n del AVE con el Hospital de San Vicente con un trazado de nueva trama que&nbsp;discurrir\u00e1 por el sur de la Gran V\u00eda, a trav\u00e9s del Pol\u00edgono de San Blas,&nbsp;<strong>Los \u00c1ngeles, San Agust\u00edn, T\u00f3mbola y Divina Pastora<\/strong>, hasta conectar con el trazado actual del TRAM cerca de la parada de Ciudad Jard\u00edn, hasta la que llega la L-2 que parte de Luceros y es la m\u00e1s utilizada por los pasajeros del tranv\u00eda tras atravesar el barro de Garbinet. No obstante, habr\u00e1 que esperar al menos hasta 2024, a\u00f1o el que est\u00e1 previsto que el tranv\u00eda conecte con la estaci\u00f3n intermodal por debajo de la avenida de la Estaci\u00f3n.<\/p>\n\n\n\n<p>Otra de las actuaciones previstas permitir\u00e1 prolongar la actual L\u00ednea 2, que parte desde Luceros a Sant Vicent del Raspeig, hasta el hospital de esta localidad, dando servicio, a su vez, a los vecinos y vecinas de todo el municipio. Asimismo, desde la nueva estaci\u00f3n de\u00a0Alacant Intermodal,\u00a0una vez finalizada la obra, est\u00e1 previsto conectar por el<strong>\u00a0suroeste de la ciudad de Alicante\u00a0<\/strong>con los barrios de La Florida, Ciudad de As\u00eds y San Fernando-Princesa Mercedes.<\/p>\n\n\n\n<p>Otra de las actuaciones es la creaci\u00f3n de una nueva conexi\u00f3n de la actual red del TRAM con Sant Joan y la continuaci\u00f3n hasta Mutxamel, desde las actuales L\u00edneas 1 y 3, que enlazan Luceros con&nbsp;Benidorm y El Campello,&nbsp;respectivamente. Se pretende dar servicio tambi\u00e9n a los alrededor de 10.000 vecinos que&nbsp;<strong>vivir\u00e1n en el Pau V de la&nbsp;Playa de San Juan&nbsp;<\/strong>cuando finalicen todas las obras de construcci\u00f3n de las nuevas urbanizaciones de la zona.<\/p>\n\n\n\n<p>Por \u00faltimo, tambi\u00e9n se ha avanzado desde el Consell la intenci\u00f3n de Ferrocarriles de la Generalitat de llevar el TRAM al\u00a0<strong>aeropuerto\u00a0<\/strong>pero, de momento, es meramente una declaraci\u00f3n de intenciones.<\/p>\n\n\n\n<p>Fuente: <a href=\"https:\/\/www.informacion.es\/alicante\/2022\/11\/04\/consell-vuelve-salir-rescate-gobierno-78119422.html\">informaci\u00f3n.es<\/a><\/p>\n","protected":false},"excerpt":{"rendered":"<div class=\"mh-excerpt\"><p>El fallido proyecto del Tren de la Costa entre Alicante y Valencia obliga a FGV a mover ficha prolongando la l\u00ednea 9 desde D\u00e9nia Ximo <a class=\"mh-excerpt-more\" href=\"https:\/\/ugtfgvalicante.com\/index.php\/2022\/11\/06\/el-consell-vuelve-a-salir-al-rescate-del-gobierno-y-ampliara-el-tram-de-alicante-hasta-gandia\/\" title=\"El Consell vuelve a salir al rescate del Gobierno y ampliar\u00e1 el TRAM de Alicante hasta Gandia\">[&#8230;]<\/a><\/p>\n<\/div>","protected":false},"author":4,"featured_media":242,"comment_status":"closed","ping_status":"closed","sticky":false,"template":"","format":"standard","meta":{"footnotes":""},"categories":[5],"tags":[],"class_list":["post-241","post","type-post","status-publish","format-standard","has-post-thumbnail","hentry","category-noticias-prensa"],"yoast_head":"<!-- This site is optimized with the Yoast SEO plugin v26.6 - https:\/\/yoast.com\/wordpress\/plugins\/seo\/ -->\n<title>El Consell vuelve a salir al rescate del Gobierno y ampliar\u00e1 el TRAM de Alicante hasta Gandia - FGV Alicante<\/title>\n<meta name=\"robots\" content=\"index, follow, max-snippet:-1, max-image-preview:large, max-video-preview:-1\" \/>\n<link rel=\"canonical\" href=\"https:\/\/ugtfgvalicante.com\/index.php\/2022\/11\/06\/el-consell-vuelve-a-salir-al-rescate-del-gobierno-y-ampliara-el-tram-de-alicante-hasta-gandia\/\" \/>\n<meta property=\"og:locale\" content=\"es_ES\" \/>\n<meta property=\"og:type\" content=\"article\" \/>\n<meta property=\"og:title\" content=\"El Consell vuelve a salir al rescate del Gobierno y ampliar\u00e1 el TRAM de Alicante hasta Gandia - FGV Alicante\" \/>\n<meta property=\"og:description\" content=\"El fallido proyecto del Tren de la Costa entre Alicante y Valencia obliga a FGV a mover ficha prolongando la l\u00ednea 9 desde D\u00e9nia Ximo [...]\" \/>\n<meta property=\"og:url\" content=\"https:\/\/ugtfgvalicante.com\/index.php\/2022\/11\/06\/el-consell-vuelve-a-salir-al-rescate-del-gobierno-y-ampliara-el-tram-de-alicante-hasta-gandia\/\" \/>\n<meta property=\"og:site_name\" content=\"FGV Alicante\" \/>\n<meta property=\"article:publisher\" content=\"https:\/\/es-es.facebook.com\/ugt.fgvalicante\/\" \/>\n<meta property=\"article:published_time\" content=\"2022-11-06T09:01:28+00:00\" \/>\n<meta property=\"article:modified_time\" content=\"2022-11-06T09:01:29+00:00\" \/>\n<meta property=\"og:image\" content=\"https:\/\/ugtfgvalicante.com\/wp-content\/uploads\/2022\/11\/f950e09d-2fcb-4ffa-babb-6fdfa2179c2a_16-9-discover-aspect-ratio_default_0.jpg\" \/>\n\t<meta property=\"og:image:width\" content=\"1200\" \/>\n\t<meta property=\"og:image:height\" content=\"675\" \/>\n\t<meta property=\"og:image:type\" content=\"image\/jpeg\" \/>\n<meta name=\"author\" content=\"Ugt FGV Alicante\" \/>\n<meta name=\"twitter:card\" content=\"summary_large_image\" \/>\n<meta name=\"twitter:label1\" content=\"Escrito por\" \/>\n\t<meta name=\"twitter:data1\" content=\"Ugt FGV Alicante\" \/>\n\t<meta name=\"twitter:label2\" content=\"Tiempo de lectura\" \/>\n\t<meta name=\"twitter:data2\" content=\"5 minutos\" \/>\n<script type=\"application\/ld+json\" class=\"yoast-schema-graph\">{\"@context\":\"https:\/\/schema.org\",\"@graph\":[{\"@type\":\"Article\",\"@id\":\"https:\/\/ugtfgvalicante.com\/index.php\/2022\/11\/06\/el-consell-vuelve-a-salir-al-rescate-del-gobierno-y-ampliara-el-tram-de-alicante-hasta-gandia\/#article\",\"isPartOf\":{\"@id\":\"https:\/\/ugtfgvalicante.com\/index.php\/2022\/11\/06\/el-consell-vuelve-a-salir-al-rescate-del-gobierno-y-ampliara-el-tram-de-alicante-hasta-gandia\/\"},\"author\":{\"name\":\"Ugt FGV Alicante\",\"@id\":\"https:\/\/ugtfgvalicante.com\/#\/schema\/person\/a1375a9c1ef53e624aa79c34b93b62e8\"},\"headline\":\"El Consell vuelve a salir al rescate del Gobierno y ampliar\u00e1 el TRAM de Alicante hasta Gandia\",\"datePublished\":\"2022-11-06T09:01:28+00:00\",\"dateModified\":\"2022-11-06T09:01:29+00:00\",\"mainEntityOfPage\":{\"@id\":\"https:\/\/ugtfgvalicante.com\/index.php\/2022\/11\/06\/el-consell-vuelve-a-salir-al-rescate-del-gobierno-y-ampliara-el-tram-de-alicante-hasta-gandia\/\"},\"wordCount\":1159,\"publisher\":{\"@id\":\"https:\/\/ugtfgvalicante.com\/#organization\"},\"image\":{\"@id\":\"https:\/\/ugtfgvalicante.com\/index.php\/2022\/11\/06\/el-consell-vuelve-a-salir-al-rescate-del-gobierno-y-ampliara-el-tram-de-alicante-hasta-gandia\/#primaryimage\"},\"thumbnailUrl\":\"https:\/\/ugtfgvalicante.com\/wp-content\/uploads\/2022\/11\/f950e09d-2fcb-4ffa-babb-6fdfa2179c2a_16-9-discover-aspect-ratio_default_0.jpg\",\"articleSection\":[\"Noticias prensa\"],\"inLanguage\":\"es\"},{\"@type\":\"WebPage\",\"@id\":\"https:\/\/ugtfgvalicante.com\/index.php\/2022\/11\/06\/el-consell-vuelve-a-salir-al-rescate-del-gobierno-y-ampliara-el-tram-de-alicante-hasta-gandia\/\",\"url\":\"https:\/\/ugtfgvalicante.com\/index.php\/2022\/11\/06\/el-consell-vuelve-a-salir-al-rescate-del-gobierno-y-ampliara-el-tram-de-alicante-hasta-gandia\/\",\"name\":\"El Consell vuelve a salir al rescate del Gobierno y ampliar\u00e1 el TRAM de Alicante hasta Gandia - FGV Alicante\",\"isPartOf\":{\"@id\":\"https:\/\/ugtfgvalicante.com\/#website\"},\"primaryImageOfPage\":{\"@id\":\"https:\/\/ugtfgvalicante.com\/index.php\/2022\/11\/06\/el-consell-vuelve-a-salir-al-rescate-del-gobierno-y-ampliara-el-tram-de-alicante-hasta-gandia\/#primaryimage\"},\"image\":{\"@id\":\"https:\/\/ugtfgvalicante.com\/index.php\/2022\/11\/06\/el-consell-vuelve-a-salir-al-rescate-del-gobierno-y-ampliara-el-tram-de-alicante-hasta-gandia\/#primaryimage\"},\"thumbnailUrl\":\"https:\/\/ugtfgvalicante.com\/wp-content\/uploads\/2022\/11\/f950e09d-2fcb-4ffa-babb-6fdfa2179c2a_16-9-discover-aspect-ratio_default_0.jpg\",\"datePublished\":\"2022-11-06T09:01:28+00:00\",\"dateModified\":\"2022-11-06T09:01:29+00:00\",\"breadcrumb\":{\"@id\":\"https:\/\/ugtfgvalicante.com\/index.php\/2022\/11\/06\/el-consell-vuelve-a-salir-al-rescate-del-gobierno-y-ampliara-el-tram-de-alicante-hasta-gandia\/#breadcrumb\"},\"inLanguage\":\"es\",\"potentialAction\":[{\"@type\":\"ReadAction\",\"target\":[\"https:\/\/ugtfgvalicante.com\/index.php\/2022\/11\/06\/el-consell-vuelve-a-salir-al-rescate-del-gobierno-y-ampliara-el-tram-de-alicante-hasta-gandia\/\"]}]},{\"@type\":\"ImageObject\",\"inLanguage\":\"es\",\"@id\":\"https:\/\/ugtfgvalicante.com\/index.php\/2022\/11\/06\/el-consell-vuelve-a-salir-al-rescate-del-gobierno-y-ampliara-el-tram-de-alicante-hasta-gandia\/#primaryimage\",\"url\":\"https:\/\/ugtfgvalicante.com\/wp-content\/uploads\/2022\/11\/f950e09d-2fcb-4ffa-babb-6fdfa2179c2a_16-9-discover-aspect-ratio_default_0.jpg\",\"contentUrl\":\"https:\/\/ugtfgvalicante.com\/wp-content\/uploads\/2022\/11\/f950e09d-2fcb-4ffa-babb-6fdfa2179c2a_16-9-discover-aspect-ratio_default_0.jpg\",\"width\":1200,\"height\":675},{\"@type\":\"BreadcrumbList\",\"@id\":\"https:\/\/ugtfgvalicante.com\/index.php\/2022\/11\/06\/el-consell-vuelve-a-salir-al-rescate-del-gobierno-y-ampliara-el-tram-de-alicante-hasta-gandia\/#breadcrumb\",\"itemListElement\":[{\"@type\":\"ListItem\",\"position\":1,\"name\":\"Portada\",\"item\":\"https:\/\/ugtfgvalicante.com\/\"},{\"@type\":\"ListItem\",\"position\":2,\"name\":\"El Consell vuelve a salir al rescate del Gobierno y ampliar\u00e1 el TRAM de Alicante hasta Gandia\"}]},{\"@type\":\"WebSite\",\"@id\":\"https:\/\/ugtfgvalicante.com\/#website\",\"url\":\"https:\/\/ugtfgvalicante.com\/\",\"name\":\"FGV Alicante\",\"description\":\"\",\"publisher\":{\"@id\":\"https:\/\/ugtfgvalicante.com\/#organization\"},\"potentialAction\":[{\"@type\":\"SearchAction\",\"target\":{\"@type\":\"EntryPoint\",\"urlTemplate\":\"https:\/\/ugtfgvalicante.com\/?s={search_term_string}\"},\"query-input\":{\"@type\":\"PropertyValueSpecification\",\"valueRequired\":true,\"valueName\":\"search_term_string\"}}],\"inLanguage\":\"es\"},{\"@type\":\"Organization\",\"@id\":\"https:\/\/ugtfgvalicante.com\/#organization\",\"name\":\"UGT FGV Alicante\",\"url\":\"https:\/\/ugtfgvalicante.com\/\",\"logo\":{\"@type\":\"ImageObject\",\"inLanguage\":\"es\",\"@id\":\"https:\/\/ugtfgvalicante.com\/#\/schema\/logo\/image\/\",\"url\":\"https:\/\/ugtfgvalicante.com\/wp-content\/uploads\/2022\/10\/logo-ugt-web.png\",\"contentUrl\":\"https:\/\/ugtfgvalicante.com\/wp-content\/uploads\/2022\/10\/logo-ugt-web.png\",\"width\":2283,\"height\":1126,\"caption\":\"UGT FGV Alicante\"},\"image\":{\"@id\":\"https:\/\/ugtfgvalicante.com\/#\/schema\/logo\/image\/\"},\"sameAs\":[\"https:\/\/es-es.facebook.com\/ugt.fgvalicante\/\"]},{\"@type\":\"Person\",\"@id\":\"https:\/\/ugtfgvalicante.com\/#\/schema\/person\/a1375a9c1ef53e624aa79c34b93b62e8\",\"name\":\"Ugt FGV Alicante\",\"image\":{\"@type\":\"ImageObject\",\"inLanguage\":\"es\",\"@id\":\"https:\/\/ugtfgvalicante.com\/#\/schema\/person\/image\/\",\"url\":\"https:\/\/secure.gravatar.com\/avatar\/ea41cd8456808460c6c0caa1a213c3c921573555df6b57a7ee2f16fb6f502866?s=96&d=mm&r=g\",\"contentUrl\":\"https:\/\/secure.gravatar.com\/avatar\/ea41cd8456808460c6c0caa1a213c3c921573555df6b57a7ee2f16fb6f502866?s=96&d=mm&r=g\",\"caption\":\"Ugt FGV Alicante\"},\"url\":\"https:\/\/ugtfgvalicante.com\/index.php\/author\/ggrau\/\"}]}<\/script>\n<!-- \/ Yoast SEO plugin. -->","yoast_head_json":{"title":"El Consell vuelve a salir al rescate del Gobierno y ampliar\u00e1 el TRAM de Alicante hasta Gandia - FGV Alicante","robots":{"index":"index","follow":"follow","max-snippet":"max-snippet:-1","max-image-preview":"max-image-preview:large","max-video-preview":"max-video-preview:-1"},"canonical":"https:\/\/ugtfgvalicante.com\/index.php\/2022\/11\/06\/el-consell-vuelve-a-salir-al-rescate-del-gobierno-y-ampliara-el-tram-de-alicante-hasta-gandia\/","og_locale":"es_ES","og_type":"article","og_title":"El Consell vuelve a salir al rescate del Gobierno y ampliar\u00e1 el TRAM de Alicante hasta Gandia - FGV Alicante","og_description":"El fallido proyecto del Tren de la Costa entre Alicante y Valencia obliga a FGV a mover ficha prolongando la l\u00ednea 9 desde D\u00e9nia Ximo [...]","og_url":"https:\/\/ugtfgvalicante.com\/index.php\/2022\/11\/06\/el-consell-vuelve-a-salir-al-rescate-del-gobierno-y-ampliara-el-tram-de-alicante-hasta-gandia\/","og_site_name":"FGV Alicante","article_publisher":"https:\/\/es-es.facebook.com\/ugt.fgvalicante\/","article_published_time":"2022-11-06T09:01:28+00:00","article_modified_time":"2022-11-06T09:01:29+00:00","og_image":[{"width":1200,"height":675,"url":"https:\/\/ugtfgvalicante.com\/wp-content\/uploads\/2022\/11\/f950e09d-2fcb-4ffa-babb-6fdfa2179c2a_16-9-discover-aspect-ratio_default_0.jpg","type":"image\/jpeg"}],"author":"Ugt FGV Alicante","twitter_card":"summary_large_image","twitter_misc":{"Escrito por":"Ugt FGV Alicante","Tiempo de lectura":"5 minutos"},"schema":{"@context":"https:\/\/schema.org","@graph":[{"@type":"Article","@id":"https:\/\/ugtfgvalicante.com\/index.php\/2022\/11\/06\/el-consell-vuelve-a-salir-al-rescate-del-gobierno-y-ampliara-el-tram-de-alicante-hasta-gandia\/#article","isPartOf":{"@id":"https:\/\/ugtfgvalicante.com\/index.php\/2022\/11\/06\/el-consell-vuelve-a-salir-al-rescate-del-gobierno-y-ampliara-el-tram-de-alicante-hasta-gandia\/"},"author":{"name":"Ugt FGV Alicante","@id":"https:\/\/ugtfgvalicante.com\/#\/schema\/person\/a1375a9c1ef53e624aa79c34b93b62e8"},"headline":"El Consell vuelve a salir al rescate del Gobierno y ampliar\u00e1 el TRAM de Alicante hasta Gandia","datePublished":"2022-11-06T09:01:28+00:00","dateModified":"2022-11-06T09:01:29+00:00","mainEntityOfPage":{"@id":"https:\/\/ugtfgvalicante.com\/index.php\/2022\/11\/06\/el-consell-vuelve-a-salir-al-rescate-del-gobierno-y-ampliara-el-tram-de-alicante-hasta-gandia\/"},"wordCount":1159,"publisher":{"@id":"https:\/\/ugtfgvalicante.com\/#organization"},"image":{"@id":"https:\/\/ugtfgvalicante.com\/index.php\/2022\/11\/06\/el-consell-vuelve-a-salir-al-rescate-del-gobierno-y-ampliara-el-tram-de-alicante-hasta-gandia\/#primaryimage"},"thumbnailUrl":"https:\/\/ugtfgvalicante.com\/wp-content\/uploads\/2022\/11\/f950e09d-2fcb-4ffa-babb-6fdfa2179c2a_16-9-discover-aspect-ratio_default_0.jpg","articleSection":["Noticias prensa"],"inLanguage":"es"},{"@type":"WebPage","@id":"https:\/\/ugtfgvalicante.com\/index.php\/2022\/11\/06\/el-consell-vuelve-a-salir-al-rescate-del-gobierno-y-ampliara-el-tram-de-alicante-hasta-gandia\/","url":"https:\/\/ugtfgvalicante.com\/index.php\/2022\/11\/06\/el-consell-vuelve-a-salir-al-rescate-del-gobierno-y-ampliara-el-tram-de-alicante-hasta-gandia\/","name":"El Consell vuelve a salir al rescate del Gobierno y ampliar\u00e1 el TRAM de Alicante hasta Gandia - FGV Alicante","isPartOf":{"@id":"https:\/\/ugtfgvalicante.com\/#website"},"primaryImageOfPage":{"@id":"https:\/\/ugtfgvalicante.com\/index.php\/2022\/11\/06\/el-consell-vuelve-a-salir-al-rescate-del-gobierno-y-ampliara-el-tram-de-alicante-hasta-gandia\/#primaryimage"},"image":{"@id":"https:\/\/ugtfgvalicante.com\/index.php\/2022\/11\/06\/el-consell-vuelve-a-salir-al-rescate-del-gobierno-y-ampliara-el-tram-de-alicante-hasta-gandia\/#primaryimage"},"thumbnailUrl":"https:\/\/ugtfgvalicante.com\/wp-content\/uploads\/2022\/11\/f950e09d-2fcb-4ffa-babb-6fdfa2179c2a_16-9-discover-aspect-ratio_default_0.jpg","datePublished":"2022-11-06T09:01:28+00:00","dateModified":"2022-11-06T09:01:29+00:00","breadcrumb":{"@id":"https:\/\/ugtfgvalicante.com\/index.php\/2022\/11\/06\/el-consell-vuelve-a-salir-al-rescate-del-gobierno-y-ampliara-el-tram-de-alicante-hasta-gandia\/#breadcrumb"},"inLanguage":"es","potentialAction":[{"@type":"ReadAction","target":["https:\/\/ugtfgvalicante.com\/index.php\/2022\/11\/06\/el-consell-vuelve-a-salir-al-rescate-del-gobierno-y-ampliara-el-tram-de-alicante-hasta-gandia\/"]}]},{"@type":"ImageObject","inLanguage":"es","@id":"https:\/\/ugtfgvalicante.com\/index.php\/2022\/11\/06\/el-consell-vuelve-a-salir-al-rescate-del-gobierno-y-ampliara-el-tram-de-alicante-hasta-gandia\/#primaryimage","url":"https:\/\/ugtfgvalicante.com\/wp-content\/uploads\/2022\/11\/f950e09d-2fcb-4ffa-babb-6fdfa2179c2a_16-9-discover-aspect-ratio_default_0.jpg","contentUrl":"https:\/\/ugtfgvalicante.com\/wp-content\/uploads\/2022\/11\/f950e09d-2fcb-4ffa-babb-6fdfa2179c2a_16-9-discover-aspect-ratio_default_0.jpg","width":1200,"height":675},{"@type":"BreadcrumbList","@id":"https:\/\/ugtfgvalicante.com\/index.php\/2022\/11\/06\/el-consell-vuelve-a-salir-al-rescate-del-gobierno-y-ampliara-el-tram-de-alicante-hasta-gandia\/#breadcrumb","itemListElement":[{"@type":"ListItem","position":1,"name":"Portada","item":"https:\/\/ugtfgvalicante.com\/"},{"@type":"ListItem","position":2,"name":"El Consell vuelve a salir al rescate del Gobierno y ampliar\u00e1 el TRAM de Alicante hasta Gandia"}]},{"@type":"WebSite","@id":"https:\/\/ugtfgvalicante.com\/#website","url":"https:\/\/ugtfgvalicante.com\/","name":"FGV Alicante","description":"","publisher":{"@id":"https:\/\/ugtfgvalicante.com\/#organization"},"potentialAction":[{"@type":"SearchAction","target":{"@type":"EntryPoint","urlTemplate":"https:\/\/ugtfgvalicante.com\/?s={search_term_string}"},"query-input":{"@type":"PropertyValueSpecification","valueRequired":true,"valueName":"search_term_string"}}],"inLanguage":"es"},{"@type":"Organization","@id":"https:\/\/ugtfgvalicante.com\/#organization","name":"UGT FGV Alicante","url":"https:\/\/ugtfgvalicante.com\/","logo":{"@type":"ImageObject","inLanguage":"es","@id":"https:\/\/ugtfgvalicante.com\/#\/schema\/logo\/image\/","url":"https:\/\/ugtfgvalicante.com\/wp-content\/uploads\/2022\/10\/logo-ugt-web.png","contentUrl":"https:\/\/ugtfgvalicante.com\/wp-content\/uploads\/2022\/10\/logo-ugt-web.png","width":2283,"height":1126,"caption":"UGT FGV Alicante"},"image":{"@id":"https:\/\/ugtfgvalicante.com\/#\/schema\/logo\/image\/"},"sameAs":["https:\/\/es-es.facebook.com\/ugt.fgvalicante\/"]},{"@type":"Person","@id":"https:\/\/ugtfgvalicante.com\/#\/schema\/person\/a1375a9c1ef53e624aa79c34b93b62e8","name":"Ugt FGV Alicante","image":{"@type":"ImageObject","inLanguage":"es","@id":"https:\/\/ugtfgvalicante.com\/#\/schema\/person\/image\/","url":"https:\/\/secure.gravatar.com\/avatar\/ea41cd8456808460c6c0caa1a213c3c921573555df6b57a7ee2f16fb6f502866?s=96&d=mm&r=g","contentUrl":"https:\/\/secure.gravatar.com\/avatar\/ea41cd8456808460c6c0caa1a213c3c921573555df6b57a7ee2f16fb6f502866?s=96&d=mm&r=g","caption":"Ugt FGV Alicante"},"url":"https:\/\/ugtfgvalicante.com\/index.php\/author\/ggrau\/"}]}},"_links":{"self":[{"href":"https:\/\/ugtfgvalicante.com\/index.php\/wp-json\/wp\/v2\/posts\/241","targetHints":{"allow":["GET"]}}],"collection":[{"href":"https:\/\/ugtfgvalicante.com\/index.php\/wp-json\/wp\/v2\/posts"}],"about":[{"href":"https:\/\/ugtfgvalicante.com\/index.php\/wp-json\/wp\/v2\/types\/post"}],"author":[{"embeddable":true,"href":"https:\/\/ugtfgvalicante.com\/index.php\/wp-json\/wp\/v2\/users\/4"}],"replies":[{"embeddable":true,"href":"https:\/\/ugtfgvalicante.com\/index.php\/wp-json\/wp\/v2\/comments?post=241"}],"version-history":[{"count":1,"href":"https:\/\/ugtfgvalicante.com\/index.php\/wp-json\/wp\/v2\/posts\/241\/revisions"}],"predecessor-version":[{"id":243,"href":"https:\/\/ugtfgvalicante.com\/index.php\/wp-json\/wp\/v2\/posts\/241\/revisions\/243"}],"wp:featuredmedia":[{"embeddable":true,"href":"https:\/\/ugtfgvalicante.com\/index.php\/wp-json\/wp\/v2\/media\/242"}],"wp:attachment":[{"href":"https:\/\/ugtfgvalicante.com\/index.php\/wp-json\/wp\/v2\/media?parent=241"}],"wp:term":[{"taxonomy":"category","embeddable":true,"href":"https:\/\/ugtfgvalicante.com\/index.php\/wp-json\/wp\/v2\/categories?post=241"},{"taxonomy":"post_tag","embeddable":true,"href":"https:\/\/ugtfgvalicante.com\/index.php\/wp-json\/wp\/v2\/tags?post=241"}],"curies":[{"name":"wp","href":"https:\/\/api.w.org\/{rel}","templated":true}]}}