{"id":266,"date":"2022-11-21T17:31:51","date_gmt":"2022-11-21T17:31:51","guid":{"rendered":"https:\/\/ugtfgvalicante.com\/?p=266"},"modified":"2022-11-21T17:31:53","modified_gmt":"2022-11-21T17:31:53","slug":"convocadas-115-plazas-para-ser-maquinista-de-trenes-y-tranvias","status":"publish","type":"post","link":"https:\/\/ugtfgvalicante.com\/index.php\/2022\/11\/21\/convocadas-115-plazas-para-ser-maquinista-de-trenes-y-tranvias\/","title":{"rendered":"Convocadas 115 plazas para ser maquinista de trenes y tranv\u00edas"},"content":{"rendered":"\n<p>La oferta de empleo incluye 20 plazas para ser maquinista y una para ser jefe de circulaci\u00f3n en Alicante<\/p>\n\n\n\n<p>La Generalitat, a trav\u00e9s de&nbsp;<a href=\"https:\/\/www.informacion.es\/alicante\/2022\/11\/09\/manuel-villar-acusa-puig-marginar-78351328.html\">Ferrocarrils de la Generalitat Valenciana,<\/a>&nbsp;ha convocado una&nbsp;<strong>oferta de empleo p\u00fablico para cubrir 115 plazas de conducci\u00f3n y circulaci\u00f3n<\/strong>. A su vez, se ha iniciado el proceso para la confecci\u00f3n de&nbsp;<strong>dos bolsas de empleo<\/strong>, una para Valencia y otra para Alicante.<\/p>\n\n\n\n<p>Los puestos ofertados, correspondientes a las ofertas de empleo de los a\u00f1os 2020, 2021 y 2022, incluyen\u00a0<strong>20 plazas de maquinistas de Alicante<\/strong>; 79 maquinistas de Valencia;\u00a0<strong>1 jefe de Circulaci\u00f3n de Alicante<\/strong>; 10 jefes de Circulaci\u00f3n de Valencia; y 5\u00a0<strong>Reguladores de Puesto de Mando de Valencia.<\/strong><\/p>\n\n\n\n<p>Las bases del proceso selectivo para la cobertura de los puestos de trabajo de\u00a0<a href=\"https:\/\/www.informacion.es\/politica\/2022\/10\/29\/principales-actuaciones-previstas-2023-mejoras-77899906.html\">conducci\u00f3n de trenes y tranv\u00edas<\/a>\u00a0y de gesti\u00f3n de la circulaci\u00f3n est\u00e1n disponibles en la\u00a0<strong>web de FGV.<\/strong><\/p>\n\n\n\n<p>La admisi\u00f3n de solicitudes para participar en el proceso selectivo, comenz\u00f3 el mi\u00e9rcoles d\u00eda 16 de noviembre y finaliza el\u00a0<strong>mi\u00e9rcoles 23 de noviembre a las 24:00 horas<\/strong>. La inscripci\u00f3n se realizar\u00e1 exclusivamente de manera telem\u00e1tica.<\/p>\n\n\n\n<p>Esta convocatoria se suma a las realizadas con anterioridad por<strong>\u00a0FGV<\/strong>\u00a0y que permiten dotar a la empresa p\u00fablica del personal necesario para cubrir las necesidades que surgen en diferentes \u00e1reas de gesti\u00f3n. Las bases han sido negociadas con la representaci\u00f3n legal de los<a href=\"https:\/\/www.informacion.es\/opinion\/2022\/06\/11\/tren-costa-prolongacion-tram-gandia-66974627.html\">\u00a0trabajadores y las trabajadoras de FGV\u00a0<\/a>y se ajustan a las previsiones legales y normativas que les son de aplicaci\u00f3n, de conformidad con lo dispuesto en el Plan de igualdad.<\/p>\n\n\n\n<p>Fuente: <a href=\"https:\/\/www.informacion.es\/alicante\/2022\/11\/20\/convocadas-115-plazas-maquinista-trenes-78817756.html\">informacion.es<\/a><\/p>\n\n\n\n<p><br><\/p>\n","protected":false},"excerpt":{"rendered":"<div class=\"mh-excerpt\"><p>La oferta de empleo incluye 20 plazas para ser maquinista y una para ser jefe de circulaci\u00f3n en Alicante La Generalitat, a trav\u00e9s de&nbsp;Ferrocarrils de <a class=\"mh-excerpt-more\" href=\"https:\/\/ugtfgvalicante.com\/index.php\/2022\/11\/21\/convocadas-115-plazas-para-ser-maquinista-de-trenes-y-tranvias\/\" title=\"Convocadas 115 plazas para ser maquinista de trenes y tranv\u00edas\">[&#8230;]<\/a><\/p>\n<\/div>","protected":false},"author":4,"featured_media":268,"comment_status":"closed","ping_status":"closed","sticky":false,"template":"","format":"standard","meta":{"footnotes":""},"categories":[5],"tags":[],"class_list":["post-266","post","type-post","status-publish","format-standard","has-post-thumbnail","hentry","category-noticias-prensa"],"yoast_head":"<!-- This site is optimized with the Yoast SEO plugin v26.6 - https:\/\/yoast.com\/wordpress\/plugins\/seo\/ -->\n<title>Convocadas 115 plazas para ser maquinista de trenes y tranv\u00edas - FGV Alicante<\/title>\n<meta name=\"robots\" content=\"index, follow, max-snippet:-1, max-image-preview:large, max-video-preview:-1\" \/>\n<link rel=\"canonical\" href=\"https:\/\/ugtfgvalicante.com\/index.php\/2022\/11\/21\/convocadas-115-plazas-para-ser-maquinista-de-trenes-y-tranvias\/\" \/>\n<meta property=\"og:locale\" content=\"es_ES\" \/>\n<meta property=\"og:type\" content=\"article\" \/>\n<meta property=\"og:title\" content=\"Convocadas 115 plazas para ser maquinista de trenes y tranv\u00edas - FGV Alicante\" \/>\n<meta property=\"og:description\" content=\"La oferta de empleo incluye 20 plazas para ser maquinista y una para ser jefe de circulaci\u00f3n en Alicante La Generalitat, a trav\u00e9s de&nbsp;Ferrocarrils de [...]\" \/>\n<meta property=\"og:url\" content=\"https:\/\/ugtfgvalicante.com\/index.php\/2022\/11\/21\/convocadas-115-plazas-para-ser-maquinista-de-trenes-y-tranvias\/\" \/>\n<meta property=\"og:site_name\" content=\"FGV Alicante\" \/>\n<meta property=\"article:publisher\" content=\"https:\/\/es-es.facebook.com\/ugt.fgvalicante\/\" \/>\n<meta property=\"article:published_time\" content=\"2022-11-21T17:31:51+00:00\" \/>\n<meta property=\"article:modified_time\" content=\"2022-11-21T17:31:53+00:00\" \/>\n<meta property=\"og:image\" content=\"https:\/\/ugtfgvalicante.com\/wp-content\/uploads\/2022\/11\/44f16913-8c99-490a-8db1-14cc4a4d635e_16-9-discover-aspect-ratio_default_0.jpg\" \/>\n\t<meta property=\"og:image:width\" content=\"1200\" \/>\n\t<meta property=\"og:image:height\" content=\"675\" \/>\n\t<meta property=\"og:image:type\" content=\"image\/jpeg\" \/>\n<meta name=\"author\" content=\"Ugt FGV Alicante\" \/>\n<meta name=\"twitter:card\" content=\"summary_large_image\" \/>\n<meta name=\"twitter:label1\" content=\"Escrito por\" \/>\n\t<meta name=\"twitter:data1\" content=\"Ugt FGV Alicante\" \/>\n\t<meta name=\"twitter:label2\" content=\"Tiempo de lectura\" \/>\n\t<meta name=\"twitter:data2\" content=\"2 minutos\" \/>\n<script type=\"application\/ld+json\" class=\"yoast-schema-graph\">{\"@context\":\"https:\/\/schema.org\",\"@graph\":[{\"@type\":\"Article\",\"@id\":\"https:\/\/ugtfgvalicante.com\/index.php\/2022\/11\/21\/convocadas-115-plazas-para-ser-maquinista-de-trenes-y-tranvias\/#article\",\"isPartOf\":{\"@id\":\"https:\/\/ugtfgvalicante.com\/index.php\/2022\/11\/21\/convocadas-115-plazas-para-ser-maquinista-de-trenes-y-tranvias\/\"},\"author\":{\"name\":\"Ugt FGV Alicante\",\"@id\":\"https:\/\/ugtfgvalicante.com\/#\/schema\/person\/a1375a9c1ef53e624aa79c34b93b62e8\"},\"headline\":\"Convocadas 115 plazas para ser maquinista de trenes y tranv\u00edas\",\"datePublished\":\"2022-11-21T17:31:51+00:00\",\"dateModified\":\"2022-11-21T17:31:53+00:00\",\"mainEntityOfPage\":{\"@id\":\"https:\/\/ugtfgvalicante.com\/index.php\/2022\/11\/21\/convocadas-115-plazas-para-ser-maquinista-de-trenes-y-tranvias\/\"},\"wordCount\":285,\"publisher\":{\"@id\":\"https:\/\/ugtfgvalicante.com\/#organization\"},\"image\":{\"@id\":\"https:\/\/ugtfgvalicante.com\/index.php\/2022\/11\/21\/convocadas-115-plazas-para-ser-maquinista-de-trenes-y-tranvias\/#primaryimage\"},\"thumbnailUrl\":\"https:\/\/ugtfgvalicante.com\/wp-content\/uploads\/2022\/11\/44f16913-8c99-490a-8db1-14cc4a4d635e_16-9-discover-aspect-ratio_default_0.jpg\",\"articleSection\":[\"Noticias prensa\"],\"inLanguage\":\"es\"},{\"@type\":\"WebPage\",\"@id\":\"https:\/\/ugtfgvalicante.com\/index.php\/2022\/11\/21\/convocadas-115-plazas-para-ser-maquinista-de-trenes-y-tranvias\/\",\"url\":\"https:\/\/ugtfgvalicante.com\/index.php\/2022\/11\/21\/convocadas-115-plazas-para-ser-maquinista-de-trenes-y-tranvias\/\",\"name\":\"Convocadas 115 plazas para ser maquinista de trenes y tranv\u00edas - FGV Alicante\",\"isPartOf\":{\"@id\":\"https:\/\/ugtfgvalicante.com\/#website\"},\"primaryImageOfPage\":{\"@id\":\"https:\/\/ugtfgvalicante.com\/index.php\/2022\/11\/21\/convocadas-115-plazas-para-ser-maquinista-de-trenes-y-tranvias\/#primaryimage\"},\"image\":{\"@id\":\"https:\/\/ugtfgvalicante.com\/index.php\/2022\/11\/21\/convocadas-115-plazas-para-ser-maquinista-de-trenes-y-tranvias\/#primaryimage\"},\"thumbnailUrl\":\"https:\/\/ugtfgvalicante.com\/wp-content\/uploads\/2022\/11\/44f16913-8c99-490a-8db1-14cc4a4d635e_16-9-discover-aspect-ratio_default_0.jpg\",\"datePublished\":\"2022-11-21T17:31:51+00:00\",\"dateModified\":\"2022-11-21T17:31:53+00:00\",\"breadcrumb\":{\"@id\":\"https:\/\/ugtfgvalicante.com\/index.php\/2022\/11\/21\/convocadas-115-plazas-para-ser-maquinista-de-trenes-y-tranvias\/#breadcrumb\"},\"inLanguage\":\"es\",\"potentialAction\":[{\"@type\":\"ReadAction\",\"target\":[\"https:\/\/ugtfgvalicante.com\/index.php\/2022\/11\/21\/convocadas-115-plazas-para-ser-maquinista-de-trenes-y-tranvias\/\"]}]},{\"@type\":\"ImageObject\",\"inLanguage\":\"es\",\"@id\":\"https:\/\/ugtfgvalicante.com\/index.php\/2022\/11\/21\/convocadas-115-plazas-para-ser-maquinista-de-trenes-y-tranvias\/#primaryimage\",\"url\":\"https:\/\/ugtfgvalicante.com\/wp-content\/uploads\/2022\/11\/44f16913-8c99-490a-8db1-14cc4a4d635e_16-9-discover-aspect-ratio_default_0.jpg\",\"contentUrl\":\"https:\/\/ugtfgvalicante.com\/wp-content\/uploads\/2022\/11\/44f16913-8c99-490a-8db1-14cc4a4d635e_16-9-discover-aspect-ratio_default_0.jpg\",\"width\":1200,\"height\":675},{\"@type\":\"BreadcrumbList\",\"@id\":\"https:\/\/ugtfgvalicante.com\/index.php\/2022\/11\/21\/convocadas-115-plazas-para-ser-maquinista-de-trenes-y-tranvias\/#breadcrumb\",\"itemListElement\":[{\"@type\":\"ListItem\",\"position\":1,\"name\":\"Portada\",\"item\":\"https:\/\/ugtfgvalicante.com\/\"},{\"@type\":\"ListItem\",\"position\":2,\"name\":\"Convocadas 115 plazas para ser maquinista de trenes y tranv\u00edas\"}]},{\"@type\":\"WebSite\",\"@id\":\"https:\/\/ugtfgvalicante.com\/#website\",\"url\":\"https:\/\/ugtfgvalicante.com\/\",\"name\":\"FGV Alicante\",\"description\":\"\",\"publisher\":{\"@id\":\"https:\/\/ugtfgvalicante.com\/#organization\"},\"potentialAction\":[{\"@type\":\"SearchAction\",\"target\":{\"@type\":\"EntryPoint\",\"urlTemplate\":\"https:\/\/ugtfgvalicante.com\/?s={search_term_string}\"},\"query-input\":{\"@type\":\"PropertyValueSpecification\",\"valueRequired\":true,\"valueName\":\"search_term_string\"}}],\"inLanguage\":\"es\"},{\"@type\":\"Organization\",\"@id\":\"https:\/\/ugtfgvalicante.com\/#organization\",\"name\":\"UGT FGV Alicante\",\"url\":\"https:\/\/ugtfgvalicante.com\/\",\"logo\":{\"@type\":\"ImageObject\",\"inLanguage\":\"es\",\"@id\":\"https:\/\/ugtfgvalicante.com\/#\/schema\/logo\/image\/\",\"url\":\"https:\/\/ugtfgvalicante.com\/wp-content\/uploads\/2022\/10\/logo-ugt-web.png\",\"contentUrl\":\"https:\/\/ugtfgvalicante.com\/wp-content\/uploads\/2022\/10\/logo-ugt-web.png\",\"width\":2283,\"height\":1126,\"caption\":\"UGT FGV Alicante\"},\"image\":{\"@id\":\"https:\/\/ugtfgvalicante.com\/#\/schema\/logo\/image\/\"},\"sameAs\":[\"https:\/\/es-es.facebook.com\/ugt.fgvalicante\/\"]},{\"@type\":\"Person\",\"@id\":\"https:\/\/ugtfgvalicante.com\/#\/schema\/person\/a1375a9c1ef53e624aa79c34b93b62e8\",\"name\":\"Ugt FGV Alicante\",\"image\":{\"@type\":\"ImageObject\",\"inLanguage\":\"es\",\"@id\":\"https:\/\/ugtfgvalicante.com\/#\/schema\/person\/image\/\",\"url\":\"https:\/\/secure.gravatar.com\/avatar\/ea41cd8456808460c6c0caa1a213c3c921573555df6b57a7ee2f16fb6f502866?s=96&d=mm&r=g\",\"contentUrl\":\"https:\/\/secure.gravatar.com\/avatar\/ea41cd8456808460c6c0caa1a213c3c921573555df6b57a7ee2f16fb6f502866?s=96&d=mm&r=g\",\"caption\":\"Ugt FGV Alicante\"},\"url\":\"https:\/\/ugtfgvalicante.com\/index.php\/author\/ggrau\/\"}]}<\/script>\n<!-- \/ Yoast SEO plugin. -->","yoast_head_json":{"title":"Convocadas 115 plazas para ser maquinista de trenes y tranv\u00edas - FGV Alicante","robots":{"index":"index","follow":"follow","max-snippet":"max-snippet:-1","max-image-preview":"max-image-preview:large","max-video-preview":"max-video-preview:-1"},"canonical":"https:\/\/ugtfgvalicante.com\/index.php\/2022\/11\/21\/convocadas-115-plazas-para-ser-maquinista-de-trenes-y-tranvias\/","og_locale":"es_ES","og_type":"article","og_title":"Convocadas 115 plazas para ser maquinista de trenes y tranv\u00edas - FGV Alicante","og_description":"La oferta de empleo incluye 20 plazas para ser maquinista y una para ser jefe de circulaci\u00f3n en Alicante La Generalitat, a trav\u00e9s de&nbsp;Ferrocarrils de [...]","og_url":"https:\/\/ugtfgvalicante.com\/index.php\/2022\/11\/21\/convocadas-115-plazas-para-ser-maquinista-de-trenes-y-tranvias\/","og_site_name":"FGV Alicante","article_publisher":"https:\/\/es-es.facebook.com\/ugt.fgvalicante\/","article_published_time":"2022-11-21T17:31:51+00:00","article_modified_time":"2022-11-21T17:31:53+00:00","og_image":[{"width":1200,"height":675,"url":"https:\/\/ugtfgvalicante.com\/wp-content\/uploads\/2022\/11\/44f16913-8c99-490a-8db1-14cc4a4d635e_16-9-discover-aspect-ratio_default_0.jpg","type":"image\/jpeg"}],"author":"Ugt FGV Alicante","twitter_card":"summary_large_image","twitter_misc":{"Escrito por":"Ugt FGV Alicante","Tiempo de lectura":"2 minutos"},"schema":{"@context":"https:\/\/schema.org","@graph":[{"@type":"Article","@id":"https:\/\/ugtfgvalicante.com\/index.php\/2022\/11\/21\/convocadas-115-plazas-para-ser-maquinista-de-trenes-y-tranvias\/#article","isPartOf":{"@id":"https:\/\/ugtfgvalicante.com\/index.php\/2022\/11\/21\/convocadas-115-plazas-para-ser-maquinista-de-trenes-y-tranvias\/"},"author":{"name":"Ugt FGV Alicante","@id":"https:\/\/ugtfgvalicante.com\/#\/schema\/person\/a1375a9c1ef53e624aa79c34b93b62e8"},"headline":"Convocadas 115 plazas para ser maquinista de trenes y tranv\u00edas","datePublished":"2022-11-21T17:31:51+00:00","dateModified":"2022-11-21T17:31:53+00:00","mainEntityOfPage":{"@id":"https:\/\/ugtfgvalicante.com\/index.php\/2022\/11\/21\/convocadas-115-plazas-para-ser-maquinista-de-trenes-y-tranvias\/"},"wordCount":285,"publisher":{"@id":"https:\/\/ugtfgvalicante.com\/#organization"},"image":{"@id":"https:\/\/ugtfgvalicante.com\/index.php\/2022\/11\/21\/convocadas-115-plazas-para-ser-maquinista-de-trenes-y-tranvias\/#primaryimage"},"thumbnailUrl":"https:\/\/ugtfgvalicante.com\/wp-content\/uploads\/2022\/11\/44f16913-8c99-490a-8db1-14cc4a4d635e_16-9-discover-aspect-ratio_default_0.jpg","articleSection":["Noticias prensa"],"inLanguage":"es"},{"@type":"WebPage","@id":"https:\/\/ugtfgvalicante.com\/index.php\/2022\/11\/21\/convocadas-115-plazas-para-ser-maquinista-de-trenes-y-tranvias\/","url":"https:\/\/ugtfgvalicante.com\/index.php\/2022\/11\/21\/convocadas-115-plazas-para-ser-maquinista-de-trenes-y-tranvias\/","name":"Convocadas 115 plazas para ser maquinista de trenes y tranv\u00edas - FGV Alicante","isPartOf":{"@id":"https:\/\/ugtfgvalicante.com\/#website"},"primaryImageOfPage":{"@id":"https:\/\/ugtfgvalicante.com\/index.php\/2022\/11\/21\/convocadas-115-plazas-para-ser-maquinista-de-trenes-y-tranvias\/#primaryimage"},"image":{"@id":"https:\/\/ugtfgvalicante.com\/index.php\/2022\/11\/21\/convocadas-115-plazas-para-ser-maquinista-de-trenes-y-tranvias\/#primaryimage"},"thumbnailUrl":"https:\/\/ugtfgvalicante.com\/wp-content\/uploads\/2022\/11\/44f16913-8c99-490a-8db1-14cc4a4d635e_16-9-discover-aspect-ratio_default_0.jpg","datePublished":"2022-11-21T17:31:51+00:00","dateModified":"2022-11-21T17:31:53+00:00","breadcrumb":{"@id":"https:\/\/ugtfgvalicante.com\/index.php\/2022\/11\/21\/convocadas-115-plazas-para-ser-maquinista-de-trenes-y-tranvias\/#breadcrumb"},"inLanguage":"es","potentialAction":[{"@type":"ReadAction","target":["https:\/\/ugtfgvalicante.com\/index.php\/2022\/11\/21\/convocadas-115-plazas-para-ser-maquinista-de-trenes-y-tranvias\/"]}]},{"@type":"ImageObject","inLanguage":"es","@id":"https:\/\/ugtfgvalicante.com\/index.php\/2022\/11\/21\/convocadas-115-plazas-para-ser-maquinista-de-trenes-y-tranvias\/#primaryimage","url":"https:\/\/ugtfgvalicante.com\/wp-content\/uploads\/2022\/11\/44f16913-8c99-490a-8db1-14cc4a4d635e_16-9-discover-aspect-ratio_default_0.jpg","contentUrl":"https:\/\/ugtfgvalicante.com\/wp-content\/uploads\/2022\/11\/44f16913-8c99-490a-8db1-14cc4a4d635e_16-9-discover-aspect-ratio_default_0.jpg","width":1200,"height":675},{"@type":"BreadcrumbList","@id":"https:\/\/ugtfgvalicante.com\/index.php\/2022\/11\/21\/convocadas-115-plazas-para-ser-maquinista-de-trenes-y-tranvias\/#breadcrumb","itemListElement":[{"@type":"ListItem","position":1,"name":"Portada","item":"https:\/\/ugtfgvalicante.com\/"},{"@type":"ListItem","position":2,"name":"Convocadas 115 plazas para ser maquinista de trenes y tranv\u00edas"}]},{"@type":"WebSite","@id":"https:\/\/ugtfgvalicante.com\/#website","url":"https:\/\/ugtfgvalicante.com\/","name":"FGV Alicante","description":"","publisher":{"@id":"https:\/\/ugtfgvalicante.com\/#organization"},"potentialAction":[{"@type":"SearchAction","target":{"@type":"EntryPoint","urlTemplate":"https:\/\/ugtfgvalicante.com\/?s={search_term_string}"},"query-input":{"@type":"PropertyValueSpecification","valueRequired":true,"valueName":"search_term_string"}}],"inLanguage":"es"},{"@type":"Organization","@id":"https:\/\/ugtfgvalicante.com\/#organization","name":"UGT FGV Alicante","url":"https:\/\/ugtfgvalicante.com\/","logo":{"@type":"ImageObject","inLanguage":"es","@id":"https:\/\/ugtfgvalicante.com\/#\/schema\/logo\/image\/","url":"https:\/\/ugtfgvalicante.com\/wp-content\/uploads\/2022\/10\/logo-ugt-web.png","contentUrl":"https:\/\/ugtfgvalicante.com\/wp-content\/uploads\/2022\/10\/logo-ugt-web.png","width":2283,"height":1126,"caption":"UGT FGV Alicante"},"image":{"@id":"https:\/\/ugtfgvalicante.com\/#\/schema\/logo\/image\/"},"sameAs":["https:\/\/es-es.facebook.com\/ugt.fgvalicante\/"]},{"@type":"Person","@id":"https:\/\/ugtfgvalicante.com\/#\/schema\/person\/a1375a9c1ef53e624aa79c34b93b62e8","name":"Ugt FGV Alicante","image":{"@type":"ImageObject","inLanguage":"es","@id":"https:\/\/ugtfgvalicante.com\/#\/schema\/person\/image\/","url":"https:\/\/secure.gravatar.com\/avatar\/ea41cd8456808460c6c0caa1a213c3c921573555df6b57a7ee2f16fb6f502866?s=96&d=mm&r=g","contentUrl":"https:\/\/secure.gravatar.com\/avatar\/ea41cd8456808460c6c0caa1a213c3c921573555df6b57a7ee2f16fb6f502866?s=96&d=mm&r=g","caption":"Ugt FGV Alicante"},"url":"https:\/\/ugtfgvalicante.com\/index.php\/author\/ggrau\/"}]}},"_links":{"self":[{"href":"https:\/\/ugtfgvalicante.com\/index.php\/wp-json\/wp\/v2\/posts\/266","targetHints":{"allow":["GET"]}}],"collection":[{"href":"https:\/\/ugtfgvalicante.com\/index.php\/wp-json\/wp\/v2\/posts"}],"about":[{"href":"https:\/\/ugtfgvalicante.com\/index.php\/wp-json\/wp\/v2\/types\/post"}],"author":[{"embeddable":true,"href":"https:\/\/ugtfgvalicante.com\/index.php\/wp-json\/wp\/v2\/users\/4"}],"replies":[{"embeddable":true,"href":"https:\/\/ugtfgvalicante.com\/index.php\/wp-json\/wp\/v2\/comments?post=266"}],"version-history":[{"count":1,"href":"https:\/\/ugtfgvalicante.com\/index.php\/wp-json\/wp\/v2\/posts\/266\/revisions"}],"predecessor-version":[{"id":269,"href":"https:\/\/ugtfgvalicante.com\/index.php\/wp-json\/wp\/v2\/posts\/266\/revisions\/269"}],"wp:featuredmedia":[{"embeddable":true,"href":"https:\/\/ugtfgvalicante.com\/index.php\/wp-json\/wp\/v2\/media\/268"}],"wp:attachment":[{"href":"https:\/\/ugtfgvalicante.com\/index.php\/wp-json\/wp\/v2\/media?parent=266"}],"wp:term":[{"taxonomy":"category","embeddable":true,"href":"https:\/\/ugtfgvalicante.com\/index.php\/wp-json\/wp\/v2\/categories?post=266"},{"taxonomy":"post_tag","embeddable":true,"href":"https:\/\/ugtfgvalicante.com\/index.php\/wp-json\/wp\/v2\/tags?post=266"}],"curies":[{"name":"wp","href":"https:\/\/api.w.org\/{rel}","templated":true}]}}