{"id":288,"date":"2022-12-02T11:31:12","date_gmt":"2022-12-02T11:31:12","guid":{"rendered":"https:\/\/ugtfgvalicante.com\/?p=288"},"modified":"2022-12-02T11:36:39","modified_gmt":"2022-12-02T11:36:39","slug":"arranca-la-formacion-previa-a-la-puesta-en-marcha-del-tramo-entre-denia-y-gata-de-gorgos-del-tram","status":"publish","type":"post","link":"https:\/\/ugtfgvalicante.com\/index.php\/2022\/12\/02\/arranca-la-formacion-previa-a-la-puesta-en-marcha-del-tramo-entre-denia-y-gata-de-gorgos-del-tram\/","title":{"rendered":"Arranca la formaci\u00f3n previa a la puesta en marcha del tramo entre D\u00e9nia y Gata de Gorgos del Tram"},"content":{"rendered":"\n<p>EST\u00c1 PREVISTO QUE SE ABRA AL P\u00daBLICO A PRINCIPIOS DEL PR\u00d3XIMO A\u00d1O<\/p>\n\n\n\n<p>D\u00c9NIA. Ferrocarrils de la Generalitat Valenciana (FGV) ha iniciado el proceso de&nbsp;<strong>formaci\u00f3n de circulaci\u00f3n del personal que prestar\u00e1 servicio en el tramo que une Gata de Gorgos y D\u00e9nia<\/strong>, correspondiente a la&nbsp;<strong>L\u00ednea 9 del Tram d&#8217;Alacant<\/strong>&nbsp;y que est\u00e1 previsto que se abra al p\u00fablico a principios del pr\u00f3ximo a\u00f1o.<\/p>\n\n\n\n<p>El proceso de formaci\u00f3n de los m\u00e1s de 30 maquinistas asignados a este servicio se realiza en uno de los nuevos trenes duales electrodi\u00e9sel que circular\u00e1n entre D\u00e9nia y Teulada, seg\u00fan ha informado la Generalitat en un comunicado.<\/p>\n\n\n\n<p>Con la puesta en servicio de este tramo, las personas usuarias de la<strong>&nbsp;L\u00ednea 9 que une Benidorm y D\u00e9nia deber\u00e1n realizar trasbordo en Teulada<\/strong>, desde los nuevos veh\u00edculos duales a los trenes di\u00e9sel, para continuar su viaje ya que no pueden circular hasta D\u00e9nia por motivos t\u00e9cnicos y de accesibilidad.<\/p>\n\n\n\n<p>Las nuevas unidades electrodi\u00e9sel ofrecen un dise\u00f1o y unas caracter\u00edsticas t\u00e9cnicas y de accesibilidad actualizadas de acuerdo con la normativa existente, y compatibles con la utilizaci\u00f3n de sistemas de seguridad, control y comunicaciones de \u00faltima tecnolog\u00eda.<\/p>\n\n\n\n<p>Adem\u00e1s, los motores di\u00e9sel de los nuevos trenes duales cumplen con la estricta normativa Europea EN 2004\/26\/CE III B de homologaci\u00f3n de motores y emisiones a la atm\u00f3sfera. Con estos nuevos trenes se garantiza una mayor fiabilidad y seguridad, adem\u00e1s del confort, la accesibilidad o la informaci\u00f3n al cliente, conforme a los est\u00e1ndares que FGV presta en el resto de sus l\u00edneas.<\/p>\n\n\n\n<p>Desde FGV se se\u00f1ala que con el inicio del periodo de formaci\u00f3n se da un paso m\u00e1s y casi definitivo para que D\u00e9nia recupere el servicio ferroviario, cerca de seis a\u00f1os despu\u00e9s, una vez completadas gran parte de las obras de modernizaci\u00f3n de esta l\u00ednea, en las que la Generalitat ha invertido m\u00e1s de 150 millones de euros, gracias tambi\u00e9n a las aportaciones de los fondos europeos.<\/p>\n\n\n\n<p>FGV complet\u00f3 en agosto los trabajos de tranviarizaci\u00f3n que, en coordinaci\u00f3n con el Ayuntamiento de esta localidad, han permitido tambi\u00e9n acondicionar dos nuevas paradas a lo largo del trazado que finaliza en la estaci\u00f3n de D\u00e9nia y que est\u00e1 acondicionado para estos nuevos trenes<\/p>\n\n\n\n<p>Fuente:<a href=\"https:\/\/alicanteplaza.es\/benissa-natura-pide-licencia-de-obra-y-presiona-para-que-se-apruebe-el-convenio-de-patmore\"> <\/a><a href=\"https:\/\/alicanteplaza.es\/formacion-previa-tramo-denia-gata-de-gorgos-tram\">Alicanteplaza<\/a><\/p>\n","protected":false},"excerpt":{"rendered":"<div class=\"mh-excerpt\"><p>EST\u00c1 PREVISTO QUE SE ABRA AL P\u00daBLICO A PRINCIPIOS DEL PR\u00d3XIMO A\u00d1O D\u00c9NIA. Ferrocarrils de la Generalitat Valenciana (FGV) ha iniciado el proceso de&nbsp;formaci\u00f3n de <a class=\"mh-excerpt-more\" href=\"https:\/\/ugtfgvalicante.com\/index.php\/2022\/12\/02\/arranca-la-formacion-previa-a-la-puesta-en-marcha-del-tramo-entre-denia-y-gata-de-gorgos-del-tram\/\" title=\"Arranca la formaci\u00f3n previa a la puesta en marcha del tramo entre D\u00e9nia y Gata de Gorgos del Tram\">[&#8230;]<\/a><\/p>\n<\/div>","protected":false},"author":4,"featured_media":289,"comment_status":"closed","ping_status":"closed","sticky":false,"template":"","format":"standard","meta":{"footnotes":""},"categories":[5],"tags":[],"class_list":["post-288","post","type-post","status-publish","format-standard","has-post-thumbnail","hentry","category-noticias-prensa"],"yoast_head":"<!-- This site is optimized with the Yoast SEO plugin v26.6 - https:\/\/yoast.com\/wordpress\/plugins\/seo\/ -->\n<title>Arranca la formaci\u00f3n previa a la puesta en marcha del tramo entre D\u00e9nia y Gata de Gorgos del Tram - FGV Alicante<\/title>\n<meta name=\"robots\" content=\"index, follow, max-snippet:-1, max-image-preview:large, max-video-preview:-1\" \/>\n<link rel=\"canonical\" href=\"https:\/\/ugtfgvalicante.com\/index.php\/2022\/12\/02\/arranca-la-formacion-previa-a-la-puesta-en-marcha-del-tramo-entre-denia-y-gata-de-gorgos-del-tram\/\" \/>\n<meta property=\"og:locale\" content=\"es_ES\" \/>\n<meta property=\"og:type\" content=\"article\" \/>\n<meta property=\"og:title\" content=\"Arranca la formaci\u00f3n previa a la puesta en marcha del tramo entre D\u00e9nia y Gata de Gorgos del Tram - FGV Alicante\" \/>\n<meta property=\"og:description\" content=\"EST\u00c1 PREVISTO QUE SE ABRA AL P\u00daBLICO A PRINCIPIOS DEL PR\u00d3XIMO A\u00d1O D\u00c9NIA. Ferrocarrils de la Generalitat Valenciana (FGV) ha iniciado el proceso de&nbsp;formaci\u00f3n de [...]\" \/>\n<meta property=\"og:url\" content=\"https:\/\/ugtfgvalicante.com\/index.php\/2022\/12\/02\/arranca-la-formacion-previa-a-la-puesta-en-marcha-del-tramo-entre-denia-y-gata-de-gorgos-del-tram\/\" \/>\n<meta property=\"og:site_name\" content=\"FGV Alicante\" \/>\n<meta property=\"article:publisher\" content=\"https:\/\/es-es.facebook.com\/ugt.fgvalicante\/\" \/>\n<meta property=\"article:published_time\" content=\"2022-12-02T11:31:12+00:00\" \/>\n<meta property=\"article:modified_time\" content=\"2022-12-02T11:36:39+00:00\" \/>\n<meta property=\"og:image\" content=\"https:\/\/ugtfgvalicante.com\/wp-content\/uploads\/2022\/12\/tram-denia-gata-gorgos_NoticiaAmpliada.jpg\" \/>\n\t<meta property=\"og:image:width\" content=\"768\" \/>\n\t<meta property=\"og:image:height\" content=\"576\" \/>\n\t<meta property=\"og:image:type\" content=\"image\/jpeg\" \/>\n<meta name=\"author\" content=\"Ugt FGV Alicante\" \/>\n<meta name=\"twitter:card\" content=\"summary_large_image\" \/>\n<meta name=\"twitter:label1\" content=\"Escrito por\" \/>\n\t<meta name=\"twitter:data1\" content=\"Ugt FGV Alicante\" \/>\n\t<meta name=\"twitter:label2\" content=\"Tiempo de lectura\" \/>\n\t<meta name=\"twitter:data2\" content=\"2 minutos\" \/>\n<script type=\"application\/ld+json\" class=\"yoast-schema-graph\">{\"@context\":\"https:\/\/schema.org\",\"@graph\":[{\"@type\":\"Article\",\"@id\":\"https:\/\/ugtfgvalicante.com\/index.php\/2022\/12\/02\/arranca-la-formacion-previa-a-la-puesta-en-marcha-del-tramo-entre-denia-y-gata-de-gorgos-del-tram\/#article\",\"isPartOf\":{\"@id\":\"https:\/\/ugtfgvalicante.com\/index.php\/2022\/12\/02\/arranca-la-formacion-previa-a-la-puesta-en-marcha-del-tramo-entre-denia-y-gata-de-gorgos-del-tram\/\"},\"author\":{\"name\":\"Ugt FGV Alicante\",\"@id\":\"https:\/\/ugtfgvalicante.com\/#\/schema\/person\/a1375a9c1ef53e624aa79c34b93b62e8\"},\"headline\":\"Arranca la formaci\u00f3n previa a la puesta en marcha del tramo entre D\u00e9nia y Gata de Gorgos del Tram\",\"datePublished\":\"2022-12-02T11:31:12+00:00\",\"dateModified\":\"2022-12-02T11:36:39+00:00\",\"mainEntityOfPage\":{\"@id\":\"https:\/\/ugtfgvalicante.com\/index.php\/2022\/12\/02\/arranca-la-formacion-previa-a-la-puesta-en-marcha-del-tramo-entre-denia-y-gata-de-gorgos-del-tram\/\"},\"wordCount\":439,\"publisher\":{\"@id\":\"https:\/\/ugtfgvalicante.com\/#organization\"},\"image\":{\"@id\":\"https:\/\/ugtfgvalicante.com\/index.php\/2022\/12\/02\/arranca-la-formacion-previa-a-la-puesta-en-marcha-del-tramo-entre-denia-y-gata-de-gorgos-del-tram\/#primaryimage\"},\"thumbnailUrl\":\"https:\/\/ugtfgvalicante.com\/wp-content\/uploads\/2022\/12\/tram-denia-gata-gorgos_NoticiaAmpliada.jpg\",\"articleSection\":[\"Noticias prensa\"],\"inLanguage\":\"es\"},{\"@type\":\"WebPage\",\"@id\":\"https:\/\/ugtfgvalicante.com\/index.php\/2022\/12\/02\/arranca-la-formacion-previa-a-la-puesta-en-marcha-del-tramo-entre-denia-y-gata-de-gorgos-del-tram\/\",\"url\":\"https:\/\/ugtfgvalicante.com\/index.php\/2022\/12\/02\/arranca-la-formacion-previa-a-la-puesta-en-marcha-del-tramo-entre-denia-y-gata-de-gorgos-del-tram\/\",\"name\":\"Arranca la formaci\u00f3n previa a la puesta en marcha del tramo entre D\u00e9nia y Gata de Gorgos del Tram - FGV Alicante\",\"isPartOf\":{\"@id\":\"https:\/\/ugtfgvalicante.com\/#website\"},\"primaryImageOfPage\":{\"@id\":\"https:\/\/ugtfgvalicante.com\/index.php\/2022\/12\/02\/arranca-la-formacion-previa-a-la-puesta-en-marcha-del-tramo-entre-denia-y-gata-de-gorgos-del-tram\/#primaryimage\"},\"image\":{\"@id\":\"https:\/\/ugtfgvalicante.com\/index.php\/2022\/12\/02\/arranca-la-formacion-previa-a-la-puesta-en-marcha-del-tramo-entre-denia-y-gata-de-gorgos-del-tram\/#primaryimage\"},\"thumbnailUrl\":\"https:\/\/ugtfgvalicante.com\/wp-content\/uploads\/2022\/12\/tram-denia-gata-gorgos_NoticiaAmpliada.jpg\",\"datePublished\":\"2022-12-02T11:31:12+00:00\",\"dateModified\":\"2022-12-02T11:36:39+00:00\",\"breadcrumb\":{\"@id\":\"https:\/\/ugtfgvalicante.com\/index.php\/2022\/12\/02\/arranca-la-formacion-previa-a-la-puesta-en-marcha-del-tramo-entre-denia-y-gata-de-gorgos-del-tram\/#breadcrumb\"},\"inLanguage\":\"es\",\"potentialAction\":[{\"@type\":\"ReadAction\",\"target\":[\"https:\/\/ugtfgvalicante.com\/index.php\/2022\/12\/02\/arranca-la-formacion-previa-a-la-puesta-en-marcha-del-tramo-entre-denia-y-gata-de-gorgos-del-tram\/\"]}]},{\"@type\":\"ImageObject\",\"inLanguage\":\"es\",\"@id\":\"https:\/\/ugtfgvalicante.com\/index.php\/2022\/12\/02\/arranca-la-formacion-previa-a-la-puesta-en-marcha-del-tramo-entre-denia-y-gata-de-gorgos-del-tram\/#primaryimage\",\"url\":\"https:\/\/ugtfgvalicante.com\/wp-content\/uploads\/2022\/12\/tram-denia-gata-gorgos_NoticiaAmpliada.jpg\",\"contentUrl\":\"https:\/\/ugtfgvalicante.com\/wp-content\/uploads\/2022\/12\/tram-denia-gata-gorgos_NoticiaAmpliada.jpg\",\"width\":768,\"height\":576},{\"@type\":\"BreadcrumbList\",\"@id\":\"https:\/\/ugtfgvalicante.com\/index.php\/2022\/12\/02\/arranca-la-formacion-previa-a-la-puesta-en-marcha-del-tramo-entre-denia-y-gata-de-gorgos-del-tram\/#breadcrumb\",\"itemListElement\":[{\"@type\":\"ListItem\",\"position\":1,\"name\":\"Portada\",\"item\":\"https:\/\/ugtfgvalicante.com\/\"},{\"@type\":\"ListItem\",\"position\":2,\"name\":\"Arranca la formaci\u00f3n previa a la puesta en marcha del tramo entre D\u00e9nia y Gata de Gorgos del Tram\"}]},{\"@type\":\"WebSite\",\"@id\":\"https:\/\/ugtfgvalicante.com\/#website\",\"url\":\"https:\/\/ugtfgvalicante.com\/\",\"name\":\"FGV Alicante\",\"description\":\"\",\"publisher\":{\"@id\":\"https:\/\/ugtfgvalicante.com\/#organization\"},\"potentialAction\":[{\"@type\":\"SearchAction\",\"target\":{\"@type\":\"EntryPoint\",\"urlTemplate\":\"https:\/\/ugtfgvalicante.com\/?s={search_term_string}\"},\"query-input\":{\"@type\":\"PropertyValueSpecification\",\"valueRequired\":true,\"valueName\":\"search_term_string\"}}],\"inLanguage\":\"es\"},{\"@type\":\"Organization\",\"@id\":\"https:\/\/ugtfgvalicante.com\/#organization\",\"name\":\"UGT FGV Alicante\",\"url\":\"https:\/\/ugtfgvalicante.com\/\",\"logo\":{\"@type\":\"ImageObject\",\"inLanguage\":\"es\",\"@id\":\"https:\/\/ugtfgvalicante.com\/#\/schema\/logo\/image\/\",\"url\":\"https:\/\/ugtfgvalicante.com\/wp-content\/uploads\/2022\/10\/logo-ugt-web.png\",\"contentUrl\":\"https:\/\/ugtfgvalicante.com\/wp-content\/uploads\/2022\/10\/logo-ugt-web.png\",\"width\":2283,\"height\":1126,\"caption\":\"UGT FGV Alicante\"},\"image\":{\"@id\":\"https:\/\/ugtfgvalicante.com\/#\/schema\/logo\/image\/\"},\"sameAs\":[\"https:\/\/es-es.facebook.com\/ugt.fgvalicante\/\"]},{\"@type\":\"Person\",\"@id\":\"https:\/\/ugtfgvalicante.com\/#\/schema\/person\/a1375a9c1ef53e624aa79c34b93b62e8\",\"name\":\"Ugt FGV Alicante\",\"image\":{\"@type\":\"ImageObject\",\"inLanguage\":\"es\",\"@id\":\"https:\/\/ugtfgvalicante.com\/#\/schema\/person\/image\/\",\"url\":\"https:\/\/secure.gravatar.com\/avatar\/ea41cd8456808460c6c0caa1a213c3c921573555df6b57a7ee2f16fb6f502866?s=96&d=mm&r=g\",\"contentUrl\":\"https:\/\/secure.gravatar.com\/avatar\/ea41cd8456808460c6c0caa1a213c3c921573555df6b57a7ee2f16fb6f502866?s=96&d=mm&r=g\",\"caption\":\"Ugt FGV Alicante\"},\"url\":\"https:\/\/ugtfgvalicante.com\/index.php\/author\/ggrau\/\"}]}<\/script>\n<!-- \/ Yoast SEO plugin. -->","yoast_head_json":{"title":"Arranca la formaci\u00f3n previa a la puesta en marcha del tramo entre D\u00e9nia y Gata de Gorgos del Tram - FGV Alicante","robots":{"index":"index","follow":"follow","max-snippet":"max-snippet:-1","max-image-preview":"max-image-preview:large","max-video-preview":"max-video-preview:-1"},"canonical":"https:\/\/ugtfgvalicante.com\/index.php\/2022\/12\/02\/arranca-la-formacion-previa-a-la-puesta-en-marcha-del-tramo-entre-denia-y-gata-de-gorgos-del-tram\/","og_locale":"es_ES","og_type":"article","og_title":"Arranca la formaci\u00f3n previa a la puesta en marcha del tramo entre D\u00e9nia y Gata de Gorgos del Tram - FGV Alicante","og_description":"EST\u00c1 PREVISTO QUE SE ABRA AL P\u00daBLICO A PRINCIPIOS DEL PR\u00d3XIMO A\u00d1O D\u00c9NIA. Ferrocarrils de la Generalitat Valenciana (FGV) ha iniciado el proceso de&nbsp;formaci\u00f3n de [...]","og_url":"https:\/\/ugtfgvalicante.com\/index.php\/2022\/12\/02\/arranca-la-formacion-previa-a-la-puesta-en-marcha-del-tramo-entre-denia-y-gata-de-gorgos-del-tram\/","og_site_name":"FGV Alicante","article_publisher":"https:\/\/es-es.facebook.com\/ugt.fgvalicante\/","article_published_time":"2022-12-02T11:31:12+00:00","article_modified_time":"2022-12-02T11:36:39+00:00","og_image":[{"width":768,"height":576,"url":"https:\/\/ugtfgvalicante.com\/wp-content\/uploads\/2022\/12\/tram-denia-gata-gorgos_NoticiaAmpliada.jpg","type":"image\/jpeg"}],"author":"Ugt FGV Alicante","twitter_card":"summary_large_image","twitter_misc":{"Escrito por":"Ugt FGV Alicante","Tiempo de lectura":"2 minutos"},"schema":{"@context":"https:\/\/schema.org","@graph":[{"@type":"Article","@id":"https:\/\/ugtfgvalicante.com\/index.php\/2022\/12\/02\/arranca-la-formacion-previa-a-la-puesta-en-marcha-del-tramo-entre-denia-y-gata-de-gorgos-del-tram\/#article","isPartOf":{"@id":"https:\/\/ugtfgvalicante.com\/index.php\/2022\/12\/02\/arranca-la-formacion-previa-a-la-puesta-en-marcha-del-tramo-entre-denia-y-gata-de-gorgos-del-tram\/"},"author":{"name":"Ugt FGV Alicante","@id":"https:\/\/ugtfgvalicante.com\/#\/schema\/person\/a1375a9c1ef53e624aa79c34b93b62e8"},"headline":"Arranca la formaci\u00f3n previa a la puesta en marcha del tramo entre D\u00e9nia y Gata de Gorgos del Tram","datePublished":"2022-12-02T11:31:12+00:00","dateModified":"2022-12-02T11:36:39+00:00","mainEntityOfPage":{"@id":"https:\/\/ugtfgvalicante.com\/index.php\/2022\/12\/02\/arranca-la-formacion-previa-a-la-puesta-en-marcha-del-tramo-entre-denia-y-gata-de-gorgos-del-tram\/"},"wordCount":439,"publisher":{"@id":"https:\/\/ugtfgvalicante.com\/#organization"},"image":{"@id":"https:\/\/ugtfgvalicante.com\/index.php\/2022\/12\/02\/arranca-la-formacion-previa-a-la-puesta-en-marcha-del-tramo-entre-denia-y-gata-de-gorgos-del-tram\/#primaryimage"},"thumbnailUrl":"https:\/\/ugtfgvalicante.com\/wp-content\/uploads\/2022\/12\/tram-denia-gata-gorgos_NoticiaAmpliada.jpg","articleSection":["Noticias prensa"],"inLanguage":"es"},{"@type":"WebPage","@id":"https:\/\/ugtfgvalicante.com\/index.php\/2022\/12\/02\/arranca-la-formacion-previa-a-la-puesta-en-marcha-del-tramo-entre-denia-y-gata-de-gorgos-del-tram\/","url":"https:\/\/ugtfgvalicante.com\/index.php\/2022\/12\/02\/arranca-la-formacion-previa-a-la-puesta-en-marcha-del-tramo-entre-denia-y-gata-de-gorgos-del-tram\/","name":"Arranca la formaci\u00f3n previa a la puesta en marcha del tramo entre D\u00e9nia y Gata de Gorgos del Tram - FGV Alicante","isPartOf":{"@id":"https:\/\/ugtfgvalicante.com\/#website"},"primaryImageOfPage":{"@id":"https:\/\/ugtfgvalicante.com\/index.php\/2022\/12\/02\/arranca-la-formacion-previa-a-la-puesta-en-marcha-del-tramo-entre-denia-y-gata-de-gorgos-del-tram\/#primaryimage"},"image":{"@id":"https:\/\/ugtfgvalicante.com\/index.php\/2022\/12\/02\/arranca-la-formacion-previa-a-la-puesta-en-marcha-del-tramo-entre-denia-y-gata-de-gorgos-del-tram\/#primaryimage"},"thumbnailUrl":"https:\/\/ugtfgvalicante.com\/wp-content\/uploads\/2022\/12\/tram-denia-gata-gorgos_NoticiaAmpliada.jpg","datePublished":"2022-12-02T11:31:12+00:00","dateModified":"2022-12-02T11:36:39+00:00","breadcrumb":{"@id":"https:\/\/ugtfgvalicante.com\/index.php\/2022\/12\/02\/arranca-la-formacion-previa-a-la-puesta-en-marcha-del-tramo-entre-denia-y-gata-de-gorgos-del-tram\/#breadcrumb"},"inLanguage":"es","potentialAction":[{"@type":"ReadAction","target":["https:\/\/ugtfgvalicante.com\/index.php\/2022\/12\/02\/arranca-la-formacion-previa-a-la-puesta-en-marcha-del-tramo-entre-denia-y-gata-de-gorgos-del-tram\/"]}]},{"@type":"ImageObject","inLanguage":"es","@id":"https:\/\/ugtfgvalicante.com\/index.php\/2022\/12\/02\/arranca-la-formacion-previa-a-la-puesta-en-marcha-del-tramo-entre-denia-y-gata-de-gorgos-del-tram\/#primaryimage","url":"https:\/\/ugtfgvalicante.com\/wp-content\/uploads\/2022\/12\/tram-denia-gata-gorgos_NoticiaAmpliada.jpg","contentUrl":"https:\/\/ugtfgvalicante.com\/wp-content\/uploads\/2022\/12\/tram-denia-gata-gorgos_NoticiaAmpliada.jpg","width":768,"height":576},{"@type":"BreadcrumbList","@id":"https:\/\/ugtfgvalicante.com\/index.php\/2022\/12\/02\/arranca-la-formacion-previa-a-la-puesta-en-marcha-del-tramo-entre-denia-y-gata-de-gorgos-del-tram\/#breadcrumb","itemListElement":[{"@type":"ListItem","position":1,"name":"Portada","item":"https:\/\/ugtfgvalicante.com\/"},{"@type":"ListItem","position":2,"name":"Arranca la formaci\u00f3n previa a la puesta en marcha del tramo entre D\u00e9nia y Gata de Gorgos del Tram"}]},{"@type":"WebSite","@id":"https:\/\/ugtfgvalicante.com\/#website","url":"https:\/\/ugtfgvalicante.com\/","name":"FGV Alicante","description":"","publisher":{"@id":"https:\/\/ugtfgvalicante.com\/#organization"},"potentialAction":[{"@type":"SearchAction","target":{"@type":"EntryPoint","urlTemplate":"https:\/\/ugtfgvalicante.com\/?s={search_term_string}"},"query-input":{"@type":"PropertyValueSpecification","valueRequired":true,"valueName":"search_term_string"}}],"inLanguage":"es"},{"@type":"Organization","@id":"https:\/\/ugtfgvalicante.com\/#organization","name":"UGT FGV Alicante","url":"https:\/\/ugtfgvalicante.com\/","logo":{"@type":"ImageObject","inLanguage":"es","@id":"https:\/\/ugtfgvalicante.com\/#\/schema\/logo\/image\/","url":"https:\/\/ugtfgvalicante.com\/wp-content\/uploads\/2022\/10\/logo-ugt-web.png","contentUrl":"https:\/\/ugtfgvalicante.com\/wp-content\/uploads\/2022\/10\/logo-ugt-web.png","width":2283,"height":1126,"caption":"UGT FGV Alicante"},"image":{"@id":"https:\/\/ugtfgvalicante.com\/#\/schema\/logo\/image\/"},"sameAs":["https:\/\/es-es.facebook.com\/ugt.fgvalicante\/"]},{"@type":"Person","@id":"https:\/\/ugtfgvalicante.com\/#\/schema\/person\/a1375a9c1ef53e624aa79c34b93b62e8","name":"Ugt FGV Alicante","image":{"@type":"ImageObject","inLanguage":"es","@id":"https:\/\/ugtfgvalicante.com\/#\/schema\/person\/image\/","url":"https:\/\/secure.gravatar.com\/avatar\/ea41cd8456808460c6c0caa1a213c3c921573555df6b57a7ee2f16fb6f502866?s=96&d=mm&r=g","contentUrl":"https:\/\/secure.gravatar.com\/avatar\/ea41cd8456808460c6c0caa1a213c3c921573555df6b57a7ee2f16fb6f502866?s=96&d=mm&r=g","caption":"Ugt FGV Alicante"},"url":"https:\/\/ugtfgvalicante.com\/index.php\/author\/ggrau\/"}]}},"_links":{"self":[{"href":"https:\/\/ugtfgvalicante.com\/index.php\/wp-json\/wp\/v2\/posts\/288","targetHints":{"allow":["GET"]}}],"collection":[{"href":"https:\/\/ugtfgvalicante.com\/index.php\/wp-json\/wp\/v2\/posts"}],"about":[{"href":"https:\/\/ugtfgvalicante.com\/index.php\/wp-json\/wp\/v2\/types\/post"}],"author":[{"embeddable":true,"href":"https:\/\/ugtfgvalicante.com\/index.php\/wp-json\/wp\/v2\/users\/4"}],"replies":[{"embeddable":true,"href":"https:\/\/ugtfgvalicante.com\/index.php\/wp-json\/wp\/v2\/comments?post=288"}],"version-history":[{"count":3,"href":"https:\/\/ugtfgvalicante.com\/index.php\/wp-json\/wp\/v2\/posts\/288\/revisions"}],"predecessor-version":[{"id":292,"href":"https:\/\/ugtfgvalicante.com\/index.php\/wp-json\/wp\/v2\/posts\/288\/revisions\/292"}],"wp:featuredmedia":[{"embeddable":true,"href":"https:\/\/ugtfgvalicante.com\/index.php\/wp-json\/wp\/v2\/media\/289"}],"wp:attachment":[{"href":"https:\/\/ugtfgvalicante.com\/index.php\/wp-json\/wp\/v2\/media?parent=288"}],"wp:term":[{"taxonomy":"category","embeddable":true,"href":"https:\/\/ugtfgvalicante.com\/index.php\/wp-json\/wp\/v2\/categories?post=288"},{"taxonomy":"post_tag","embeddable":true,"href":"https:\/\/ugtfgvalicante.com\/index.php\/wp-json\/wp\/v2\/tags?post=288"}],"curies":[{"name":"wp","href":"https:\/\/api.w.org\/{rel}","templated":true}]}}