{"id":313,"date":"2023-01-03T18:43:09","date_gmt":"2023-01-03T18:43:09","guid":{"rendered":"https:\/\/ugtfgvalicante.com\/?p=313"},"modified":"2023-01-03T18:43:11","modified_gmt":"2023-01-03T18:43:11","slug":"las-nuevas-paradas-del-tram-en-denia-pasan-a-denominarse-bosc-de-diana-y-pedrera-vessanes","status":"publish","type":"post","link":"https:\/\/ugtfgvalicante.com\/index.php\/2023\/01\/03\/las-nuevas-paradas-del-tram-en-denia-pasan-a-denominarse-bosc-de-diana-y-pedrera-vessanes\/","title":{"rendered":"Las nuevas paradas del Tram en D\u00e9nia pasan a denominarse Bosc de Diana y Pedrera-Vessanes"},"content":{"rendered":"\n<p><strong>El Consejo de Administraci\u00f3n de Ferrocarrils de la Generalitat Valenciana (FGV<\/strong>) ha aprobado la nueva denominaci\u00f3n de las dos nuevas paradas de la<strong>&nbsp;L\u00ednea 9 del TRAM d&#8217;Alacant, situadas en la localidad de D\u00e9nia, que pasan a denominarse Bosc de Diana y Pedrera-Vessane<\/strong>s.<\/p>\n\n\n\n<p>El cambio se ha oficializado tras la petici\u00f3n realizada por el Ayuntamiento de D\u00e9nia, que ha solicitado que la anterior parada de&nbsp;<strong>Alqueries pase a denominarse Bosc de Diana y la de La Pedrera<\/strong>&nbsp;se modifique por Pedrera-Vessanes, ha informado la Generalitat en un comunicado.&nbsp; su vez, en la sesi\u00f3n del Consejo de Administraci\u00f3n de FGV, se ha ratificado<strong>&nbsp;la denominaci\u00f3n de Cala Finestrat como nombre que sustituye al de CC La Marina-Finestrat.<\/strong><\/p>\n\n\n\n<p>Estas dos nuevas paradas se han construido como parte de las obras de renovaci\u00f3n y modernizaci\u00f3n de la L\u00ednea 9 del TRAM d&#8217;Alacant, que han permitido completar la tranviarizaci\u00f3n del trazado ferroviario a lo largo de la avenida Joan Fuster y que finalizan en la estaci\u00f3n de D\u00e9nia.<\/p>\n\n\n\n<p>Estas actuaciones han favorecido \u00abuna mayor integraci\u00f3n urban\u00edstica\u00bb del tramo, mediante la transformaci\u00f3n de los antiguos pasos a nivel ferroviarios en cruces regulados semaf\u00f3ricamente.<\/p>\n\n\n\n<p>Las nuevas denominaciones tienen como objetivo favorecer su identificaci\u00f3n con la zona en la que se sit\u00faan. En el caso de Bosc de Diana, responde a su cercan\u00eda con el espacio creado por la corporaci\u00f3n municipal para \u00abla difusi\u00f3n de un mensaje que fomenta la sostenibilidad y la protecci\u00f3n del medio ambiente, objetivo fundamental del Ayuntamiento de D\u00e9nia, definido en la estrategia &#8216;D\u00e9nia Futur&#8217; y plasmado en la realizaci\u00f3n del Parque &#8216;Bosc de Diana&#8217;, cuya denominaci\u00f3n rinde honores a la diosa mitol\u00f3gica Diana, que da origen al nombre de la ciudad\u00bb.<\/p>\n\n\n\n<p>En el caso de Pedrera-Vessanes, esta nomenclatura permite una \u00abmejor identificaci\u00f3n\u00bb de la parada con el entorno en el que se ubica, en el que confluyen las partidas as\u00ed denominadas.<\/p>\n\n\n\n<p>Estas dos nuevas paradas entrar\u00e1n en servicio una vez se abra el tramo Gata de Gorgos-D\u00e9nia, despu\u00e9s de proceder a interrumpir la circulaci\u00f3n ferroviaria para acometer las obras de modernizaci\u00f3n de esta l\u00ednea, en las que la Generalitat ha invertido m\u00e1s de 150 millones de euros, gracias tambi\u00e9n a las aportaciones de los fondos europeos.<\/p>\n\n\n\n<p>Fuente <a href=\"https:\/\/alicanteplaza.es\/las-nuevas-paradas-del-tram-en-denia-pasan-a-denominarse-bosc-de-diana-y-pedrera-vessanes\">Alicanteplaza<\/a><\/p>\n","protected":false},"excerpt":{"rendered":"<div class=\"mh-excerpt\"><p>El Consejo de Administraci\u00f3n de Ferrocarrils de la Generalitat Valenciana (FGV) ha aprobado la nueva denominaci\u00f3n de las dos nuevas paradas de la&nbsp;L\u00ednea 9 del <a class=\"mh-excerpt-more\" href=\"https:\/\/ugtfgvalicante.com\/index.php\/2023\/01\/03\/las-nuevas-paradas-del-tram-en-denia-pasan-a-denominarse-bosc-de-diana-y-pedrera-vessanes\/\" title=\"Las nuevas paradas del Tram en D\u00e9nia pasan a denominarse Bosc de Diana y Pedrera-Vessanes\">[&#8230;]<\/a><\/p>\n<\/div>","protected":false},"author":4,"featured_media":314,"comment_status":"closed","ping_status":"closed","sticky":false,"template":"","format":"standard","meta":{"footnotes":""},"categories":[5],"tags":[],"class_list":["post-313","post","type-post","status-publish","format-standard","has-post-thumbnail","hentry","category-noticias-prensa"],"yoast_head":"<!-- This site is optimized with the Yoast SEO plugin v26.6 - https:\/\/yoast.com\/wordpress\/plugins\/seo\/ -->\n<title>Las nuevas paradas del Tram en D\u00e9nia pasan a denominarse Bosc de Diana y Pedrera-Vessanes - FGV Alicante<\/title>\n<meta name=\"robots\" content=\"index, follow, max-snippet:-1, max-image-preview:large, max-video-preview:-1\" \/>\n<link rel=\"canonical\" href=\"https:\/\/ugtfgvalicante.com\/index.php\/2023\/01\/03\/las-nuevas-paradas-del-tram-en-denia-pasan-a-denominarse-bosc-de-diana-y-pedrera-vessanes\/\" \/>\n<meta property=\"og:locale\" content=\"es_ES\" \/>\n<meta property=\"og:type\" content=\"article\" \/>\n<meta property=\"og:title\" content=\"Las nuevas paradas del Tram en D\u00e9nia pasan a denominarse Bosc de Diana y Pedrera-Vessanes - FGV Alicante\" \/>\n<meta property=\"og:description\" content=\"El Consejo de Administraci\u00f3n de Ferrocarrils de la Generalitat Valenciana (FGV) ha aprobado la nueva denominaci\u00f3n de las dos nuevas paradas de la&nbsp;L\u00ednea 9 del [...]\" \/>\n<meta property=\"og:url\" content=\"https:\/\/ugtfgvalicante.com\/index.php\/2023\/01\/03\/las-nuevas-paradas-del-tram-en-denia-pasan-a-denominarse-bosc-de-diana-y-pedrera-vessanes\/\" \/>\n<meta property=\"og:site_name\" content=\"FGV Alicante\" \/>\n<meta property=\"article:publisher\" content=\"https:\/\/es-es.facebook.com\/ugt.fgvalicante\/\" \/>\n<meta property=\"article:published_time\" content=\"2023-01-03T18:43:09+00:00\" \/>\n<meta property=\"article:modified_time\" content=\"2023-01-03T18:43:11+00:00\" \/>\n<meta property=\"og:image\" content=\"https:\/\/ugtfgvalicante.com\/wp-content\/uploads\/2023\/01\/fotonoticia_20221227180746_1920_NoticiaAmpliada.jpg\" \/>\n\t<meta property=\"og:image:width\" content=\"768\" \/>\n\t<meta property=\"og:image:height\" content=\"576\" \/>\n\t<meta property=\"og:image:type\" content=\"image\/jpeg\" \/>\n<meta name=\"author\" content=\"Ugt FGV Alicante\" \/>\n<meta name=\"twitter:card\" content=\"summary_large_image\" \/>\n<meta name=\"twitter:label1\" content=\"Escrito por\" \/>\n\t<meta name=\"twitter:data1\" content=\"Ugt FGV Alicante\" \/>\n\t<meta name=\"twitter:label2\" content=\"Tiempo de lectura\" \/>\n\t<meta name=\"twitter:data2\" content=\"2 minutos\" \/>\n<script type=\"application\/ld+json\" class=\"yoast-schema-graph\">{\"@context\":\"https:\/\/schema.org\",\"@graph\":[{\"@type\":\"Article\",\"@id\":\"https:\/\/ugtfgvalicante.com\/index.php\/2023\/01\/03\/las-nuevas-paradas-del-tram-en-denia-pasan-a-denominarse-bosc-de-diana-y-pedrera-vessanes\/#article\",\"isPartOf\":{\"@id\":\"https:\/\/ugtfgvalicante.com\/index.php\/2023\/01\/03\/las-nuevas-paradas-del-tram-en-denia-pasan-a-denominarse-bosc-de-diana-y-pedrera-vessanes\/\"},\"author\":{\"name\":\"Ugt FGV Alicante\",\"@id\":\"https:\/\/ugtfgvalicante.com\/#\/schema\/person\/a1375a9c1ef53e624aa79c34b93b62e8\"},\"headline\":\"Las nuevas paradas del Tram en D\u00e9nia pasan a denominarse Bosc de Diana y Pedrera-Vessanes\",\"datePublished\":\"2023-01-03T18:43:09+00:00\",\"dateModified\":\"2023-01-03T18:43:11+00:00\",\"mainEntityOfPage\":{\"@id\":\"https:\/\/ugtfgvalicante.com\/index.php\/2023\/01\/03\/las-nuevas-paradas-del-tram-en-denia-pasan-a-denominarse-bosc-de-diana-y-pedrera-vessanes\/\"},\"wordCount\":425,\"publisher\":{\"@id\":\"https:\/\/ugtfgvalicante.com\/#organization\"},\"image\":{\"@id\":\"https:\/\/ugtfgvalicante.com\/index.php\/2023\/01\/03\/las-nuevas-paradas-del-tram-en-denia-pasan-a-denominarse-bosc-de-diana-y-pedrera-vessanes\/#primaryimage\"},\"thumbnailUrl\":\"https:\/\/ugtfgvalicante.com\/wp-content\/uploads\/2023\/01\/fotonoticia_20221227180746_1920_NoticiaAmpliada.jpg\",\"articleSection\":[\"Noticias prensa\"],\"inLanguage\":\"es\"},{\"@type\":\"WebPage\",\"@id\":\"https:\/\/ugtfgvalicante.com\/index.php\/2023\/01\/03\/las-nuevas-paradas-del-tram-en-denia-pasan-a-denominarse-bosc-de-diana-y-pedrera-vessanes\/\",\"url\":\"https:\/\/ugtfgvalicante.com\/index.php\/2023\/01\/03\/las-nuevas-paradas-del-tram-en-denia-pasan-a-denominarse-bosc-de-diana-y-pedrera-vessanes\/\",\"name\":\"Las nuevas paradas del Tram en D\u00e9nia pasan a denominarse Bosc de Diana y Pedrera-Vessanes - FGV Alicante\",\"isPartOf\":{\"@id\":\"https:\/\/ugtfgvalicante.com\/#website\"},\"primaryImageOfPage\":{\"@id\":\"https:\/\/ugtfgvalicante.com\/index.php\/2023\/01\/03\/las-nuevas-paradas-del-tram-en-denia-pasan-a-denominarse-bosc-de-diana-y-pedrera-vessanes\/#primaryimage\"},\"image\":{\"@id\":\"https:\/\/ugtfgvalicante.com\/index.php\/2023\/01\/03\/las-nuevas-paradas-del-tram-en-denia-pasan-a-denominarse-bosc-de-diana-y-pedrera-vessanes\/#primaryimage\"},\"thumbnailUrl\":\"https:\/\/ugtfgvalicante.com\/wp-content\/uploads\/2023\/01\/fotonoticia_20221227180746_1920_NoticiaAmpliada.jpg\",\"datePublished\":\"2023-01-03T18:43:09+00:00\",\"dateModified\":\"2023-01-03T18:43:11+00:00\",\"breadcrumb\":{\"@id\":\"https:\/\/ugtfgvalicante.com\/index.php\/2023\/01\/03\/las-nuevas-paradas-del-tram-en-denia-pasan-a-denominarse-bosc-de-diana-y-pedrera-vessanes\/#breadcrumb\"},\"inLanguage\":\"es\",\"potentialAction\":[{\"@type\":\"ReadAction\",\"target\":[\"https:\/\/ugtfgvalicante.com\/index.php\/2023\/01\/03\/las-nuevas-paradas-del-tram-en-denia-pasan-a-denominarse-bosc-de-diana-y-pedrera-vessanes\/\"]}]},{\"@type\":\"ImageObject\",\"inLanguage\":\"es\",\"@id\":\"https:\/\/ugtfgvalicante.com\/index.php\/2023\/01\/03\/las-nuevas-paradas-del-tram-en-denia-pasan-a-denominarse-bosc-de-diana-y-pedrera-vessanes\/#primaryimage\",\"url\":\"https:\/\/ugtfgvalicante.com\/wp-content\/uploads\/2023\/01\/fotonoticia_20221227180746_1920_NoticiaAmpliada.jpg\",\"contentUrl\":\"https:\/\/ugtfgvalicante.com\/wp-content\/uploads\/2023\/01\/fotonoticia_20221227180746_1920_NoticiaAmpliada.jpg\",\"width\":768,\"height\":576},{\"@type\":\"BreadcrumbList\",\"@id\":\"https:\/\/ugtfgvalicante.com\/index.php\/2023\/01\/03\/las-nuevas-paradas-del-tram-en-denia-pasan-a-denominarse-bosc-de-diana-y-pedrera-vessanes\/#breadcrumb\",\"itemListElement\":[{\"@type\":\"ListItem\",\"position\":1,\"name\":\"Portada\",\"item\":\"https:\/\/ugtfgvalicante.com\/\"},{\"@type\":\"ListItem\",\"position\":2,\"name\":\"Las nuevas paradas del Tram en D\u00e9nia pasan a denominarse Bosc de Diana y Pedrera-Vessanes\"}]},{\"@type\":\"WebSite\",\"@id\":\"https:\/\/ugtfgvalicante.com\/#website\",\"url\":\"https:\/\/ugtfgvalicante.com\/\",\"name\":\"FGV Alicante\",\"description\":\"\",\"publisher\":{\"@id\":\"https:\/\/ugtfgvalicante.com\/#organization\"},\"potentialAction\":[{\"@type\":\"SearchAction\",\"target\":{\"@type\":\"EntryPoint\",\"urlTemplate\":\"https:\/\/ugtfgvalicante.com\/?s={search_term_string}\"},\"query-input\":{\"@type\":\"PropertyValueSpecification\",\"valueRequired\":true,\"valueName\":\"search_term_string\"}}],\"inLanguage\":\"es\"},{\"@type\":\"Organization\",\"@id\":\"https:\/\/ugtfgvalicante.com\/#organization\",\"name\":\"UGT FGV Alicante\",\"url\":\"https:\/\/ugtfgvalicante.com\/\",\"logo\":{\"@type\":\"ImageObject\",\"inLanguage\":\"es\",\"@id\":\"https:\/\/ugtfgvalicante.com\/#\/schema\/logo\/image\/\",\"url\":\"https:\/\/ugtfgvalicante.com\/wp-content\/uploads\/2022\/10\/logo-ugt-web.png\",\"contentUrl\":\"https:\/\/ugtfgvalicante.com\/wp-content\/uploads\/2022\/10\/logo-ugt-web.png\",\"width\":2283,\"height\":1126,\"caption\":\"UGT FGV Alicante\"},\"image\":{\"@id\":\"https:\/\/ugtfgvalicante.com\/#\/schema\/logo\/image\/\"},\"sameAs\":[\"https:\/\/es-es.facebook.com\/ugt.fgvalicante\/\"]},{\"@type\":\"Person\",\"@id\":\"https:\/\/ugtfgvalicante.com\/#\/schema\/person\/a1375a9c1ef53e624aa79c34b93b62e8\",\"name\":\"Ugt FGV Alicante\",\"image\":{\"@type\":\"ImageObject\",\"inLanguage\":\"es\",\"@id\":\"https:\/\/ugtfgvalicante.com\/#\/schema\/person\/image\/\",\"url\":\"https:\/\/secure.gravatar.com\/avatar\/ea41cd8456808460c6c0caa1a213c3c921573555df6b57a7ee2f16fb6f502866?s=96&d=mm&r=g\",\"contentUrl\":\"https:\/\/secure.gravatar.com\/avatar\/ea41cd8456808460c6c0caa1a213c3c921573555df6b57a7ee2f16fb6f502866?s=96&d=mm&r=g\",\"caption\":\"Ugt FGV Alicante\"},\"url\":\"https:\/\/ugtfgvalicante.com\/index.php\/author\/ggrau\/\"}]}<\/script>\n<!-- \/ Yoast SEO plugin. -->","yoast_head_json":{"title":"Las nuevas paradas del Tram en D\u00e9nia pasan a denominarse Bosc de Diana y Pedrera-Vessanes - FGV Alicante","robots":{"index":"index","follow":"follow","max-snippet":"max-snippet:-1","max-image-preview":"max-image-preview:large","max-video-preview":"max-video-preview:-1"},"canonical":"https:\/\/ugtfgvalicante.com\/index.php\/2023\/01\/03\/las-nuevas-paradas-del-tram-en-denia-pasan-a-denominarse-bosc-de-diana-y-pedrera-vessanes\/","og_locale":"es_ES","og_type":"article","og_title":"Las nuevas paradas del Tram en D\u00e9nia pasan a denominarse Bosc de Diana y Pedrera-Vessanes - FGV Alicante","og_description":"El Consejo de Administraci\u00f3n de Ferrocarrils de la Generalitat Valenciana (FGV) ha aprobado la nueva denominaci\u00f3n de las dos nuevas paradas de la&nbsp;L\u00ednea 9 del [...]","og_url":"https:\/\/ugtfgvalicante.com\/index.php\/2023\/01\/03\/las-nuevas-paradas-del-tram-en-denia-pasan-a-denominarse-bosc-de-diana-y-pedrera-vessanes\/","og_site_name":"FGV Alicante","article_publisher":"https:\/\/es-es.facebook.com\/ugt.fgvalicante\/","article_published_time":"2023-01-03T18:43:09+00:00","article_modified_time":"2023-01-03T18:43:11+00:00","og_image":[{"width":768,"height":576,"url":"https:\/\/ugtfgvalicante.com\/wp-content\/uploads\/2023\/01\/fotonoticia_20221227180746_1920_NoticiaAmpliada.jpg","type":"image\/jpeg"}],"author":"Ugt FGV Alicante","twitter_card":"summary_large_image","twitter_misc":{"Escrito por":"Ugt FGV Alicante","Tiempo de lectura":"2 minutos"},"schema":{"@context":"https:\/\/schema.org","@graph":[{"@type":"Article","@id":"https:\/\/ugtfgvalicante.com\/index.php\/2023\/01\/03\/las-nuevas-paradas-del-tram-en-denia-pasan-a-denominarse-bosc-de-diana-y-pedrera-vessanes\/#article","isPartOf":{"@id":"https:\/\/ugtfgvalicante.com\/index.php\/2023\/01\/03\/las-nuevas-paradas-del-tram-en-denia-pasan-a-denominarse-bosc-de-diana-y-pedrera-vessanes\/"},"author":{"name":"Ugt FGV Alicante","@id":"https:\/\/ugtfgvalicante.com\/#\/schema\/person\/a1375a9c1ef53e624aa79c34b93b62e8"},"headline":"Las nuevas paradas del Tram en D\u00e9nia pasan a denominarse Bosc de Diana y Pedrera-Vessanes","datePublished":"2023-01-03T18:43:09+00:00","dateModified":"2023-01-03T18:43:11+00:00","mainEntityOfPage":{"@id":"https:\/\/ugtfgvalicante.com\/index.php\/2023\/01\/03\/las-nuevas-paradas-del-tram-en-denia-pasan-a-denominarse-bosc-de-diana-y-pedrera-vessanes\/"},"wordCount":425,"publisher":{"@id":"https:\/\/ugtfgvalicante.com\/#organization"},"image":{"@id":"https:\/\/ugtfgvalicante.com\/index.php\/2023\/01\/03\/las-nuevas-paradas-del-tram-en-denia-pasan-a-denominarse-bosc-de-diana-y-pedrera-vessanes\/#primaryimage"},"thumbnailUrl":"https:\/\/ugtfgvalicante.com\/wp-content\/uploads\/2023\/01\/fotonoticia_20221227180746_1920_NoticiaAmpliada.jpg","articleSection":["Noticias prensa"],"inLanguage":"es"},{"@type":"WebPage","@id":"https:\/\/ugtfgvalicante.com\/index.php\/2023\/01\/03\/las-nuevas-paradas-del-tram-en-denia-pasan-a-denominarse-bosc-de-diana-y-pedrera-vessanes\/","url":"https:\/\/ugtfgvalicante.com\/index.php\/2023\/01\/03\/las-nuevas-paradas-del-tram-en-denia-pasan-a-denominarse-bosc-de-diana-y-pedrera-vessanes\/","name":"Las nuevas paradas del Tram en D\u00e9nia pasan a denominarse Bosc de Diana y Pedrera-Vessanes - FGV Alicante","isPartOf":{"@id":"https:\/\/ugtfgvalicante.com\/#website"},"primaryImageOfPage":{"@id":"https:\/\/ugtfgvalicante.com\/index.php\/2023\/01\/03\/las-nuevas-paradas-del-tram-en-denia-pasan-a-denominarse-bosc-de-diana-y-pedrera-vessanes\/#primaryimage"},"image":{"@id":"https:\/\/ugtfgvalicante.com\/index.php\/2023\/01\/03\/las-nuevas-paradas-del-tram-en-denia-pasan-a-denominarse-bosc-de-diana-y-pedrera-vessanes\/#primaryimage"},"thumbnailUrl":"https:\/\/ugtfgvalicante.com\/wp-content\/uploads\/2023\/01\/fotonoticia_20221227180746_1920_NoticiaAmpliada.jpg","datePublished":"2023-01-03T18:43:09+00:00","dateModified":"2023-01-03T18:43:11+00:00","breadcrumb":{"@id":"https:\/\/ugtfgvalicante.com\/index.php\/2023\/01\/03\/las-nuevas-paradas-del-tram-en-denia-pasan-a-denominarse-bosc-de-diana-y-pedrera-vessanes\/#breadcrumb"},"inLanguage":"es","potentialAction":[{"@type":"ReadAction","target":["https:\/\/ugtfgvalicante.com\/index.php\/2023\/01\/03\/las-nuevas-paradas-del-tram-en-denia-pasan-a-denominarse-bosc-de-diana-y-pedrera-vessanes\/"]}]},{"@type":"ImageObject","inLanguage":"es","@id":"https:\/\/ugtfgvalicante.com\/index.php\/2023\/01\/03\/las-nuevas-paradas-del-tram-en-denia-pasan-a-denominarse-bosc-de-diana-y-pedrera-vessanes\/#primaryimage","url":"https:\/\/ugtfgvalicante.com\/wp-content\/uploads\/2023\/01\/fotonoticia_20221227180746_1920_NoticiaAmpliada.jpg","contentUrl":"https:\/\/ugtfgvalicante.com\/wp-content\/uploads\/2023\/01\/fotonoticia_20221227180746_1920_NoticiaAmpliada.jpg","width":768,"height":576},{"@type":"BreadcrumbList","@id":"https:\/\/ugtfgvalicante.com\/index.php\/2023\/01\/03\/las-nuevas-paradas-del-tram-en-denia-pasan-a-denominarse-bosc-de-diana-y-pedrera-vessanes\/#breadcrumb","itemListElement":[{"@type":"ListItem","position":1,"name":"Portada","item":"https:\/\/ugtfgvalicante.com\/"},{"@type":"ListItem","position":2,"name":"Las nuevas paradas del Tram en D\u00e9nia pasan a denominarse Bosc de Diana y Pedrera-Vessanes"}]},{"@type":"WebSite","@id":"https:\/\/ugtfgvalicante.com\/#website","url":"https:\/\/ugtfgvalicante.com\/","name":"FGV Alicante","description":"","publisher":{"@id":"https:\/\/ugtfgvalicante.com\/#organization"},"potentialAction":[{"@type":"SearchAction","target":{"@type":"EntryPoint","urlTemplate":"https:\/\/ugtfgvalicante.com\/?s={search_term_string}"},"query-input":{"@type":"PropertyValueSpecification","valueRequired":true,"valueName":"search_term_string"}}],"inLanguage":"es"},{"@type":"Organization","@id":"https:\/\/ugtfgvalicante.com\/#organization","name":"UGT FGV Alicante","url":"https:\/\/ugtfgvalicante.com\/","logo":{"@type":"ImageObject","inLanguage":"es","@id":"https:\/\/ugtfgvalicante.com\/#\/schema\/logo\/image\/","url":"https:\/\/ugtfgvalicante.com\/wp-content\/uploads\/2022\/10\/logo-ugt-web.png","contentUrl":"https:\/\/ugtfgvalicante.com\/wp-content\/uploads\/2022\/10\/logo-ugt-web.png","width":2283,"height":1126,"caption":"UGT FGV Alicante"},"image":{"@id":"https:\/\/ugtfgvalicante.com\/#\/schema\/logo\/image\/"},"sameAs":["https:\/\/es-es.facebook.com\/ugt.fgvalicante\/"]},{"@type":"Person","@id":"https:\/\/ugtfgvalicante.com\/#\/schema\/person\/a1375a9c1ef53e624aa79c34b93b62e8","name":"Ugt FGV Alicante","image":{"@type":"ImageObject","inLanguage":"es","@id":"https:\/\/ugtfgvalicante.com\/#\/schema\/person\/image\/","url":"https:\/\/secure.gravatar.com\/avatar\/ea41cd8456808460c6c0caa1a213c3c921573555df6b57a7ee2f16fb6f502866?s=96&d=mm&r=g","contentUrl":"https:\/\/secure.gravatar.com\/avatar\/ea41cd8456808460c6c0caa1a213c3c921573555df6b57a7ee2f16fb6f502866?s=96&d=mm&r=g","caption":"Ugt FGV Alicante"},"url":"https:\/\/ugtfgvalicante.com\/index.php\/author\/ggrau\/"}]}},"_links":{"self":[{"href":"https:\/\/ugtfgvalicante.com\/index.php\/wp-json\/wp\/v2\/posts\/313","targetHints":{"allow":["GET"]}}],"collection":[{"href":"https:\/\/ugtfgvalicante.com\/index.php\/wp-json\/wp\/v2\/posts"}],"about":[{"href":"https:\/\/ugtfgvalicante.com\/index.php\/wp-json\/wp\/v2\/types\/post"}],"author":[{"embeddable":true,"href":"https:\/\/ugtfgvalicante.com\/index.php\/wp-json\/wp\/v2\/users\/4"}],"replies":[{"embeddable":true,"href":"https:\/\/ugtfgvalicante.com\/index.php\/wp-json\/wp\/v2\/comments?post=313"}],"version-history":[{"count":1,"href":"https:\/\/ugtfgvalicante.com\/index.php\/wp-json\/wp\/v2\/posts\/313\/revisions"}],"predecessor-version":[{"id":315,"href":"https:\/\/ugtfgvalicante.com\/index.php\/wp-json\/wp\/v2\/posts\/313\/revisions\/315"}],"wp:featuredmedia":[{"embeddable":true,"href":"https:\/\/ugtfgvalicante.com\/index.php\/wp-json\/wp\/v2\/media\/314"}],"wp:attachment":[{"href":"https:\/\/ugtfgvalicante.com\/index.php\/wp-json\/wp\/v2\/media?parent=313"}],"wp:term":[{"taxonomy":"category","embeddable":true,"href":"https:\/\/ugtfgvalicante.com\/index.php\/wp-json\/wp\/v2\/categories?post=313"},{"taxonomy":"post_tag","embeddable":true,"href":"https:\/\/ugtfgvalicante.com\/index.php\/wp-json\/wp\/v2\/tags?post=313"}],"curies":[{"name":"wp","href":"https:\/\/api.w.org\/{rel}","templated":true}]}}