{"id":319,"date":"2023-01-04T12:34:16","date_gmt":"2023-01-04T12:34:16","guid":{"rendered":"https:\/\/ugtfgvalicante.com\/?p=319"},"modified":"2023-01-04T12:34:18","modified_gmt":"2023-01-04T12:34:18","slug":"la-generalitat-ofrecio-162-925-trenes-y-tranvias-en-la-red-del-tram-en-2022","status":"publish","type":"post","link":"https:\/\/ugtfgvalicante.com\/index.php\/2023\/01\/04\/la-generalitat-ofrecio-162-925-trenes-y-tranvias-en-la-red-del-tram-en-2022\/","title":{"rendered":"<strong>La Generalitat ofreci\u00f3 162.925 trenes y tranv\u00edas en la red del TRAM en 2022<\/strong>"},"content":{"rendered":"\n<p>El transporte ferroviario y tranviario realiz\u00f3 una media de 446 desplazamientos diarios.<\/p>\n\n\n\n<p><strong>La Generalitat, a trav\u00e9s del TRAM d\u2019Alacant, ofreci\u00f3 durante el pasado a\u00f1o un total de 162.925 circulaciones de trenes y tranv\u00edas\u00a0<\/strong>en el conjunto de la red auton\u00f3mica en Alicante. Esta cifra supone que diariamente hubo una media de 446 servicios.<\/p>\n\n\n\n<p>odos esos trenes y tranv\u00edas puestos en servicio por FGV en la provincia de Alicante recorrieron un total de 2.870.303 kil\u00f3metros. Esta distancia equivale a dar m\u00e1s de 71,7 vueltas completas al per\u00edmetro del globo terr\u00e1queo, siguiendo el eje del ecuador.<\/p>\n\n\n\n<p>En el conjunto de FGV, al sumar los servicios de&nbsp;<strong>TRAM d\u2019Alacant y Metrovalencia,<\/strong>&nbsp;las cifras alcanzan las 693.745 circulaciones y los 11.148.527 kil\u00f3metros recorridos.<\/p>\n\n\n\n<h2 class=\"wp-block-heading\" id=\"h-servicios-ofertados\"><strong>Servicios ofertados<\/strong><\/h2>\n\n\n\n<p><strong>El total de los servicios ofertados<\/strong>&nbsp;se distribuy\u00f3 de la siguiente manera: 25.7435 tren-TRAM en la L\u00ednea 1 (Luceros-Benidorm); 48.029 tranv\u00edas en la L\u00ednea 2 (Luceros-Sant Vicent del Raspeig); 29.242 tranv\u00edas en la L\u00ednea 3 (Luceros-El Campello); 24.803 tranv\u00edas en la L\u00ednea 4 (Luceros-Plaza de La Coru\u00f1a); 21.790 circulaciones en L\u00ednea 5 (Porta del Mar-Plaza de La Coru\u00f1a); y 13.318 trenes en la L\u00ednea 9 (Benidorm-Denia).<\/p>\n\n\n\n<h2 class=\"wp-block-heading\"><strong>Kil\u00f3metros por l\u00ednea<\/strong><\/h2>\n\n\n\n<p>En cuanto al reparto de kil\u00f3metros por l\u00edneas, qued\u00f3 distribuido de la siguiente forma: las composiciones que m\u00e1s kil\u00f3metros recorrieron con diferencia cada a\u00f1o son los tren-TRAM de<strong>&nbsp;la L\u00ednea 1,&nbsp;<\/strong>que en 2022 realizaron 1.112.484 kil\u00f3metros.<\/p>\n\n\n\n<p>Los tranv\u00edas de<strong>\u00a0la L\u00ednea 2\u00a0<\/strong>completaron 429.028 kil\u00f3metros; en L\u00ednea 3 recorrieron 413.372 kil\u00f3metros; en L\u00ednea 4 alcanzaron 238.792 kil\u00f3metros; en L\u00ednea 5 completaron 191.521 kil\u00f3metros, y en L\u00ednea 9 sumaron 485.106 kil\u00f3metros.<\/p>\n\n\n\n<p>Fuente: <a href=\"https:\/\/diariodealicante.net\/trenes-tram-2022\/\">Diario de Alicante<\/a><\/p>\n","protected":false},"excerpt":{"rendered":"<div class=\"mh-excerpt\"><p>El transporte ferroviario y tranviario realiz\u00f3 una media de 446 desplazamientos diarios. La Generalitat, a trav\u00e9s del TRAM d\u2019Alacant, ofreci\u00f3 durante el pasado a\u00f1o un <a class=\"mh-excerpt-more\" href=\"https:\/\/ugtfgvalicante.com\/index.php\/2023\/01\/04\/la-generalitat-ofrecio-162-925-trenes-y-tranvias-en-la-red-del-tram-en-2022\/\" title=\"La Generalitat ofreci\u00f3 162.925 trenes y tranv\u00edas en la red del TRAM en 2022\">[&#8230;]<\/a><\/p>\n<\/div>","protected":false},"author":4,"featured_media":320,"comment_status":"closed","ping_status":"closed","sticky":false,"template":"","format":"standard","meta":{"footnotes":""},"categories":[5],"tags":[],"class_list":["post-319","post","type-post","status-publish","format-standard","has-post-thumbnail","hentry","category-noticias-prensa"],"yoast_head":"<!-- This site is optimized with the Yoast SEO plugin v26.6 - https:\/\/yoast.com\/wordpress\/plugins\/seo\/ -->\n<title>La Generalitat ofreci\u00f3 162.925 trenes y tranv\u00edas en la red del TRAM en 2022 - FGV Alicante<\/title>\n<meta name=\"robots\" content=\"index, follow, max-snippet:-1, max-image-preview:large, max-video-preview:-1\" \/>\n<link rel=\"canonical\" href=\"https:\/\/ugtfgvalicante.com\/index.php\/2023\/01\/04\/la-generalitat-ofrecio-162-925-trenes-y-tranvias-en-la-red-del-tram-en-2022\/\" \/>\n<meta property=\"og:locale\" content=\"es_ES\" \/>\n<meta property=\"og:type\" content=\"article\" \/>\n<meta property=\"og:title\" content=\"La Generalitat ofreci\u00f3 162.925 trenes y tranv\u00edas en la red del TRAM en 2022 - FGV Alicante\" \/>\n<meta property=\"og:description\" content=\"El transporte ferroviario y tranviario realiz\u00f3 una media de 446 desplazamientos diarios. La Generalitat, a trav\u00e9s del TRAM d\u2019Alacant, ofreci\u00f3 durante el pasado a\u00f1o un [...]\" \/>\n<meta property=\"og:url\" content=\"https:\/\/ugtfgvalicante.com\/index.php\/2023\/01\/04\/la-generalitat-ofrecio-162-925-trenes-y-tranvias-en-la-red-del-tram-en-2022\/\" \/>\n<meta property=\"og:site_name\" content=\"FGV Alicante\" \/>\n<meta property=\"article:publisher\" content=\"https:\/\/es-es.facebook.com\/ugt.fgvalicante\/\" \/>\n<meta property=\"article:published_time\" content=\"2023-01-04T12:34:16+00:00\" \/>\n<meta property=\"article:modified_time\" content=\"2023-01-04T12:34:18+00:00\" \/>\n<meta property=\"og:image\" content=\"https:\/\/ugtfgvalicante.com\/wp-content\/uploads\/2023\/01\/230103_FGV_foto_tram-696x464-1.jpg\" \/>\n\t<meta property=\"og:image:width\" content=\"696\" \/>\n\t<meta property=\"og:image:height\" content=\"464\" \/>\n\t<meta property=\"og:image:type\" content=\"image\/jpeg\" \/>\n<meta name=\"author\" content=\"Ugt FGV Alicante\" \/>\n<meta name=\"twitter:card\" content=\"summary_large_image\" \/>\n<meta name=\"twitter:label1\" content=\"Escrito por\" \/>\n\t<meta name=\"twitter:data1\" content=\"Ugt FGV Alicante\" \/>\n\t<meta name=\"twitter:label2\" content=\"Tiempo de lectura\" \/>\n\t<meta name=\"twitter:data2\" content=\"2 minutos\" \/>\n<script type=\"application\/ld+json\" class=\"yoast-schema-graph\">{\"@context\":\"https:\/\/schema.org\",\"@graph\":[{\"@type\":\"Article\",\"@id\":\"https:\/\/ugtfgvalicante.com\/index.php\/2023\/01\/04\/la-generalitat-ofrecio-162-925-trenes-y-tranvias-en-la-red-del-tram-en-2022\/#article\",\"isPartOf\":{\"@id\":\"https:\/\/ugtfgvalicante.com\/index.php\/2023\/01\/04\/la-generalitat-ofrecio-162-925-trenes-y-tranvias-en-la-red-del-tram-en-2022\/\"},\"author\":{\"name\":\"Ugt FGV Alicante\",\"@id\":\"https:\/\/ugtfgvalicante.com\/#\/schema\/person\/a1375a9c1ef53e624aa79c34b93b62e8\"},\"headline\":\"La Generalitat ofreci\u00f3 162.925 trenes y tranv\u00edas en la red del TRAM en 2022\",\"datePublished\":\"2023-01-04T12:34:16+00:00\",\"dateModified\":\"2023-01-04T12:34:18+00:00\",\"mainEntityOfPage\":{\"@id\":\"https:\/\/ugtfgvalicante.com\/index.php\/2023\/01\/04\/la-generalitat-ofrecio-162-925-trenes-y-tranvias-en-la-red-del-tram-en-2022\/\"},\"wordCount\":294,\"publisher\":{\"@id\":\"https:\/\/ugtfgvalicante.com\/#organization\"},\"image\":{\"@id\":\"https:\/\/ugtfgvalicante.com\/index.php\/2023\/01\/04\/la-generalitat-ofrecio-162-925-trenes-y-tranvias-en-la-red-del-tram-en-2022\/#primaryimage\"},\"thumbnailUrl\":\"https:\/\/ugtfgvalicante.com\/wp-content\/uploads\/2023\/01\/230103_FGV_foto_tram-696x464-1.jpg\",\"articleSection\":[\"Noticias prensa\"],\"inLanguage\":\"es\"},{\"@type\":\"WebPage\",\"@id\":\"https:\/\/ugtfgvalicante.com\/index.php\/2023\/01\/04\/la-generalitat-ofrecio-162-925-trenes-y-tranvias-en-la-red-del-tram-en-2022\/\",\"url\":\"https:\/\/ugtfgvalicante.com\/index.php\/2023\/01\/04\/la-generalitat-ofrecio-162-925-trenes-y-tranvias-en-la-red-del-tram-en-2022\/\",\"name\":\"La Generalitat ofreci\u00f3 162.925 trenes y tranv\u00edas en la red del TRAM en 2022 - FGV Alicante\",\"isPartOf\":{\"@id\":\"https:\/\/ugtfgvalicante.com\/#website\"},\"primaryImageOfPage\":{\"@id\":\"https:\/\/ugtfgvalicante.com\/index.php\/2023\/01\/04\/la-generalitat-ofrecio-162-925-trenes-y-tranvias-en-la-red-del-tram-en-2022\/#primaryimage\"},\"image\":{\"@id\":\"https:\/\/ugtfgvalicante.com\/index.php\/2023\/01\/04\/la-generalitat-ofrecio-162-925-trenes-y-tranvias-en-la-red-del-tram-en-2022\/#primaryimage\"},\"thumbnailUrl\":\"https:\/\/ugtfgvalicante.com\/wp-content\/uploads\/2023\/01\/230103_FGV_foto_tram-696x464-1.jpg\",\"datePublished\":\"2023-01-04T12:34:16+00:00\",\"dateModified\":\"2023-01-04T12:34:18+00:00\",\"breadcrumb\":{\"@id\":\"https:\/\/ugtfgvalicante.com\/index.php\/2023\/01\/04\/la-generalitat-ofrecio-162-925-trenes-y-tranvias-en-la-red-del-tram-en-2022\/#breadcrumb\"},\"inLanguage\":\"es\",\"potentialAction\":[{\"@type\":\"ReadAction\",\"target\":[\"https:\/\/ugtfgvalicante.com\/index.php\/2023\/01\/04\/la-generalitat-ofrecio-162-925-trenes-y-tranvias-en-la-red-del-tram-en-2022\/\"]}]},{\"@type\":\"ImageObject\",\"inLanguage\":\"es\",\"@id\":\"https:\/\/ugtfgvalicante.com\/index.php\/2023\/01\/04\/la-generalitat-ofrecio-162-925-trenes-y-tranvias-en-la-red-del-tram-en-2022\/#primaryimage\",\"url\":\"https:\/\/ugtfgvalicante.com\/wp-content\/uploads\/2023\/01\/230103_FGV_foto_tram-696x464-1.jpg\",\"contentUrl\":\"https:\/\/ugtfgvalicante.com\/wp-content\/uploads\/2023\/01\/230103_FGV_foto_tram-696x464-1.jpg\",\"width\":696,\"height\":464},{\"@type\":\"BreadcrumbList\",\"@id\":\"https:\/\/ugtfgvalicante.com\/index.php\/2023\/01\/04\/la-generalitat-ofrecio-162-925-trenes-y-tranvias-en-la-red-del-tram-en-2022\/#breadcrumb\",\"itemListElement\":[{\"@type\":\"ListItem\",\"position\":1,\"name\":\"Portada\",\"item\":\"https:\/\/ugtfgvalicante.com\/\"},{\"@type\":\"ListItem\",\"position\":2,\"name\":\"La Generalitat ofreci\u00f3 162.925 trenes y tranv\u00edas en la red del TRAM en 2022\"}]},{\"@type\":\"WebSite\",\"@id\":\"https:\/\/ugtfgvalicante.com\/#website\",\"url\":\"https:\/\/ugtfgvalicante.com\/\",\"name\":\"FGV Alicante\",\"description\":\"\",\"publisher\":{\"@id\":\"https:\/\/ugtfgvalicante.com\/#organization\"},\"potentialAction\":[{\"@type\":\"SearchAction\",\"target\":{\"@type\":\"EntryPoint\",\"urlTemplate\":\"https:\/\/ugtfgvalicante.com\/?s={search_term_string}\"},\"query-input\":{\"@type\":\"PropertyValueSpecification\",\"valueRequired\":true,\"valueName\":\"search_term_string\"}}],\"inLanguage\":\"es\"},{\"@type\":\"Organization\",\"@id\":\"https:\/\/ugtfgvalicante.com\/#organization\",\"name\":\"UGT FGV Alicante\",\"url\":\"https:\/\/ugtfgvalicante.com\/\",\"logo\":{\"@type\":\"ImageObject\",\"inLanguage\":\"es\",\"@id\":\"https:\/\/ugtfgvalicante.com\/#\/schema\/logo\/image\/\",\"url\":\"https:\/\/ugtfgvalicante.com\/wp-content\/uploads\/2022\/10\/logo-ugt-web.png\",\"contentUrl\":\"https:\/\/ugtfgvalicante.com\/wp-content\/uploads\/2022\/10\/logo-ugt-web.png\",\"width\":2283,\"height\":1126,\"caption\":\"UGT FGV Alicante\"},\"image\":{\"@id\":\"https:\/\/ugtfgvalicante.com\/#\/schema\/logo\/image\/\"},\"sameAs\":[\"https:\/\/es-es.facebook.com\/ugt.fgvalicante\/\"]},{\"@type\":\"Person\",\"@id\":\"https:\/\/ugtfgvalicante.com\/#\/schema\/person\/a1375a9c1ef53e624aa79c34b93b62e8\",\"name\":\"Ugt FGV Alicante\",\"image\":{\"@type\":\"ImageObject\",\"inLanguage\":\"es\",\"@id\":\"https:\/\/ugtfgvalicante.com\/#\/schema\/person\/image\/\",\"url\":\"https:\/\/secure.gravatar.com\/avatar\/ea41cd8456808460c6c0caa1a213c3c921573555df6b57a7ee2f16fb6f502866?s=96&d=mm&r=g\",\"contentUrl\":\"https:\/\/secure.gravatar.com\/avatar\/ea41cd8456808460c6c0caa1a213c3c921573555df6b57a7ee2f16fb6f502866?s=96&d=mm&r=g\",\"caption\":\"Ugt FGV Alicante\"},\"url\":\"https:\/\/ugtfgvalicante.com\/index.php\/author\/ggrau\/\"}]}<\/script>\n<!-- \/ Yoast SEO plugin. -->","yoast_head_json":{"title":"La Generalitat ofreci\u00f3 162.925 trenes y tranv\u00edas en la red del TRAM en 2022 - FGV Alicante","robots":{"index":"index","follow":"follow","max-snippet":"max-snippet:-1","max-image-preview":"max-image-preview:large","max-video-preview":"max-video-preview:-1"},"canonical":"https:\/\/ugtfgvalicante.com\/index.php\/2023\/01\/04\/la-generalitat-ofrecio-162-925-trenes-y-tranvias-en-la-red-del-tram-en-2022\/","og_locale":"es_ES","og_type":"article","og_title":"La Generalitat ofreci\u00f3 162.925 trenes y tranv\u00edas en la red del TRAM en 2022 - FGV Alicante","og_description":"El transporte ferroviario y tranviario realiz\u00f3 una media de 446 desplazamientos diarios. La Generalitat, a trav\u00e9s del TRAM d\u2019Alacant, ofreci\u00f3 durante el pasado a\u00f1o un [...]","og_url":"https:\/\/ugtfgvalicante.com\/index.php\/2023\/01\/04\/la-generalitat-ofrecio-162-925-trenes-y-tranvias-en-la-red-del-tram-en-2022\/","og_site_name":"FGV Alicante","article_publisher":"https:\/\/es-es.facebook.com\/ugt.fgvalicante\/","article_published_time":"2023-01-04T12:34:16+00:00","article_modified_time":"2023-01-04T12:34:18+00:00","og_image":[{"width":696,"height":464,"url":"https:\/\/ugtfgvalicante.com\/wp-content\/uploads\/2023\/01\/230103_FGV_foto_tram-696x464-1.jpg","type":"image\/jpeg"}],"author":"Ugt FGV Alicante","twitter_card":"summary_large_image","twitter_misc":{"Escrito por":"Ugt FGV Alicante","Tiempo de lectura":"2 minutos"},"schema":{"@context":"https:\/\/schema.org","@graph":[{"@type":"Article","@id":"https:\/\/ugtfgvalicante.com\/index.php\/2023\/01\/04\/la-generalitat-ofrecio-162-925-trenes-y-tranvias-en-la-red-del-tram-en-2022\/#article","isPartOf":{"@id":"https:\/\/ugtfgvalicante.com\/index.php\/2023\/01\/04\/la-generalitat-ofrecio-162-925-trenes-y-tranvias-en-la-red-del-tram-en-2022\/"},"author":{"name":"Ugt FGV Alicante","@id":"https:\/\/ugtfgvalicante.com\/#\/schema\/person\/a1375a9c1ef53e624aa79c34b93b62e8"},"headline":"La Generalitat ofreci\u00f3 162.925 trenes y tranv\u00edas en la red del TRAM en 2022","datePublished":"2023-01-04T12:34:16+00:00","dateModified":"2023-01-04T12:34:18+00:00","mainEntityOfPage":{"@id":"https:\/\/ugtfgvalicante.com\/index.php\/2023\/01\/04\/la-generalitat-ofrecio-162-925-trenes-y-tranvias-en-la-red-del-tram-en-2022\/"},"wordCount":294,"publisher":{"@id":"https:\/\/ugtfgvalicante.com\/#organization"},"image":{"@id":"https:\/\/ugtfgvalicante.com\/index.php\/2023\/01\/04\/la-generalitat-ofrecio-162-925-trenes-y-tranvias-en-la-red-del-tram-en-2022\/#primaryimage"},"thumbnailUrl":"https:\/\/ugtfgvalicante.com\/wp-content\/uploads\/2023\/01\/230103_FGV_foto_tram-696x464-1.jpg","articleSection":["Noticias prensa"],"inLanguage":"es"},{"@type":"WebPage","@id":"https:\/\/ugtfgvalicante.com\/index.php\/2023\/01\/04\/la-generalitat-ofrecio-162-925-trenes-y-tranvias-en-la-red-del-tram-en-2022\/","url":"https:\/\/ugtfgvalicante.com\/index.php\/2023\/01\/04\/la-generalitat-ofrecio-162-925-trenes-y-tranvias-en-la-red-del-tram-en-2022\/","name":"La Generalitat ofreci\u00f3 162.925 trenes y tranv\u00edas en la red del TRAM en 2022 - FGV Alicante","isPartOf":{"@id":"https:\/\/ugtfgvalicante.com\/#website"},"primaryImageOfPage":{"@id":"https:\/\/ugtfgvalicante.com\/index.php\/2023\/01\/04\/la-generalitat-ofrecio-162-925-trenes-y-tranvias-en-la-red-del-tram-en-2022\/#primaryimage"},"image":{"@id":"https:\/\/ugtfgvalicante.com\/index.php\/2023\/01\/04\/la-generalitat-ofrecio-162-925-trenes-y-tranvias-en-la-red-del-tram-en-2022\/#primaryimage"},"thumbnailUrl":"https:\/\/ugtfgvalicante.com\/wp-content\/uploads\/2023\/01\/230103_FGV_foto_tram-696x464-1.jpg","datePublished":"2023-01-04T12:34:16+00:00","dateModified":"2023-01-04T12:34:18+00:00","breadcrumb":{"@id":"https:\/\/ugtfgvalicante.com\/index.php\/2023\/01\/04\/la-generalitat-ofrecio-162-925-trenes-y-tranvias-en-la-red-del-tram-en-2022\/#breadcrumb"},"inLanguage":"es","potentialAction":[{"@type":"ReadAction","target":["https:\/\/ugtfgvalicante.com\/index.php\/2023\/01\/04\/la-generalitat-ofrecio-162-925-trenes-y-tranvias-en-la-red-del-tram-en-2022\/"]}]},{"@type":"ImageObject","inLanguage":"es","@id":"https:\/\/ugtfgvalicante.com\/index.php\/2023\/01\/04\/la-generalitat-ofrecio-162-925-trenes-y-tranvias-en-la-red-del-tram-en-2022\/#primaryimage","url":"https:\/\/ugtfgvalicante.com\/wp-content\/uploads\/2023\/01\/230103_FGV_foto_tram-696x464-1.jpg","contentUrl":"https:\/\/ugtfgvalicante.com\/wp-content\/uploads\/2023\/01\/230103_FGV_foto_tram-696x464-1.jpg","width":696,"height":464},{"@type":"BreadcrumbList","@id":"https:\/\/ugtfgvalicante.com\/index.php\/2023\/01\/04\/la-generalitat-ofrecio-162-925-trenes-y-tranvias-en-la-red-del-tram-en-2022\/#breadcrumb","itemListElement":[{"@type":"ListItem","position":1,"name":"Portada","item":"https:\/\/ugtfgvalicante.com\/"},{"@type":"ListItem","position":2,"name":"La Generalitat ofreci\u00f3 162.925 trenes y tranv\u00edas en la red del TRAM en 2022"}]},{"@type":"WebSite","@id":"https:\/\/ugtfgvalicante.com\/#website","url":"https:\/\/ugtfgvalicante.com\/","name":"FGV Alicante","description":"","publisher":{"@id":"https:\/\/ugtfgvalicante.com\/#organization"},"potentialAction":[{"@type":"SearchAction","target":{"@type":"EntryPoint","urlTemplate":"https:\/\/ugtfgvalicante.com\/?s={search_term_string}"},"query-input":{"@type":"PropertyValueSpecification","valueRequired":true,"valueName":"search_term_string"}}],"inLanguage":"es"},{"@type":"Organization","@id":"https:\/\/ugtfgvalicante.com\/#organization","name":"UGT FGV Alicante","url":"https:\/\/ugtfgvalicante.com\/","logo":{"@type":"ImageObject","inLanguage":"es","@id":"https:\/\/ugtfgvalicante.com\/#\/schema\/logo\/image\/","url":"https:\/\/ugtfgvalicante.com\/wp-content\/uploads\/2022\/10\/logo-ugt-web.png","contentUrl":"https:\/\/ugtfgvalicante.com\/wp-content\/uploads\/2022\/10\/logo-ugt-web.png","width":2283,"height":1126,"caption":"UGT FGV Alicante"},"image":{"@id":"https:\/\/ugtfgvalicante.com\/#\/schema\/logo\/image\/"},"sameAs":["https:\/\/es-es.facebook.com\/ugt.fgvalicante\/"]},{"@type":"Person","@id":"https:\/\/ugtfgvalicante.com\/#\/schema\/person\/a1375a9c1ef53e624aa79c34b93b62e8","name":"Ugt FGV Alicante","image":{"@type":"ImageObject","inLanguage":"es","@id":"https:\/\/ugtfgvalicante.com\/#\/schema\/person\/image\/","url":"https:\/\/secure.gravatar.com\/avatar\/ea41cd8456808460c6c0caa1a213c3c921573555df6b57a7ee2f16fb6f502866?s=96&d=mm&r=g","contentUrl":"https:\/\/secure.gravatar.com\/avatar\/ea41cd8456808460c6c0caa1a213c3c921573555df6b57a7ee2f16fb6f502866?s=96&d=mm&r=g","caption":"Ugt FGV Alicante"},"url":"https:\/\/ugtfgvalicante.com\/index.php\/author\/ggrau\/"}]}},"_links":{"self":[{"href":"https:\/\/ugtfgvalicante.com\/index.php\/wp-json\/wp\/v2\/posts\/319","targetHints":{"allow":["GET"]}}],"collection":[{"href":"https:\/\/ugtfgvalicante.com\/index.php\/wp-json\/wp\/v2\/posts"}],"about":[{"href":"https:\/\/ugtfgvalicante.com\/index.php\/wp-json\/wp\/v2\/types\/post"}],"author":[{"embeddable":true,"href":"https:\/\/ugtfgvalicante.com\/index.php\/wp-json\/wp\/v2\/users\/4"}],"replies":[{"embeddable":true,"href":"https:\/\/ugtfgvalicante.com\/index.php\/wp-json\/wp\/v2\/comments?post=319"}],"version-history":[{"count":1,"href":"https:\/\/ugtfgvalicante.com\/index.php\/wp-json\/wp\/v2\/posts\/319\/revisions"}],"predecessor-version":[{"id":321,"href":"https:\/\/ugtfgvalicante.com\/index.php\/wp-json\/wp\/v2\/posts\/319\/revisions\/321"}],"wp:featuredmedia":[{"embeddable":true,"href":"https:\/\/ugtfgvalicante.com\/index.php\/wp-json\/wp\/v2\/media\/320"}],"wp:attachment":[{"href":"https:\/\/ugtfgvalicante.com\/index.php\/wp-json\/wp\/v2\/media?parent=319"}],"wp:term":[{"taxonomy":"category","embeddable":true,"href":"https:\/\/ugtfgvalicante.com\/index.php\/wp-json\/wp\/v2\/categories?post=319"},{"taxonomy":"post_tag","embeddable":true,"href":"https:\/\/ugtfgvalicante.com\/index.php\/wp-json\/wp\/v2\/tags?post=319"}],"curies":[{"name":"wp","href":"https:\/\/api.w.org\/{rel}","templated":true}]}}