{"id":334,"date":"2023-01-26T08:33:45","date_gmt":"2023-01-26T08:33:45","guid":{"rendered":"https:\/\/ugtfgvalicante.com\/?p=334"},"modified":"2023-01-26T08:33:46","modified_gmt":"2023-01-26T08:33:46","slug":"el-tram-dalacant-bate-su-record-con-133-millones-de-viajeros-en-2022","status":"publish","type":"post","link":"https:\/\/ugtfgvalicante.com\/index.php\/2023\/01\/26\/el-tram-dalacant-bate-su-record-con-133-millones-de-viajeros-en-2022\/","title":{"rendered":"El Tram d&#8217;Alacant bate su r\u00e9cord con 13,3 millones de viajeros en 2022"},"content":{"rendered":"\n<p>LA L\u00cdNEA 2, ENTRE LUCEROS Y SAN VICENTE, LA M\u00c1S UTILIZADA<\/p>\n\n\n\n<p>L<strong>a Generalitat ha favorecido la movilidad de 13.330.253 viajeros en 2022 a trav\u00e9s de las cuatro l\u00edneas de tranv\u00eda,&nbsp;<\/strong>una de tren-TRAM y una de tren convencional de la red de TRAM d&#8217;Alacant,<strong>&nbsp;un 46,96 por ciento m\u00e1s que en 2021, lo que supone un incremento de 4.259.348 desplazamientos y el mayor volumen de viajes de su historia.<\/strong><\/p>\n\n\n\n<p>En concreto<strong>, el a\u00f1o con mayor n\u00famero de pasajeros era hasta el momento 2019,&nbsp;<\/strong>antes de la pandemia, con 12.091.192, por lo que&nbsp;<strong>TRAM d&#8217;Alacant ha conseguido en 2022 superar en un 10,25% los datos m\u00e1s altos de su historia y superar de manera definitiva&nbsp;<\/strong>el par\u00e9ntesis de movilidad que ha sufrido el transporte p\u00fablico por la crisis sanitaria, seg\u00fan ha indicado la Generalitat en un comunicado.<\/p>\n\n\n\n<p>En el conjunto de Ferrocarrils de la Generalitat Valenciana (FGV), los desplazamientos realizados el pasado a\u00f1o entre TRAM d&#8217;Alacant (13.330.253) y Metrovalencia (63.361.626) han sumado 76.691.879, un 47,80% m\u00e1s que en el ejercicio anterior, lo que significa un aumento de 24.801.295 movimientos.<\/p>\n\n\n\n<p>Por orden, los meses con m\u00e1s viajes del a\u00f1o pasado han sido<strong>&nbsp;junio (1.380.602), julio (1.308.636), agosto (1.229.490), octubre (1.210.516), noviembre (1.192.100), diciembre (1.173.495), septiembre (1.146.270), mayo (1.134.082), abril (999.771), marzo (954.279), febrero (849.918) y enero (751.094).<\/strong><\/p>\n\n\n\n<p><strong>Los datos reflejan una media diaria de 36.521 usuarios a lo largo de toda la red de TRAM d&#8217;Alacant. La media mensual se eleva a 1.110.854 desplazamientos.<\/strong><\/p>\n\n\n\n<p><strong>El d\u00eda con mayor tr\u00e1fico del a\u00f1o ha sido el d\u00eda de San Juan, el 24 de junio, con 81.417 pasajeros; seguido del 23 de junio, con 78.876 y el 22 de junio, con 72.072 usuarios,\u00a0<\/strong>las tres fechas dentro de las fiestas de Hogueras de Alicante.<\/p>\n\n\n\n<h2 class=\"wp-block-heading\">La l\u00ednea 2, l\u00edder<\/h2>\n\n\n\n<p>Por l\u00edneas, en 2022 la que m\u00e1s usuarios ha desplazado ha sido la l\u00ednea 2, que une&nbsp;<strong>Luceros con San Vicent del Raspei<\/strong>g y ha sido utilizada por 5.221.172 viajeros; seguida de la l\u00ednea 1, que comunica Luceros y Benidorm, y que ha alcanzado 2.770.781; la l\u00ednea 3, que enlaza Luceros con El Campello, 2.368.312; la l\u00ednea 4, que une Luceros con Plaza La Coru\u00f1a, ha sumado 1.535.871; la l\u00ednea 5, nexo de uni\u00f3n entre Porta del Mar y Plaza La Coru\u00f1a, ha acumulado 778.626; y<strong>&nbsp;la l\u00ednea 9, que discurre entre Benidorm y D\u00e9nia, 655.491.<\/strong><\/p>\n\n\n\n<p>En el tr\u00e1fico por estaciones,&nbsp;<strong>Luceros una vez m\u00e1s ha liderado el ranking, con 2.110.810 viajeros.<\/strong>&nbsp;La han seguido Mercado, con 1.367.514, y en tercera posici\u00f3n Benidorm, con 731.051.<\/p>\n\n\n\n<p>En la cuarta posici\u00f3n se ha situado Sant Vicent del Raspeig, con 686.983; en quinto Marq-Castillo, que ha registrado 652.776 movimientos, en sexto lugar se encuentra la estaci\u00f3n de El Campello, con 540.622; en s\u00e9ptima Bulevar del Pla, con 417.950; en octava Garbinet, con 376.315; en novena Hospital, con 318.665; y, en d\u00e9cima posici\u00f3n, Gast\u00f3n Castell\u00f3, con 312.630 usuarios.<\/p>\n\n\n\n<p>Al existir la posibilidad de comprar y validar los t\u00edtulos de transportes en el interior de las unidades del tranv\u00eda, tren-TRAM y tren convencional, las ventas y validaciones de t\u00edtulos de transporte en ruta se han concretado en 714.784 viajes.<\/p>\n\n\n\n<p>Fuente:<em>  <a href=\"https:\/\/alicanteplaza.es\/el-tram-dalacant-bate-su-record-con-13-3-millones-de-viajeros-en-2022\">AlicantePlaza<\/a><\/em><\/p>\n","protected":false},"excerpt":{"rendered":"<div class=\"mh-excerpt\"><p>LA L\u00cdNEA 2, ENTRE LUCEROS Y SAN VICENTE, LA M\u00c1S UTILIZADA La Generalitat ha favorecido la movilidad de 13.330.253 viajeros en 2022 a trav\u00e9s de <a class=\"mh-excerpt-more\" href=\"https:\/\/ugtfgvalicante.com\/index.php\/2023\/01\/26\/el-tram-dalacant-bate-su-record-con-133-millones-de-viajeros-en-2022\/\" title=\"El Tram d&#8217;Alacant bate su r\u00e9cord con 13,3 millones de viajeros en 2022\">[&#8230;]<\/a><\/p>\n<\/div>","protected":false},"author":4,"featured_media":335,"comment_status":"closed","ping_status":"closed","sticky":false,"template":"","format":"standard","meta":{"footnotes":""},"categories":[1],"tags":[],"class_list":["post-334","post","type-post","status-publish","format-standard","has-post-thumbnail","hentry","category-sin-categoria"],"yoast_head":"<!-- This site is optimized with the Yoast SEO plugin v26.6 - https:\/\/yoast.com\/wordpress\/plugins\/seo\/ -->\n<title>El Tram d&#039;Alacant bate su r\u00e9cord con 13,3 millones de viajeros en 2022 - FGV Alicante<\/title>\n<meta name=\"robots\" content=\"index, follow, max-snippet:-1, max-image-preview:large, max-video-preview:-1\" \/>\n<link rel=\"canonical\" href=\"https:\/\/ugtfgvalicante.com\/index.php\/2023\/01\/26\/el-tram-dalacant-bate-su-record-con-133-millones-de-viajeros-en-2022\/\" \/>\n<meta property=\"og:locale\" content=\"es_ES\" \/>\n<meta property=\"og:type\" content=\"article\" \/>\n<meta property=\"og:title\" content=\"El Tram d&#039;Alacant bate su r\u00e9cord con 13,3 millones de viajeros en 2022 - FGV Alicante\" \/>\n<meta property=\"og:description\" content=\"LA L\u00cdNEA 2, ENTRE LUCEROS Y SAN VICENTE, LA M\u00c1S UTILIZADA La Generalitat ha favorecido la movilidad de 13.330.253 viajeros en 2022 a trav\u00e9s de [...]\" \/>\n<meta property=\"og:url\" content=\"https:\/\/ugtfgvalicante.com\/index.php\/2023\/01\/26\/el-tram-dalacant-bate-su-record-con-133-millones-de-viajeros-en-2022\/\" \/>\n<meta property=\"og:site_name\" content=\"FGV Alicante\" \/>\n<meta property=\"article:publisher\" content=\"https:\/\/es-es.facebook.com\/ugt.fgvalicante\/\" \/>\n<meta property=\"article:published_time\" content=\"2023-01-26T08:33:45+00:00\" \/>\n<meta property=\"article:modified_time\" content=\"2023-01-26T08:33:46+00:00\" \/>\n<meta property=\"og:image\" content=\"https:\/\/ugtfgvalicante.com\/wp-content\/uploads\/2023\/01\/fotonoticia_20230114125246_1920_NoticiaAmpliada.jpg\" \/>\n\t<meta property=\"og:image:width\" content=\"768\" \/>\n\t<meta property=\"og:image:height\" content=\"512\" \/>\n\t<meta property=\"og:image:type\" content=\"image\/jpeg\" \/>\n<meta name=\"author\" content=\"Ugt FGV Alicante\" \/>\n<meta name=\"twitter:card\" content=\"summary_large_image\" \/>\n<meta name=\"twitter:label1\" content=\"Escrito por\" \/>\n\t<meta name=\"twitter:data1\" content=\"Ugt FGV Alicante\" \/>\n\t<meta name=\"twitter:label2\" content=\"Tiempo de lectura\" \/>\n\t<meta name=\"twitter:data2\" content=\"3 minutos\" \/>\n<script type=\"application\/ld+json\" class=\"yoast-schema-graph\">{\"@context\":\"https:\/\/schema.org\",\"@graph\":[{\"@type\":\"Article\",\"@id\":\"https:\/\/ugtfgvalicante.com\/index.php\/2023\/01\/26\/el-tram-dalacant-bate-su-record-con-133-millones-de-viajeros-en-2022\/#article\",\"isPartOf\":{\"@id\":\"https:\/\/ugtfgvalicante.com\/index.php\/2023\/01\/26\/el-tram-dalacant-bate-su-record-con-133-millones-de-viajeros-en-2022\/\"},\"author\":{\"name\":\"Ugt FGV Alicante\",\"@id\":\"https:\/\/ugtfgvalicante.com\/#\/schema\/person\/a1375a9c1ef53e624aa79c34b93b62e8\"},\"headline\":\"El Tram d&#8217;Alacant bate su r\u00e9cord con 13,3 millones de viajeros en 2022\",\"datePublished\":\"2023-01-26T08:33:45+00:00\",\"dateModified\":\"2023-01-26T08:33:46+00:00\",\"mainEntityOfPage\":{\"@id\":\"https:\/\/ugtfgvalicante.com\/index.php\/2023\/01\/26\/el-tram-dalacant-bate-su-record-con-133-millones-de-viajeros-en-2022\/\"},\"wordCount\":532,\"publisher\":{\"@id\":\"https:\/\/ugtfgvalicante.com\/#organization\"},\"image\":{\"@id\":\"https:\/\/ugtfgvalicante.com\/index.php\/2023\/01\/26\/el-tram-dalacant-bate-su-record-con-133-millones-de-viajeros-en-2022\/#primaryimage\"},\"thumbnailUrl\":\"https:\/\/ugtfgvalicante.com\/wp-content\/uploads\/2023\/01\/fotonoticia_20230114125246_1920_NoticiaAmpliada.jpg\",\"inLanguage\":\"es\"},{\"@type\":\"WebPage\",\"@id\":\"https:\/\/ugtfgvalicante.com\/index.php\/2023\/01\/26\/el-tram-dalacant-bate-su-record-con-133-millones-de-viajeros-en-2022\/\",\"url\":\"https:\/\/ugtfgvalicante.com\/index.php\/2023\/01\/26\/el-tram-dalacant-bate-su-record-con-133-millones-de-viajeros-en-2022\/\",\"name\":\"El Tram d'Alacant bate su r\u00e9cord con 13,3 millones de viajeros en 2022 - FGV Alicante\",\"isPartOf\":{\"@id\":\"https:\/\/ugtfgvalicante.com\/#website\"},\"primaryImageOfPage\":{\"@id\":\"https:\/\/ugtfgvalicante.com\/index.php\/2023\/01\/26\/el-tram-dalacant-bate-su-record-con-133-millones-de-viajeros-en-2022\/#primaryimage\"},\"image\":{\"@id\":\"https:\/\/ugtfgvalicante.com\/index.php\/2023\/01\/26\/el-tram-dalacant-bate-su-record-con-133-millones-de-viajeros-en-2022\/#primaryimage\"},\"thumbnailUrl\":\"https:\/\/ugtfgvalicante.com\/wp-content\/uploads\/2023\/01\/fotonoticia_20230114125246_1920_NoticiaAmpliada.jpg\",\"datePublished\":\"2023-01-26T08:33:45+00:00\",\"dateModified\":\"2023-01-26T08:33:46+00:00\",\"breadcrumb\":{\"@id\":\"https:\/\/ugtfgvalicante.com\/index.php\/2023\/01\/26\/el-tram-dalacant-bate-su-record-con-133-millones-de-viajeros-en-2022\/#breadcrumb\"},\"inLanguage\":\"es\",\"potentialAction\":[{\"@type\":\"ReadAction\",\"target\":[\"https:\/\/ugtfgvalicante.com\/index.php\/2023\/01\/26\/el-tram-dalacant-bate-su-record-con-133-millones-de-viajeros-en-2022\/\"]}]},{\"@type\":\"ImageObject\",\"inLanguage\":\"es\",\"@id\":\"https:\/\/ugtfgvalicante.com\/index.php\/2023\/01\/26\/el-tram-dalacant-bate-su-record-con-133-millones-de-viajeros-en-2022\/#primaryimage\",\"url\":\"https:\/\/ugtfgvalicante.com\/wp-content\/uploads\/2023\/01\/fotonoticia_20230114125246_1920_NoticiaAmpliada.jpg\",\"contentUrl\":\"https:\/\/ugtfgvalicante.com\/wp-content\/uploads\/2023\/01\/fotonoticia_20230114125246_1920_NoticiaAmpliada.jpg\",\"width\":768,\"height\":512},{\"@type\":\"BreadcrumbList\",\"@id\":\"https:\/\/ugtfgvalicante.com\/index.php\/2023\/01\/26\/el-tram-dalacant-bate-su-record-con-133-millones-de-viajeros-en-2022\/#breadcrumb\",\"itemListElement\":[{\"@type\":\"ListItem\",\"position\":1,\"name\":\"Portada\",\"item\":\"https:\/\/ugtfgvalicante.com\/\"},{\"@type\":\"ListItem\",\"position\":2,\"name\":\"El Tram d&#8217;Alacant bate su r\u00e9cord con 13,3 millones de viajeros en 2022\"}]},{\"@type\":\"WebSite\",\"@id\":\"https:\/\/ugtfgvalicante.com\/#website\",\"url\":\"https:\/\/ugtfgvalicante.com\/\",\"name\":\"FGV Alicante\",\"description\":\"\",\"publisher\":{\"@id\":\"https:\/\/ugtfgvalicante.com\/#organization\"},\"potentialAction\":[{\"@type\":\"SearchAction\",\"target\":{\"@type\":\"EntryPoint\",\"urlTemplate\":\"https:\/\/ugtfgvalicante.com\/?s={search_term_string}\"},\"query-input\":{\"@type\":\"PropertyValueSpecification\",\"valueRequired\":true,\"valueName\":\"search_term_string\"}}],\"inLanguage\":\"es\"},{\"@type\":\"Organization\",\"@id\":\"https:\/\/ugtfgvalicante.com\/#organization\",\"name\":\"UGT FGV Alicante\",\"url\":\"https:\/\/ugtfgvalicante.com\/\",\"logo\":{\"@type\":\"ImageObject\",\"inLanguage\":\"es\",\"@id\":\"https:\/\/ugtfgvalicante.com\/#\/schema\/logo\/image\/\",\"url\":\"https:\/\/ugtfgvalicante.com\/wp-content\/uploads\/2022\/10\/logo-ugt-web.png\",\"contentUrl\":\"https:\/\/ugtfgvalicante.com\/wp-content\/uploads\/2022\/10\/logo-ugt-web.png\",\"width\":2283,\"height\":1126,\"caption\":\"UGT FGV Alicante\"},\"image\":{\"@id\":\"https:\/\/ugtfgvalicante.com\/#\/schema\/logo\/image\/\"},\"sameAs\":[\"https:\/\/es-es.facebook.com\/ugt.fgvalicante\/\"]},{\"@type\":\"Person\",\"@id\":\"https:\/\/ugtfgvalicante.com\/#\/schema\/person\/a1375a9c1ef53e624aa79c34b93b62e8\",\"name\":\"Ugt FGV Alicante\",\"image\":{\"@type\":\"ImageObject\",\"inLanguage\":\"es\",\"@id\":\"https:\/\/ugtfgvalicante.com\/#\/schema\/person\/image\/\",\"url\":\"https:\/\/secure.gravatar.com\/avatar\/ea41cd8456808460c6c0caa1a213c3c921573555df6b57a7ee2f16fb6f502866?s=96&d=mm&r=g\",\"contentUrl\":\"https:\/\/secure.gravatar.com\/avatar\/ea41cd8456808460c6c0caa1a213c3c921573555df6b57a7ee2f16fb6f502866?s=96&d=mm&r=g\",\"caption\":\"Ugt FGV Alicante\"},\"url\":\"https:\/\/ugtfgvalicante.com\/index.php\/author\/ggrau\/\"}]}<\/script>\n<!-- \/ Yoast SEO plugin. -->","yoast_head_json":{"title":"El Tram d'Alacant bate su r\u00e9cord con 13,3 millones de viajeros en 2022 - FGV Alicante","robots":{"index":"index","follow":"follow","max-snippet":"max-snippet:-1","max-image-preview":"max-image-preview:large","max-video-preview":"max-video-preview:-1"},"canonical":"https:\/\/ugtfgvalicante.com\/index.php\/2023\/01\/26\/el-tram-dalacant-bate-su-record-con-133-millones-de-viajeros-en-2022\/","og_locale":"es_ES","og_type":"article","og_title":"El Tram d'Alacant bate su r\u00e9cord con 13,3 millones de viajeros en 2022 - FGV Alicante","og_description":"LA L\u00cdNEA 2, ENTRE LUCEROS Y SAN VICENTE, LA M\u00c1S UTILIZADA La Generalitat ha favorecido la movilidad de 13.330.253 viajeros en 2022 a trav\u00e9s de [...]","og_url":"https:\/\/ugtfgvalicante.com\/index.php\/2023\/01\/26\/el-tram-dalacant-bate-su-record-con-133-millones-de-viajeros-en-2022\/","og_site_name":"FGV Alicante","article_publisher":"https:\/\/es-es.facebook.com\/ugt.fgvalicante\/","article_published_time":"2023-01-26T08:33:45+00:00","article_modified_time":"2023-01-26T08:33:46+00:00","og_image":[{"width":768,"height":512,"url":"https:\/\/ugtfgvalicante.com\/wp-content\/uploads\/2023\/01\/fotonoticia_20230114125246_1920_NoticiaAmpliada.jpg","type":"image\/jpeg"}],"author":"Ugt FGV Alicante","twitter_card":"summary_large_image","twitter_misc":{"Escrito por":"Ugt FGV Alicante","Tiempo de lectura":"3 minutos"},"schema":{"@context":"https:\/\/schema.org","@graph":[{"@type":"Article","@id":"https:\/\/ugtfgvalicante.com\/index.php\/2023\/01\/26\/el-tram-dalacant-bate-su-record-con-133-millones-de-viajeros-en-2022\/#article","isPartOf":{"@id":"https:\/\/ugtfgvalicante.com\/index.php\/2023\/01\/26\/el-tram-dalacant-bate-su-record-con-133-millones-de-viajeros-en-2022\/"},"author":{"name":"Ugt FGV Alicante","@id":"https:\/\/ugtfgvalicante.com\/#\/schema\/person\/a1375a9c1ef53e624aa79c34b93b62e8"},"headline":"El Tram d&#8217;Alacant bate su r\u00e9cord con 13,3 millones de viajeros en 2022","datePublished":"2023-01-26T08:33:45+00:00","dateModified":"2023-01-26T08:33:46+00:00","mainEntityOfPage":{"@id":"https:\/\/ugtfgvalicante.com\/index.php\/2023\/01\/26\/el-tram-dalacant-bate-su-record-con-133-millones-de-viajeros-en-2022\/"},"wordCount":532,"publisher":{"@id":"https:\/\/ugtfgvalicante.com\/#organization"},"image":{"@id":"https:\/\/ugtfgvalicante.com\/index.php\/2023\/01\/26\/el-tram-dalacant-bate-su-record-con-133-millones-de-viajeros-en-2022\/#primaryimage"},"thumbnailUrl":"https:\/\/ugtfgvalicante.com\/wp-content\/uploads\/2023\/01\/fotonoticia_20230114125246_1920_NoticiaAmpliada.jpg","inLanguage":"es"},{"@type":"WebPage","@id":"https:\/\/ugtfgvalicante.com\/index.php\/2023\/01\/26\/el-tram-dalacant-bate-su-record-con-133-millones-de-viajeros-en-2022\/","url":"https:\/\/ugtfgvalicante.com\/index.php\/2023\/01\/26\/el-tram-dalacant-bate-su-record-con-133-millones-de-viajeros-en-2022\/","name":"El Tram d'Alacant bate su r\u00e9cord con 13,3 millones de viajeros en 2022 - FGV Alicante","isPartOf":{"@id":"https:\/\/ugtfgvalicante.com\/#website"},"primaryImageOfPage":{"@id":"https:\/\/ugtfgvalicante.com\/index.php\/2023\/01\/26\/el-tram-dalacant-bate-su-record-con-133-millones-de-viajeros-en-2022\/#primaryimage"},"image":{"@id":"https:\/\/ugtfgvalicante.com\/index.php\/2023\/01\/26\/el-tram-dalacant-bate-su-record-con-133-millones-de-viajeros-en-2022\/#primaryimage"},"thumbnailUrl":"https:\/\/ugtfgvalicante.com\/wp-content\/uploads\/2023\/01\/fotonoticia_20230114125246_1920_NoticiaAmpliada.jpg","datePublished":"2023-01-26T08:33:45+00:00","dateModified":"2023-01-26T08:33:46+00:00","breadcrumb":{"@id":"https:\/\/ugtfgvalicante.com\/index.php\/2023\/01\/26\/el-tram-dalacant-bate-su-record-con-133-millones-de-viajeros-en-2022\/#breadcrumb"},"inLanguage":"es","potentialAction":[{"@type":"ReadAction","target":["https:\/\/ugtfgvalicante.com\/index.php\/2023\/01\/26\/el-tram-dalacant-bate-su-record-con-133-millones-de-viajeros-en-2022\/"]}]},{"@type":"ImageObject","inLanguage":"es","@id":"https:\/\/ugtfgvalicante.com\/index.php\/2023\/01\/26\/el-tram-dalacant-bate-su-record-con-133-millones-de-viajeros-en-2022\/#primaryimage","url":"https:\/\/ugtfgvalicante.com\/wp-content\/uploads\/2023\/01\/fotonoticia_20230114125246_1920_NoticiaAmpliada.jpg","contentUrl":"https:\/\/ugtfgvalicante.com\/wp-content\/uploads\/2023\/01\/fotonoticia_20230114125246_1920_NoticiaAmpliada.jpg","width":768,"height":512},{"@type":"BreadcrumbList","@id":"https:\/\/ugtfgvalicante.com\/index.php\/2023\/01\/26\/el-tram-dalacant-bate-su-record-con-133-millones-de-viajeros-en-2022\/#breadcrumb","itemListElement":[{"@type":"ListItem","position":1,"name":"Portada","item":"https:\/\/ugtfgvalicante.com\/"},{"@type":"ListItem","position":2,"name":"El Tram d&#8217;Alacant bate su r\u00e9cord con 13,3 millones de viajeros en 2022"}]},{"@type":"WebSite","@id":"https:\/\/ugtfgvalicante.com\/#website","url":"https:\/\/ugtfgvalicante.com\/","name":"FGV Alicante","description":"","publisher":{"@id":"https:\/\/ugtfgvalicante.com\/#organization"},"potentialAction":[{"@type":"SearchAction","target":{"@type":"EntryPoint","urlTemplate":"https:\/\/ugtfgvalicante.com\/?s={search_term_string}"},"query-input":{"@type":"PropertyValueSpecification","valueRequired":true,"valueName":"search_term_string"}}],"inLanguage":"es"},{"@type":"Organization","@id":"https:\/\/ugtfgvalicante.com\/#organization","name":"UGT FGV Alicante","url":"https:\/\/ugtfgvalicante.com\/","logo":{"@type":"ImageObject","inLanguage":"es","@id":"https:\/\/ugtfgvalicante.com\/#\/schema\/logo\/image\/","url":"https:\/\/ugtfgvalicante.com\/wp-content\/uploads\/2022\/10\/logo-ugt-web.png","contentUrl":"https:\/\/ugtfgvalicante.com\/wp-content\/uploads\/2022\/10\/logo-ugt-web.png","width":2283,"height":1126,"caption":"UGT FGV Alicante"},"image":{"@id":"https:\/\/ugtfgvalicante.com\/#\/schema\/logo\/image\/"},"sameAs":["https:\/\/es-es.facebook.com\/ugt.fgvalicante\/"]},{"@type":"Person","@id":"https:\/\/ugtfgvalicante.com\/#\/schema\/person\/a1375a9c1ef53e624aa79c34b93b62e8","name":"Ugt FGV Alicante","image":{"@type":"ImageObject","inLanguage":"es","@id":"https:\/\/ugtfgvalicante.com\/#\/schema\/person\/image\/","url":"https:\/\/secure.gravatar.com\/avatar\/ea41cd8456808460c6c0caa1a213c3c921573555df6b57a7ee2f16fb6f502866?s=96&d=mm&r=g","contentUrl":"https:\/\/secure.gravatar.com\/avatar\/ea41cd8456808460c6c0caa1a213c3c921573555df6b57a7ee2f16fb6f502866?s=96&d=mm&r=g","caption":"Ugt FGV Alicante"},"url":"https:\/\/ugtfgvalicante.com\/index.php\/author\/ggrau\/"}]}},"_links":{"self":[{"href":"https:\/\/ugtfgvalicante.com\/index.php\/wp-json\/wp\/v2\/posts\/334","targetHints":{"allow":["GET"]}}],"collection":[{"href":"https:\/\/ugtfgvalicante.com\/index.php\/wp-json\/wp\/v2\/posts"}],"about":[{"href":"https:\/\/ugtfgvalicante.com\/index.php\/wp-json\/wp\/v2\/types\/post"}],"author":[{"embeddable":true,"href":"https:\/\/ugtfgvalicante.com\/index.php\/wp-json\/wp\/v2\/users\/4"}],"replies":[{"embeddable":true,"href":"https:\/\/ugtfgvalicante.com\/index.php\/wp-json\/wp\/v2\/comments?post=334"}],"version-history":[{"count":1,"href":"https:\/\/ugtfgvalicante.com\/index.php\/wp-json\/wp\/v2\/posts\/334\/revisions"}],"predecessor-version":[{"id":336,"href":"https:\/\/ugtfgvalicante.com\/index.php\/wp-json\/wp\/v2\/posts\/334\/revisions\/336"}],"wp:featuredmedia":[{"embeddable":true,"href":"https:\/\/ugtfgvalicante.com\/index.php\/wp-json\/wp\/v2\/media\/335"}],"wp:attachment":[{"href":"https:\/\/ugtfgvalicante.com\/index.php\/wp-json\/wp\/v2\/media?parent=334"}],"wp:term":[{"taxonomy":"category","embeddable":true,"href":"https:\/\/ugtfgvalicante.com\/index.php\/wp-json\/wp\/v2\/categories?post=334"},{"taxonomy":"post_tag","embeddable":true,"href":"https:\/\/ugtfgvalicante.com\/index.php\/wp-json\/wp\/v2\/tags?post=334"}],"curies":[{"name":"wp","href":"https:\/\/api.w.org\/{rel}","templated":true}]}}