{"id":337,"date":"2023-01-26T08:52:49","date_gmt":"2023-01-26T08:52:49","guid":{"rendered":"https:\/\/ugtfgvalicante.com\/?p=337"},"modified":"2023-01-26T08:52:50","modified_gmt":"2023-01-26T08:52:50","slug":"adios-a-un-tramo-de-la-via-del-tram-en-benidorm-las-obras-de-beniarda-se-haran-24-horas-para-acortar-plazos","status":"publish","type":"post","link":"https:\/\/ugtfgvalicante.com\/index.php\/2023\/01\/26\/adios-a-un-tramo-de-la-via-del-tram-en-benidorm-las-obras-de-beniarda-se-haran-24-horas-para-acortar-plazos\/","title":{"rendered":"Adi\u00f3s a un tramo de la v\u00eda del TRAM en Benidorm: las obras de Beniard\u00e0 se har\u00e1n 24 horas para acortar plazos"},"content":{"rendered":"\n<p>Los trabajos para excavar el t\u00fanel del soterramiento se han iniciado este lunes y deber\u00e1n estar listos en 3 semanas para devolver el paso del tren, ahora cortado | El trayecto hasta Benidorm Intermodal se hace en autob\u00fas<\/p>\n\n\n\n<p>A un ritmo fren\u00e9tico y sin parar las 24 horas del d\u00eda. Las obras de supresi\u00f3n del paso a nivel de la avenida Beniard\u00e0 de&nbsp;<a href=\"https:\/\/www.informacion.es\/alicante\/benidorm\/\">Benidorm&nbsp;<\/a>han entrado en una de las fases m\u00e1s complicadas: la retirada de un tramo de la actual v\u00eda del TRAM para poder excavar el t\u00fanel por donde circular\u00e1 el tr\u00e1fico rodado una vez los trabajos hayan finalizado.<strong>&nbsp;Unas obras que no parar\u00e1n ni siquiera por la noche<\/strong>&nbsp;para poder acortar los plazos establecidos para que se restablezca el servicio ferroviario.<\/p>\n\n\n\n<p>El paso de los trenes desde la estaci\u00f3n de Benidorm a Benidorm Intermodal se cort\u00f3 a las 00 horas del domingo a este lunes. As\u00ed, seg\u00fan confirm\u00f3 a este diario el concejal de Obras, Jos\u00e9 Ram\u00f3n Gonz\u00e1lez de Z\u00e1rate, \u00abya se realizaron trabajos esa misma noche\u00bb para no perder ni un minuto debido a que los plazos son ajustados:\u00a0<strong>\u00abNo podemos perder tiempo, tenemos tres semanas\u00bb\u00a0<\/strong>para realizar una gran parte del grueso de los trabajos. Porque Ferrocarrils de la Generalitat Valenciana (FGV) ha planteado que el corte de este servicio sea de solo tres semanas, as\u00ed que \u00abse va a trabajar 24 horas, sin parar ni de noche\u00bb.<\/p>\n\n\n\n<p>\u00bfQu\u00e9 trabajos son los que ahora est\u00e1n en marcha? Para comenzar, este lunes ya se pod\u00eda ver c\u00f3mo una parte de la v\u00eda del TRAM desde la estaci\u00f3n de Benidorm hacia Altea hab\u00eda desaparecido.\u00a0<strong>La maquinaria comenz\u00f3 a \u00abpicar\u00bb el suelo y las v\u00edas para retirarlas\u00a0<\/strong>y comenzar con la siguiente fase: excavar hacia abajo para poder realizar el agujero donde se ubicar\u00e1 el futuro t\u00fanel por donde circular\u00e1 el tr\u00e1fico rodado tras el soterramiento.<\/p>\n\n\n\n<p>Cabe recordar que el proyecto incluye un t\u00fanel de 5,50 metros de altura de galibo as\u00ed como\u00a0<strong>cuatro carriles, dos por sentido<\/strong>, con una mediana central para dar cabida a los miles de veh\u00edculos que pasan al d\u00eda por la avenida Beniard\u00e0. Y, para ello, hay que \u00abhacer hueco\u00bb. Para ello,\u00a0<strong>ya se prepar\u00f3 la zona para poder realizar estar tareas y que todo vaya seg\u00fan lo previsto,<\/strong>\u00a0sin que surja ning\u00fan problema. \u00abLa semana que viene est\u00e1 previsto comenzar a poner las primeras vigas del t\u00fanel, lo que ser\u00e1 el techo del mismo\u00bb, explic\u00f3 el concejal. As\u00ed, \u00abse priorizar\u00e1 esta parte central para poder volver a instalar las v\u00edas y que el tren vuelva a pasar en el tiempo estipulado\u00bb. Las obras no parar\u00e1n ni de noche, por lo que el concejal ha pedido \u00abdisculpas\u00bb y \u00abpaciencia\u00bb a los vecinos.<\/p>\n\n\n\n<p>Tras este paso, el t\u00fanel seguir\u00e1 cogiendo forma desde ese punto hacia afuera. Adem\u00e1s,<strong>&nbsp;el corte de la v\u00eda y la retirada de la misma ha permitido que tambi\u00e9n se avance en la \u00abcolocaci\u00f3n de la tuber\u00eda de agua que va hacia la Cala\u00bb.<\/strong>&nbsp;Hasta ahora se hab\u00eda podido solo llegar hasta la zona de las v\u00edas y ahora se podr\u00e1 \u00abacabar de poner e ir enganchando la vieja con la nueva\u00bb, explic\u00f3 el edil del \u00e1rea.<\/p>\n\n\n\n<p>Adem\u00e1s, el paso de peatones por la acera de la estaci\u00f3n del tren de Benidorm tambi\u00e9n se ha cortado por motivos de seguridad. As\u00ed, desde el parking de Beniard\u00e0, los usuarios deber\u00e1n cruzar al otro lado para poder seguir por la avenida hasta el Cruce o al contrario<\/p>\n\n\n\n<p>Y, \u00bfqu\u00e9 pasa con los viajeros mientras est\u00e1&nbsp;<a href=\"https:\/\/www.informacion.es\/benidorm\/2023\/01\/13\/fgv-cortara-tram-benidorm-avanzar-81136284.html\">cortado el TRAM&nbsp;<\/a>entre Benidorm y Benidorm Intermodal? FGV ha puesto a su disposici\u00f3n autobuses para e<strong>l desplazamiento entre ambas estaciones.&nbsp;<\/strong>Adem\u00e1s, debido a la proximidad entre ambas estaciones, tambi\u00e9n se habilitar\u00e1&nbsp;<strong>se\u00f1alizaci\u00f3n que informe sobre la posibilidad de poder ir andando<\/strong>&nbsp;de una a otra a trav\u00e9s de un trayecto peatonal. As\u00ed, seg\u00fan las fuentes consultadas, el primer d\u00eda con este servicio ha transcurrido sin incidencias.<\/p>\n\n\n\n<p>Hasta ahora\u00a0<strong>la L\u00ednea 9 discurr\u00eda por el paso a nivel que se va a retirar y por encima de lo que ser\u00e1 el futuro t\u00fanel por donde se soterrar\u00e1 el tr\u00e1fico<\/strong>\u00a0de veh\u00edculos de esta principal avenida. La millonaria obra de la\u00a0<strong>avenida Beniard\u00e0 lleva en marcha desde septiembre<\/strong>. Desde que se inici\u00f3, esta principal v\u00eda de acceso y salida est\u00e1 cortada completamente al tr\u00e1fico rodado pero no al paso del TRAM en direcci\u00f3n a Alicante o hacia D\u00e9nia<strong>.<\/strong>\u00a0Como ya public\u00f3 este diario, el Ayuntamiento estaba pendiente de que se pudiera interrumpir la circulaci\u00f3n de trenes para poder as\u00ed avanzar en el tiempo con la obra y poder cumplir los plazos establecidos de 10 meses. La previsi\u00f3n es que pueda estar terminada antes del pr\u00f3ximo verano.<\/p>\n\n\n\n<p>Las obras de soterramiento y de supresi\u00f3n del paso a nivel de la avenida Beniard\u00e1<strong>\u00a0tienen un presupuesto de 5,2 millones de euros, y est\u00e1n financiadas por la Uni\u00f3n Europea a trav\u00e9s de los fondos Next Generation.<\/strong>\u00a0Con todo, el corte de esta entrada y salida a la ciudad mantiene como v\u00eda alternativa el\u00a0<a href=\"https:\/\/www.informacion.es\/benidorm\/2022\/10\/14\/busqueda-equilibro-obras-trafico-benidorm-77211535.html\">Cam\u00ed del Llandero\u00a0<\/a>para los residentes, un vial que registra un aumento de tr\u00e1fico en los \u00faltimos meses. A la vez, el Ayuntamiento realizar\u00e1 tambi\u00e9n las obras para remodelar toda la avenida Beniard\u00e0,\u00a0<strong>en el tramo comprendido entre la avenida Alfonso Puchades y la calle Relleu.<\/strong><\/p>\n\n\n\n<p>Fuente: <a href=\"https:\/\/www.informacion.es\/benidorm\/2023\/01\/21\/adios-tramo-via-tram-benidorm-81259964.html\">diarioinformacion.es<\/a><\/p>\n\n\n\n<p><\/p>\n","protected":false},"excerpt":{"rendered":"<div class=\"mh-excerpt\"><p>Los trabajos para excavar el t\u00fanel del soterramiento se han iniciado este lunes y deber\u00e1n estar listos en 3 semanas para devolver el paso del <a class=\"mh-excerpt-more\" href=\"https:\/\/ugtfgvalicante.com\/index.php\/2023\/01\/26\/adios-a-un-tramo-de-la-via-del-tram-en-benidorm-las-obras-de-beniarda-se-haran-24-horas-para-acortar-plazos\/\" title=\"Adi\u00f3s a un tramo de la v\u00eda del TRAM en Benidorm: las obras de Beniard\u00e0 se har\u00e1n 24 horas para acortar plazos\">[&#8230;]<\/a><\/p>\n<\/div>","protected":false},"author":4,"featured_media":338,"comment_status":"closed","ping_status":"closed","sticky":false,"template":"","format":"standard","meta":{"footnotes":""},"categories":[1],"tags":[],"class_list":["post-337","post","type-post","status-publish","format-standard","has-post-thumbnail","hentry","category-sin-categoria"],"yoast_head":"<!-- This site is optimized with the Yoast SEO plugin v26.6 - https:\/\/yoast.com\/wordpress\/plugins\/seo\/ -->\n<title>Adi\u00f3s a un tramo de la v\u00eda del TRAM en Benidorm: las obras de Beniard\u00e0 se har\u00e1n 24 horas para acortar plazos - FGV Alicante<\/title>\n<meta name=\"robots\" content=\"index, follow, max-snippet:-1, max-image-preview:large, max-video-preview:-1\" \/>\n<link rel=\"canonical\" href=\"https:\/\/ugtfgvalicante.com\/index.php\/2023\/01\/26\/adios-a-un-tramo-de-la-via-del-tram-en-benidorm-las-obras-de-beniarda-se-haran-24-horas-para-acortar-plazos\/\" \/>\n<meta property=\"og:locale\" content=\"es_ES\" \/>\n<meta property=\"og:type\" content=\"article\" \/>\n<meta property=\"og:title\" content=\"Adi\u00f3s a un tramo de la v\u00eda del TRAM en Benidorm: las obras de Beniard\u00e0 se har\u00e1n 24 horas para acortar plazos - FGV Alicante\" \/>\n<meta property=\"og:description\" content=\"Los trabajos para excavar el t\u00fanel del soterramiento se han iniciado este lunes y deber\u00e1n estar listos en 3 semanas para devolver el paso del [...]\" \/>\n<meta property=\"og:url\" content=\"https:\/\/ugtfgvalicante.com\/index.php\/2023\/01\/26\/adios-a-un-tramo-de-la-via-del-tram-en-benidorm-las-obras-de-beniarda-se-haran-24-horas-para-acortar-plazos\/\" \/>\n<meta property=\"og:site_name\" content=\"FGV Alicante\" \/>\n<meta property=\"article:publisher\" content=\"https:\/\/es-es.facebook.com\/ugt.fgvalicante\/\" \/>\n<meta property=\"article:published_time\" content=\"2023-01-26T08:52:49+00:00\" \/>\n<meta property=\"article:modified_time\" content=\"2023-01-26T08:52:50+00:00\" \/>\n<meta property=\"og:image\" content=\"https:\/\/ugtfgvalicante.com\/wp-content\/uploads\/2023\/01\/d3a90486-25b8-4a04-a73a-a391b10c5b37_16-9-discover-aspect-ratio_default_0.jpg\" \/>\n\t<meta property=\"og:image:width\" content=\"1200\" \/>\n\t<meta property=\"og:image:height\" content=\"675\" \/>\n\t<meta property=\"og:image:type\" content=\"image\/jpeg\" \/>\n<meta name=\"author\" content=\"Ugt FGV Alicante\" \/>\n<meta name=\"twitter:card\" content=\"summary_large_image\" \/>\n<meta name=\"twitter:label1\" content=\"Escrito por\" \/>\n\t<meta name=\"twitter:data1\" content=\"Ugt FGV Alicante\" \/>\n\t<meta name=\"twitter:label2\" content=\"Tiempo de lectura\" \/>\n\t<meta name=\"twitter:data2\" content=\"5 minutos\" \/>\n<script type=\"application\/ld+json\" class=\"yoast-schema-graph\">{\"@context\":\"https:\/\/schema.org\",\"@graph\":[{\"@type\":\"Article\",\"@id\":\"https:\/\/ugtfgvalicante.com\/index.php\/2023\/01\/26\/adios-a-un-tramo-de-la-via-del-tram-en-benidorm-las-obras-de-beniarda-se-haran-24-horas-para-acortar-plazos\/#article\",\"isPartOf\":{\"@id\":\"https:\/\/ugtfgvalicante.com\/index.php\/2023\/01\/26\/adios-a-un-tramo-de-la-via-del-tram-en-benidorm-las-obras-de-beniarda-se-haran-24-horas-para-acortar-plazos\/\"},\"author\":{\"name\":\"Ugt FGV Alicante\",\"@id\":\"https:\/\/ugtfgvalicante.com\/#\/schema\/person\/a1375a9c1ef53e624aa79c34b93b62e8\"},\"headline\":\"Adi\u00f3s a un tramo de la v\u00eda del TRAM en Benidorm: las obras de Beniard\u00e0 se har\u00e1n 24 horas para acortar plazos\",\"datePublished\":\"2023-01-26T08:52:49+00:00\",\"dateModified\":\"2023-01-26T08:52:50+00:00\",\"mainEntityOfPage\":{\"@id\":\"https:\/\/ugtfgvalicante.com\/index.php\/2023\/01\/26\/adios-a-un-tramo-de-la-via-del-tram-en-benidorm-las-obras-de-beniarda-se-haran-24-horas-para-acortar-plazos\/\"},\"wordCount\":978,\"publisher\":{\"@id\":\"https:\/\/ugtfgvalicante.com\/#organization\"},\"image\":{\"@id\":\"https:\/\/ugtfgvalicante.com\/index.php\/2023\/01\/26\/adios-a-un-tramo-de-la-via-del-tram-en-benidorm-las-obras-de-beniarda-se-haran-24-horas-para-acortar-plazos\/#primaryimage\"},\"thumbnailUrl\":\"https:\/\/ugtfgvalicante.com\/wp-content\/uploads\/2023\/01\/d3a90486-25b8-4a04-a73a-a391b10c5b37_16-9-discover-aspect-ratio_default_0.jpg\",\"inLanguage\":\"es\"},{\"@type\":\"WebPage\",\"@id\":\"https:\/\/ugtfgvalicante.com\/index.php\/2023\/01\/26\/adios-a-un-tramo-de-la-via-del-tram-en-benidorm-las-obras-de-beniarda-se-haran-24-horas-para-acortar-plazos\/\",\"url\":\"https:\/\/ugtfgvalicante.com\/index.php\/2023\/01\/26\/adios-a-un-tramo-de-la-via-del-tram-en-benidorm-las-obras-de-beniarda-se-haran-24-horas-para-acortar-plazos\/\",\"name\":\"Adi\u00f3s a un tramo de la v\u00eda del TRAM en Benidorm: las obras de Beniard\u00e0 se har\u00e1n 24 horas para acortar plazos - FGV Alicante\",\"isPartOf\":{\"@id\":\"https:\/\/ugtfgvalicante.com\/#website\"},\"primaryImageOfPage\":{\"@id\":\"https:\/\/ugtfgvalicante.com\/index.php\/2023\/01\/26\/adios-a-un-tramo-de-la-via-del-tram-en-benidorm-las-obras-de-beniarda-se-haran-24-horas-para-acortar-plazos\/#primaryimage\"},\"image\":{\"@id\":\"https:\/\/ugtfgvalicante.com\/index.php\/2023\/01\/26\/adios-a-un-tramo-de-la-via-del-tram-en-benidorm-las-obras-de-beniarda-se-haran-24-horas-para-acortar-plazos\/#primaryimage\"},\"thumbnailUrl\":\"https:\/\/ugtfgvalicante.com\/wp-content\/uploads\/2023\/01\/d3a90486-25b8-4a04-a73a-a391b10c5b37_16-9-discover-aspect-ratio_default_0.jpg\",\"datePublished\":\"2023-01-26T08:52:49+00:00\",\"dateModified\":\"2023-01-26T08:52:50+00:00\",\"breadcrumb\":{\"@id\":\"https:\/\/ugtfgvalicante.com\/index.php\/2023\/01\/26\/adios-a-un-tramo-de-la-via-del-tram-en-benidorm-las-obras-de-beniarda-se-haran-24-horas-para-acortar-plazos\/#breadcrumb\"},\"inLanguage\":\"es\",\"potentialAction\":[{\"@type\":\"ReadAction\",\"target\":[\"https:\/\/ugtfgvalicante.com\/index.php\/2023\/01\/26\/adios-a-un-tramo-de-la-via-del-tram-en-benidorm-las-obras-de-beniarda-se-haran-24-horas-para-acortar-plazos\/\"]}]},{\"@type\":\"ImageObject\",\"inLanguage\":\"es\",\"@id\":\"https:\/\/ugtfgvalicante.com\/index.php\/2023\/01\/26\/adios-a-un-tramo-de-la-via-del-tram-en-benidorm-las-obras-de-beniarda-se-haran-24-horas-para-acortar-plazos\/#primaryimage\",\"url\":\"https:\/\/ugtfgvalicante.com\/wp-content\/uploads\/2023\/01\/d3a90486-25b8-4a04-a73a-a391b10c5b37_16-9-discover-aspect-ratio_default_0.jpg\",\"contentUrl\":\"https:\/\/ugtfgvalicante.com\/wp-content\/uploads\/2023\/01\/d3a90486-25b8-4a04-a73a-a391b10c5b37_16-9-discover-aspect-ratio_default_0.jpg\",\"width\":1200,\"height\":675},{\"@type\":\"BreadcrumbList\",\"@id\":\"https:\/\/ugtfgvalicante.com\/index.php\/2023\/01\/26\/adios-a-un-tramo-de-la-via-del-tram-en-benidorm-las-obras-de-beniarda-se-haran-24-horas-para-acortar-plazos\/#breadcrumb\",\"itemListElement\":[{\"@type\":\"ListItem\",\"position\":1,\"name\":\"Portada\",\"item\":\"https:\/\/ugtfgvalicante.com\/\"},{\"@type\":\"ListItem\",\"position\":2,\"name\":\"Adi\u00f3s a un tramo de la v\u00eda del TRAM en Benidorm: las obras de Beniard\u00e0 se har\u00e1n 24 horas para acortar plazos\"}]},{\"@type\":\"WebSite\",\"@id\":\"https:\/\/ugtfgvalicante.com\/#website\",\"url\":\"https:\/\/ugtfgvalicante.com\/\",\"name\":\"FGV Alicante\",\"description\":\"\",\"publisher\":{\"@id\":\"https:\/\/ugtfgvalicante.com\/#organization\"},\"potentialAction\":[{\"@type\":\"SearchAction\",\"target\":{\"@type\":\"EntryPoint\",\"urlTemplate\":\"https:\/\/ugtfgvalicante.com\/?s={search_term_string}\"},\"query-input\":{\"@type\":\"PropertyValueSpecification\",\"valueRequired\":true,\"valueName\":\"search_term_string\"}}],\"inLanguage\":\"es\"},{\"@type\":\"Organization\",\"@id\":\"https:\/\/ugtfgvalicante.com\/#organization\",\"name\":\"UGT FGV Alicante\",\"url\":\"https:\/\/ugtfgvalicante.com\/\",\"logo\":{\"@type\":\"ImageObject\",\"inLanguage\":\"es\",\"@id\":\"https:\/\/ugtfgvalicante.com\/#\/schema\/logo\/image\/\",\"url\":\"https:\/\/ugtfgvalicante.com\/wp-content\/uploads\/2022\/10\/logo-ugt-web.png\",\"contentUrl\":\"https:\/\/ugtfgvalicante.com\/wp-content\/uploads\/2022\/10\/logo-ugt-web.png\",\"width\":2283,\"height\":1126,\"caption\":\"UGT FGV Alicante\"},\"image\":{\"@id\":\"https:\/\/ugtfgvalicante.com\/#\/schema\/logo\/image\/\"},\"sameAs\":[\"https:\/\/es-es.facebook.com\/ugt.fgvalicante\/\"]},{\"@type\":\"Person\",\"@id\":\"https:\/\/ugtfgvalicante.com\/#\/schema\/person\/a1375a9c1ef53e624aa79c34b93b62e8\",\"name\":\"Ugt FGV Alicante\",\"image\":{\"@type\":\"ImageObject\",\"inLanguage\":\"es\",\"@id\":\"https:\/\/ugtfgvalicante.com\/#\/schema\/person\/image\/\",\"url\":\"https:\/\/secure.gravatar.com\/avatar\/ea41cd8456808460c6c0caa1a213c3c921573555df6b57a7ee2f16fb6f502866?s=96&d=mm&r=g\",\"contentUrl\":\"https:\/\/secure.gravatar.com\/avatar\/ea41cd8456808460c6c0caa1a213c3c921573555df6b57a7ee2f16fb6f502866?s=96&d=mm&r=g\",\"caption\":\"Ugt FGV Alicante\"},\"url\":\"https:\/\/ugtfgvalicante.com\/index.php\/author\/ggrau\/\"}]}<\/script>\n<!-- \/ Yoast SEO plugin. -->","yoast_head_json":{"title":"Adi\u00f3s a un tramo de la v\u00eda del TRAM en Benidorm: las obras de Beniard\u00e0 se har\u00e1n 24 horas para acortar plazos - FGV Alicante","robots":{"index":"index","follow":"follow","max-snippet":"max-snippet:-1","max-image-preview":"max-image-preview:large","max-video-preview":"max-video-preview:-1"},"canonical":"https:\/\/ugtfgvalicante.com\/index.php\/2023\/01\/26\/adios-a-un-tramo-de-la-via-del-tram-en-benidorm-las-obras-de-beniarda-se-haran-24-horas-para-acortar-plazos\/","og_locale":"es_ES","og_type":"article","og_title":"Adi\u00f3s a un tramo de la v\u00eda del TRAM en Benidorm: las obras de Beniard\u00e0 se har\u00e1n 24 horas para acortar plazos - FGV Alicante","og_description":"Los trabajos para excavar el t\u00fanel del soterramiento se han iniciado este lunes y deber\u00e1n estar listos en 3 semanas para devolver el paso del [...]","og_url":"https:\/\/ugtfgvalicante.com\/index.php\/2023\/01\/26\/adios-a-un-tramo-de-la-via-del-tram-en-benidorm-las-obras-de-beniarda-se-haran-24-horas-para-acortar-plazos\/","og_site_name":"FGV Alicante","article_publisher":"https:\/\/es-es.facebook.com\/ugt.fgvalicante\/","article_published_time":"2023-01-26T08:52:49+00:00","article_modified_time":"2023-01-26T08:52:50+00:00","og_image":[{"width":1200,"height":675,"url":"https:\/\/ugtfgvalicante.com\/wp-content\/uploads\/2023\/01\/d3a90486-25b8-4a04-a73a-a391b10c5b37_16-9-discover-aspect-ratio_default_0.jpg","type":"image\/jpeg"}],"author":"Ugt FGV Alicante","twitter_card":"summary_large_image","twitter_misc":{"Escrito por":"Ugt FGV Alicante","Tiempo de lectura":"5 minutos"},"schema":{"@context":"https:\/\/schema.org","@graph":[{"@type":"Article","@id":"https:\/\/ugtfgvalicante.com\/index.php\/2023\/01\/26\/adios-a-un-tramo-de-la-via-del-tram-en-benidorm-las-obras-de-beniarda-se-haran-24-horas-para-acortar-plazos\/#article","isPartOf":{"@id":"https:\/\/ugtfgvalicante.com\/index.php\/2023\/01\/26\/adios-a-un-tramo-de-la-via-del-tram-en-benidorm-las-obras-de-beniarda-se-haran-24-horas-para-acortar-plazos\/"},"author":{"name":"Ugt FGV Alicante","@id":"https:\/\/ugtfgvalicante.com\/#\/schema\/person\/a1375a9c1ef53e624aa79c34b93b62e8"},"headline":"Adi\u00f3s a un tramo de la v\u00eda del TRAM en Benidorm: las obras de Beniard\u00e0 se har\u00e1n 24 horas para acortar plazos","datePublished":"2023-01-26T08:52:49+00:00","dateModified":"2023-01-26T08:52:50+00:00","mainEntityOfPage":{"@id":"https:\/\/ugtfgvalicante.com\/index.php\/2023\/01\/26\/adios-a-un-tramo-de-la-via-del-tram-en-benidorm-las-obras-de-beniarda-se-haran-24-horas-para-acortar-plazos\/"},"wordCount":978,"publisher":{"@id":"https:\/\/ugtfgvalicante.com\/#organization"},"image":{"@id":"https:\/\/ugtfgvalicante.com\/index.php\/2023\/01\/26\/adios-a-un-tramo-de-la-via-del-tram-en-benidorm-las-obras-de-beniarda-se-haran-24-horas-para-acortar-plazos\/#primaryimage"},"thumbnailUrl":"https:\/\/ugtfgvalicante.com\/wp-content\/uploads\/2023\/01\/d3a90486-25b8-4a04-a73a-a391b10c5b37_16-9-discover-aspect-ratio_default_0.jpg","inLanguage":"es"},{"@type":"WebPage","@id":"https:\/\/ugtfgvalicante.com\/index.php\/2023\/01\/26\/adios-a-un-tramo-de-la-via-del-tram-en-benidorm-las-obras-de-beniarda-se-haran-24-horas-para-acortar-plazos\/","url":"https:\/\/ugtfgvalicante.com\/index.php\/2023\/01\/26\/adios-a-un-tramo-de-la-via-del-tram-en-benidorm-las-obras-de-beniarda-se-haran-24-horas-para-acortar-plazos\/","name":"Adi\u00f3s a un tramo de la v\u00eda del TRAM en Benidorm: las obras de Beniard\u00e0 se har\u00e1n 24 horas para acortar plazos - FGV Alicante","isPartOf":{"@id":"https:\/\/ugtfgvalicante.com\/#website"},"primaryImageOfPage":{"@id":"https:\/\/ugtfgvalicante.com\/index.php\/2023\/01\/26\/adios-a-un-tramo-de-la-via-del-tram-en-benidorm-las-obras-de-beniarda-se-haran-24-horas-para-acortar-plazos\/#primaryimage"},"image":{"@id":"https:\/\/ugtfgvalicante.com\/index.php\/2023\/01\/26\/adios-a-un-tramo-de-la-via-del-tram-en-benidorm-las-obras-de-beniarda-se-haran-24-horas-para-acortar-plazos\/#primaryimage"},"thumbnailUrl":"https:\/\/ugtfgvalicante.com\/wp-content\/uploads\/2023\/01\/d3a90486-25b8-4a04-a73a-a391b10c5b37_16-9-discover-aspect-ratio_default_0.jpg","datePublished":"2023-01-26T08:52:49+00:00","dateModified":"2023-01-26T08:52:50+00:00","breadcrumb":{"@id":"https:\/\/ugtfgvalicante.com\/index.php\/2023\/01\/26\/adios-a-un-tramo-de-la-via-del-tram-en-benidorm-las-obras-de-beniarda-se-haran-24-horas-para-acortar-plazos\/#breadcrumb"},"inLanguage":"es","potentialAction":[{"@type":"ReadAction","target":["https:\/\/ugtfgvalicante.com\/index.php\/2023\/01\/26\/adios-a-un-tramo-de-la-via-del-tram-en-benidorm-las-obras-de-beniarda-se-haran-24-horas-para-acortar-plazos\/"]}]},{"@type":"ImageObject","inLanguage":"es","@id":"https:\/\/ugtfgvalicante.com\/index.php\/2023\/01\/26\/adios-a-un-tramo-de-la-via-del-tram-en-benidorm-las-obras-de-beniarda-se-haran-24-horas-para-acortar-plazos\/#primaryimage","url":"https:\/\/ugtfgvalicante.com\/wp-content\/uploads\/2023\/01\/d3a90486-25b8-4a04-a73a-a391b10c5b37_16-9-discover-aspect-ratio_default_0.jpg","contentUrl":"https:\/\/ugtfgvalicante.com\/wp-content\/uploads\/2023\/01\/d3a90486-25b8-4a04-a73a-a391b10c5b37_16-9-discover-aspect-ratio_default_0.jpg","width":1200,"height":675},{"@type":"BreadcrumbList","@id":"https:\/\/ugtfgvalicante.com\/index.php\/2023\/01\/26\/adios-a-un-tramo-de-la-via-del-tram-en-benidorm-las-obras-de-beniarda-se-haran-24-horas-para-acortar-plazos\/#breadcrumb","itemListElement":[{"@type":"ListItem","position":1,"name":"Portada","item":"https:\/\/ugtfgvalicante.com\/"},{"@type":"ListItem","position":2,"name":"Adi\u00f3s a un tramo de la v\u00eda del TRAM en Benidorm: las obras de Beniard\u00e0 se har\u00e1n 24 horas para acortar plazos"}]},{"@type":"WebSite","@id":"https:\/\/ugtfgvalicante.com\/#website","url":"https:\/\/ugtfgvalicante.com\/","name":"FGV Alicante","description":"","publisher":{"@id":"https:\/\/ugtfgvalicante.com\/#organization"},"potentialAction":[{"@type":"SearchAction","target":{"@type":"EntryPoint","urlTemplate":"https:\/\/ugtfgvalicante.com\/?s={search_term_string}"},"query-input":{"@type":"PropertyValueSpecification","valueRequired":true,"valueName":"search_term_string"}}],"inLanguage":"es"},{"@type":"Organization","@id":"https:\/\/ugtfgvalicante.com\/#organization","name":"UGT FGV Alicante","url":"https:\/\/ugtfgvalicante.com\/","logo":{"@type":"ImageObject","inLanguage":"es","@id":"https:\/\/ugtfgvalicante.com\/#\/schema\/logo\/image\/","url":"https:\/\/ugtfgvalicante.com\/wp-content\/uploads\/2022\/10\/logo-ugt-web.png","contentUrl":"https:\/\/ugtfgvalicante.com\/wp-content\/uploads\/2022\/10\/logo-ugt-web.png","width":2283,"height":1126,"caption":"UGT FGV Alicante"},"image":{"@id":"https:\/\/ugtfgvalicante.com\/#\/schema\/logo\/image\/"},"sameAs":["https:\/\/es-es.facebook.com\/ugt.fgvalicante\/"]},{"@type":"Person","@id":"https:\/\/ugtfgvalicante.com\/#\/schema\/person\/a1375a9c1ef53e624aa79c34b93b62e8","name":"Ugt FGV Alicante","image":{"@type":"ImageObject","inLanguage":"es","@id":"https:\/\/ugtfgvalicante.com\/#\/schema\/person\/image\/","url":"https:\/\/secure.gravatar.com\/avatar\/ea41cd8456808460c6c0caa1a213c3c921573555df6b57a7ee2f16fb6f502866?s=96&d=mm&r=g","contentUrl":"https:\/\/secure.gravatar.com\/avatar\/ea41cd8456808460c6c0caa1a213c3c921573555df6b57a7ee2f16fb6f502866?s=96&d=mm&r=g","caption":"Ugt FGV Alicante"},"url":"https:\/\/ugtfgvalicante.com\/index.php\/author\/ggrau\/"}]}},"_links":{"self":[{"href":"https:\/\/ugtfgvalicante.com\/index.php\/wp-json\/wp\/v2\/posts\/337","targetHints":{"allow":["GET"]}}],"collection":[{"href":"https:\/\/ugtfgvalicante.com\/index.php\/wp-json\/wp\/v2\/posts"}],"about":[{"href":"https:\/\/ugtfgvalicante.com\/index.php\/wp-json\/wp\/v2\/types\/post"}],"author":[{"embeddable":true,"href":"https:\/\/ugtfgvalicante.com\/index.php\/wp-json\/wp\/v2\/users\/4"}],"replies":[{"embeddable":true,"href":"https:\/\/ugtfgvalicante.com\/index.php\/wp-json\/wp\/v2\/comments?post=337"}],"version-history":[{"count":1,"href":"https:\/\/ugtfgvalicante.com\/index.php\/wp-json\/wp\/v2\/posts\/337\/revisions"}],"predecessor-version":[{"id":339,"href":"https:\/\/ugtfgvalicante.com\/index.php\/wp-json\/wp\/v2\/posts\/337\/revisions\/339"}],"wp:featuredmedia":[{"embeddable":true,"href":"https:\/\/ugtfgvalicante.com\/index.php\/wp-json\/wp\/v2\/media\/338"}],"wp:attachment":[{"href":"https:\/\/ugtfgvalicante.com\/index.php\/wp-json\/wp\/v2\/media?parent=337"}],"wp:term":[{"taxonomy":"category","embeddable":true,"href":"https:\/\/ugtfgvalicante.com\/index.php\/wp-json\/wp\/v2\/categories?post=337"},{"taxonomy":"post_tag","embeddable":true,"href":"https:\/\/ugtfgvalicante.com\/index.php\/wp-json\/wp\/v2\/tags?post=337"}],"curies":[{"name":"wp","href":"https:\/\/api.w.org\/{rel}","templated":true}]}}