{"id":345,"date":"2023-02-03T21:33:53","date_gmt":"2023-02-03T21:33:53","guid":{"rendered":"https:\/\/ugtfgvalicante.com\/?p=345"},"modified":"2023-02-03T21:33:55","modified_gmt":"2023-02-03T21:33:55","slug":"la-generalitat-y-el-ayuntamiento-de-alicante-aplican-la-reduccion-a-la-mitad-en-el-precio-de-los-titulos-de-transporte","status":"publish","type":"post","link":"https:\/\/ugtfgvalicante.com\/index.php\/2023\/02\/03\/la-generalitat-y-el-ayuntamiento-de-alicante-aplican-la-reduccion-a-la-mitad-en-el-precio-de-los-titulos-de-transporte\/","title":{"rendered":"La Generalitat y el Ayuntamiento de Alicante aplican la reducci\u00f3n a la mitad en el precio de los t\u00edtulos de transporte"},"content":{"rendered":"\n<p>EL TRANSPORTE COLECTIVO M\u00c1S BARATO<\/p>\n\n\n\n<p>Se suman a\u00a0<strong>la medida del Gobierno dentro del paquete anticrisis<\/strong>\u00a0para hacer frente a los efectos econ\u00f3micos de la guerra en Ucrania hasta llegar a\u00a0<strong>un descuento total del 50%<\/strong>\u00a0en las tarifas del\u00a0<strong>TRAM d&#8217;Alacant\u00a0<\/strong>y del\u00a0<strong>autob\u00fas urbano de Alicante<\/strong><\/p>\n\n\n\n<p>La&nbsp;<strong>Generalitat&nbsp;<\/strong>aplica a partir de este mi\u00e9rcoles, 1 de febrero, la&nbsp;<strong>reducci\u00f3n del 50% en todos los abonos y t\u00edtulos multiviaje de los transportes auton\u00f3micos<\/strong>.<\/p>\n\n\n\n<p>De este modo, las personas usuarias pueden beneficiarse de manera directa, sin necesidad de realizar ning\u00fan tipo de tr\u00e1mite o proceso t\u00e9cnico, de estos descuentos que afectan al&nbsp;<strong>TRAM d&#8217;Alacant y autobuses interurbanos.<\/strong><\/p>\n\n\n\n<p>Con esta propuesta, el Consell se suma a&nbsp;<strong>la medida anunciada por el Gobierno<\/strong>&nbsp;dentro del&nbsp;<strong>paquete anticrisis<\/strong>&nbsp;para hacer frente a los efectos de la guerra en Ucrania y que comprende la financiaci\u00f3n del 30% de descuento para transportes urbanos e interurbanos en aquellas comunidades aut\u00f3nomas y administraciones locales que apliquen un 20% adicional, hasta llegar a un&nbsp;<strong>descuento total del 50%.<\/strong><\/p>\n\n\n\n<p>Al respecto, la consellera de Pol\u00edtica Territorial,&nbsp;<strong>Rebeca Torr\u00f3<\/strong>, ha explicado que \u00abdesde el pasado 1 de septiembre, ya se estaba aplicando un&nbsp;<strong>30% de descuento<\/strong>&nbsp;que ya ofreci\u00f3 el Estado en un primer decreto y que, a su vez, se sum\u00f3 a las medidas de reducci\u00f3n tarifaria que la Generalitat ya hab\u00eda aplicado de manera pionera meses antes\u00bb.<\/p>\n\n\n\n<p>\u00abAhora,&nbsp;<strong>a ese 30%, se suma otro 20% que asume la Generalitat hasta llegar a la rebaja total de un 50%<\/strong>, por lo que esta medida, junto con&nbsp;<strong>la gratuidad para menores de hasta 30 a\u00f1os<\/strong>, beneficia de manera muy importante a todas las personas usuarias\u00bb, ha manifestado.<\/p>\n\n\n\n<p>\u00abEsta reducci\u00f3n sigue la l\u00ednea de fomento de la movilidad sostenible y el transporte p\u00fablico que est\u00e1n impulsando la Generalitat y el Gobierno de Espa\u00f1a, y se suma a otras medidas ya vigentes, como la pr\u00f3rroga del transporte p\u00fablico gratuito para j\u00f3venes de 30 a\u00f1os o&nbsp;<strong>la gratuidad de los abonos de Renfe de cercan\u00edas, rodalies y media distancia durante el 2023<\/strong>\u00ab, ha destacado Torr\u00f3.<\/p>\n\n\n\n<p>Respecto al&nbsp;<strong>Abono Temporal Joven Gratuito<\/strong>, del que ya disfrutan m\u00e1s de 250.000 personas usuarias en la Comunitat,&nbsp;<strong>la gratuidad seguir\u00e1 vigente tambi\u00e9n hasta el 31 de julio<\/strong>&nbsp;de 2023.<\/p>\n\n\n\n<p>Adem\u00e1s, tambi\u00e9n se ha prorrogado, hasta esa misma fecha, la subvenci\u00f3n por parte de la Generalitat del 50 % del transporte urbano para garantizar la gratuidad de los j\u00f3venes menores de 30 a\u00f1os en todos aquellos municipios que quieran sumarse a esta medida.<\/p>\n\n\n\n<p><strong>TRAM D&#8217;ALACANT<\/strong><\/p>\n\n\n\n<p>Por su parte, los t\u00edtulos propios del<strong>&nbsp;TRAM d&#8217;Alacant se reducen de nuevo<\/strong>, tras la modificaci\u00f3n aplicada en junio de 2022. Con este descuento adicional del 50% los precios son para el&nbsp;<strong>Bono 10 de una zona, 4 euros; de dos zonas, 6 euros, y 8,5 euros de tres zonas.<\/strong><\/p>\n\n\n\n<p><strong>El bono 30<\/strong>&nbsp;de una zona queda en<strong>&nbsp;11,40 euros<\/strong>;&nbsp;<strong>17,10 euros&nbsp;<\/strong>de dos zonas y<strong>&nbsp;28,5 euros<\/strong>&nbsp;para tres zonas.<\/p>\n\n\n\n<p>As\u00ed, el<strong>&nbsp;t\u00edtulo 24 horas<\/strong>&nbsp;se ha fijado en 4 euros y los mensuales&nbsp;<em><strong>Gent Major y Mobilitat&nbsp;<\/strong><\/em>pasan a costar&nbsp;<strong>4,85 euros<\/strong>.<\/p>\n\n\n\n<p>En el caso de estos dos t\u00edtulos de periodicidad anual se ha previsto reintegrar los importes correspondientes por periodos quincenales, coincidentes con el periodo bonificado, tanto en tarjetas adquiridas como de tarjetas en uso.<\/p>\n\n\n\n<p><strong>El Ayuntamiento de Alicante tambi\u00e9n se suma al descuento<\/strong><\/p>\n\n\n\n<p>El Ayuntamiento de Alicante tambi\u00e9n ha decidido sumarse a la bonificaci\u00f3n del&nbsp;<strong>50% hasta el 31 de julio.<\/strong><\/p>\n\n\n\n<p>Los descuentos benefician a todos los usuarios de cualquiera de los t\u00edtulos del transporte urbano. Esta es la voluntad del ayuntamiento,&nbsp;<strong>\u201cbeneficiar a todos por igual\u201d<\/strong>, tal y como ha expresado el alcalde,&nbsp;<strong>Luis Barcala,<\/strong>&nbsp;al<strong>&nbsp;descartar la gratuidad para los menores de 30 a\u00f1os.<\/strong><\/p>\n\n\n\n<p>El Ayuntamiento ha hecho una previsi\u00f3n de&nbsp;<strong>1\u20196 millones&nbsp;<\/strong>de euros de los que pondr\u00e1 el&nbsp;<strong>20%&nbsp;<\/strong>y el Gobierno de Espa\u00f1a asume el&nbsp;<strong>30% restante, hasta alcanzar el 50% del coste total de las tarifas.<\/strong><\/p>\n\n\n\n<p>Por poner alg\u00fan ejemplo de estos descuentos, el\u00a0<strong>Bono M\u00f3bilis de 30 viajes<\/strong>\u00a0pasa de 26,10 a\u00a0<strong>13,05 euros<\/strong>, y el de\u00a0<strong>10 viajes<\/strong>, no llegar\u00eda a los 5 euros porque pasa de 8,70 a<strong>\u00a04,35 euros.<\/strong><\/p>\n\n\n\n<p>Fuente: <a href=\"https:\/\/www.ondacero.es\/emisoras\/comunidad-valenciana\/alicante\/noticias\/generalitat-ayuntamiento-alicante-aplican-reduccion-mitad-precio-titulos-transporte_2023020163da2986bf44120001a8a89b.html\">Ondacero.es<\/a><\/p>\n","protected":false},"excerpt":{"rendered":"<div class=\"mh-excerpt\"><p>EL TRANSPORTE COLECTIVO M\u00c1S BARATO Se suman a\u00a0la medida del Gobierno dentro del paquete anticrisis\u00a0para hacer frente a los efectos econ\u00f3micos de la guerra en <a class=\"mh-excerpt-more\" href=\"https:\/\/ugtfgvalicante.com\/index.php\/2023\/02\/03\/la-generalitat-y-el-ayuntamiento-de-alicante-aplican-la-reduccion-a-la-mitad-en-el-precio-de-los-titulos-de-transporte\/\" title=\"La Generalitat y el Ayuntamiento de Alicante aplican la reducci\u00f3n a la mitad en el precio de los t\u00edtulos de transporte\">[&#8230;]<\/a><\/p>\n<\/div>","protected":false},"author":4,"featured_media":346,"comment_status":"closed","ping_status":"closed","sticky":false,"template":"","format":"standard","meta":{"footnotes":""},"categories":[5],"tags":[],"class_list":["post-345","post","type-post","status-publish","format-standard","has-post-thumbnail","hentry","category-noticias-prensa"],"yoast_head":"<!-- This site is optimized with the Yoast SEO plugin v26.6 - https:\/\/yoast.com\/wordpress\/plugins\/seo\/ -->\n<title>La Generalitat y el Ayuntamiento de Alicante aplican la reducci\u00f3n a la mitad en el precio de los t\u00edtulos de transporte - FGV Alicante<\/title>\n<meta name=\"robots\" content=\"index, follow, max-snippet:-1, max-image-preview:large, max-video-preview:-1\" \/>\n<link rel=\"canonical\" href=\"https:\/\/ugtfgvalicante.com\/index.php\/2023\/02\/03\/la-generalitat-y-el-ayuntamiento-de-alicante-aplican-la-reduccion-a-la-mitad-en-el-precio-de-los-titulos-de-transporte\/\" \/>\n<meta property=\"og:locale\" content=\"es_ES\" \/>\n<meta property=\"og:type\" content=\"article\" \/>\n<meta property=\"og:title\" content=\"La Generalitat y el Ayuntamiento de Alicante aplican la reducci\u00f3n a la mitad en el precio de los t\u00edtulos de transporte - FGV Alicante\" \/>\n<meta property=\"og:description\" content=\"EL TRANSPORTE COLECTIVO M\u00c1S BARATO Se suman a\u00a0la medida del Gobierno dentro del paquete anticrisis\u00a0para hacer frente a los efectos econ\u00f3micos de la guerra en [...]\" \/>\n<meta property=\"og:url\" content=\"https:\/\/ugtfgvalicante.com\/index.php\/2023\/02\/03\/la-generalitat-y-el-ayuntamiento-de-alicante-aplican-la-reduccion-a-la-mitad-en-el-precio-de-los-titulos-de-transporte\/\" \/>\n<meta property=\"og:site_name\" content=\"FGV Alicante\" \/>\n<meta property=\"article:publisher\" content=\"https:\/\/es-es.facebook.com\/ugt.fgvalicante\/\" \/>\n<meta property=\"article:published_time\" content=\"2023-02-03T21:33:53+00:00\" \/>\n<meta property=\"article:modified_time\" content=\"2023-02-03T21:33:55+00:00\" \/>\n<meta property=\"og:image\" content=\"https:\/\/ugtfgvalicante.com\/wp-content\/uploads\/2023\/02\/tram-dalcant_97.webp\" \/>\n\t<meta property=\"og:image:width\" content=\"1600\" \/>\n\t<meta property=\"og:image:height\" content=\"900\" \/>\n\t<meta property=\"og:image:type\" content=\"image\/webp\" \/>\n<meta name=\"author\" content=\"Ugt FGV Alicante\" \/>\n<meta name=\"twitter:card\" content=\"summary_large_image\" \/>\n<meta name=\"twitter:label1\" content=\"Escrito por\" \/>\n\t<meta name=\"twitter:data1\" content=\"Ugt FGV Alicante\" \/>\n\t<meta name=\"twitter:label2\" content=\"Tiempo de lectura\" \/>\n\t<meta name=\"twitter:data2\" content=\"4 minutos\" \/>\n<script type=\"application\/ld+json\" class=\"yoast-schema-graph\">{\"@context\":\"https:\/\/schema.org\",\"@graph\":[{\"@type\":\"Article\",\"@id\":\"https:\/\/ugtfgvalicante.com\/index.php\/2023\/02\/03\/la-generalitat-y-el-ayuntamiento-de-alicante-aplican-la-reduccion-a-la-mitad-en-el-precio-de-los-titulos-de-transporte\/#article\",\"isPartOf\":{\"@id\":\"https:\/\/ugtfgvalicante.com\/index.php\/2023\/02\/03\/la-generalitat-y-el-ayuntamiento-de-alicante-aplican-la-reduccion-a-la-mitad-en-el-precio-de-los-titulos-de-transporte\/\"},\"author\":{\"name\":\"Ugt FGV Alicante\",\"@id\":\"https:\/\/ugtfgvalicante.com\/#\/schema\/person\/a1375a9c1ef53e624aa79c34b93b62e8\"},\"headline\":\"La Generalitat y el Ayuntamiento de Alicante aplican la reducci\u00f3n a la mitad en el precio de los t\u00edtulos de transporte\",\"datePublished\":\"2023-02-03T21:33:53+00:00\",\"dateModified\":\"2023-02-03T21:33:55+00:00\",\"mainEntityOfPage\":{\"@id\":\"https:\/\/ugtfgvalicante.com\/index.php\/2023\/02\/03\/la-generalitat-y-el-ayuntamiento-de-alicante-aplican-la-reduccion-a-la-mitad-en-el-precio-de-los-titulos-de-transporte\/\"},\"wordCount\":761,\"publisher\":{\"@id\":\"https:\/\/ugtfgvalicante.com\/#organization\"},\"image\":{\"@id\":\"https:\/\/ugtfgvalicante.com\/index.php\/2023\/02\/03\/la-generalitat-y-el-ayuntamiento-de-alicante-aplican-la-reduccion-a-la-mitad-en-el-precio-de-los-titulos-de-transporte\/#primaryimage\"},\"thumbnailUrl\":\"https:\/\/ugtfgvalicante.com\/wp-content\/uploads\/2023\/02\/tram-dalcant_97.webp\",\"articleSection\":[\"Noticias prensa\"],\"inLanguage\":\"es\"},{\"@type\":\"WebPage\",\"@id\":\"https:\/\/ugtfgvalicante.com\/index.php\/2023\/02\/03\/la-generalitat-y-el-ayuntamiento-de-alicante-aplican-la-reduccion-a-la-mitad-en-el-precio-de-los-titulos-de-transporte\/\",\"url\":\"https:\/\/ugtfgvalicante.com\/index.php\/2023\/02\/03\/la-generalitat-y-el-ayuntamiento-de-alicante-aplican-la-reduccion-a-la-mitad-en-el-precio-de-los-titulos-de-transporte\/\",\"name\":\"La Generalitat y el Ayuntamiento de Alicante aplican la reducci\u00f3n a la mitad en el precio de los t\u00edtulos de transporte - FGV Alicante\",\"isPartOf\":{\"@id\":\"https:\/\/ugtfgvalicante.com\/#website\"},\"primaryImageOfPage\":{\"@id\":\"https:\/\/ugtfgvalicante.com\/index.php\/2023\/02\/03\/la-generalitat-y-el-ayuntamiento-de-alicante-aplican-la-reduccion-a-la-mitad-en-el-precio-de-los-titulos-de-transporte\/#primaryimage\"},\"image\":{\"@id\":\"https:\/\/ugtfgvalicante.com\/index.php\/2023\/02\/03\/la-generalitat-y-el-ayuntamiento-de-alicante-aplican-la-reduccion-a-la-mitad-en-el-precio-de-los-titulos-de-transporte\/#primaryimage\"},\"thumbnailUrl\":\"https:\/\/ugtfgvalicante.com\/wp-content\/uploads\/2023\/02\/tram-dalcant_97.webp\",\"datePublished\":\"2023-02-03T21:33:53+00:00\",\"dateModified\":\"2023-02-03T21:33:55+00:00\",\"breadcrumb\":{\"@id\":\"https:\/\/ugtfgvalicante.com\/index.php\/2023\/02\/03\/la-generalitat-y-el-ayuntamiento-de-alicante-aplican-la-reduccion-a-la-mitad-en-el-precio-de-los-titulos-de-transporte\/#breadcrumb\"},\"inLanguage\":\"es\",\"potentialAction\":[{\"@type\":\"ReadAction\",\"target\":[\"https:\/\/ugtfgvalicante.com\/index.php\/2023\/02\/03\/la-generalitat-y-el-ayuntamiento-de-alicante-aplican-la-reduccion-a-la-mitad-en-el-precio-de-los-titulos-de-transporte\/\"]}]},{\"@type\":\"ImageObject\",\"inLanguage\":\"es\",\"@id\":\"https:\/\/ugtfgvalicante.com\/index.php\/2023\/02\/03\/la-generalitat-y-el-ayuntamiento-de-alicante-aplican-la-reduccion-a-la-mitad-en-el-precio-de-los-titulos-de-transporte\/#primaryimage\",\"url\":\"https:\/\/ugtfgvalicante.com\/wp-content\/uploads\/2023\/02\/tram-dalcant_97.webp\",\"contentUrl\":\"https:\/\/ugtfgvalicante.com\/wp-content\/uploads\/2023\/02\/tram-dalcant_97.webp\",\"width\":1600,\"height\":900},{\"@type\":\"BreadcrumbList\",\"@id\":\"https:\/\/ugtfgvalicante.com\/index.php\/2023\/02\/03\/la-generalitat-y-el-ayuntamiento-de-alicante-aplican-la-reduccion-a-la-mitad-en-el-precio-de-los-titulos-de-transporte\/#breadcrumb\",\"itemListElement\":[{\"@type\":\"ListItem\",\"position\":1,\"name\":\"Portada\",\"item\":\"https:\/\/ugtfgvalicante.com\/\"},{\"@type\":\"ListItem\",\"position\":2,\"name\":\"La Generalitat y el Ayuntamiento de Alicante aplican la reducci\u00f3n a la mitad en el precio de los t\u00edtulos de transporte\"}]},{\"@type\":\"WebSite\",\"@id\":\"https:\/\/ugtfgvalicante.com\/#website\",\"url\":\"https:\/\/ugtfgvalicante.com\/\",\"name\":\"FGV Alicante\",\"description\":\"\",\"publisher\":{\"@id\":\"https:\/\/ugtfgvalicante.com\/#organization\"},\"potentialAction\":[{\"@type\":\"SearchAction\",\"target\":{\"@type\":\"EntryPoint\",\"urlTemplate\":\"https:\/\/ugtfgvalicante.com\/?s={search_term_string}\"},\"query-input\":{\"@type\":\"PropertyValueSpecification\",\"valueRequired\":true,\"valueName\":\"search_term_string\"}}],\"inLanguage\":\"es\"},{\"@type\":\"Organization\",\"@id\":\"https:\/\/ugtfgvalicante.com\/#organization\",\"name\":\"UGT FGV Alicante\",\"url\":\"https:\/\/ugtfgvalicante.com\/\",\"logo\":{\"@type\":\"ImageObject\",\"inLanguage\":\"es\",\"@id\":\"https:\/\/ugtfgvalicante.com\/#\/schema\/logo\/image\/\",\"url\":\"https:\/\/ugtfgvalicante.com\/wp-content\/uploads\/2022\/10\/logo-ugt-web.png\",\"contentUrl\":\"https:\/\/ugtfgvalicante.com\/wp-content\/uploads\/2022\/10\/logo-ugt-web.png\",\"width\":2283,\"height\":1126,\"caption\":\"UGT FGV Alicante\"},\"image\":{\"@id\":\"https:\/\/ugtfgvalicante.com\/#\/schema\/logo\/image\/\"},\"sameAs\":[\"https:\/\/es-es.facebook.com\/ugt.fgvalicante\/\"]},{\"@type\":\"Person\",\"@id\":\"https:\/\/ugtfgvalicante.com\/#\/schema\/person\/a1375a9c1ef53e624aa79c34b93b62e8\",\"name\":\"Ugt FGV Alicante\",\"image\":{\"@type\":\"ImageObject\",\"inLanguage\":\"es\",\"@id\":\"https:\/\/ugtfgvalicante.com\/#\/schema\/person\/image\/\",\"url\":\"https:\/\/secure.gravatar.com\/avatar\/ea41cd8456808460c6c0caa1a213c3c921573555df6b57a7ee2f16fb6f502866?s=96&d=mm&r=g\",\"contentUrl\":\"https:\/\/secure.gravatar.com\/avatar\/ea41cd8456808460c6c0caa1a213c3c921573555df6b57a7ee2f16fb6f502866?s=96&d=mm&r=g\",\"caption\":\"Ugt FGV Alicante\"},\"url\":\"https:\/\/ugtfgvalicante.com\/index.php\/author\/ggrau\/\"}]}<\/script>\n<!-- \/ Yoast SEO plugin. -->","yoast_head_json":{"title":"La Generalitat y el Ayuntamiento de Alicante aplican la reducci\u00f3n a la mitad en el precio de los t\u00edtulos de transporte - FGV Alicante","robots":{"index":"index","follow":"follow","max-snippet":"max-snippet:-1","max-image-preview":"max-image-preview:large","max-video-preview":"max-video-preview:-1"},"canonical":"https:\/\/ugtfgvalicante.com\/index.php\/2023\/02\/03\/la-generalitat-y-el-ayuntamiento-de-alicante-aplican-la-reduccion-a-la-mitad-en-el-precio-de-los-titulos-de-transporte\/","og_locale":"es_ES","og_type":"article","og_title":"La Generalitat y el Ayuntamiento de Alicante aplican la reducci\u00f3n a la mitad en el precio de los t\u00edtulos de transporte - FGV Alicante","og_description":"EL TRANSPORTE COLECTIVO M\u00c1S BARATO Se suman a\u00a0la medida del Gobierno dentro del paquete anticrisis\u00a0para hacer frente a los efectos econ\u00f3micos de la guerra en [...]","og_url":"https:\/\/ugtfgvalicante.com\/index.php\/2023\/02\/03\/la-generalitat-y-el-ayuntamiento-de-alicante-aplican-la-reduccion-a-la-mitad-en-el-precio-de-los-titulos-de-transporte\/","og_site_name":"FGV Alicante","article_publisher":"https:\/\/es-es.facebook.com\/ugt.fgvalicante\/","article_published_time":"2023-02-03T21:33:53+00:00","article_modified_time":"2023-02-03T21:33:55+00:00","og_image":[{"width":1600,"height":900,"url":"https:\/\/ugtfgvalicante.com\/wp-content\/uploads\/2023\/02\/tram-dalcant_97.webp","type":"image\/webp"}],"author":"Ugt FGV Alicante","twitter_card":"summary_large_image","twitter_misc":{"Escrito por":"Ugt FGV Alicante","Tiempo de lectura":"4 minutos"},"schema":{"@context":"https:\/\/schema.org","@graph":[{"@type":"Article","@id":"https:\/\/ugtfgvalicante.com\/index.php\/2023\/02\/03\/la-generalitat-y-el-ayuntamiento-de-alicante-aplican-la-reduccion-a-la-mitad-en-el-precio-de-los-titulos-de-transporte\/#article","isPartOf":{"@id":"https:\/\/ugtfgvalicante.com\/index.php\/2023\/02\/03\/la-generalitat-y-el-ayuntamiento-de-alicante-aplican-la-reduccion-a-la-mitad-en-el-precio-de-los-titulos-de-transporte\/"},"author":{"name":"Ugt FGV Alicante","@id":"https:\/\/ugtfgvalicante.com\/#\/schema\/person\/a1375a9c1ef53e624aa79c34b93b62e8"},"headline":"La Generalitat y el Ayuntamiento de Alicante aplican la reducci\u00f3n a la mitad en el precio de los t\u00edtulos de transporte","datePublished":"2023-02-03T21:33:53+00:00","dateModified":"2023-02-03T21:33:55+00:00","mainEntityOfPage":{"@id":"https:\/\/ugtfgvalicante.com\/index.php\/2023\/02\/03\/la-generalitat-y-el-ayuntamiento-de-alicante-aplican-la-reduccion-a-la-mitad-en-el-precio-de-los-titulos-de-transporte\/"},"wordCount":761,"publisher":{"@id":"https:\/\/ugtfgvalicante.com\/#organization"},"image":{"@id":"https:\/\/ugtfgvalicante.com\/index.php\/2023\/02\/03\/la-generalitat-y-el-ayuntamiento-de-alicante-aplican-la-reduccion-a-la-mitad-en-el-precio-de-los-titulos-de-transporte\/#primaryimage"},"thumbnailUrl":"https:\/\/ugtfgvalicante.com\/wp-content\/uploads\/2023\/02\/tram-dalcant_97.webp","articleSection":["Noticias prensa"],"inLanguage":"es"},{"@type":"WebPage","@id":"https:\/\/ugtfgvalicante.com\/index.php\/2023\/02\/03\/la-generalitat-y-el-ayuntamiento-de-alicante-aplican-la-reduccion-a-la-mitad-en-el-precio-de-los-titulos-de-transporte\/","url":"https:\/\/ugtfgvalicante.com\/index.php\/2023\/02\/03\/la-generalitat-y-el-ayuntamiento-de-alicante-aplican-la-reduccion-a-la-mitad-en-el-precio-de-los-titulos-de-transporte\/","name":"La Generalitat y el Ayuntamiento de Alicante aplican la reducci\u00f3n a la mitad en el precio de los t\u00edtulos de transporte - FGV Alicante","isPartOf":{"@id":"https:\/\/ugtfgvalicante.com\/#website"},"primaryImageOfPage":{"@id":"https:\/\/ugtfgvalicante.com\/index.php\/2023\/02\/03\/la-generalitat-y-el-ayuntamiento-de-alicante-aplican-la-reduccion-a-la-mitad-en-el-precio-de-los-titulos-de-transporte\/#primaryimage"},"image":{"@id":"https:\/\/ugtfgvalicante.com\/index.php\/2023\/02\/03\/la-generalitat-y-el-ayuntamiento-de-alicante-aplican-la-reduccion-a-la-mitad-en-el-precio-de-los-titulos-de-transporte\/#primaryimage"},"thumbnailUrl":"https:\/\/ugtfgvalicante.com\/wp-content\/uploads\/2023\/02\/tram-dalcant_97.webp","datePublished":"2023-02-03T21:33:53+00:00","dateModified":"2023-02-03T21:33:55+00:00","breadcrumb":{"@id":"https:\/\/ugtfgvalicante.com\/index.php\/2023\/02\/03\/la-generalitat-y-el-ayuntamiento-de-alicante-aplican-la-reduccion-a-la-mitad-en-el-precio-de-los-titulos-de-transporte\/#breadcrumb"},"inLanguage":"es","potentialAction":[{"@type":"ReadAction","target":["https:\/\/ugtfgvalicante.com\/index.php\/2023\/02\/03\/la-generalitat-y-el-ayuntamiento-de-alicante-aplican-la-reduccion-a-la-mitad-en-el-precio-de-los-titulos-de-transporte\/"]}]},{"@type":"ImageObject","inLanguage":"es","@id":"https:\/\/ugtfgvalicante.com\/index.php\/2023\/02\/03\/la-generalitat-y-el-ayuntamiento-de-alicante-aplican-la-reduccion-a-la-mitad-en-el-precio-de-los-titulos-de-transporte\/#primaryimage","url":"https:\/\/ugtfgvalicante.com\/wp-content\/uploads\/2023\/02\/tram-dalcant_97.webp","contentUrl":"https:\/\/ugtfgvalicante.com\/wp-content\/uploads\/2023\/02\/tram-dalcant_97.webp","width":1600,"height":900},{"@type":"BreadcrumbList","@id":"https:\/\/ugtfgvalicante.com\/index.php\/2023\/02\/03\/la-generalitat-y-el-ayuntamiento-de-alicante-aplican-la-reduccion-a-la-mitad-en-el-precio-de-los-titulos-de-transporte\/#breadcrumb","itemListElement":[{"@type":"ListItem","position":1,"name":"Portada","item":"https:\/\/ugtfgvalicante.com\/"},{"@type":"ListItem","position":2,"name":"La Generalitat y el Ayuntamiento de Alicante aplican la reducci\u00f3n a la mitad en el precio de los t\u00edtulos de transporte"}]},{"@type":"WebSite","@id":"https:\/\/ugtfgvalicante.com\/#website","url":"https:\/\/ugtfgvalicante.com\/","name":"FGV Alicante","description":"","publisher":{"@id":"https:\/\/ugtfgvalicante.com\/#organization"},"potentialAction":[{"@type":"SearchAction","target":{"@type":"EntryPoint","urlTemplate":"https:\/\/ugtfgvalicante.com\/?s={search_term_string}"},"query-input":{"@type":"PropertyValueSpecification","valueRequired":true,"valueName":"search_term_string"}}],"inLanguage":"es"},{"@type":"Organization","@id":"https:\/\/ugtfgvalicante.com\/#organization","name":"UGT FGV Alicante","url":"https:\/\/ugtfgvalicante.com\/","logo":{"@type":"ImageObject","inLanguage":"es","@id":"https:\/\/ugtfgvalicante.com\/#\/schema\/logo\/image\/","url":"https:\/\/ugtfgvalicante.com\/wp-content\/uploads\/2022\/10\/logo-ugt-web.png","contentUrl":"https:\/\/ugtfgvalicante.com\/wp-content\/uploads\/2022\/10\/logo-ugt-web.png","width":2283,"height":1126,"caption":"UGT FGV Alicante"},"image":{"@id":"https:\/\/ugtfgvalicante.com\/#\/schema\/logo\/image\/"},"sameAs":["https:\/\/es-es.facebook.com\/ugt.fgvalicante\/"]},{"@type":"Person","@id":"https:\/\/ugtfgvalicante.com\/#\/schema\/person\/a1375a9c1ef53e624aa79c34b93b62e8","name":"Ugt FGV Alicante","image":{"@type":"ImageObject","inLanguage":"es","@id":"https:\/\/ugtfgvalicante.com\/#\/schema\/person\/image\/","url":"https:\/\/secure.gravatar.com\/avatar\/ea41cd8456808460c6c0caa1a213c3c921573555df6b57a7ee2f16fb6f502866?s=96&d=mm&r=g","contentUrl":"https:\/\/secure.gravatar.com\/avatar\/ea41cd8456808460c6c0caa1a213c3c921573555df6b57a7ee2f16fb6f502866?s=96&d=mm&r=g","caption":"Ugt FGV Alicante"},"url":"https:\/\/ugtfgvalicante.com\/index.php\/author\/ggrau\/"}]}},"_links":{"self":[{"href":"https:\/\/ugtfgvalicante.com\/index.php\/wp-json\/wp\/v2\/posts\/345","targetHints":{"allow":["GET"]}}],"collection":[{"href":"https:\/\/ugtfgvalicante.com\/index.php\/wp-json\/wp\/v2\/posts"}],"about":[{"href":"https:\/\/ugtfgvalicante.com\/index.php\/wp-json\/wp\/v2\/types\/post"}],"author":[{"embeddable":true,"href":"https:\/\/ugtfgvalicante.com\/index.php\/wp-json\/wp\/v2\/users\/4"}],"replies":[{"embeddable":true,"href":"https:\/\/ugtfgvalicante.com\/index.php\/wp-json\/wp\/v2\/comments?post=345"}],"version-history":[{"count":1,"href":"https:\/\/ugtfgvalicante.com\/index.php\/wp-json\/wp\/v2\/posts\/345\/revisions"}],"predecessor-version":[{"id":347,"href":"https:\/\/ugtfgvalicante.com\/index.php\/wp-json\/wp\/v2\/posts\/345\/revisions\/347"}],"wp:featuredmedia":[{"embeddable":true,"href":"https:\/\/ugtfgvalicante.com\/index.php\/wp-json\/wp\/v2\/media\/346"}],"wp:attachment":[{"href":"https:\/\/ugtfgvalicante.com\/index.php\/wp-json\/wp\/v2\/media?parent=345"}],"wp:term":[{"taxonomy":"category","embeddable":true,"href":"https:\/\/ugtfgvalicante.com\/index.php\/wp-json\/wp\/v2\/categories?post=345"},{"taxonomy":"post_tag","embeddable":true,"href":"https:\/\/ugtfgvalicante.com\/index.php\/wp-json\/wp\/v2\/tags?post=345"}],"curies":[{"name":"wp","href":"https:\/\/api.w.org\/{rel}","templated":true}]}}