{"id":348,"date":"2023-02-03T21:40:08","date_gmt":"2023-02-03T21:40:08","guid":{"rendered":"https:\/\/ugtfgvalicante.com\/?p=348"},"modified":"2023-02-03T21:40:10","modified_gmt":"2023-02-03T21:40:10","slug":"stadler-valencia-se-adjudica-un-contrato-de-102-millones-con-fgv","status":"publish","type":"post","link":"https:\/\/ugtfgvalicante.com\/index.php\/2023\/02\/03\/stadler-valencia-se-adjudica-un-contrato-de-102-millones-con-fgv\/","title":{"rendered":"Stadler Valencia se adjudica un contrato de 102 millones con FGV"},"content":{"rendered":"\n<p>La Generalitat contrata a la planta de Albuixech para la construcci\u00f3n de 16 nuevos tranv\u00edas<\/p>\n\n\n\n<p>La Generalitat ha adjudicado la construcci\u00f3n de los&nbsp;<strong>primeros 16 nuevos tranv\u00edas de la serie 4.500 para Ferrocarrils de la Generalitat Valenciana<\/strong>&nbsp;(FGV) por un valor de 102 millones de euros (IVA incluido) a Stadler Rail Valencia S.A.U, la \u00fanica empresa que se ha presentado el concurso p\u00fablico.<\/p>\n\n\n\n<p>El contrato adjudicado a la empresa radicada en Albuixech fija\u00a0<strong>la primera entrega 24 meses despu\u00e9s de la firma del contrato<\/strong>\u00a0y contempla una posible ampliaci\u00f3n hasta 12 unidades m\u00e1s, en dos lotes de seis unidades, seg\u00fan informa la Generalitat. Esta actuaci\u00f3n es susceptible de ser cofinanciada por la Uni\u00f3n Europea, a trav\u00e9s del Programa Operativo del Fondo Europeo de Desarrollo Regional (Feder) de la Comunitat Valenciana 2021-2027.<\/p>\n\n\n\n<p>FGV ha previsto que estos nuevos veh\u00edculos<strong>\u00a0se incorporen el parque m\u00f3vil de Metrovalencia y TRAM d&#8217;Alacant<\/strong>, con el objetivo de cubrir las necesidades derivadas de los proyectos de ampliaci\u00f3n previsto en ambas explotaciones con vistas a los pr\u00f3ximos a\u00f1os.<\/p>\n\n\n\n<h3 class=\"wp-block-heading\">Plazo<\/h3>\n\n\n\n<p>El&nbsp;<strong>plazo establecido para la fabricaci\u00f3n de estas primeras 16 unidades se ha establecido en 32 meses<\/strong>&nbsp;tras la firma del contrato y que la primera unidad se entregue 24 meses, tambi\u00e9n a partir de la firma del contrato.<\/p>\n\n\n\n<p>El objetivo que se pretende con estos nuevos tranv\u00edas es\u00a0<strong>conseguir la mayor capacidad posible en un solo veh\u00edculo<\/strong>\u00a0y la mayor flexibilidad en el tr\u00e1nsito de acceso\/descenso de viajeros para optimizar el recorrido. Adem\u00e1s, los veh\u00edculos ser\u00e1n plenamente accesibles, adaptados a la normativa vigente. En la actualidad, FGV cuenta con 46 unidades de tranv\u00eda en servicio en las L\u00edneas 4, 6, 8 y 10 de Metrovalencia y 22 veh\u00edculos en circulaci\u00f3n en las l\u00edneas 2, 3, 4, y 5 del TRAM d&#8217;Alacant.<\/p>\n\n\n\n<p>Fuente: <a href=\"https:\/\/www.levante-emv.com\/economia\/2023\/01\/31\/stadler-valencia-adjudica-contrato-102-82242152.html\">Levante-emv.com<\/a><\/p>\n\n\n\n<p><\/p>\n","protected":false},"excerpt":{"rendered":"<div class=\"mh-excerpt\"><p>La Generalitat contrata a la planta de Albuixech para la construcci\u00f3n de 16 nuevos tranv\u00edas La Generalitat ha adjudicado la construcci\u00f3n de los&nbsp;primeros 16 nuevos <a class=\"mh-excerpt-more\" href=\"https:\/\/ugtfgvalicante.com\/index.php\/2023\/02\/03\/stadler-valencia-se-adjudica-un-contrato-de-102-millones-con-fgv\/\" title=\"Stadler Valencia se adjudica un contrato de 102 millones con FGV\">[&#8230;]<\/a><\/p>\n<\/div>","protected":false},"author":4,"featured_media":349,"comment_status":"closed","ping_status":"closed","sticky":false,"template":"","format":"standard","meta":{"footnotes":""},"categories":[5],"tags":[],"class_list":["post-348","post","type-post","status-publish","format-standard","has-post-thumbnail","hentry","category-noticias-prensa"],"yoast_head":"<!-- This site is optimized with the Yoast SEO plugin v26.6 - https:\/\/yoast.com\/wordpress\/plugins\/seo\/ -->\n<title>Stadler Valencia se adjudica un contrato de 102 millones con FGV - FGV Alicante<\/title>\n<meta name=\"robots\" content=\"index, follow, max-snippet:-1, max-image-preview:large, max-video-preview:-1\" \/>\n<link rel=\"canonical\" href=\"https:\/\/ugtfgvalicante.com\/index.php\/2023\/02\/03\/stadler-valencia-se-adjudica-un-contrato-de-102-millones-con-fgv\/\" \/>\n<meta property=\"og:locale\" content=\"es_ES\" \/>\n<meta property=\"og:type\" content=\"article\" \/>\n<meta property=\"og:title\" content=\"Stadler Valencia se adjudica un contrato de 102 millones con FGV - FGV Alicante\" \/>\n<meta property=\"og:description\" content=\"La Generalitat contrata a la planta de Albuixech para la construcci\u00f3n de 16 nuevos tranv\u00edas La Generalitat ha adjudicado la construcci\u00f3n de los&nbsp;primeros 16 nuevos [...]\" \/>\n<meta property=\"og:url\" content=\"https:\/\/ugtfgvalicante.com\/index.php\/2023\/02\/03\/stadler-valencia-se-adjudica-un-contrato-de-102-millones-con-fgv\/\" \/>\n<meta property=\"og:site_name\" content=\"FGV Alicante\" \/>\n<meta property=\"article:publisher\" content=\"https:\/\/es-es.facebook.com\/ugt.fgvalicante\/\" \/>\n<meta property=\"article:published_time\" content=\"2023-02-03T21:40:08+00:00\" \/>\n<meta property=\"article:modified_time\" content=\"2023-02-03T21:40:10+00:00\" \/>\n<meta property=\"og:image\" content=\"https:\/\/ugtfgvalicante.com\/wp-content\/uploads\/2023\/02\/bac77df1-c9ab-42e3-9f78-6df97be48a4a_16-9-discover-aspect-ratio_default_0.jpg\" \/>\n\t<meta property=\"og:image:width\" content=\"1200\" \/>\n\t<meta property=\"og:image:height\" content=\"675\" \/>\n\t<meta property=\"og:image:type\" content=\"image\/jpeg\" \/>\n<meta name=\"author\" content=\"Ugt FGV Alicante\" \/>\n<meta name=\"twitter:card\" content=\"summary_large_image\" \/>\n<meta name=\"twitter:label1\" content=\"Escrito por\" \/>\n\t<meta name=\"twitter:data1\" content=\"Ugt FGV Alicante\" \/>\n\t<meta name=\"twitter:label2\" content=\"Tiempo de lectura\" \/>\n\t<meta name=\"twitter:data2\" content=\"2 minutos\" \/>\n<script type=\"application\/ld+json\" class=\"yoast-schema-graph\">{\"@context\":\"https:\/\/schema.org\",\"@graph\":[{\"@type\":\"Article\",\"@id\":\"https:\/\/ugtfgvalicante.com\/index.php\/2023\/02\/03\/stadler-valencia-se-adjudica-un-contrato-de-102-millones-con-fgv\/#article\",\"isPartOf\":{\"@id\":\"https:\/\/ugtfgvalicante.com\/index.php\/2023\/02\/03\/stadler-valencia-se-adjudica-un-contrato-de-102-millones-con-fgv\/\"},\"author\":{\"name\":\"Ugt FGV Alicante\",\"@id\":\"https:\/\/ugtfgvalicante.com\/#\/schema\/person\/a1375a9c1ef53e624aa79c34b93b62e8\"},\"headline\":\"Stadler Valencia se adjudica un contrato de 102 millones con FGV\",\"datePublished\":\"2023-02-03T21:40:08+00:00\",\"dateModified\":\"2023-02-03T21:40:10+00:00\",\"mainEntityOfPage\":{\"@id\":\"https:\/\/ugtfgvalicante.com\/index.php\/2023\/02\/03\/stadler-valencia-se-adjudica-un-contrato-de-102-millones-con-fgv\/\"},\"wordCount\":327,\"publisher\":{\"@id\":\"https:\/\/ugtfgvalicante.com\/#organization\"},\"image\":{\"@id\":\"https:\/\/ugtfgvalicante.com\/index.php\/2023\/02\/03\/stadler-valencia-se-adjudica-un-contrato-de-102-millones-con-fgv\/#primaryimage\"},\"thumbnailUrl\":\"https:\/\/ugtfgvalicante.com\/wp-content\/uploads\/2023\/02\/bac77df1-c9ab-42e3-9f78-6df97be48a4a_16-9-discover-aspect-ratio_default_0.jpg\",\"articleSection\":[\"Noticias prensa\"],\"inLanguage\":\"es\"},{\"@type\":\"WebPage\",\"@id\":\"https:\/\/ugtfgvalicante.com\/index.php\/2023\/02\/03\/stadler-valencia-se-adjudica-un-contrato-de-102-millones-con-fgv\/\",\"url\":\"https:\/\/ugtfgvalicante.com\/index.php\/2023\/02\/03\/stadler-valencia-se-adjudica-un-contrato-de-102-millones-con-fgv\/\",\"name\":\"Stadler Valencia se adjudica un contrato de 102 millones con FGV - FGV Alicante\",\"isPartOf\":{\"@id\":\"https:\/\/ugtfgvalicante.com\/#website\"},\"primaryImageOfPage\":{\"@id\":\"https:\/\/ugtfgvalicante.com\/index.php\/2023\/02\/03\/stadler-valencia-se-adjudica-un-contrato-de-102-millones-con-fgv\/#primaryimage\"},\"image\":{\"@id\":\"https:\/\/ugtfgvalicante.com\/index.php\/2023\/02\/03\/stadler-valencia-se-adjudica-un-contrato-de-102-millones-con-fgv\/#primaryimage\"},\"thumbnailUrl\":\"https:\/\/ugtfgvalicante.com\/wp-content\/uploads\/2023\/02\/bac77df1-c9ab-42e3-9f78-6df97be48a4a_16-9-discover-aspect-ratio_default_0.jpg\",\"datePublished\":\"2023-02-03T21:40:08+00:00\",\"dateModified\":\"2023-02-03T21:40:10+00:00\",\"breadcrumb\":{\"@id\":\"https:\/\/ugtfgvalicante.com\/index.php\/2023\/02\/03\/stadler-valencia-se-adjudica-un-contrato-de-102-millones-con-fgv\/#breadcrumb\"},\"inLanguage\":\"es\",\"potentialAction\":[{\"@type\":\"ReadAction\",\"target\":[\"https:\/\/ugtfgvalicante.com\/index.php\/2023\/02\/03\/stadler-valencia-se-adjudica-un-contrato-de-102-millones-con-fgv\/\"]}]},{\"@type\":\"ImageObject\",\"inLanguage\":\"es\",\"@id\":\"https:\/\/ugtfgvalicante.com\/index.php\/2023\/02\/03\/stadler-valencia-se-adjudica-un-contrato-de-102-millones-con-fgv\/#primaryimage\",\"url\":\"https:\/\/ugtfgvalicante.com\/wp-content\/uploads\/2023\/02\/bac77df1-c9ab-42e3-9f78-6df97be48a4a_16-9-discover-aspect-ratio_default_0.jpg\",\"contentUrl\":\"https:\/\/ugtfgvalicante.com\/wp-content\/uploads\/2023\/02\/bac77df1-c9ab-42e3-9f78-6df97be48a4a_16-9-discover-aspect-ratio_default_0.jpg\",\"width\":1200,\"height\":675},{\"@type\":\"BreadcrumbList\",\"@id\":\"https:\/\/ugtfgvalicante.com\/index.php\/2023\/02\/03\/stadler-valencia-se-adjudica-un-contrato-de-102-millones-con-fgv\/#breadcrumb\",\"itemListElement\":[{\"@type\":\"ListItem\",\"position\":1,\"name\":\"Portada\",\"item\":\"https:\/\/ugtfgvalicante.com\/\"},{\"@type\":\"ListItem\",\"position\":2,\"name\":\"Stadler Valencia se adjudica un contrato de 102 millones con FGV\"}]},{\"@type\":\"WebSite\",\"@id\":\"https:\/\/ugtfgvalicante.com\/#website\",\"url\":\"https:\/\/ugtfgvalicante.com\/\",\"name\":\"FGV Alicante\",\"description\":\"\",\"publisher\":{\"@id\":\"https:\/\/ugtfgvalicante.com\/#organization\"},\"potentialAction\":[{\"@type\":\"SearchAction\",\"target\":{\"@type\":\"EntryPoint\",\"urlTemplate\":\"https:\/\/ugtfgvalicante.com\/?s={search_term_string}\"},\"query-input\":{\"@type\":\"PropertyValueSpecification\",\"valueRequired\":true,\"valueName\":\"search_term_string\"}}],\"inLanguage\":\"es\"},{\"@type\":\"Organization\",\"@id\":\"https:\/\/ugtfgvalicante.com\/#organization\",\"name\":\"UGT FGV Alicante\",\"url\":\"https:\/\/ugtfgvalicante.com\/\",\"logo\":{\"@type\":\"ImageObject\",\"inLanguage\":\"es\",\"@id\":\"https:\/\/ugtfgvalicante.com\/#\/schema\/logo\/image\/\",\"url\":\"https:\/\/ugtfgvalicante.com\/wp-content\/uploads\/2022\/10\/logo-ugt-web.png\",\"contentUrl\":\"https:\/\/ugtfgvalicante.com\/wp-content\/uploads\/2022\/10\/logo-ugt-web.png\",\"width\":2283,\"height\":1126,\"caption\":\"UGT FGV Alicante\"},\"image\":{\"@id\":\"https:\/\/ugtfgvalicante.com\/#\/schema\/logo\/image\/\"},\"sameAs\":[\"https:\/\/es-es.facebook.com\/ugt.fgvalicante\/\"]},{\"@type\":\"Person\",\"@id\":\"https:\/\/ugtfgvalicante.com\/#\/schema\/person\/a1375a9c1ef53e624aa79c34b93b62e8\",\"name\":\"Ugt FGV Alicante\",\"image\":{\"@type\":\"ImageObject\",\"inLanguage\":\"es\",\"@id\":\"https:\/\/ugtfgvalicante.com\/#\/schema\/person\/image\/\",\"url\":\"https:\/\/secure.gravatar.com\/avatar\/ea41cd8456808460c6c0caa1a213c3c921573555df6b57a7ee2f16fb6f502866?s=96&d=mm&r=g\",\"contentUrl\":\"https:\/\/secure.gravatar.com\/avatar\/ea41cd8456808460c6c0caa1a213c3c921573555df6b57a7ee2f16fb6f502866?s=96&d=mm&r=g\",\"caption\":\"Ugt FGV Alicante\"},\"url\":\"https:\/\/ugtfgvalicante.com\/index.php\/author\/ggrau\/\"}]}<\/script>\n<!-- \/ Yoast SEO plugin. -->","yoast_head_json":{"title":"Stadler Valencia se adjudica un contrato de 102 millones con FGV - FGV Alicante","robots":{"index":"index","follow":"follow","max-snippet":"max-snippet:-1","max-image-preview":"max-image-preview:large","max-video-preview":"max-video-preview:-1"},"canonical":"https:\/\/ugtfgvalicante.com\/index.php\/2023\/02\/03\/stadler-valencia-se-adjudica-un-contrato-de-102-millones-con-fgv\/","og_locale":"es_ES","og_type":"article","og_title":"Stadler Valencia se adjudica un contrato de 102 millones con FGV - FGV Alicante","og_description":"La Generalitat contrata a la planta de Albuixech para la construcci\u00f3n de 16 nuevos tranv\u00edas La Generalitat ha adjudicado la construcci\u00f3n de los&nbsp;primeros 16 nuevos [...]","og_url":"https:\/\/ugtfgvalicante.com\/index.php\/2023\/02\/03\/stadler-valencia-se-adjudica-un-contrato-de-102-millones-con-fgv\/","og_site_name":"FGV Alicante","article_publisher":"https:\/\/es-es.facebook.com\/ugt.fgvalicante\/","article_published_time":"2023-02-03T21:40:08+00:00","article_modified_time":"2023-02-03T21:40:10+00:00","og_image":[{"width":1200,"height":675,"url":"https:\/\/ugtfgvalicante.com\/wp-content\/uploads\/2023\/02\/bac77df1-c9ab-42e3-9f78-6df97be48a4a_16-9-discover-aspect-ratio_default_0.jpg","type":"image\/jpeg"}],"author":"Ugt FGV Alicante","twitter_card":"summary_large_image","twitter_misc":{"Escrito por":"Ugt FGV Alicante","Tiempo de lectura":"2 minutos"},"schema":{"@context":"https:\/\/schema.org","@graph":[{"@type":"Article","@id":"https:\/\/ugtfgvalicante.com\/index.php\/2023\/02\/03\/stadler-valencia-se-adjudica-un-contrato-de-102-millones-con-fgv\/#article","isPartOf":{"@id":"https:\/\/ugtfgvalicante.com\/index.php\/2023\/02\/03\/stadler-valencia-se-adjudica-un-contrato-de-102-millones-con-fgv\/"},"author":{"name":"Ugt FGV Alicante","@id":"https:\/\/ugtfgvalicante.com\/#\/schema\/person\/a1375a9c1ef53e624aa79c34b93b62e8"},"headline":"Stadler Valencia se adjudica un contrato de 102 millones con FGV","datePublished":"2023-02-03T21:40:08+00:00","dateModified":"2023-02-03T21:40:10+00:00","mainEntityOfPage":{"@id":"https:\/\/ugtfgvalicante.com\/index.php\/2023\/02\/03\/stadler-valencia-se-adjudica-un-contrato-de-102-millones-con-fgv\/"},"wordCount":327,"publisher":{"@id":"https:\/\/ugtfgvalicante.com\/#organization"},"image":{"@id":"https:\/\/ugtfgvalicante.com\/index.php\/2023\/02\/03\/stadler-valencia-se-adjudica-un-contrato-de-102-millones-con-fgv\/#primaryimage"},"thumbnailUrl":"https:\/\/ugtfgvalicante.com\/wp-content\/uploads\/2023\/02\/bac77df1-c9ab-42e3-9f78-6df97be48a4a_16-9-discover-aspect-ratio_default_0.jpg","articleSection":["Noticias prensa"],"inLanguage":"es"},{"@type":"WebPage","@id":"https:\/\/ugtfgvalicante.com\/index.php\/2023\/02\/03\/stadler-valencia-se-adjudica-un-contrato-de-102-millones-con-fgv\/","url":"https:\/\/ugtfgvalicante.com\/index.php\/2023\/02\/03\/stadler-valencia-se-adjudica-un-contrato-de-102-millones-con-fgv\/","name":"Stadler Valencia se adjudica un contrato de 102 millones con FGV - FGV Alicante","isPartOf":{"@id":"https:\/\/ugtfgvalicante.com\/#website"},"primaryImageOfPage":{"@id":"https:\/\/ugtfgvalicante.com\/index.php\/2023\/02\/03\/stadler-valencia-se-adjudica-un-contrato-de-102-millones-con-fgv\/#primaryimage"},"image":{"@id":"https:\/\/ugtfgvalicante.com\/index.php\/2023\/02\/03\/stadler-valencia-se-adjudica-un-contrato-de-102-millones-con-fgv\/#primaryimage"},"thumbnailUrl":"https:\/\/ugtfgvalicante.com\/wp-content\/uploads\/2023\/02\/bac77df1-c9ab-42e3-9f78-6df97be48a4a_16-9-discover-aspect-ratio_default_0.jpg","datePublished":"2023-02-03T21:40:08+00:00","dateModified":"2023-02-03T21:40:10+00:00","breadcrumb":{"@id":"https:\/\/ugtfgvalicante.com\/index.php\/2023\/02\/03\/stadler-valencia-se-adjudica-un-contrato-de-102-millones-con-fgv\/#breadcrumb"},"inLanguage":"es","potentialAction":[{"@type":"ReadAction","target":["https:\/\/ugtfgvalicante.com\/index.php\/2023\/02\/03\/stadler-valencia-se-adjudica-un-contrato-de-102-millones-con-fgv\/"]}]},{"@type":"ImageObject","inLanguage":"es","@id":"https:\/\/ugtfgvalicante.com\/index.php\/2023\/02\/03\/stadler-valencia-se-adjudica-un-contrato-de-102-millones-con-fgv\/#primaryimage","url":"https:\/\/ugtfgvalicante.com\/wp-content\/uploads\/2023\/02\/bac77df1-c9ab-42e3-9f78-6df97be48a4a_16-9-discover-aspect-ratio_default_0.jpg","contentUrl":"https:\/\/ugtfgvalicante.com\/wp-content\/uploads\/2023\/02\/bac77df1-c9ab-42e3-9f78-6df97be48a4a_16-9-discover-aspect-ratio_default_0.jpg","width":1200,"height":675},{"@type":"BreadcrumbList","@id":"https:\/\/ugtfgvalicante.com\/index.php\/2023\/02\/03\/stadler-valencia-se-adjudica-un-contrato-de-102-millones-con-fgv\/#breadcrumb","itemListElement":[{"@type":"ListItem","position":1,"name":"Portada","item":"https:\/\/ugtfgvalicante.com\/"},{"@type":"ListItem","position":2,"name":"Stadler Valencia se adjudica un contrato de 102 millones con FGV"}]},{"@type":"WebSite","@id":"https:\/\/ugtfgvalicante.com\/#website","url":"https:\/\/ugtfgvalicante.com\/","name":"FGV Alicante","description":"","publisher":{"@id":"https:\/\/ugtfgvalicante.com\/#organization"},"potentialAction":[{"@type":"SearchAction","target":{"@type":"EntryPoint","urlTemplate":"https:\/\/ugtfgvalicante.com\/?s={search_term_string}"},"query-input":{"@type":"PropertyValueSpecification","valueRequired":true,"valueName":"search_term_string"}}],"inLanguage":"es"},{"@type":"Organization","@id":"https:\/\/ugtfgvalicante.com\/#organization","name":"UGT FGV Alicante","url":"https:\/\/ugtfgvalicante.com\/","logo":{"@type":"ImageObject","inLanguage":"es","@id":"https:\/\/ugtfgvalicante.com\/#\/schema\/logo\/image\/","url":"https:\/\/ugtfgvalicante.com\/wp-content\/uploads\/2022\/10\/logo-ugt-web.png","contentUrl":"https:\/\/ugtfgvalicante.com\/wp-content\/uploads\/2022\/10\/logo-ugt-web.png","width":2283,"height":1126,"caption":"UGT FGV Alicante"},"image":{"@id":"https:\/\/ugtfgvalicante.com\/#\/schema\/logo\/image\/"},"sameAs":["https:\/\/es-es.facebook.com\/ugt.fgvalicante\/"]},{"@type":"Person","@id":"https:\/\/ugtfgvalicante.com\/#\/schema\/person\/a1375a9c1ef53e624aa79c34b93b62e8","name":"Ugt FGV Alicante","image":{"@type":"ImageObject","inLanguage":"es","@id":"https:\/\/ugtfgvalicante.com\/#\/schema\/person\/image\/","url":"https:\/\/secure.gravatar.com\/avatar\/ea41cd8456808460c6c0caa1a213c3c921573555df6b57a7ee2f16fb6f502866?s=96&d=mm&r=g","contentUrl":"https:\/\/secure.gravatar.com\/avatar\/ea41cd8456808460c6c0caa1a213c3c921573555df6b57a7ee2f16fb6f502866?s=96&d=mm&r=g","caption":"Ugt FGV Alicante"},"url":"https:\/\/ugtfgvalicante.com\/index.php\/author\/ggrau\/"}]}},"_links":{"self":[{"href":"https:\/\/ugtfgvalicante.com\/index.php\/wp-json\/wp\/v2\/posts\/348","targetHints":{"allow":["GET"]}}],"collection":[{"href":"https:\/\/ugtfgvalicante.com\/index.php\/wp-json\/wp\/v2\/posts"}],"about":[{"href":"https:\/\/ugtfgvalicante.com\/index.php\/wp-json\/wp\/v2\/types\/post"}],"author":[{"embeddable":true,"href":"https:\/\/ugtfgvalicante.com\/index.php\/wp-json\/wp\/v2\/users\/4"}],"replies":[{"embeddable":true,"href":"https:\/\/ugtfgvalicante.com\/index.php\/wp-json\/wp\/v2\/comments?post=348"}],"version-history":[{"count":1,"href":"https:\/\/ugtfgvalicante.com\/index.php\/wp-json\/wp\/v2\/posts\/348\/revisions"}],"predecessor-version":[{"id":350,"href":"https:\/\/ugtfgvalicante.com\/index.php\/wp-json\/wp\/v2\/posts\/348\/revisions\/350"}],"wp:featuredmedia":[{"embeddable":true,"href":"https:\/\/ugtfgvalicante.com\/index.php\/wp-json\/wp\/v2\/media\/349"}],"wp:attachment":[{"href":"https:\/\/ugtfgvalicante.com\/index.php\/wp-json\/wp\/v2\/media?parent=348"}],"wp:term":[{"taxonomy":"category","embeddable":true,"href":"https:\/\/ugtfgvalicante.com\/index.php\/wp-json\/wp\/v2\/categories?post=348"},{"taxonomy":"post_tag","embeddable":true,"href":"https:\/\/ugtfgvalicante.com\/index.php\/wp-json\/wp\/v2\/tags?post=348"}],"curies":[{"name":"wp","href":"https:\/\/api.w.org\/{rel}","templated":true}]}}