{"id":352,"date":"2023-02-08T09:52:07","date_gmt":"2023-02-08T09:52:07","guid":{"rendered":"https:\/\/ugtfgvalicante.com\/?p=352"},"modified":"2023-02-08T09:52:09","modified_gmt":"2023-02-08T09:52:09","slug":"el-uso-de-mascarilla-deja-de-ser-obligatorio-en-el-transporte-publico-autonomico-a-partir-de-este-miercoles","status":"publish","type":"post","link":"https:\/\/ugtfgvalicante.com\/index.php\/2023\/02\/08\/el-uso-de-mascarilla-deja-de-ser-obligatorio-en-el-transporte-publico-autonomico-a-partir-de-este-miercoles\/","title":{"rendered":"El uso de mascarilla deja de ser obligatorio en el transporte p\u00fablico auton\u00f3mico a partir de este mi\u00e9rcoles"},"content":{"rendered":"\n<ul class=\"wp-block-list\">\n<li><strong>El Consejo de Ministros ha aprobado que ya no sea necesario su uso para desplazarse en metro, tranv\u00eda, trenes, autobuses y taxis<\/strong><\/li>\n\n\n\n<li><strong>La medida adoptada a causa de la pandemia de COVID-19 ha estado en vigor desde el 4 de mayo de 2020<\/strong><\/li>\n<\/ul>\n\n\n\n<p>El uso de la mascarilla dejar\u00e1 de ser obligatorio este mi\u00e9rcoles 8 de febrero en el transporte p\u00fablico de la Generalitat, al igual que en el resto de Espa\u00f1a, por lo que las personas usuarias del metro, tranv\u00eda, trenes y autobuses de Metrovalencia,<strong> TRAM de Alicante<\/strong>, TRAM de Castell\u00f3n y Metrob\u00fas, autobuses y taxis podr\u00e1n desplazarse sin necesidad de mascarilla, que hasta ahora era indispensable para viajar.<\/p>\n\n\n\n<p>Esta decisi\u00f3n ha sido adoptada por el Consejo de Ministros del Gobierno de Espa\u00f1a, que considera que la actual situaci\u00f3n sanitaria permite que no sea necesaria su utilizaci\u00f3n en el transporte.&nbsp;Con la publicaci\u00f3n en el&nbsp;<em>Bolet\u00edn Oficial del Estado<\/em>&nbsp;(BOE) de esta resoluci\u00f3n, prevista para este mi\u00e9rcoles 8 de febrero, se har\u00e1 efectiva esta decisi\u00f3n.<\/p>\n\n\n\n<p>Con esta medida, el transporte p\u00fablico auton\u00f3mico recobra la total normalidad en el funcionamiento y concluye la \u00faltima restricci\u00f3n que se manten\u00eda en vigor, puesto que la obligatoriedad de llevar mascarilla hasta ahora era \u00fanicamente aplicable para el interior de los trenes, tranv\u00edas y autobuses, y no en vest\u00edbulos, escaleras o andenes.<\/p>\n\n\n\n<p>La obligatoriedad del uso de la mascarilla para los usuarios y usuarias del transporte se remonta al 4 de mayo de 2020.<\/p>\n\n\n\n<p>Los transportes p\u00fablicos dependientes de la Generalitat han ido cumpliendo escrupulosamente los sucesivos dict\u00e1menes y normativas de las autoridades competentes a aplicar en cada momento de la crisis sanitaria, que comenz\u00f3 en marzo de 2020 y ha experimentado diversas etapas, cada una de ellas con diferentes restricciones y obligaciones para el sector del transporte.<\/p>\n\n\n\n<p>Fuente: GVA<\/p>\n\n\n\n<p><\/p>\n","protected":false},"excerpt":{"rendered":"<div class=\"mh-excerpt\"><p>El uso de la mascarilla dejar\u00e1 de ser obligatorio este mi\u00e9rcoles 8 de febrero en el transporte p\u00fablico de la Generalitat, al igual que en <a class=\"mh-excerpt-more\" href=\"https:\/\/ugtfgvalicante.com\/index.php\/2023\/02\/08\/el-uso-de-mascarilla-deja-de-ser-obligatorio-en-el-transporte-publico-autonomico-a-partir-de-este-miercoles\/\" title=\"El uso de mascarilla deja de ser obligatorio en el transporte p\u00fablico auton\u00f3mico a partir de este mi\u00e9rcoles\">[&#8230;]<\/a><\/p>\n<\/div>","protected":false},"author":4,"featured_media":349,"comment_status":"closed","ping_status":"closed","sticky":false,"template":"","format":"standard","meta":{"footnotes":""},"categories":[7],"tags":[],"class_list":["post-352","post","type-post","status-publish","format-standard","has-post-thumbnail","hentry","category-noticia-tram"],"yoast_head":"<!-- This site is optimized with the Yoast SEO plugin v26.6 - https:\/\/yoast.com\/wordpress\/plugins\/seo\/ -->\n<title>El uso de mascarilla deja de ser obligatorio en el transporte p\u00fablico auton\u00f3mico a partir de este mi\u00e9rcoles - FGV Alicante<\/title>\n<meta name=\"robots\" content=\"index, follow, max-snippet:-1, max-image-preview:large, max-video-preview:-1\" \/>\n<link rel=\"canonical\" href=\"https:\/\/ugtfgvalicante.com\/index.php\/2023\/02\/08\/el-uso-de-mascarilla-deja-de-ser-obligatorio-en-el-transporte-publico-autonomico-a-partir-de-este-miercoles\/\" \/>\n<meta property=\"og:locale\" content=\"es_ES\" \/>\n<meta property=\"og:type\" content=\"article\" \/>\n<meta property=\"og:title\" content=\"El uso de mascarilla deja de ser obligatorio en el transporte p\u00fablico auton\u00f3mico a partir de este mi\u00e9rcoles - FGV Alicante\" \/>\n<meta property=\"og:description\" content=\"El uso de la mascarilla dejar\u00e1 de ser obligatorio este mi\u00e9rcoles 8 de febrero en el transporte p\u00fablico de la Generalitat, al igual que en [...]\" \/>\n<meta property=\"og:url\" content=\"https:\/\/ugtfgvalicante.com\/index.php\/2023\/02\/08\/el-uso-de-mascarilla-deja-de-ser-obligatorio-en-el-transporte-publico-autonomico-a-partir-de-este-miercoles\/\" \/>\n<meta property=\"og:site_name\" content=\"FGV Alicante\" \/>\n<meta property=\"article:publisher\" content=\"https:\/\/es-es.facebook.com\/ugt.fgvalicante\/\" \/>\n<meta property=\"article:published_time\" content=\"2023-02-08T09:52:07+00:00\" \/>\n<meta property=\"article:modified_time\" content=\"2023-02-08T09:52:09+00:00\" \/>\n<meta property=\"og:image\" content=\"https:\/\/ugtfgvalicante.com\/wp-content\/uploads\/2023\/02\/bac77df1-c9ab-42e3-9f78-6df97be48a4a_16-9-discover-aspect-ratio_default_0.jpg\" \/>\n\t<meta property=\"og:image:width\" content=\"1200\" \/>\n\t<meta property=\"og:image:height\" content=\"675\" \/>\n\t<meta property=\"og:image:type\" content=\"image\/jpeg\" \/>\n<meta name=\"author\" content=\"Ugt FGV Alicante\" \/>\n<meta name=\"twitter:card\" content=\"summary_large_image\" \/>\n<meta name=\"twitter:label1\" content=\"Escrito por\" \/>\n\t<meta name=\"twitter:data1\" content=\"Ugt FGV Alicante\" \/>\n\t<meta name=\"twitter:label2\" content=\"Tiempo de lectura\" \/>\n\t<meta name=\"twitter:data2\" content=\"2 minutos\" \/>\n<script type=\"application\/ld+json\" class=\"yoast-schema-graph\">{\"@context\":\"https:\/\/schema.org\",\"@graph\":[{\"@type\":\"Article\",\"@id\":\"https:\/\/ugtfgvalicante.com\/index.php\/2023\/02\/08\/el-uso-de-mascarilla-deja-de-ser-obligatorio-en-el-transporte-publico-autonomico-a-partir-de-este-miercoles\/#article\",\"isPartOf\":{\"@id\":\"https:\/\/ugtfgvalicante.com\/index.php\/2023\/02\/08\/el-uso-de-mascarilla-deja-de-ser-obligatorio-en-el-transporte-publico-autonomico-a-partir-de-este-miercoles\/\"},\"author\":{\"name\":\"Ugt FGV Alicante\",\"@id\":\"https:\/\/ugtfgvalicante.com\/#\/schema\/person\/a1375a9c1ef53e624aa79c34b93b62e8\"},\"headline\":\"El uso de mascarilla deja de ser obligatorio en el transporte p\u00fablico auton\u00f3mico a partir de este mi\u00e9rcoles\",\"datePublished\":\"2023-02-08T09:52:07+00:00\",\"dateModified\":\"2023-02-08T09:52:09+00:00\",\"mainEntityOfPage\":{\"@id\":\"https:\/\/ugtfgvalicante.com\/index.php\/2023\/02\/08\/el-uso-de-mascarilla-deja-de-ser-obligatorio-en-el-transporte-publico-autonomico-a-partir-de-este-miercoles\/\"},\"wordCount\":338,\"publisher\":{\"@id\":\"https:\/\/ugtfgvalicante.com\/#organization\"},\"image\":{\"@id\":\"https:\/\/ugtfgvalicante.com\/index.php\/2023\/02\/08\/el-uso-de-mascarilla-deja-de-ser-obligatorio-en-el-transporte-publico-autonomico-a-partir-de-este-miercoles\/#primaryimage\"},\"thumbnailUrl\":\"https:\/\/ugtfgvalicante.com\/wp-content\/uploads\/2023\/02\/bac77df1-c9ab-42e3-9f78-6df97be48a4a_16-9-discover-aspect-ratio_default_0.jpg\",\"articleSection\":[\"Noticia TRAM\"],\"inLanguage\":\"es\"},{\"@type\":\"WebPage\",\"@id\":\"https:\/\/ugtfgvalicante.com\/index.php\/2023\/02\/08\/el-uso-de-mascarilla-deja-de-ser-obligatorio-en-el-transporte-publico-autonomico-a-partir-de-este-miercoles\/\",\"url\":\"https:\/\/ugtfgvalicante.com\/index.php\/2023\/02\/08\/el-uso-de-mascarilla-deja-de-ser-obligatorio-en-el-transporte-publico-autonomico-a-partir-de-este-miercoles\/\",\"name\":\"El uso de mascarilla deja de ser obligatorio en el transporte p\u00fablico auton\u00f3mico a partir de este mi\u00e9rcoles - FGV Alicante\",\"isPartOf\":{\"@id\":\"https:\/\/ugtfgvalicante.com\/#website\"},\"primaryImageOfPage\":{\"@id\":\"https:\/\/ugtfgvalicante.com\/index.php\/2023\/02\/08\/el-uso-de-mascarilla-deja-de-ser-obligatorio-en-el-transporte-publico-autonomico-a-partir-de-este-miercoles\/#primaryimage\"},\"image\":{\"@id\":\"https:\/\/ugtfgvalicante.com\/index.php\/2023\/02\/08\/el-uso-de-mascarilla-deja-de-ser-obligatorio-en-el-transporte-publico-autonomico-a-partir-de-este-miercoles\/#primaryimage\"},\"thumbnailUrl\":\"https:\/\/ugtfgvalicante.com\/wp-content\/uploads\/2023\/02\/bac77df1-c9ab-42e3-9f78-6df97be48a4a_16-9-discover-aspect-ratio_default_0.jpg\",\"datePublished\":\"2023-02-08T09:52:07+00:00\",\"dateModified\":\"2023-02-08T09:52:09+00:00\",\"breadcrumb\":{\"@id\":\"https:\/\/ugtfgvalicante.com\/index.php\/2023\/02\/08\/el-uso-de-mascarilla-deja-de-ser-obligatorio-en-el-transporte-publico-autonomico-a-partir-de-este-miercoles\/#breadcrumb\"},\"inLanguage\":\"es\",\"potentialAction\":[{\"@type\":\"ReadAction\",\"target\":[\"https:\/\/ugtfgvalicante.com\/index.php\/2023\/02\/08\/el-uso-de-mascarilla-deja-de-ser-obligatorio-en-el-transporte-publico-autonomico-a-partir-de-este-miercoles\/\"]}]},{\"@type\":\"ImageObject\",\"inLanguage\":\"es\",\"@id\":\"https:\/\/ugtfgvalicante.com\/index.php\/2023\/02\/08\/el-uso-de-mascarilla-deja-de-ser-obligatorio-en-el-transporte-publico-autonomico-a-partir-de-este-miercoles\/#primaryimage\",\"url\":\"https:\/\/ugtfgvalicante.com\/wp-content\/uploads\/2023\/02\/bac77df1-c9ab-42e3-9f78-6df97be48a4a_16-9-discover-aspect-ratio_default_0.jpg\",\"contentUrl\":\"https:\/\/ugtfgvalicante.com\/wp-content\/uploads\/2023\/02\/bac77df1-c9ab-42e3-9f78-6df97be48a4a_16-9-discover-aspect-ratio_default_0.jpg\",\"width\":1200,\"height\":675},{\"@type\":\"BreadcrumbList\",\"@id\":\"https:\/\/ugtfgvalicante.com\/index.php\/2023\/02\/08\/el-uso-de-mascarilla-deja-de-ser-obligatorio-en-el-transporte-publico-autonomico-a-partir-de-este-miercoles\/#breadcrumb\",\"itemListElement\":[{\"@type\":\"ListItem\",\"position\":1,\"name\":\"Portada\",\"item\":\"https:\/\/ugtfgvalicante.com\/\"},{\"@type\":\"ListItem\",\"position\":2,\"name\":\"El uso de mascarilla deja de ser obligatorio en el transporte p\u00fablico auton\u00f3mico a partir de este mi\u00e9rcoles\"}]},{\"@type\":\"WebSite\",\"@id\":\"https:\/\/ugtfgvalicante.com\/#website\",\"url\":\"https:\/\/ugtfgvalicante.com\/\",\"name\":\"FGV Alicante\",\"description\":\"\",\"publisher\":{\"@id\":\"https:\/\/ugtfgvalicante.com\/#organization\"},\"potentialAction\":[{\"@type\":\"SearchAction\",\"target\":{\"@type\":\"EntryPoint\",\"urlTemplate\":\"https:\/\/ugtfgvalicante.com\/?s={search_term_string}\"},\"query-input\":{\"@type\":\"PropertyValueSpecification\",\"valueRequired\":true,\"valueName\":\"search_term_string\"}}],\"inLanguage\":\"es\"},{\"@type\":\"Organization\",\"@id\":\"https:\/\/ugtfgvalicante.com\/#organization\",\"name\":\"UGT FGV Alicante\",\"url\":\"https:\/\/ugtfgvalicante.com\/\",\"logo\":{\"@type\":\"ImageObject\",\"inLanguage\":\"es\",\"@id\":\"https:\/\/ugtfgvalicante.com\/#\/schema\/logo\/image\/\",\"url\":\"https:\/\/ugtfgvalicante.com\/wp-content\/uploads\/2022\/10\/logo-ugt-web.png\",\"contentUrl\":\"https:\/\/ugtfgvalicante.com\/wp-content\/uploads\/2022\/10\/logo-ugt-web.png\",\"width\":2283,\"height\":1126,\"caption\":\"UGT FGV Alicante\"},\"image\":{\"@id\":\"https:\/\/ugtfgvalicante.com\/#\/schema\/logo\/image\/\"},\"sameAs\":[\"https:\/\/es-es.facebook.com\/ugt.fgvalicante\/\"]},{\"@type\":\"Person\",\"@id\":\"https:\/\/ugtfgvalicante.com\/#\/schema\/person\/a1375a9c1ef53e624aa79c34b93b62e8\",\"name\":\"Ugt FGV Alicante\",\"image\":{\"@type\":\"ImageObject\",\"inLanguage\":\"es\",\"@id\":\"https:\/\/ugtfgvalicante.com\/#\/schema\/person\/image\/\",\"url\":\"https:\/\/secure.gravatar.com\/avatar\/ea41cd8456808460c6c0caa1a213c3c921573555df6b57a7ee2f16fb6f502866?s=96&d=mm&r=g\",\"contentUrl\":\"https:\/\/secure.gravatar.com\/avatar\/ea41cd8456808460c6c0caa1a213c3c921573555df6b57a7ee2f16fb6f502866?s=96&d=mm&r=g\",\"caption\":\"Ugt FGV Alicante\"},\"url\":\"https:\/\/ugtfgvalicante.com\/index.php\/author\/ggrau\/\"}]}<\/script>\n<!-- \/ Yoast SEO plugin. -->","yoast_head_json":{"title":"El uso de mascarilla deja de ser obligatorio en el transporte p\u00fablico auton\u00f3mico a partir de este mi\u00e9rcoles - FGV Alicante","robots":{"index":"index","follow":"follow","max-snippet":"max-snippet:-1","max-image-preview":"max-image-preview:large","max-video-preview":"max-video-preview:-1"},"canonical":"https:\/\/ugtfgvalicante.com\/index.php\/2023\/02\/08\/el-uso-de-mascarilla-deja-de-ser-obligatorio-en-el-transporte-publico-autonomico-a-partir-de-este-miercoles\/","og_locale":"es_ES","og_type":"article","og_title":"El uso de mascarilla deja de ser obligatorio en el transporte p\u00fablico auton\u00f3mico a partir de este mi\u00e9rcoles - FGV Alicante","og_description":"El uso de la mascarilla dejar\u00e1 de ser obligatorio este mi\u00e9rcoles 8 de febrero en el transporte p\u00fablico de la Generalitat, al igual que en [...]","og_url":"https:\/\/ugtfgvalicante.com\/index.php\/2023\/02\/08\/el-uso-de-mascarilla-deja-de-ser-obligatorio-en-el-transporte-publico-autonomico-a-partir-de-este-miercoles\/","og_site_name":"FGV Alicante","article_publisher":"https:\/\/es-es.facebook.com\/ugt.fgvalicante\/","article_published_time":"2023-02-08T09:52:07+00:00","article_modified_time":"2023-02-08T09:52:09+00:00","og_image":[{"width":1200,"height":675,"url":"https:\/\/ugtfgvalicante.com\/wp-content\/uploads\/2023\/02\/bac77df1-c9ab-42e3-9f78-6df97be48a4a_16-9-discover-aspect-ratio_default_0.jpg","type":"image\/jpeg"}],"author":"Ugt FGV Alicante","twitter_card":"summary_large_image","twitter_misc":{"Escrito por":"Ugt FGV Alicante","Tiempo de lectura":"2 minutos"},"schema":{"@context":"https:\/\/schema.org","@graph":[{"@type":"Article","@id":"https:\/\/ugtfgvalicante.com\/index.php\/2023\/02\/08\/el-uso-de-mascarilla-deja-de-ser-obligatorio-en-el-transporte-publico-autonomico-a-partir-de-este-miercoles\/#article","isPartOf":{"@id":"https:\/\/ugtfgvalicante.com\/index.php\/2023\/02\/08\/el-uso-de-mascarilla-deja-de-ser-obligatorio-en-el-transporte-publico-autonomico-a-partir-de-este-miercoles\/"},"author":{"name":"Ugt FGV Alicante","@id":"https:\/\/ugtfgvalicante.com\/#\/schema\/person\/a1375a9c1ef53e624aa79c34b93b62e8"},"headline":"El uso de mascarilla deja de ser obligatorio en el transporte p\u00fablico auton\u00f3mico a partir de este mi\u00e9rcoles","datePublished":"2023-02-08T09:52:07+00:00","dateModified":"2023-02-08T09:52:09+00:00","mainEntityOfPage":{"@id":"https:\/\/ugtfgvalicante.com\/index.php\/2023\/02\/08\/el-uso-de-mascarilla-deja-de-ser-obligatorio-en-el-transporte-publico-autonomico-a-partir-de-este-miercoles\/"},"wordCount":338,"publisher":{"@id":"https:\/\/ugtfgvalicante.com\/#organization"},"image":{"@id":"https:\/\/ugtfgvalicante.com\/index.php\/2023\/02\/08\/el-uso-de-mascarilla-deja-de-ser-obligatorio-en-el-transporte-publico-autonomico-a-partir-de-este-miercoles\/#primaryimage"},"thumbnailUrl":"https:\/\/ugtfgvalicante.com\/wp-content\/uploads\/2023\/02\/bac77df1-c9ab-42e3-9f78-6df97be48a4a_16-9-discover-aspect-ratio_default_0.jpg","articleSection":["Noticia TRAM"],"inLanguage":"es"},{"@type":"WebPage","@id":"https:\/\/ugtfgvalicante.com\/index.php\/2023\/02\/08\/el-uso-de-mascarilla-deja-de-ser-obligatorio-en-el-transporte-publico-autonomico-a-partir-de-este-miercoles\/","url":"https:\/\/ugtfgvalicante.com\/index.php\/2023\/02\/08\/el-uso-de-mascarilla-deja-de-ser-obligatorio-en-el-transporte-publico-autonomico-a-partir-de-este-miercoles\/","name":"El uso de mascarilla deja de ser obligatorio en el transporte p\u00fablico auton\u00f3mico a partir de este mi\u00e9rcoles - FGV Alicante","isPartOf":{"@id":"https:\/\/ugtfgvalicante.com\/#website"},"primaryImageOfPage":{"@id":"https:\/\/ugtfgvalicante.com\/index.php\/2023\/02\/08\/el-uso-de-mascarilla-deja-de-ser-obligatorio-en-el-transporte-publico-autonomico-a-partir-de-este-miercoles\/#primaryimage"},"image":{"@id":"https:\/\/ugtfgvalicante.com\/index.php\/2023\/02\/08\/el-uso-de-mascarilla-deja-de-ser-obligatorio-en-el-transporte-publico-autonomico-a-partir-de-este-miercoles\/#primaryimage"},"thumbnailUrl":"https:\/\/ugtfgvalicante.com\/wp-content\/uploads\/2023\/02\/bac77df1-c9ab-42e3-9f78-6df97be48a4a_16-9-discover-aspect-ratio_default_0.jpg","datePublished":"2023-02-08T09:52:07+00:00","dateModified":"2023-02-08T09:52:09+00:00","breadcrumb":{"@id":"https:\/\/ugtfgvalicante.com\/index.php\/2023\/02\/08\/el-uso-de-mascarilla-deja-de-ser-obligatorio-en-el-transporte-publico-autonomico-a-partir-de-este-miercoles\/#breadcrumb"},"inLanguage":"es","potentialAction":[{"@type":"ReadAction","target":["https:\/\/ugtfgvalicante.com\/index.php\/2023\/02\/08\/el-uso-de-mascarilla-deja-de-ser-obligatorio-en-el-transporte-publico-autonomico-a-partir-de-este-miercoles\/"]}]},{"@type":"ImageObject","inLanguage":"es","@id":"https:\/\/ugtfgvalicante.com\/index.php\/2023\/02\/08\/el-uso-de-mascarilla-deja-de-ser-obligatorio-en-el-transporte-publico-autonomico-a-partir-de-este-miercoles\/#primaryimage","url":"https:\/\/ugtfgvalicante.com\/wp-content\/uploads\/2023\/02\/bac77df1-c9ab-42e3-9f78-6df97be48a4a_16-9-discover-aspect-ratio_default_0.jpg","contentUrl":"https:\/\/ugtfgvalicante.com\/wp-content\/uploads\/2023\/02\/bac77df1-c9ab-42e3-9f78-6df97be48a4a_16-9-discover-aspect-ratio_default_0.jpg","width":1200,"height":675},{"@type":"BreadcrumbList","@id":"https:\/\/ugtfgvalicante.com\/index.php\/2023\/02\/08\/el-uso-de-mascarilla-deja-de-ser-obligatorio-en-el-transporte-publico-autonomico-a-partir-de-este-miercoles\/#breadcrumb","itemListElement":[{"@type":"ListItem","position":1,"name":"Portada","item":"https:\/\/ugtfgvalicante.com\/"},{"@type":"ListItem","position":2,"name":"El uso de mascarilla deja de ser obligatorio en el transporte p\u00fablico auton\u00f3mico a partir de este mi\u00e9rcoles"}]},{"@type":"WebSite","@id":"https:\/\/ugtfgvalicante.com\/#website","url":"https:\/\/ugtfgvalicante.com\/","name":"FGV Alicante","description":"","publisher":{"@id":"https:\/\/ugtfgvalicante.com\/#organization"},"potentialAction":[{"@type":"SearchAction","target":{"@type":"EntryPoint","urlTemplate":"https:\/\/ugtfgvalicante.com\/?s={search_term_string}"},"query-input":{"@type":"PropertyValueSpecification","valueRequired":true,"valueName":"search_term_string"}}],"inLanguage":"es"},{"@type":"Organization","@id":"https:\/\/ugtfgvalicante.com\/#organization","name":"UGT FGV Alicante","url":"https:\/\/ugtfgvalicante.com\/","logo":{"@type":"ImageObject","inLanguage":"es","@id":"https:\/\/ugtfgvalicante.com\/#\/schema\/logo\/image\/","url":"https:\/\/ugtfgvalicante.com\/wp-content\/uploads\/2022\/10\/logo-ugt-web.png","contentUrl":"https:\/\/ugtfgvalicante.com\/wp-content\/uploads\/2022\/10\/logo-ugt-web.png","width":2283,"height":1126,"caption":"UGT FGV Alicante"},"image":{"@id":"https:\/\/ugtfgvalicante.com\/#\/schema\/logo\/image\/"},"sameAs":["https:\/\/es-es.facebook.com\/ugt.fgvalicante\/"]},{"@type":"Person","@id":"https:\/\/ugtfgvalicante.com\/#\/schema\/person\/a1375a9c1ef53e624aa79c34b93b62e8","name":"Ugt FGV Alicante","image":{"@type":"ImageObject","inLanguage":"es","@id":"https:\/\/ugtfgvalicante.com\/#\/schema\/person\/image\/","url":"https:\/\/secure.gravatar.com\/avatar\/ea41cd8456808460c6c0caa1a213c3c921573555df6b57a7ee2f16fb6f502866?s=96&d=mm&r=g","contentUrl":"https:\/\/secure.gravatar.com\/avatar\/ea41cd8456808460c6c0caa1a213c3c921573555df6b57a7ee2f16fb6f502866?s=96&d=mm&r=g","caption":"Ugt FGV Alicante"},"url":"https:\/\/ugtfgvalicante.com\/index.php\/author\/ggrau\/"}]}},"_links":{"self":[{"href":"https:\/\/ugtfgvalicante.com\/index.php\/wp-json\/wp\/v2\/posts\/352","targetHints":{"allow":["GET"]}}],"collection":[{"href":"https:\/\/ugtfgvalicante.com\/index.php\/wp-json\/wp\/v2\/posts"}],"about":[{"href":"https:\/\/ugtfgvalicante.com\/index.php\/wp-json\/wp\/v2\/types\/post"}],"author":[{"embeddable":true,"href":"https:\/\/ugtfgvalicante.com\/index.php\/wp-json\/wp\/v2\/users\/4"}],"replies":[{"embeddable":true,"href":"https:\/\/ugtfgvalicante.com\/index.php\/wp-json\/wp\/v2\/comments?post=352"}],"version-history":[{"count":1,"href":"https:\/\/ugtfgvalicante.com\/index.php\/wp-json\/wp\/v2\/posts\/352\/revisions"}],"predecessor-version":[{"id":353,"href":"https:\/\/ugtfgvalicante.com\/index.php\/wp-json\/wp\/v2\/posts\/352\/revisions\/353"}],"wp:featuredmedia":[{"embeddable":true,"href":"https:\/\/ugtfgvalicante.com\/index.php\/wp-json\/wp\/v2\/media\/349"}],"wp:attachment":[{"href":"https:\/\/ugtfgvalicante.com\/index.php\/wp-json\/wp\/v2\/media?parent=352"}],"wp:term":[{"taxonomy":"category","embeddable":true,"href":"https:\/\/ugtfgvalicante.com\/index.php\/wp-json\/wp\/v2\/categories?post=352"},{"taxonomy":"post_tag","embeddable":true,"href":"https:\/\/ugtfgvalicante.com\/index.php\/wp-json\/wp\/v2\/tags?post=352"}],"curies":[{"name":"wp","href":"https:\/\/api.w.org\/{rel}","templated":true}]}}