{"id":358,"date":"2023-02-16T12:50:29","date_gmt":"2023-02-16T12:50:29","guid":{"rendered":"https:\/\/ugtfgvalicante.com\/?p=358"},"modified":"2023-02-16T12:50:30","modified_gmt":"2023-02-16T12:50:30","slug":"la-estacion-del-tram-de-denia-abre-un-nuevo-espai-del-client","status":"publish","type":"post","link":"https:\/\/ugtfgvalicante.com\/index.php\/2023\/02\/16\/la-estacion-del-tram-de-denia-abre-un-nuevo-espai-del-client\/","title":{"rendered":"La estaci\u00f3n del TRAM de D\u00e9nia abre un nuevo Espai del Client"},"content":{"rendered":"\n<p>La Generalitat, a trav\u00e9s de Ferrocarrils de la Generalitat Valenciana (FGV), ha abierto al p\u00fablico el nuevo Punt del Client de la estaci\u00f3n de D\u00e9nia, perteneciente a la L\u00ednea 9 del TRAM d&#8217;Alacant. Esta l\u00ednea que enlaza con Benidorm recuper\u00f3 el servicio ferroviario a lo largo de todo su trazado el pasado 16 de enero.<\/p>\n\n\n\n<p>En estas nuevas instalaciones, situadas en el propio vest\u00edbulo de la estaci\u00f3n, se pueden realizar consultas sobre horarios, tarifas, itinerarios o cuestiones relacionadas con el servicio de transporte. El horario de atenci\u00f3n es de lunes a viernes de 07:30 a 21:30 horas. Los s\u00e1bados, domingos y festivos de 10:15 a 18:00 horas, del 9 de octubre al 8 de junio.<\/p>\n\n\n\n<p>En este mismo local se pueden gestionar las altas o incidencias de los carnets propios de FGV en Alicante; obtenci\u00f3n de t\u00edtulos; la gesti\u00f3n de sugerencias, reclamaciones e incidencias por operaciones efectuadas en m\u00e1quinas autom\u00e1ticas; pago de suplementos; objetos perdidos; y justificantes en caso de retraso de trenes.<\/p>\n\n\n\n<h2 class=\"wp-block-heading\" id=\"el-nuevo-punto-atencion-a-las-personas-usuarias-se-suma-al-existente-en-luceros-y-al-que-en-los-proximos-meses-se-abrira-en-benidorm\">El nuevo punto atenci\u00f3n a las personas usuarias se suma al existente en Luceros y al que en los pr\u00f3ximos meses se abrir\u00e1 en Benidorm<\/h2>\n\n\n\n<p>Este Espai del Client se suma al que ya se encuentra operativo en la estaci\u00f3n de Luceros y al que en los pr\u00f3ximos meses se abrir\u00e1 en la de Benidorm.<\/p>\n\n\n\n<p>El nuevo punto de atenci\u00f3n a las personas usuarias forma parte de las iniciativas puestas en servicio por FGV con motivo de la apertura del tramo Gata de Gorgos-D\u00e9nia.<\/p>\n\n\n\n<p>En la actualidad, las personas usuarias de la L\u00ednea 9 realizan transbordo en Teulada, desde los trenes di\u00e9sel a los nuevos veh\u00edculos duales, para continuar su viaje ya que no pueden circular hasta D\u00e9nia por motivos t\u00e9cnicos y de accesibilidad.<\/p>\n\n\n\n<p>Est\u00e1 l\u00ednea dej\u00f3 de prestar servicio parcialmente en 2016, con la finalidad de acometer su modernizaci\u00f3n y en los \u00faltimos a\u00f1os se han ido abriendo distintos tramos hasta completar la llegada del ferrocarril a D\u00e9nia, el pasado mes de enero<\/p>\n\n\n\n<p>Fuente: <a href=\"https:\/\/www.denia.com\/la-estacion-del-tram-de-denia-abre-un-nuevo-espai-del-client\/\">D\u00e9nia.com<\/a><\/p>\n","protected":false},"excerpt":{"rendered":"<div class=\"mh-excerpt\"><p>La Generalitat, a trav\u00e9s de Ferrocarrils de la Generalitat Valenciana (FGV), ha abierto al p\u00fablico el nuevo Punt del Client de la estaci\u00f3n de D\u00e9nia, <a class=\"mh-excerpt-more\" href=\"https:\/\/ugtfgvalicante.com\/index.php\/2023\/02\/16\/la-estacion-del-tram-de-denia-abre-un-nuevo-espai-del-client\/\" title=\"La estaci\u00f3n del TRAM de D\u00e9nia abre un nuevo Espai del Client\">[&#8230;]<\/a><\/p>\n<\/div>","protected":false},"author":4,"featured_media":359,"comment_status":"closed","ping_status":"closed","sticky":false,"template":"","format":"standard","meta":{"footnotes":""},"categories":[5],"tags":[],"class_list":["post-358","post","type-post","status-publish","format-standard","has-post-thumbnail","hentry","category-noticias-prensa"],"yoast_head":"<!-- This site is optimized with the Yoast SEO plugin v26.6 - https:\/\/yoast.com\/wordpress\/plugins\/seo\/ -->\n<title>La estaci\u00f3n del TRAM de D\u00e9nia abre un nuevo Espai del Client - FGV Alicante<\/title>\n<meta name=\"robots\" content=\"index, follow, max-snippet:-1, max-image-preview:large, max-video-preview:-1\" \/>\n<link rel=\"canonical\" href=\"https:\/\/ugtfgvalicante.com\/index.php\/2023\/02\/16\/la-estacion-del-tram-de-denia-abre-un-nuevo-espai-del-client\/\" \/>\n<meta property=\"og:locale\" content=\"es_ES\" \/>\n<meta property=\"og:type\" content=\"article\" \/>\n<meta property=\"og:title\" content=\"La estaci\u00f3n del TRAM de D\u00e9nia abre un nuevo Espai del Client - FGV Alicante\" \/>\n<meta property=\"og:description\" content=\"La Generalitat, a trav\u00e9s de Ferrocarrils de la Generalitat Valenciana (FGV), ha abierto al p\u00fablico el nuevo Punt del Client de la estaci\u00f3n de D\u00e9nia, [...]\" \/>\n<meta property=\"og:url\" content=\"https:\/\/ugtfgvalicante.com\/index.php\/2023\/02\/16\/la-estacion-del-tram-de-denia-abre-un-nuevo-espai-del-client\/\" \/>\n<meta property=\"og:site_name\" content=\"FGV Alicante\" \/>\n<meta property=\"article:publisher\" content=\"https:\/\/es-es.facebook.com\/ugt.fgvalicante\/\" \/>\n<meta property=\"article:published_time\" content=\"2023-02-16T12:50:29+00:00\" \/>\n<meta property=\"article:modified_time\" content=\"2023-02-16T12:50:30+00:00\" \/>\n<meta property=\"og:image\" content=\"https:\/\/ugtfgvalicante.com\/wp-content\/uploads\/2023\/02\/espai-del-client-de-denia-766x540.jpeg.webp\" \/>\n\t<meta property=\"og:image:width\" content=\"766\" \/>\n\t<meta property=\"og:image:height\" content=\"540\" \/>\n\t<meta property=\"og:image:type\" content=\"image\/webp\" \/>\n<meta name=\"author\" content=\"Ugt FGV Alicante\" \/>\n<meta name=\"twitter:card\" content=\"summary_large_image\" \/>\n<meta name=\"twitter:label1\" content=\"Escrito por\" \/>\n\t<meta name=\"twitter:data1\" content=\"Ugt FGV Alicante\" \/>\n\t<meta name=\"twitter:label2\" content=\"Tiempo de lectura\" \/>\n\t<meta name=\"twitter:data2\" content=\"2 minutos\" \/>\n<script type=\"application\/ld+json\" class=\"yoast-schema-graph\">{\"@context\":\"https:\/\/schema.org\",\"@graph\":[{\"@type\":\"Article\",\"@id\":\"https:\/\/ugtfgvalicante.com\/index.php\/2023\/02\/16\/la-estacion-del-tram-de-denia-abre-un-nuevo-espai-del-client\/#article\",\"isPartOf\":{\"@id\":\"https:\/\/ugtfgvalicante.com\/index.php\/2023\/02\/16\/la-estacion-del-tram-de-denia-abre-un-nuevo-espai-del-client\/\"},\"author\":{\"name\":\"Ugt FGV Alicante\",\"@id\":\"https:\/\/ugtfgvalicante.com\/#\/schema\/person\/a1375a9c1ef53e624aa79c34b93b62e8\"},\"headline\":\"La estaci\u00f3n del TRAM de D\u00e9nia abre un nuevo Espai del Client\",\"datePublished\":\"2023-02-16T12:50:29+00:00\",\"dateModified\":\"2023-02-16T12:50:30+00:00\",\"mainEntityOfPage\":{\"@id\":\"https:\/\/ugtfgvalicante.com\/index.php\/2023\/02\/16\/la-estacion-del-tram-de-denia-abre-un-nuevo-espai-del-client\/\"},\"wordCount\":366,\"publisher\":{\"@id\":\"https:\/\/ugtfgvalicante.com\/#organization\"},\"image\":{\"@id\":\"https:\/\/ugtfgvalicante.com\/index.php\/2023\/02\/16\/la-estacion-del-tram-de-denia-abre-un-nuevo-espai-del-client\/#primaryimage\"},\"thumbnailUrl\":\"https:\/\/ugtfgvalicante.com\/wp-content\/uploads\/2023\/02\/espai-del-client-de-denia-766x540.jpeg.webp\",\"articleSection\":[\"Noticias prensa\"],\"inLanguage\":\"es\"},{\"@type\":\"WebPage\",\"@id\":\"https:\/\/ugtfgvalicante.com\/index.php\/2023\/02\/16\/la-estacion-del-tram-de-denia-abre-un-nuevo-espai-del-client\/\",\"url\":\"https:\/\/ugtfgvalicante.com\/index.php\/2023\/02\/16\/la-estacion-del-tram-de-denia-abre-un-nuevo-espai-del-client\/\",\"name\":\"La estaci\u00f3n del TRAM de D\u00e9nia abre un nuevo Espai del Client - FGV Alicante\",\"isPartOf\":{\"@id\":\"https:\/\/ugtfgvalicante.com\/#website\"},\"primaryImageOfPage\":{\"@id\":\"https:\/\/ugtfgvalicante.com\/index.php\/2023\/02\/16\/la-estacion-del-tram-de-denia-abre-un-nuevo-espai-del-client\/#primaryimage\"},\"image\":{\"@id\":\"https:\/\/ugtfgvalicante.com\/index.php\/2023\/02\/16\/la-estacion-del-tram-de-denia-abre-un-nuevo-espai-del-client\/#primaryimage\"},\"thumbnailUrl\":\"https:\/\/ugtfgvalicante.com\/wp-content\/uploads\/2023\/02\/espai-del-client-de-denia-766x540.jpeg.webp\",\"datePublished\":\"2023-02-16T12:50:29+00:00\",\"dateModified\":\"2023-02-16T12:50:30+00:00\",\"breadcrumb\":{\"@id\":\"https:\/\/ugtfgvalicante.com\/index.php\/2023\/02\/16\/la-estacion-del-tram-de-denia-abre-un-nuevo-espai-del-client\/#breadcrumb\"},\"inLanguage\":\"es\",\"potentialAction\":[{\"@type\":\"ReadAction\",\"target\":[\"https:\/\/ugtfgvalicante.com\/index.php\/2023\/02\/16\/la-estacion-del-tram-de-denia-abre-un-nuevo-espai-del-client\/\"]}]},{\"@type\":\"ImageObject\",\"inLanguage\":\"es\",\"@id\":\"https:\/\/ugtfgvalicante.com\/index.php\/2023\/02\/16\/la-estacion-del-tram-de-denia-abre-un-nuevo-espai-del-client\/#primaryimage\",\"url\":\"https:\/\/ugtfgvalicante.com\/wp-content\/uploads\/2023\/02\/espai-del-client-de-denia-766x540.jpeg.webp\",\"contentUrl\":\"https:\/\/ugtfgvalicante.com\/wp-content\/uploads\/2023\/02\/espai-del-client-de-denia-766x540.jpeg.webp\",\"width\":766,\"height\":540},{\"@type\":\"BreadcrumbList\",\"@id\":\"https:\/\/ugtfgvalicante.com\/index.php\/2023\/02\/16\/la-estacion-del-tram-de-denia-abre-un-nuevo-espai-del-client\/#breadcrumb\",\"itemListElement\":[{\"@type\":\"ListItem\",\"position\":1,\"name\":\"Portada\",\"item\":\"https:\/\/ugtfgvalicante.com\/\"},{\"@type\":\"ListItem\",\"position\":2,\"name\":\"La estaci\u00f3n del TRAM de D\u00e9nia abre un nuevo Espai del Client\"}]},{\"@type\":\"WebSite\",\"@id\":\"https:\/\/ugtfgvalicante.com\/#website\",\"url\":\"https:\/\/ugtfgvalicante.com\/\",\"name\":\"FGV Alicante\",\"description\":\"\",\"publisher\":{\"@id\":\"https:\/\/ugtfgvalicante.com\/#organization\"},\"potentialAction\":[{\"@type\":\"SearchAction\",\"target\":{\"@type\":\"EntryPoint\",\"urlTemplate\":\"https:\/\/ugtfgvalicante.com\/?s={search_term_string}\"},\"query-input\":{\"@type\":\"PropertyValueSpecification\",\"valueRequired\":true,\"valueName\":\"search_term_string\"}}],\"inLanguage\":\"es\"},{\"@type\":\"Organization\",\"@id\":\"https:\/\/ugtfgvalicante.com\/#organization\",\"name\":\"UGT FGV Alicante\",\"url\":\"https:\/\/ugtfgvalicante.com\/\",\"logo\":{\"@type\":\"ImageObject\",\"inLanguage\":\"es\",\"@id\":\"https:\/\/ugtfgvalicante.com\/#\/schema\/logo\/image\/\",\"url\":\"https:\/\/ugtfgvalicante.com\/wp-content\/uploads\/2022\/10\/logo-ugt-web.png\",\"contentUrl\":\"https:\/\/ugtfgvalicante.com\/wp-content\/uploads\/2022\/10\/logo-ugt-web.png\",\"width\":2283,\"height\":1126,\"caption\":\"UGT FGV Alicante\"},\"image\":{\"@id\":\"https:\/\/ugtfgvalicante.com\/#\/schema\/logo\/image\/\"},\"sameAs\":[\"https:\/\/es-es.facebook.com\/ugt.fgvalicante\/\"]},{\"@type\":\"Person\",\"@id\":\"https:\/\/ugtfgvalicante.com\/#\/schema\/person\/a1375a9c1ef53e624aa79c34b93b62e8\",\"name\":\"Ugt FGV Alicante\",\"image\":{\"@type\":\"ImageObject\",\"inLanguage\":\"es\",\"@id\":\"https:\/\/ugtfgvalicante.com\/#\/schema\/person\/image\/\",\"url\":\"https:\/\/secure.gravatar.com\/avatar\/ea41cd8456808460c6c0caa1a213c3c921573555df6b57a7ee2f16fb6f502866?s=96&d=mm&r=g\",\"contentUrl\":\"https:\/\/secure.gravatar.com\/avatar\/ea41cd8456808460c6c0caa1a213c3c921573555df6b57a7ee2f16fb6f502866?s=96&d=mm&r=g\",\"caption\":\"Ugt FGV Alicante\"},\"url\":\"https:\/\/ugtfgvalicante.com\/index.php\/author\/ggrau\/\"}]}<\/script>\n<!-- \/ Yoast SEO plugin. -->","yoast_head_json":{"title":"La estaci\u00f3n del TRAM de D\u00e9nia abre un nuevo Espai del Client - FGV Alicante","robots":{"index":"index","follow":"follow","max-snippet":"max-snippet:-1","max-image-preview":"max-image-preview:large","max-video-preview":"max-video-preview:-1"},"canonical":"https:\/\/ugtfgvalicante.com\/index.php\/2023\/02\/16\/la-estacion-del-tram-de-denia-abre-un-nuevo-espai-del-client\/","og_locale":"es_ES","og_type":"article","og_title":"La estaci\u00f3n del TRAM de D\u00e9nia abre un nuevo Espai del Client - FGV Alicante","og_description":"La Generalitat, a trav\u00e9s de Ferrocarrils de la Generalitat Valenciana (FGV), ha abierto al p\u00fablico el nuevo Punt del Client de la estaci\u00f3n de D\u00e9nia, [...]","og_url":"https:\/\/ugtfgvalicante.com\/index.php\/2023\/02\/16\/la-estacion-del-tram-de-denia-abre-un-nuevo-espai-del-client\/","og_site_name":"FGV Alicante","article_publisher":"https:\/\/es-es.facebook.com\/ugt.fgvalicante\/","article_published_time":"2023-02-16T12:50:29+00:00","article_modified_time":"2023-02-16T12:50:30+00:00","og_image":[{"width":766,"height":540,"url":"https:\/\/ugtfgvalicante.com\/wp-content\/uploads\/2023\/02\/espai-del-client-de-denia-766x540.jpeg.webp","type":"image\/webp"}],"author":"Ugt FGV Alicante","twitter_card":"summary_large_image","twitter_misc":{"Escrito por":"Ugt FGV Alicante","Tiempo de lectura":"2 minutos"},"schema":{"@context":"https:\/\/schema.org","@graph":[{"@type":"Article","@id":"https:\/\/ugtfgvalicante.com\/index.php\/2023\/02\/16\/la-estacion-del-tram-de-denia-abre-un-nuevo-espai-del-client\/#article","isPartOf":{"@id":"https:\/\/ugtfgvalicante.com\/index.php\/2023\/02\/16\/la-estacion-del-tram-de-denia-abre-un-nuevo-espai-del-client\/"},"author":{"name":"Ugt FGV Alicante","@id":"https:\/\/ugtfgvalicante.com\/#\/schema\/person\/a1375a9c1ef53e624aa79c34b93b62e8"},"headline":"La estaci\u00f3n del TRAM de D\u00e9nia abre un nuevo Espai del Client","datePublished":"2023-02-16T12:50:29+00:00","dateModified":"2023-02-16T12:50:30+00:00","mainEntityOfPage":{"@id":"https:\/\/ugtfgvalicante.com\/index.php\/2023\/02\/16\/la-estacion-del-tram-de-denia-abre-un-nuevo-espai-del-client\/"},"wordCount":366,"publisher":{"@id":"https:\/\/ugtfgvalicante.com\/#organization"},"image":{"@id":"https:\/\/ugtfgvalicante.com\/index.php\/2023\/02\/16\/la-estacion-del-tram-de-denia-abre-un-nuevo-espai-del-client\/#primaryimage"},"thumbnailUrl":"https:\/\/ugtfgvalicante.com\/wp-content\/uploads\/2023\/02\/espai-del-client-de-denia-766x540.jpeg.webp","articleSection":["Noticias prensa"],"inLanguage":"es"},{"@type":"WebPage","@id":"https:\/\/ugtfgvalicante.com\/index.php\/2023\/02\/16\/la-estacion-del-tram-de-denia-abre-un-nuevo-espai-del-client\/","url":"https:\/\/ugtfgvalicante.com\/index.php\/2023\/02\/16\/la-estacion-del-tram-de-denia-abre-un-nuevo-espai-del-client\/","name":"La estaci\u00f3n del TRAM de D\u00e9nia abre un nuevo Espai del Client - FGV Alicante","isPartOf":{"@id":"https:\/\/ugtfgvalicante.com\/#website"},"primaryImageOfPage":{"@id":"https:\/\/ugtfgvalicante.com\/index.php\/2023\/02\/16\/la-estacion-del-tram-de-denia-abre-un-nuevo-espai-del-client\/#primaryimage"},"image":{"@id":"https:\/\/ugtfgvalicante.com\/index.php\/2023\/02\/16\/la-estacion-del-tram-de-denia-abre-un-nuevo-espai-del-client\/#primaryimage"},"thumbnailUrl":"https:\/\/ugtfgvalicante.com\/wp-content\/uploads\/2023\/02\/espai-del-client-de-denia-766x540.jpeg.webp","datePublished":"2023-02-16T12:50:29+00:00","dateModified":"2023-02-16T12:50:30+00:00","breadcrumb":{"@id":"https:\/\/ugtfgvalicante.com\/index.php\/2023\/02\/16\/la-estacion-del-tram-de-denia-abre-un-nuevo-espai-del-client\/#breadcrumb"},"inLanguage":"es","potentialAction":[{"@type":"ReadAction","target":["https:\/\/ugtfgvalicante.com\/index.php\/2023\/02\/16\/la-estacion-del-tram-de-denia-abre-un-nuevo-espai-del-client\/"]}]},{"@type":"ImageObject","inLanguage":"es","@id":"https:\/\/ugtfgvalicante.com\/index.php\/2023\/02\/16\/la-estacion-del-tram-de-denia-abre-un-nuevo-espai-del-client\/#primaryimage","url":"https:\/\/ugtfgvalicante.com\/wp-content\/uploads\/2023\/02\/espai-del-client-de-denia-766x540.jpeg.webp","contentUrl":"https:\/\/ugtfgvalicante.com\/wp-content\/uploads\/2023\/02\/espai-del-client-de-denia-766x540.jpeg.webp","width":766,"height":540},{"@type":"BreadcrumbList","@id":"https:\/\/ugtfgvalicante.com\/index.php\/2023\/02\/16\/la-estacion-del-tram-de-denia-abre-un-nuevo-espai-del-client\/#breadcrumb","itemListElement":[{"@type":"ListItem","position":1,"name":"Portada","item":"https:\/\/ugtfgvalicante.com\/"},{"@type":"ListItem","position":2,"name":"La estaci\u00f3n del TRAM de D\u00e9nia abre un nuevo Espai del Client"}]},{"@type":"WebSite","@id":"https:\/\/ugtfgvalicante.com\/#website","url":"https:\/\/ugtfgvalicante.com\/","name":"FGV Alicante","description":"","publisher":{"@id":"https:\/\/ugtfgvalicante.com\/#organization"},"potentialAction":[{"@type":"SearchAction","target":{"@type":"EntryPoint","urlTemplate":"https:\/\/ugtfgvalicante.com\/?s={search_term_string}"},"query-input":{"@type":"PropertyValueSpecification","valueRequired":true,"valueName":"search_term_string"}}],"inLanguage":"es"},{"@type":"Organization","@id":"https:\/\/ugtfgvalicante.com\/#organization","name":"UGT FGV Alicante","url":"https:\/\/ugtfgvalicante.com\/","logo":{"@type":"ImageObject","inLanguage":"es","@id":"https:\/\/ugtfgvalicante.com\/#\/schema\/logo\/image\/","url":"https:\/\/ugtfgvalicante.com\/wp-content\/uploads\/2022\/10\/logo-ugt-web.png","contentUrl":"https:\/\/ugtfgvalicante.com\/wp-content\/uploads\/2022\/10\/logo-ugt-web.png","width":2283,"height":1126,"caption":"UGT FGV Alicante"},"image":{"@id":"https:\/\/ugtfgvalicante.com\/#\/schema\/logo\/image\/"},"sameAs":["https:\/\/es-es.facebook.com\/ugt.fgvalicante\/"]},{"@type":"Person","@id":"https:\/\/ugtfgvalicante.com\/#\/schema\/person\/a1375a9c1ef53e624aa79c34b93b62e8","name":"Ugt FGV Alicante","image":{"@type":"ImageObject","inLanguage":"es","@id":"https:\/\/ugtfgvalicante.com\/#\/schema\/person\/image\/","url":"https:\/\/secure.gravatar.com\/avatar\/ea41cd8456808460c6c0caa1a213c3c921573555df6b57a7ee2f16fb6f502866?s=96&d=mm&r=g","contentUrl":"https:\/\/secure.gravatar.com\/avatar\/ea41cd8456808460c6c0caa1a213c3c921573555df6b57a7ee2f16fb6f502866?s=96&d=mm&r=g","caption":"Ugt FGV Alicante"},"url":"https:\/\/ugtfgvalicante.com\/index.php\/author\/ggrau\/"}]}},"_links":{"self":[{"href":"https:\/\/ugtfgvalicante.com\/index.php\/wp-json\/wp\/v2\/posts\/358","targetHints":{"allow":["GET"]}}],"collection":[{"href":"https:\/\/ugtfgvalicante.com\/index.php\/wp-json\/wp\/v2\/posts"}],"about":[{"href":"https:\/\/ugtfgvalicante.com\/index.php\/wp-json\/wp\/v2\/types\/post"}],"author":[{"embeddable":true,"href":"https:\/\/ugtfgvalicante.com\/index.php\/wp-json\/wp\/v2\/users\/4"}],"replies":[{"embeddable":true,"href":"https:\/\/ugtfgvalicante.com\/index.php\/wp-json\/wp\/v2\/comments?post=358"}],"version-history":[{"count":1,"href":"https:\/\/ugtfgvalicante.com\/index.php\/wp-json\/wp\/v2\/posts\/358\/revisions"}],"predecessor-version":[{"id":360,"href":"https:\/\/ugtfgvalicante.com\/index.php\/wp-json\/wp\/v2\/posts\/358\/revisions\/360"}],"wp:featuredmedia":[{"embeddable":true,"href":"https:\/\/ugtfgvalicante.com\/index.php\/wp-json\/wp\/v2\/media\/359"}],"wp:attachment":[{"href":"https:\/\/ugtfgvalicante.com\/index.php\/wp-json\/wp\/v2\/media?parent=358"}],"wp:term":[{"taxonomy":"category","embeddable":true,"href":"https:\/\/ugtfgvalicante.com\/index.php\/wp-json\/wp\/v2\/categories?post=358"},{"taxonomy":"post_tag","embeddable":true,"href":"https:\/\/ugtfgvalicante.com\/index.php\/wp-json\/wp\/v2\/tags?post=358"}],"curies":[{"name":"wp","href":"https:\/\/api.w.org\/{rel}","templated":true}]}}