{"id":361,"date":"2023-02-16T13:00:02","date_gmt":"2023-02-16T13:00:02","guid":{"rendered":"https:\/\/ugtfgvalicante.com\/?p=361"},"modified":"2023-02-16T13:00:04","modified_gmt":"2023-02-16T13:00:04","slug":"fgv-recupera-el-servicio-del-tram-en-benidorm-tras-un-mes-cortado-por-las-obras-de-la-avenida-beniarda","status":"publish","type":"post","link":"https:\/\/ugtfgvalicante.com\/index.php\/2023\/02\/16\/fgv-recupera-el-servicio-del-tram-en-benidorm-tras-un-mes-cortado-por-las-obras-de-la-avenida-beniarda\/","title":{"rendered":"FGV recupera el servicio del TRAM en Benidorm tras un mes cortado por las obras de la avenida Beniard\u00e1"},"content":{"rendered":"\n<p>El tr\u00e1fico de trenes de la l\u00ednea 9 entre la estaci\u00f3n y la intermodal se reanudar\u00e1n desde este jueves, en su horario habitual. Los usuarios ya no tendr\u00e1n que utilizar los autobuses habilitados por Ferrocarrils como alternativa<\/p>\n\n\n\n<p>Ferrocarrils de la Generalitat Valenciana (<strong>FGV<\/strong>) abrir\u00e1 a la circulaci\u00f3n ferroviaria el tramo comprendido entre la&nbsp;<strong>estaci\u00f3n de&nbsp;<\/strong><a href=\"https:\/\/www.informacion.es\/alicante\/benidorm\/\">Benidorm&nbsp;<\/a><strong>y la parada de Benidorm Intermodal&nbsp;<\/strong>de la L\u00ednea 9 del TRAM a partir de<strong>&nbsp;este jueves,<\/strong>&nbsp;d\u00eda 16 de febrero, despu\u00e9s de&nbsp;<strong>un mes sin servicio.<\/strong><\/p>\n\n\n\n<p>Como ya cont\u00f3 en su d\u00eda este diario, el paso de trenes qued\u00f3\u00a0<strong>interrumpido\u00a0<\/strong>entre estas dos estaciones el pasado\u00a0<strong>16 de enero<\/strong>\u00a0como consecuencia de las obras de supresi\u00f3n del paso a nivel que se est\u00e1n ejecutando en la avenida de Beniard\u00e0 y que consisten en el<strong>\u00a0soterramiento del tr\u00e1fico rodado\u00a0<\/strong>a la altura de las v\u00edas, lo que reducir\u00e1 los importantes atascos que se formaban en uno de los principales accesos a la ciudad coincidiendo con el paso de trenes.<\/p>\n\n\n\n<p>Durante este periodo en el que el tr\u00e1fico ferroviario ha estado fuera de servicio, FGV ha dispuesto un&nbsp;<strong>servicio alternativo de autobuses&nbsp;<\/strong>para facilitar el desplazamientos de las personas usuarias.<\/p>\n\n\n\n<p>Las obras para soterrar parte de la avenida de Beniard\u00e1 son una actuaci\u00f3n financiada por la Uni\u00f3n Europea, que&nbsp;cuenta con un presupuesto de&nbsp;<strong>5.287.983,97 euros<\/strong>, IVA incluido, y comprende la transformaci\u00f3n del actual paso a nivel del TRAM d\u2019Alacant en un paso a nivel peatonal, protegido por se\u00f1ales luminosas y ac\u00fasticas, y que contar\u00e1 con un paso inferior para veh\u00edculos.<\/p>\n\n\n\n<p>Los trabajos comenzaron el pasado mes de&nbsp;<strong>septiembre&nbsp;<\/strong>y FGV trabaja con la finalidad de reducir al m\u00e1ximo el tiempo de afecci\u00f3n directa a la avenida de Beniard\u00e0, pasando de los 14 meses del proyecto inicial a los&nbsp;<strong>10 meses programados actualmente<\/strong>, con lo que est\u00e1 previsto que los trabajos principales concluyan en&nbsp;<strong>junio&nbsp;<\/strong>de este mismo a\u00f1o.<\/p>\n\n\n\n<p>La supresi\u00f3n del paso a nivel de la avenida Beniard\u00e0 permitir\u00e1<strong>\u00a0romper la barrera que suponen las v\u00edas<\/strong>\u00a0para acceder a la ciudad, tanto para sus vecinos y vecinas, como para los muchos visitantes que recibe Benidorm a lo largo del a\u00f1o.<\/p>\n\n\n\n<p>Fuente: <a href=\"https:\/\/www.informacion.es\/benidorm\/2023\/02\/15\/fgv-recupera-servicio-tram-benidorm-83000723.html\">informacion.es<\/a><\/p>\n","protected":false},"excerpt":{"rendered":"<div class=\"mh-excerpt\"><p>El tr\u00e1fico de trenes de la l\u00ednea 9 entre la estaci\u00f3n y la intermodal se reanudar\u00e1n desde este jueves, en su horario habitual. Los usuarios <a class=\"mh-excerpt-more\" href=\"https:\/\/ugtfgvalicante.com\/index.php\/2023\/02\/16\/fgv-recupera-el-servicio-del-tram-en-benidorm-tras-un-mes-cortado-por-las-obras-de-la-avenida-beniarda\/\" title=\"FGV recupera el servicio del TRAM en Benidorm tras un mes cortado por las obras de la avenida Beniard\u00e1\">[&#8230;]<\/a><\/p>\n<\/div>","protected":false},"author":4,"featured_media":362,"comment_status":"closed","ping_status":"closed","sticky":false,"template":"","format":"standard","meta":{"footnotes":""},"categories":[5],"tags":[],"class_list":["post-361","post","type-post","status-publish","format-standard","has-post-thumbnail","hentry","category-noticias-prensa"],"yoast_head":"<!-- This site is optimized with the Yoast SEO plugin v26.6 - https:\/\/yoast.com\/wordpress\/plugins\/seo\/ -->\n<title>FGV recupera el servicio del TRAM en Benidorm tras un mes cortado por las obras de la avenida Beniard\u00e1 - FGV Alicante<\/title>\n<meta name=\"robots\" content=\"index, follow, max-snippet:-1, max-image-preview:large, max-video-preview:-1\" \/>\n<link rel=\"canonical\" href=\"https:\/\/ugtfgvalicante.com\/index.php\/2023\/02\/16\/fgv-recupera-el-servicio-del-tram-en-benidorm-tras-un-mes-cortado-por-las-obras-de-la-avenida-beniarda\/\" \/>\n<meta property=\"og:locale\" content=\"es_ES\" \/>\n<meta property=\"og:type\" content=\"article\" \/>\n<meta property=\"og:title\" content=\"FGV recupera el servicio del TRAM en Benidorm tras un mes cortado por las obras de la avenida Beniard\u00e1 - FGV Alicante\" \/>\n<meta property=\"og:description\" content=\"El tr\u00e1fico de trenes de la l\u00ednea 9 entre la estaci\u00f3n y la intermodal se reanudar\u00e1n desde este jueves, en su horario habitual. Los usuarios [...]\" \/>\n<meta property=\"og:url\" content=\"https:\/\/ugtfgvalicante.com\/index.php\/2023\/02\/16\/fgv-recupera-el-servicio-del-tram-en-benidorm-tras-un-mes-cortado-por-las-obras-de-la-avenida-beniarda\/\" \/>\n<meta property=\"og:site_name\" content=\"FGV Alicante\" \/>\n<meta property=\"article:publisher\" content=\"https:\/\/es-es.facebook.com\/ugt.fgvalicante\/\" \/>\n<meta property=\"article:published_time\" content=\"2023-02-16T13:00:02+00:00\" \/>\n<meta property=\"article:modified_time\" content=\"2023-02-16T13:00:04+00:00\" \/>\n<meta property=\"og:image\" content=\"https:\/\/ugtfgvalicante.com\/wp-content\/uploads\/2023\/02\/d3a90486-25b8-4a04-a73a-a391b10c5b37_16-9-discover-aspect-ratio_default_0-1.jpg\" \/>\n\t<meta property=\"og:image:width\" content=\"1200\" \/>\n\t<meta property=\"og:image:height\" content=\"675\" \/>\n\t<meta property=\"og:image:type\" content=\"image\/jpeg\" \/>\n<meta name=\"author\" content=\"Ugt FGV Alicante\" \/>\n<meta name=\"twitter:card\" content=\"summary_large_image\" \/>\n<meta name=\"twitter:label1\" content=\"Escrito por\" \/>\n\t<meta name=\"twitter:data1\" content=\"Ugt FGV Alicante\" \/>\n\t<meta name=\"twitter:label2\" content=\"Tiempo de lectura\" \/>\n\t<meta name=\"twitter:data2\" content=\"2 minutos\" \/>\n<script type=\"application\/ld+json\" class=\"yoast-schema-graph\">{\"@context\":\"https:\/\/schema.org\",\"@graph\":[{\"@type\":\"Article\",\"@id\":\"https:\/\/ugtfgvalicante.com\/index.php\/2023\/02\/16\/fgv-recupera-el-servicio-del-tram-en-benidorm-tras-un-mes-cortado-por-las-obras-de-la-avenida-beniarda\/#article\",\"isPartOf\":{\"@id\":\"https:\/\/ugtfgvalicante.com\/index.php\/2023\/02\/16\/fgv-recupera-el-servicio-del-tram-en-benidorm-tras-un-mes-cortado-por-las-obras-de-la-avenida-beniarda\/\"},\"author\":{\"name\":\"Ugt FGV Alicante\",\"@id\":\"https:\/\/ugtfgvalicante.com\/#\/schema\/person\/a1375a9c1ef53e624aa79c34b93b62e8\"},\"headline\":\"FGV recupera el servicio del TRAM en Benidorm tras un mes cortado por las obras de la avenida Beniard\u00e1\",\"datePublished\":\"2023-02-16T13:00:02+00:00\",\"dateModified\":\"2023-02-16T13:00:04+00:00\",\"mainEntityOfPage\":{\"@id\":\"https:\/\/ugtfgvalicante.com\/index.php\/2023\/02\/16\/fgv-recupera-el-servicio-del-tram-en-benidorm-tras-un-mes-cortado-por-las-obras-de-la-avenida-beniarda\/\"},\"wordCount\":416,\"publisher\":{\"@id\":\"https:\/\/ugtfgvalicante.com\/#organization\"},\"image\":{\"@id\":\"https:\/\/ugtfgvalicante.com\/index.php\/2023\/02\/16\/fgv-recupera-el-servicio-del-tram-en-benidorm-tras-un-mes-cortado-por-las-obras-de-la-avenida-beniarda\/#primaryimage\"},\"thumbnailUrl\":\"https:\/\/ugtfgvalicante.com\/wp-content\/uploads\/2023\/02\/d3a90486-25b8-4a04-a73a-a391b10c5b37_16-9-discover-aspect-ratio_default_0-1.jpg\",\"articleSection\":[\"Noticias prensa\"],\"inLanguage\":\"es\"},{\"@type\":\"WebPage\",\"@id\":\"https:\/\/ugtfgvalicante.com\/index.php\/2023\/02\/16\/fgv-recupera-el-servicio-del-tram-en-benidorm-tras-un-mes-cortado-por-las-obras-de-la-avenida-beniarda\/\",\"url\":\"https:\/\/ugtfgvalicante.com\/index.php\/2023\/02\/16\/fgv-recupera-el-servicio-del-tram-en-benidorm-tras-un-mes-cortado-por-las-obras-de-la-avenida-beniarda\/\",\"name\":\"FGV recupera el servicio del TRAM en Benidorm tras un mes cortado por las obras de la avenida Beniard\u00e1 - FGV Alicante\",\"isPartOf\":{\"@id\":\"https:\/\/ugtfgvalicante.com\/#website\"},\"primaryImageOfPage\":{\"@id\":\"https:\/\/ugtfgvalicante.com\/index.php\/2023\/02\/16\/fgv-recupera-el-servicio-del-tram-en-benidorm-tras-un-mes-cortado-por-las-obras-de-la-avenida-beniarda\/#primaryimage\"},\"image\":{\"@id\":\"https:\/\/ugtfgvalicante.com\/index.php\/2023\/02\/16\/fgv-recupera-el-servicio-del-tram-en-benidorm-tras-un-mes-cortado-por-las-obras-de-la-avenida-beniarda\/#primaryimage\"},\"thumbnailUrl\":\"https:\/\/ugtfgvalicante.com\/wp-content\/uploads\/2023\/02\/d3a90486-25b8-4a04-a73a-a391b10c5b37_16-9-discover-aspect-ratio_default_0-1.jpg\",\"datePublished\":\"2023-02-16T13:00:02+00:00\",\"dateModified\":\"2023-02-16T13:00:04+00:00\",\"breadcrumb\":{\"@id\":\"https:\/\/ugtfgvalicante.com\/index.php\/2023\/02\/16\/fgv-recupera-el-servicio-del-tram-en-benidorm-tras-un-mes-cortado-por-las-obras-de-la-avenida-beniarda\/#breadcrumb\"},\"inLanguage\":\"es\",\"potentialAction\":[{\"@type\":\"ReadAction\",\"target\":[\"https:\/\/ugtfgvalicante.com\/index.php\/2023\/02\/16\/fgv-recupera-el-servicio-del-tram-en-benidorm-tras-un-mes-cortado-por-las-obras-de-la-avenida-beniarda\/\"]}]},{\"@type\":\"ImageObject\",\"inLanguage\":\"es\",\"@id\":\"https:\/\/ugtfgvalicante.com\/index.php\/2023\/02\/16\/fgv-recupera-el-servicio-del-tram-en-benidorm-tras-un-mes-cortado-por-las-obras-de-la-avenida-beniarda\/#primaryimage\",\"url\":\"https:\/\/ugtfgvalicante.com\/wp-content\/uploads\/2023\/02\/d3a90486-25b8-4a04-a73a-a391b10c5b37_16-9-discover-aspect-ratio_default_0-1.jpg\",\"contentUrl\":\"https:\/\/ugtfgvalicante.com\/wp-content\/uploads\/2023\/02\/d3a90486-25b8-4a04-a73a-a391b10c5b37_16-9-discover-aspect-ratio_default_0-1.jpg\",\"width\":1200,\"height\":675},{\"@type\":\"BreadcrumbList\",\"@id\":\"https:\/\/ugtfgvalicante.com\/index.php\/2023\/02\/16\/fgv-recupera-el-servicio-del-tram-en-benidorm-tras-un-mes-cortado-por-las-obras-de-la-avenida-beniarda\/#breadcrumb\",\"itemListElement\":[{\"@type\":\"ListItem\",\"position\":1,\"name\":\"Portada\",\"item\":\"https:\/\/ugtfgvalicante.com\/\"},{\"@type\":\"ListItem\",\"position\":2,\"name\":\"FGV recupera el servicio del TRAM en Benidorm tras un mes cortado por las obras de la avenida Beniard\u00e1\"}]},{\"@type\":\"WebSite\",\"@id\":\"https:\/\/ugtfgvalicante.com\/#website\",\"url\":\"https:\/\/ugtfgvalicante.com\/\",\"name\":\"FGV Alicante\",\"description\":\"\",\"publisher\":{\"@id\":\"https:\/\/ugtfgvalicante.com\/#organization\"},\"potentialAction\":[{\"@type\":\"SearchAction\",\"target\":{\"@type\":\"EntryPoint\",\"urlTemplate\":\"https:\/\/ugtfgvalicante.com\/?s={search_term_string}\"},\"query-input\":{\"@type\":\"PropertyValueSpecification\",\"valueRequired\":true,\"valueName\":\"search_term_string\"}}],\"inLanguage\":\"es\"},{\"@type\":\"Organization\",\"@id\":\"https:\/\/ugtfgvalicante.com\/#organization\",\"name\":\"UGT FGV Alicante\",\"url\":\"https:\/\/ugtfgvalicante.com\/\",\"logo\":{\"@type\":\"ImageObject\",\"inLanguage\":\"es\",\"@id\":\"https:\/\/ugtfgvalicante.com\/#\/schema\/logo\/image\/\",\"url\":\"https:\/\/ugtfgvalicante.com\/wp-content\/uploads\/2022\/10\/logo-ugt-web.png\",\"contentUrl\":\"https:\/\/ugtfgvalicante.com\/wp-content\/uploads\/2022\/10\/logo-ugt-web.png\",\"width\":2283,\"height\":1126,\"caption\":\"UGT FGV Alicante\"},\"image\":{\"@id\":\"https:\/\/ugtfgvalicante.com\/#\/schema\/logo\/image\/\"},\"sameAs\":[\"https:\/\/es-es.facebook.com\/ugt.fgvalicante\/\"]},{\"@type\":\"Person\",\"@id\":\"https:\/\/ugtfgvalicante.com\/#\/schema\/person\/a1375a9c1ef53e624aa79c34b93b62e8\",\"name\":\"Ugt FGV Alicante\",\"image\":{\"@type\":\"ImageObject\",\"inLanguage\":\"es\",\"@id\":\"https:\/\/ugtfgvalicante.com\/#\/schema\/person\/image\/\",\"url\":\"https:\/\/secure.gravatar.com\/avatar\/ea41cd8456808460c6c0caa1a213c3c921573555df6b57a7ee2f16fb6f502866?s=96&d=mm&r=g\",\"contentUrl\":\"https:\/\/secure.gravatar.com\/avatar\/ea41cd8456808460c6c0caa1a213c3c921573555df6b57a7ee2f16fb6f502866?s=96&d=mm&r=g\",\"caption\":\"Ugt FGV Alicante\"},\"url\":\"https:\/\/ugtfgvalicante.com\/index.php\/author\/ggrau\/\"}]}<\/script>\n<!-- \/ Yoast SEO plugin. -->","yoast_head_json":{"title":"FGV recupera el servicio del TRAM en Benidorm tras un mes cortado por las obras de la avenida Beniard\u00e1 - FGV Alicante","robots":{"index":"index","follow":"follow","max-snippet":"max-snippet:-1","max-image-preview":"max-image-preview:large","max-video-preview":"max-video-preview:-1"},"canonical":"https:\/\/ugtfgvalicante.com\/index.php\/2023\/02\/16\/fgv-recupera-el-servicio-del-tram-en-benidorm-tras-un-mes-cortado-por-las-obras-de-la-avenida-beniarda\/","og_locale":"es_ES","og_type":"article","og_title":"FGV recupera el servicio del TRAM en Benidorm tras un mes cortado por las obras de la avenida Beniard\u00e1 - FGV Alicante","og_description":"El tr\u00e1fico de trenes de la l\u00ednea 9 entre la estaci\u00f3n y la intermodal se reanudar\u00e1n desde este jueves, en su horario habitual. Los usuarios [...]","og_url":"https:\/\/ugtfgvalicante.com\/index.php\/2023\/02\/16\/fgv-recupera-el-servicio-del-tram-en-benidorm-tras-un-mes-cortado-por-las-obras-de-la-avenida-beniarda\/","og_site_name":"FGV Alicante","article_publisher":"https:\/\/es-es.facebook.com\/ugt.fgvalicante\/","article_published_time":"2023-02-16T13:00:02+00:00","article_modified_time":"2023-02-16T13:00:04+00:00","og_image":[{"width":1200,"height":675,"url":"https:\/\/ugtfgvalicante.com\/wp-content\/uploads\/2023\/02\/d3a90486-25b8-4a04-a73a-a391b10c5b37_16-9-discover-aspect-ratio_default_0-1.jpg","type":"image\/jpeg"}],"author":"Ugt FGV Alicante","twitter_card":"summary_large_image","twitter_misc":{"Escrito por":"Ugt FGV Alicante","Tiempo de lectura":"2 minutos"},"schema":{"@context":"https:\/\/schema.org","@graph":[{"@type":"Article","@id":"https:\/\/ugtfgvalicante.com\/index.php\/2023\/02\/16\/fgv-recupera-el-servicio-del-tram-en-benidorm-tras-un-mes-cortado-por-las-obras-de-la-avenida-beniarda\/#article","isPartOf":{"@id":"https:\/\/ugtfgvalicante.com\/index.php\/2023\/02\/16\/fgv-recupera-el-servicio-del-tram-en-benidorm-tras-un-mes-cortado-por-las-obras-de-la-avenida-beniarda\/"},"author":{"name":"Ugt FGV Alicante","@id":"https:\/\/ugtfgvalicante.com\/#\/schema\/person\/a1375a9c1ef53e624aa79c34b93b62e8"},"headline":"FGV recupera el servicio del TRAM en Benidorm tras un mes cortado por las obras de la avenida Beniard\u00e1","datePublished":"2023-02-16T13:00:02+00:00","dateModified":"2023-02-16T13:00:04+00:00","mainEntityOfPage":{"@id":"https:\/\/ugtfgvalicante.com\/index.php\/2023\/02\/16\/fgv-recupera-el-servicio-del-tram-en-benidorm-tras-un-mes-cortado-por-las-obras-de-la-avenida-beniarda\/"},"wordCount":416,"publisher":{"@id":"https:\/\/ugtfgvalicante.com\/#organization"},"image":{"@id":"https:\/\/ugtfgvalicante.com\/index.php\/2023\/02\/16\/fgv-recupera-el-servicio-del-tram-en-benidorm-tras-un-mes-cortado-por-las-obras-de-la-avenida-beniarda\/#primaryimage"},"thumbnailUrl":"https:\/\/ugtfgvalicante.com\/wp-content\/uploads\/2023\/02\/d3a90486-25b8-4a04-a73a-a391b10c5b37_16-9-discover-aspect-ratio_default_0-1.jpg","articleSection":["Noticias prensa"],"inLanguage":"es"},{"@type":"WebPage","@id":"https:\/\/ugtfgvalicante.com\/index.php\/2023\/02\/16\/fgv-recupera-el-servicio-del-tram-en-benidorm-tras-un-mes-cortado-por-las-obras-de-la-avenida-beniarda\/","url":"https:\/\/ugtfgvalicante.com\/index.php\/2023\/02\/16\/fgv-recupera-el-servicio-del-tram-en-benidorm-tras-un-mes-cortado-por-las-obras-de-la-avenida-beniarda\/","name":"FGV recupera el servicio del TRAM en Benidorm tras un mes cortado por las obras de la avenida Beniard\u00e1 - FGV Alicante","isPartOf":{"@id":"https:\/\/ugtfgvalicante.com\/#website"},"primaryImageOfPage":{"@id":"https:\/\/ugtfgvalicante.com\/index.php\/2023\/02\/16\/fgv-recupera-el-servicio-del-tram-en-benidorm-tras-un-mes-cortado-por-las-obras-de-la-avenida-beniarda\/#primaryimage"},"image":{"@id":"https:\/\/ugtfgvalicante.com\/index.php\/2023\/02\/16\/fgv-recupera-el-servicio-del-tram-en-benidorm-tras-un-mes-cortado-por-las-obras-de-la-avenida-beniarda\/#primaryimage"},"thumbnailUrl":"https:\/\/ugtfgvalicante.com\/wp-content\/uploads\/2023\/02\/d3a90486-25b8-4a04-a73a-a391b10c5b37_16-9-discover-aspect-ratio_default_0-1.jpg","datePublished":"2023-02-16T13:00:02+00:00","dateModified":"2023-02-16T13:00:04+00:00","breadcrumb":{"@id":"https:\/\/ugtfgvalicante.com\/index.php\/2023\/02\/16\/fgv-recupera-el-servicio-del-tram-en-benidorm-tras-un-mes-cortado-por-las-obras-de-la-avenida-beniarda\/#breadcrumb"},"inLanguage":"es","potentialAction":[{"@type":"ReadAction","target":["https:\/\/ugtfgvalicante.com\/index.php\/2023\/02\/16\/fgv-recupera-el-servicio-del-tram-en-benidorm-tras-un-mes-cortado-por-las-obras-de-la-avenida-beniarda\/"]}]},{"@type":"ImageObject","inLanguage":"es","@id":"https:\/\/ugtfgvalicante.com\/index.php\/2023\/02\/16\/fgv-recupera-el-servicio-del-tram-en-benidorm-tras-un-mes-cortado-por-las-obras-de-la-avenida-beniarda\/#primaryimage","url":"https:\/\/ugtfgvalicante.com\/wp-content\/uploads\/2023\/02\/d3a90486-25b8-4a04-a73a-a391b10c5b37_16-9-discover-aspect-ratio_default_0-1.jpg","contentUrl":"https:\/\/ugtfgvalicante.com\/wp-content\/uploads\/2023\/02\/d3a90486-25b8-4a04-a73a-a391b10c5b37_16-9-discover-aspect-ratio_default_0-1.jpg","width":1200,"height":675},{"@type":"BreadcrumbList","@id":"https:\/\/ugtfgvalicante.com\/index.php\/2023\/02\/16\/fgv-recupera-el-servicio-del-tram-en-benidorm-tras-un-mes-cortado-por-las-obras-de-la-avenida-beniarda\/#breadcrumb","itemListElement":[{"@type":"ListItem","position":1,"name":"Portada","item":"https:\/\/ugtfgvalicante.com\/"},{"@type":"ListItem","position":2,"name":"FGV recupera el servicio del TRAM en Benidorm tras un mes cortado por las obras de la avenida Beniard\u00e1"}]},{"@type":"WebSite","@id":"https:\/\/ugtfgvalicante.com\/#website","url":"https:\/\/ugtfgvalicante.com\/","name":"FGV Alicante","description":"","publisher":{"@id":"https:\/\/ugtfgvalicante.com\/#organization"},"potentialAction":[{"@type":"SearchAction","target":{"@type":"EntryPoint","urlTemplate":"https:\/\/ugtfgvalicante.com\/?s={search_term_string}"},"query-input":{"@type":"PropertyValueSpecification","valueRequired":true,"valueName":"search_term_string"}}],"inLanguage":"es"},{"@type":"Organization","@id":"https:\/\/ugtfgvalicante.com\/#organization","name":"UGT FGV Alicante","url":"https:\/\/ugtfgvalicante.com\/","logo":{"@type":"ImageObject","inLanguage":"es","@id":"https:\/\/ugtfgvalicante.com\/#\/schema\/logo\/image\/","url":"https:\/\/ugtfgvalicante.com\/wp-content\/uploads\/2022\/10\/logo-ugt-web.png","contentUrl":"https:\/\/ugtfgvalicante.com\/wp-content\/uploads\/2022\/10\/logo-ugt-web.png","width":2283,"height":1126,"caption":"UGT FGV Alicante"},"image":{"@id":"https:\/\/ugtfgvalicante.com\/#\/schema\/logo\/image\/"},"sameAs":["https:\/\/es-es.facebook.com\/ugt.fgvalicante\/"]},{"@type":"Person","@id":"https:\/\/ugtfgvalicante.com\/#\/schema\/person\/a1375a9c1ef53e624aa79c34b93b62e8","name":"Ugt FGV Alicante","image":{"@type":"ImageObject","inLanguage":"es","@id":"https:\/\/ugtfgvalicante.com\/#\/schema\/person\/image\/","url":"https:\/\/secure.gravatar.com\/avatar\/ea41cd8456808460c6c0caa1a213c3c921573555df6b57a7ee2f16fb6f502866?s=96&d=mm&r=g","contentUrl":"https:\/\/secure.gravatar.com\/avatar\/ea41cd8456808460c6c0caa1a213c3c921573555df6b57a7ee2f16fb6f502866?s=96&d=mm&r=g","caption":"Ugt FGV Alicante"},"url":"https:\/\/ugtfgvalicante.com\/index.php\/author\/ggrau\/"}]}},"_links":{"self":[{"href":"https:\/\/ugtfgvalicante.com\/index.php\/wp-json\/wp\/v2\/posts\/361","targetHints":{"allow":["GET"]}}],"collection":[{"href":"https:\/\/ugtfgvalicante.com\/index.php\/wp-json\/wp\/v2\/posts"}],"about":[{"href":"https:\/\/ugtfgvalicante.com\/index.php\/wp-json\/wp\/v2\/types\/post"}],"author":[{"embeddable":true,"href":"https:\/\/ugtfgvalicante.com\/index.php\/wp-json\/wp\/v2\/users\/4"}],"replies":[{"embeddable":true,"href":"https:\/\/ugtfgvalicante.com\/index.php\/wp-json\/wp\/v2\/comments?post=361"}],"version-history":[{"count":1,"href":"https:\/\/ugtfgvalicante.com\/index.php\/wp-json\/wp\/v2\/posts\/361\/revisions"}],"predecessor-version":[{"id":363,"href":"https:\/\/ugtfgvalicante.com\/index.php\/wp-json\/wp\/v2\/posts\/361\/revisions\/363"}],"wp:featuredmedia":[{"embeddable":true,"href":"https:\/\/ugtfgvalicante.com\/index.php\/wp-json\/wp\/v2\/media\/362"}],"wp:attachment":[{"href":"https:\/\/ugtfgvalicante.com\/index.php\/wp-json\/wp\/v2\/media?parent=361"}],"wp:term":[{"taxonomy":"category","embeddable":true,"href":"https:\/\/ugtfgvalicante.com\/index.php\/wp-json\/wp\/v2\/categories?post=361"},{"taxonomy":"post_tag","embeddable":true,"href":"https:\/\/ugtfgvalicante.com\/index.php\/wp-json\/wp\/v2\/tags?post=361"}],"curies":[{"name":"wp","href":"https:\/\/api.w.org\/{rel}","templated":true}]}}