{"id":466,"date":"2023-08-07T11:34:48","date_gmt":"2023-08-07T11:34:48","guid":{"rendered":"https:\/\/ugtfgvalicante.com\/?p=466"},"modified":"2023-08-07T11:35:49","modified_gmt":"2023-08-07T11:35:49","slug":"la-puja-por-construir-la-estacion-de-tranvia-en-renfe-una-disputa-por-85-millones-de-diferencia","status":"publish","type":"post","link":"https:\/\/ugtfgvalicante.com\/index.php\/2023\/08\/07\/la-puja-por-construir-la-estacion-de-tranvia-en-renfe-una-disputa-por-85-millones-de-diferencia\/","title":{"rendered":"La puja por construir la estaci\u00f3n de tranv\u00eda en Renfe: una disputa por 8,5 millones de diferencia"},"content":{"rendered":"\n<h3 class=\"wp-block-heading\">PROPUESTAS ECON\u00d3MICAS DE LAS DIEZ CONSTRUCTORAS EN CONCURSO<br><\/h3>\n\n\n\n<p>ALICANTE. La pugna por alzarse con el&nbsp;<a href=\"https:\/\/alicanteplaza.es\/estacion-tram-renfe-alicante-obras\" rel=\"noreferrer noopener\" target=\"_blank\">megacontrato de construcci\u00f3n de la estaci\u00f3n de tranv\u00eda en Renfe<\/a>&nbsp;se decidir\u00e1 finalmente tras la baremaci\u00f3n de ofertas econ\u00f3micas&nbsp;<strong>distanciadas por 8,5 millones de euros entre la m\u00e1s onerosa y la que conllevar\u00eda un menor gasto p\u00fablico<\/strong>. As\u00ed se desprende a partir de la comprobaci\u00f3n de los precios ofertados por&nbsp;<strong>las diez constructoras en liza<\/strong>, sobre un concurso que part\u00eda con un presupuesto de&nbsp;<strong>132 millones<\/strong>&nbsp;(109,4, sin contabilizar impuestos).<\/p>\n\n\n\n<p>La oferta por el importe m\u00e1s elevado es, precisamente, la registrada por la alianza empresarial&nbsp;<strong>que hab\u00eda tomado ventaja tras el estudio de su propuesta t\u00e9cnica<\/strong>. Se trata de la UTE formada por&nbsp;<strong>FCC, COMSA y Bertol\u00edn<\/strong>&nbsp;que suma una puntuaci\u00f3n inicial de 40,8 sobre un m\u00e1ximo de 45 puntos posibles en la primera fase del proceso. En concreto, la entente formada entre las tres constructoras plantea un precio de m\u00e1s de 90,1 millones (90.173.831,93 euros) sin contabilizar impuestos.<\/p>\n\n\n\n<p>Por el contrario, la propuesta que plantea el precio menor es su inmediata seguidora tras la valoraci\u00f3n de los proyectos t\u00e9cnicos: una segunda UTE compuesta por&nbsp;<strong>Rover Infraestructuras, Rover Rail y German\u00eda de Instalaciones y Servicios<\/strong>&nbsp;que logr\u00f3 39 puntos en la primera fase de valoraci\u00f3n. En concreto, esa alianza empresarial sugiere un precio de 81,5 millones (81.518.000,00 euros). De ah\u00ed que, a falta de baremaci\u00f3n y asignaci\u00f3n de puntos (hasta un m\u00e1ximo de 55), pueda perfilarse como la propuesta mejor posicionada en el factor precio.<\/p>\n\n\n\n<p>Por su parte, la tercera propuesta que, provisionalmente, suma una mayor puntuaci\u00f3n -la de Dragados, CHM y Tecsa Empresa Constructora, con 38 puntos- plantea un precio de cerca de 89 millones (88.992.085,32); la cuarta posicionada hasta ahora, otra UTE formada por&nbsp;<strong>Obrasc\u00f3n Huarte y Torrescamara<\/strong>, con 36,70 puntos, concurre con un precio de m\u00e1s de 86 millones (86.398.808,02 euros); y la quinta,&nbsp;<strong>Copcisa, Becsa y Vialobra<\/strong>, con 36,30 puntos, oferta el segundo precio m\u00e1s bajo, de 83.324.078,40 euros.&nbsp;<\/p>\n\n\n\n<p><strong>V\u00edas y Construcciones, Azvi y Vareser 96<\/strong>, que figuraban en sexta posici\u00f3n provisional, plantean el tercer importe m\u00e1s reducido, por 85.107.640,42 euros; mientras que&nbsp;<strong>Sacyr Construcci\u00f3n, Obras y Servicios, Copasa y Contratas Vilor<\/strong>, ofrece un precio de 86.485.616,64 euros. La puja la cierran&nbsp;<strong>Acciona Construcci\u00f3n y Levantina, Ingenier\u00eda y Construcci\u00f3n<\/strong>, con m\u00e1s de 89,3 millones (89.386.000,85 euros);&nbsp;<strong>Aldesa Construcciones, Lantania y Mantenimiento de Estaciones<\/strong>, con 89.178.100,98 euros; y, por \u00faltimo,&nbsp;&nbsp;<strong>Ferrovial Construcci\u00f3n<\/strong>&nbsp;en solitario, con un precio de 85.897.943 euros.<\/p>\n\n\n\n<p>A partir de ahora, el concurso contin\u00faa pendiente de resoluci\u00f3n hasta que se disponga de<strong>&nbsp;una propuesta de clasificaci\u00f3n<\/strong>&nbsp;con la asignaci\u00f3n de los puntos que dependen de esa fase econ\u00f3mica&nbsp;<strong>sobre criterios autom\u00e1ticos&nbsp;<\/strong>con la previsi\u00f3n de que, previsiblemente, pueda cerrarse su adjudicaci\u00f3n en el margen de entre uno y dos meses.<\/p>\n\n\n\n<p>El licitador que resulte adjudicatario de las obras dispondr\u00e1 de&nbsp;<strong>un plazo de 52 meses&nbsp;<\/strong>(m\u00e1s de cuatro a\u00f1os) para concluir los trabajos de la que ser\u00e1&nbsp;<strong>la mayor estaci\u00f3n subterr\u00e1nea del conjunto de la red Tram<\/strong>. Tendr\u00e1 96 metros de longitud y 12 de anchura y alcanzar\u00e1 los 16 metros de profundidad. Adem\u00e1s,&nbsp;dispondr\u00e1 de&nbsp;<strong>tres niveles<\/strong>: acceso y conexi\u00f3n con la futura estaci\u00f3n de ferrocarril, vest\u00edbulo con establecimientos hosteleros y tornos y andenes.<\/p>\n\n\n\n<p>En este \u00faltimo nivel, el de los andenes, se presenta, adem\u00e1s, otra de sus principales novedades, ya que dispondr\u00e1 de\u00a0<strong>cuatro andenes<\/strong>. Es decir,\u00a0<strong>el doble de los existentes en las estaciones de Marq, Mercado y Luceros<\/strong>\u00a0para duplicar su capacidad operativa y servir como pivote sobre el que extender la creaci\u00f3n de nuevas l\u00edneas hacia los barros de la zona sur y noroeste de Alicante.<\/p>\n\n\n\n<p>Fuente: <a href=\"https:\/\/alicanteplaza.es\/puja-construccion-estacion-tranvia-renfe\">Alicanteplaza<\/a><\/p>\n\n\n\n<h3 class=\"wp-block-heading\"><br><\/h3>\n","protected":false},"excerpt":{"rendered":"<div class=\"mh-excerpt\"><p>PROPUESTAS ECON\u00d3MICAS DE LAS DIEZ CONSTRUCTORAS EN CONCURSO ALICANTE. La pugna por alzarse con el&nbsp;megacontrato de construcci\u00f3n de la estaci\u00f3n de tranv\u00eda en Renfe&nbsp;se decidir\u00e1 <a class=\"mh-excerpt-more\" href=\"https:\/\/ugtfgvalicante.com\/index.php\/2023\/08\/07\/la-puja-por-construir-la-estacion-de-tranvia-en-renfe-una-disputa-por-85-millones-de-diferencia\/\" title=\"La puja por construir la estaci\u00f3n de tranv\u00eda en Renfe: una disputa por 8,5 millones de diferencia\">[&#8230;]<\/a><\/p>\n<\/div>","protected":false},"author":4,"featured_media":467,"comment_status":"closed","ping_status":"closed","sticky":false,"template":"","format":"standard","meta":{"footnotes":""},"categories":[5],"tags":[],"class_list":["post-466","post","type-post","status-publish","format-standard","has-post-thumbnail","hentry","category-noticias-prensa"],"yoast_head":"<!-- This site is optimized with the Yoast SEO plugin v26.6 - https:\/\/yoast.com\/wordpress\/plugins\/seo\/ -->\n<title>La puja por construir la estaci\u00f3n de tranv\u00eda en Renfe: una disputa por 8,5 millones de diferencia - FGV Alicante<\/title>\n<meta name=\"robots\" content=\"index, follow, max-snippet:-1, max-image-preview:large, max-video-preview:-1\" \/>\n<link rel=\"canonical\" href=\"https:\/\/ugtfgvalicante.com\/index.php\/2023\/08\/07\/la-puja-por-construir-la-estacion-de-tranvia-en-renfe-una-disputa-por-85-millones-de-diferencia\/\" \/>\n<meta property=\"og:locale\" content=\"es_ES\" \/>\n<meta property=\"og:type\" content=\"article\" \/>\n<meta property=\"og:title\" content=\"La puja por construir la estaci\u00f3n de tranv\u00eda en Renfe: una disputa por 8,5 millones de diferencia - FGV Alicante\" \/>\n<meta property=\"og:description\" content=\"PROPUESTAS ECON\u00d3MICAS DE LAS DIEZ CONSTRUCTORAS EN CONCURSO ALICANTE. La pugna por alzarse con el&nbsp;megacontrato de construcci\u00f3n de la estaci\u00f3n de tranv\u00eda en Renfe&nbsp;se decidir\u00e1 [...]\" \/>\n<meta property=\"og:url\" content=\"https:\/\/ugtfgvalicante.com\/index.php\/2023\/08\/07\/la-puja-por-construir-la-estacion-de-tranvia-en-renfe-una-disputa-por-85-millones-de-diferencia\/\" \/>\n<meta property=\"og:site_name\" content=\"FGV Alicante\" \/>\n<meta property=\"article:publisher\" content=\"https:\/\/es-es.facebook.com\/ugt.fgvalicante\/\" \/>\n<meta property=\"article:published_time\" content=\"2023-08-07T11:34:48+00:00\" \/>\n<meta property=\"article:modified_time\" content=\"2023-08-07T11:35:49+00:00\" \/>\n<meta property=\"og:image\" content=\"https:\/\/ugtfgvalicante.com\/wp-content\/uploads\/2023\/08\/estacion-tram2_NoticiaAmpliada.jpg\" \/>\n\t<meta property=\"og:image:width\" content=\"768\" \/>\n\t<meta property=\"og:image:height\" content=\"503\" \/>\n\t<meta property=\"og:image:type\" content=\"image\/jpeg\" \/>\n<meta name=\"author\" content=\"Ugt FGV Alicante\" \/>\n<meta name=\"twitter:card\" content=\"summary_large_image\" \/>\n<meta name=\"twitter:label1\" content=\"Escrito por\" \/>\n\t<meta name=\"twitter:data1\" content=\"Ugt FGV Alicante\" \/>\n\t<meta name=\"twitter:label2\" content=\"Tiempo de lectura\" \/>\n\t<meta name=\"twitter:data2\" content=\"3 minutos\" \/>\n<script type=\"application\/ld+json\" class=\"yoast-schema-graph\">{\"@context\":\"https:\/\/schema.org\",\"@graph\":[{\"@type\":\"Article\",\"@id\":\"https:\/\/ugtfgvalicante.com\/index.php\/2023\/08\/07\/la-puja-por-construir-la-estacion-de-tranvia-en-renfe-una-disputa-por-85-millones-de-diferencia\/#article\",\"isPartOf\":{\"@id\":\"https:\/\/ugtfgvalicante.com\/index.php\/2023\/08\/07\/la-puja-por-construir-la-estacion-de-tranvia-en-renfe-una-disputa-por-85-millones-de-diferencia\/\"},\"author\":{\"name\":\"Ugt FGV Alicante\",\"@id\":\"https:\/\/ugtfgvalicante.com\/#\/schema\/person\/a1375a9c1ef53e624aa79c34b93b62e8\"},\"headline\":\"La puja por construir la estaci\u00f3n de tranv\u00eda en Renfe: una disputa por 8,5 millones de diferencia\",\"datePublished\":\"2023-08-07T11:34:48+00:00\",\"dateModified\":\"2023-08-07T11:35:49+00:00\",\"mainEntityOfPage\":{\"@id\":\"https:\/\/ugtfgvalicante.com\/index.php\/2023\/08\/07\/la-puja-por-construir-la-estacion-de-tranvia-en-renfe-una-disputa-por-85-millones-de-diferencia\/\"},\"wordCount\":678,\"publisher\":{\"@id\":\"https:\/\/ugtfgvalicante.com\/#organization\"},\"image\":{\"@id\":\"https:\/\/ugtfgvalicante.com\/index.php\/2023\/08\/07\/la-puja-por-construir-la-estacion-de-tranvia-en-renfe-una-disputa-por-85-millones-de-diferencia\/#primaryimage\"},\"thumbnailUrl\":\"https:\/\/ugtfgvalicante.com\/wp-content\/uploads\/2023\/08\/estacion-tram2_NoticiaAmpliada.jpg\",\"articleSection\":[\"Noticias prensa\"],\"inLanguage\":\"es\"},{\"@type\":\"WebPage\",\"@id\":\"https:\/\/ugtfgvalicante.com\/index.php\/2023\/08\/07\/la-puja-por-construir-la-estacion-de-tranvia-en-renfe-una-disputa-por-85-millones-de-diferencia\/\",\"url\":\"https:\/\/ugtfgvalicante.com\/index.php\/2023\/08\/07\/la-puja-por-construir-la-estacion-de-tranvia-en-renfe-una-disputa-por-85-millones-de-diferencia\/\",\"name\":\"La puja por construir la estaci\u00f3n de tranv\u00eda en Renfe: una disputa por 8,5 millones de diferencia - FGV Alicante\",\"isPartOf\":{\"@id\":\"https:\/\/ugtfgvalicante.com\/#website\"},\"primaryImageOfPage\":{\"@id\":\"https:\/\/ugtfgvalicante.com\/index.php\/2023\/08\/07\/la-puja-por-construir-la-estacion-de-tranvia-en-renfe-una-disputa-por-85-millones-de-diferencia\/#primaryimage\"},\"image\":{\"@id\":\"https:\/\/ugtfgvalicante.com\/index.php\/2023\/08\/07\/la-puja-por-construir-la-estacion-de-tranvia-en-renfe-una-disputa-por-85-millones-de-diferencia\/#primaryimage\"},\"thumbnailUrl\":\"https:\/\/ugtfgvalicante.com\/wp-content\/uploads\/2023\/08\/estacion-tram2_NoticiaAmpliada.jpg\",\"datePublished\":\"2023-08-07T11:34:48+00:00\",\"dateModified\":\"2023-08-07T11:35:49+00:00\",\"breadcrumb\":{\"@id\":\"https:\/\/ugtfgvalicante.com\/index.php\/2023\/08\/07\/la-puja-por-construir-la-estacion-de-tranvia-en-renfe-una-disputa-por-85-millones-de-diferencia\/#breadcrumb\"},\"inLanguage\":\"es\",\"potentialAction\":[{\"@type\":\"ReadAction\",\"target\":[\"https:\/\/ugtfgvalicante.com\/index.php\/2023\/08\/07\/la-puja-por-construir-la-estacion-de-tranvia-en-renfe-una-disputa-por-85-millones-de-diferencia\/\"]}]},{\"@type\":\"ImageObject\",\"inLanguage\":\"es\",\"@id\":\"https:\/\/ugtfgvalicante.com\/index.php\/2023\/08\/07\/la-puja-por-construir-la-estacion-de-tranvia-en-renfe-una-disputa-por-85-millones-de-diferencia\/#primaryimage\",\"url\":\"https:\/\/ugtfgvalicante.com\/wp-content\/uploads\/2023\/08\/estacion-tram2_NoticiaAmpliada.jpg\",\"contentUrl\":\"https:\/\/ugtfgvalicante.com\/wp-content\/uploads\/2023\/08\/estacion-tram2_NoticiaAmpliada.jpg\",\"width\":768,\"height\":503},{\"@type\":\"BreadcrumbList\",\"@id\":\"https:\/\/ugtfgvalicante.com\/index.php\/2023\/08\/07\/la-puja-por-construir-la-estacion-de-tranvia-en-renfe-una-disputa-por-85-millones-de-diferencia\/#breadcrumb\",\"itemListElement\":[{\"@type\":\"ListItem\",\"position\":1,\"name\":\"Portada\",\"item\":\"https:\/\/ugtfgvalicante.com\/\"},{\"@type\":\"ListItem\",\"position\":2,\"name\":\"La puja por construir la estaci\u00f3n de tranv\u00eda en Renfe: una disputa por 8,5 millones de diferencia\"}]},{\"@type\":\"WebSite\",\"@id\":\"https:\/\/ugtfgvalicante.com\/#website\",\"url\":\"https:\/\/ugtfgvalicante.com\/\",\"name\":\"FGV Alicante\",\"description\":\"\",\"publisher\":{\"@id\":\"https:\/\/ugtfgvalicante.com\/#organization\"},\"potentialAction\":[{\"@type\":\"SearchAction\",\"target\":{\"@type\":\"EntryPoint\",\"urlTemplate\":\"https:\/\/ugtfgvalicante.com\/?s={search_term_string}\"},\"query-input\":{\"@type\":\"PropertyValueSpecification\",\"valueRequired\":true,\"valueName\":\"search_term_string\"}}],\"inLanguage\":\"es\"},{\"@type\":\"Organization\",\"@id\":\"https:\/\/ugtfgvalicante.com\/#organization\",\"name\":\"UGT FGV Alicante\",\"url\":\"https:\/\/ugtfgvalicante.com\/\",\"logo\":{\"@type\":\"ImageObject\",\"inLanguage\":\"es\",\"@id\":\"https:\/\/ugtfgvalicante.com\/#\/schema\/logo\/image\/\",\"url\":\"https:\/\/ugtfgvalicante.com\/wp-content\/uploads\/2022\/10\/logo-ugt-web.png\",\"contentUrl\":\"https:\/\/ugtfgvalicante.com\/wp-content\/uploads\/2022\/10\/logo-ugt-web.png\",\"width\":2283,\"height\":1126,\"caption\":\"UGT FGV Alicante\"},\"image\":{\"@id\":\"https:\/\/ugtfgvalicante.com\/#\/schema\/logo\/image\/\"},\"sameAs\":[\"https:\/\/es-es.facebook.com\/ugt.fgvalicante\/\"]},{\"@type\":\"Person\",\"@id\":\"https:\/\/ugtfgvalicante.com\/#\/schema\/person\/a1375a9c1ef53e624aa79c34b93b62e8\",\"name\":\"Ugt FGV Alicante\",\"image\":{\"@type\":\"ImageObject\",\"inLanguage\":\"es\",\"@id\":\"https:\/\/ugtfgvalicante.com\/#\/schema\/person\/image\/\",\"url\":\"https:\/\/secure.gravatar.com\/avatar\/ea41cd8456808460c6c0caa1a213c3c921573555df6b57a7ee2f16fb6f502866?s=96&d=mm&r=g\",\"contentUrl\":\"https:\/\/secure.gravatar.com\/avatar\/ea41cd8456808460c6c0caa1a213c3c921573555df6b57a7ee2f16fb6f502866?s=96&d=mm&r=g\",\"caption\":\"Ugt FGV Alicante\"},\"url\":\"https:\/\/ugtfgvalicante.com\/index.php\/author\/ggrau\/\"}]}<\/script>\n<!-- \/ Yoast SEO plugin. -->","yoast_head_json":{"title":"La puja por construir la estaci\u00f3n de tranv\u00eda en Renfe: una disputa por 8,5 millones de diferencia - FGV Alicante","robots":{"index":"index","follow":"follow","max-snippet":"max-snippet:-1","max-image-preview":"max-image-preview:large","max-video-preview":"max-video-preview:-1"},"canonical":"https:\/\/ugtfgvalicante.com\/index.php\/2023\/08\/07\/la-puja-por-construir-la-estacion-de-tranvia-en-renfe-una-disputa-por-85-millones-de-diferencia\/","og_locale":"es_ES","og_type":"article","og_title":"La puja por construir la estaci\u00f3n de tranv\u00eda en Renfe: una disputa por 8,5 millones de diferencia - FGV Alicante","og_description":"PROPUESTAS ECON\u00d3MICAS DE LAS DIEZ CONSTRUCTORAS EN CONCURSO ALICANTE. La pugna por alzarse con el&nbsp;megacontrato de construcci\u00f3n de la estaci\u00f3n de tranv\u00eda en Renfe&nbsp;se decidir\u00e1 [...]","og_url":"https:\/\/ugtfgvalicante.com\/index.php\/2023\/08\/07\/la-puja-por-construir-la-estacion-de-tranvia-en-renfe-una-disputa-por-85-millones-de-diferencia\/","og_site_name":"FGV Alicante","article_publisher":"https:\/\/es-es.facebook.com\/ugt.fgvalicante\/","article_published_time":"2023-08-07T11:34:48+00:00","article_modified_time":"2023-08-07T11:35:49+00:00","og_image":[{"width":768,"height":503,"url":"https:\/\/ugtfgvalicante.com\/wp-content\/uploads\/2023\/08\/estacion-tram2_NoticiaAmpliada.jpg","type":"image\/jpeg"}],"author":"Ugt FGV Alicante","twitter_card":"summary_large_image","twitter_misc":{"Escrito por":"Ugt FGV Alicante","Tiempo de lectura":"3 minutos"},"schema":{"@context":"https:\/\/schema.org","@graph":[{"@type":"Article","@id":"https:\/\/ugtfgvalicante.com\/index.php\/2023\/08\/07\/la-puja-por-construir-la-estacion-de-tranvia-en-renfe-una-disputa-por-85-millones-de-diferencia\/#article","isPartOf":{"@id":"https:\/\/ugtfgvalicante.com\/index.php\/2023\/08\/07\/la-puja-por-construir-la-estacion-de-tranvia-en-renfe-una-disputa-por-85-millones-de-diferencia\/"},"author":{"name":"Ugt FGV Alicante","@id":"https:\/\/ugtfgvalicante.com\/#\/schema\/person\/a1375a9c1ef53e624aa79c34b93b62e8"},"headline":"La puja por construir la estaci\u00f3n de tranv\u00eda en Renfe: una disputa por 8,5 millones de diferencia","datePublished":"2023-08-07T11:34:48+00:00","dateModified":"2023-08-07T11:35:49+00:00","mainEntityOfPage":{"@id":"https:\/\/ugtfgvalicante.com\/index.php\/2023\/08\/07\/la-puja-por-construir-la-estacion-de-tranvia-en-renfe-una-disputa-por-85-millones-de-diferencia\/"},"wordCount":678,"publisher":{"@id":"https:\/\/ugtfgvalicante.com\/#organization"},"image":{"@id":"https:\/\/ugtfgvalicante.com\/index.php\/2023\/08\/07\/la-puja-por-construir-la-estacion-de-tranvia-en-renfe-una-disputa-por-85-millones-de-diferencia\/#primaryimage"},"thumbnailUrl":"https:\/\/ugtfgvalicante.com\/wp-content\/uploads\/2023\/08\/estacion-tram2_NoticiaAmpliada.jpg","articleSection":["Noticias prensa"],"inLanguage":"es"},{"@type":"WebPage","@id":"https:\/\/ugtfgvalicante.com\/index.php\/2023\/08\/07\/la-puja-por-construir-la-estacion-de-tranvia-en-renfe-una-disputa-por-85-millones-de-diferencia\/","url":"https:\/\/ugtfgvalicante.com\/index.php\/2023\/08\/07\/la-puja-por-construir-la-estacion-de-tranvia-en-renfe-una-disputa-por-85-millones-de-diferencia\/","name":"La puja por construir la estaci\u00f3n de tranv\u00eda en Renfe: una disputa por 8,5 millones de diferencia - FGV Alicante","isPartOf":{"@id":"https:\/\/ugtfgvalicante.com\/#website"},"primaryImageOfPage":{"@id":"https:\/\/ugtfgvalicante.com\/index.php\/2023\/08\/07\/la-puja-por-construir-la-estacion-de-tranvia-en-renfe-una-disputa-por-85-millones-de-diferencia\/#primaryimage"},"image":{"@id":"https:\/\/ugtfgvalicante.com\/index.php\/2023\/08\/07\/la-puja-por-construir-la-estacion-de-tranvia-en-renfe-una-disputa-por-85-millones-de-diferencia\/#primaryimage"},"thumbnailUrl":"https:\/\/ugtfgvalicante.com\/wp-content\/uploads\/2023\/08\/estacion-tram2_NoticiaAmpliada.jpg","datePublished":"2023-08-07T11:34:48+00:00","dateModified":"2023-08-07T11:35:49+00:00","breadcrumb":{"@id":"https:\/\/ugtfgvalicante.com\/index.php\/2023\/08\/07\/la-puja-por-construir-la-estacion-de-tranvia-en-renfe-una-disputa-por-85-millones-de-diferencia\/#breadcrumb"},"inLanguage":"es","potentialAction":[{"@type":"ReadAction","target":["https:\/\/ugtfgvalicante.com\/index.php\/2023\/08\/07\/la-puja-por-construir-la-estacion-de-tranvia-en-renfe-una-disputa-por-85-millones-de-diferencia\/"]}]},{"@type":"ImageObject","inLanguage":"es","@id":"https:\/\/ugtfgvalicante.com\/index.php\/2023\/08\/07\/la-puja-por-construir-la-estacion-de-tranvia-en-renfe-una-disputa-por-85-millones-de-diferencia\/#primaryimage","url":"https:\/\/ugtfgvalicante.com\/wp-content\/uploads\/2023\/08\/estacion-tram2_NoticiaAmpliada.jpg","contentUrl":"https:\/\/ugtfgvalicante.com\/wp-content\/uploads\/2023\/08\/estacion-tram2_NoticiaAmpliada.jpg","width":768,"height":503},{"@type":"BreadcrumbList","@id":"https:\/\/ugtfgvalicante.com\/index.php\/2023\/08\/07\/la-puja-por-construir-la-estacion-de-tranvia-en-renfe-una-disputa-por-85-millones-de-diferencia\/#breadcrumb","itemListElement":[{"@type":"ListItem","position":1,"name":"Portada","item":"https:\/\/ugtfgvalicante.com\/"},{"@type":"ListItem","position":2,"name":"La puja por construir la estaci\u00f3n de tranv\u00eda en Renfe: una disputa por 8,5 millones de diferencia"}]},{"@type":"WebSite","@id":"https:\/\/ugtfgvalicante.com\/#website","url":"https:\/\/ugtfgvalicante.com\/","name":"FGV Alicante","description":"","publisher":{"@id":"https:\/\/ugtfgvalicante.com\/#organization"},"potentialAction":[{"@type":"SearchAction","target":{"@type":"EntryPoint","urlTemplate":"https:\/\/ugtfgvalicante.com\/?s={search_term_string}"},"query-input":{"@type":"PropertyValueSpecification","valueRequired":true,"valueName":"search_term_string"}}],"inLanguage":"es"},{"@type":"Organization","@id":"https:\/\/ugtfgvalicante.com\/#organization","name":"UGT FGV Alicante","url":"https:\/\/ugtfgvalicante.com\/","logo":{"@type":"ImageObject","inLanguage":"es","@id":"https:\/\/ugtfgvalicante.com\/#\/schema\/logo\/image\/","url":"https:\/\/ugtfgvalicante.com\/wp-content\/uploads\/2022\/10\/logo-ugt-web.png","contentUrl":"https:\/\/ugtfgvalicante.com\/wp-content\/uploads\/2022\/10\/logo-ugt-web.png","width":2283,"height":1126,"caption":"UGT FGV Alicante"},"image":{"@id":"https:\/\/ugtfgvalicante.com\/#\/schema\/logo\/image\/"},"sameAs":["https:\/\/es-es.facebook.com\/ugt.fgvalicante\/"]},{"@type":"Person","@id":"https:\/\/ugtfgvalicante.com\/#\/schema\/person\/a1375a9c1ef53e624aa79c34b93b62e8","name":"Ugt FGV Alicante","image":{"@type":"ImageObject","inLanguage":"es","@id":"https:\/\/ugtfgvalicante.com\/#\/schema\/person\/image\/","url":"https:\/\/secure.gravatar.com\/avatar\/ea41cd8456808460c6c0caa1a213c3c921573555df6b57a7ee2f16fb6f502866?s=96&d=mm&r=g","contentUrl":"https:\/\/secure.gravatar.com\/avatar\/ea41cd8456808460c6c0caa1a213c3c921573555df6b57a7ee2f16fb6f502866?s=96&d=mm&r=g","caption":"Ugt FGV Alicante"},"url":"https:\/\/ugtfgvalicante.com\/index.php\/author\/ggrau\/"}]}},"_links":{"self":[{"href":"https:\/\/ugtfgvalicante.com\/index.php\/wp-json\/wp\/v2\/posts\/466","targetHints":{"allow":["GET"]}}],"collection":[{"href":"https:\/\/ugtfgvalicante.com\/index.php\/wp-json\/wp\/v2\/posts"}],"about":[{"href":"https:\/\/ugtfgvalicante.com\/index.php\/wp-json\/wp\/v2\/types\/post"}],"author":[{"embeddable":true,"href":"https:\/\/ugtfgvalicante.com\/index.php\/wp-json\/wp\/v2\/users\/4"}],"replies":[{"embeddable":true,"href":"https:\/\/ugtfgvalicante.com\/index.php\/wp-json\/wp\/v2\/comments?post=466"}],"version-history":[{"count":2,"href":"https:\/\/ugtfgvalicante.com\/index.php\/wp-json\/wp\/v2\/posts\/466\/revisions"}],"predecessor-version":[{"id":469,"href":"https:\/\/ugtfgvalicante.com\/index.php\/wp-json\/wp\/v2\/posts\/466\/revisions\/469"}],"wp:featuredmedia":[{"embeddable":true,"href":"https:\/\/ugtfgvalicante.com\/index.php\/wp-json\/wp\/v2\/media\/467"}],"wp:attachment":[{"href":"https:\/\/ugtfgvalicante.com\/index.php\/wp-json\/wp\/v2\/media?parent=466"}],"wp:term":[{"taxonomy":"category","embeddable":true,"href":"https:\/\/ugtfgvalicante.com\/index.php\/wp-json\/wp\/v2\/categories?post=466"},{"taxonomy":"post_tag","embeddable":true,"href":"https:\/\/ugtfgvalicante.com\/index.php\/wp-json\/wp\/v2\/tags?post=466"}],"curies":[{"name":"wp","href":"https:\/\/api.w.org\/{rel}","templated":true}]}}