{"id":583,"date":"2023-12-20T19:01:40","date_gmt":"2023-12-20T19:01:40","guid":{"rendered":"https:\/\/ugtfgvalicante.com\/?p=583"},"modified":"2023-12-21T08:18:00","modified_gmt":"2023-12-21T08:18:00","slug":"inicio-plazo-de-inscripcion-al-proceso-de-seleccion-porsistema-de-concurso-oposicion-para-cobertura-de-puestos-de-trabajo-de-mantenimiento","status":"publish","type":"post","link":"https:\/\/ugtfgvalicante.com\/index.php\/2023\/12\/20\/inicio-plazo-de-inscripcion-al-proceso-de-seleccion-porsistema-de-concurso-oposicion-para-cobertura-de-puestos-de-trabajo-de-mantenimiento\/","title":{"rendered":"Inicio plazo de inscripci\u00f3n al proceso de selecci\u00f3n por Sistema de Concurso- Oposici\u00f3n para Cobertura de Puestos de trabajo de Mantenimiento"},"content":{"rendered":"\n<p>ASUNTO: Inicio plazo de inscripci\u00f3n al proceso de selecci\u00f3n por sistema de Concurso- Oposici\u00f3n para Cobertura de Puestos de trabajo de Mantenimiento correspondientes a las Ofertas de Empleo P\u00fablico de Ferrocarrils de la Generalitat Valenciana de los a\u00f1os 2018,2021 y 2022<\/p>\n\n\n\n<p>Se informa a todo el personal de que el plazo de presentaci\u00f3n de solicitudes para la inscripci\u00f3n al Concurso-Oposici\u00f3n correspondiente a las ofertas de  empleo p\u00fablico de FGV de los a\u00f1os 2018, 2021 y 2022 se realizar\u00e1 en elsiguiente periodo:<\/p>\n\n\n\n<p><br>&#8211; Inicio: Mi\u00e9rcoles 20 de diciembre de 2023 a las 14:00 horas<br>&#8211; Fin: Viernes 29 de diciembre de 2023 a las 13:59 horas<\/p>\n\n\n\n<p>La inscripci\u00f3n ser\u00e1 \u00fanicamente telem\u00e1tica, desde la p\u00e1gina web de FGV (<a href=\"https:\/\/www.fgv.es\/la-empresa\/trabaja-con-nosotros\/convocatorias\" target=\"_blank\" rel=\"noreferrer noopener\">https:\/\/www.fgv.es\/la-empresa\/trabaja-con-nosotros\/convocatorias<\/a>) a trav\u00e9s del cual se acceder\u00e1 al formulario de inscripci\u00f3n.<\/p>\n\n\n\n<p><\/p>\n","protected":false},"excerpt":{"rendered":"<div class=\"mh-excerpt\"><p>ASUNTO: Inicio plazo de inscripci\u00f3n al proceso de selecci\u00f3n por sistema de Concurso- Oposici\u00f3n para Cobertura de Puestos de trabajo de Mantenimiento correspondientes a las <a class=\"mh-excerpt-more\" href=\"https:\/\/ugtfgvalicante.com\/index.php\/2023\/12\/20\/inicio-plazo-de-inscripcion-al-proceso-de-seleccion-porsistema-de-concurso-oposicion-para-cobertura-de-puestos-de-trabajo-de-mantenimiento\/\" title=\"Inicio plazo de inscripci\u00f3n al proceso de selecci\u00f3n por Sistema de Concurso- Oposici\u00f3n para Cobertura de Puestos de trabajo de Mantenimiento\">[&#8230;]<\/a><\/p>\n<\/div>","protected":false},"author":4,"featured_media":584,"comment_status":"closed","ping_status":"closed","sticky":false,"template":"","format":"standard","meta":{"footnotes":""},"categories":[6],"tags":[],"class_list":["post-583","post","type-post","status-publish","format-standard","has-post-thumbnail","hentry","category-ugt-fgv-alicante"],"yoast_head":"<!-- This site is optimized with the Yoast SEO plugin v26.6 - https:\/\/yoast.com\/wordpress\/plugins\/seo\/ -->\n<title>Inicio plazo de inscripci\u00f3n al proceso de selecci\u00f3n por Sistema de Concurso- Oposici\u00f3n para Cobertura de Puestos de trabajo de Mantenimiento - FGV Alicante<\/title>\n<meta name=\"robots\" content=\"index, follow, max-snippet:-1, max-image-preview:large, max-video-preview:-1\" \/>\n<link rel=\"canonical\" href=\"https:\/\/ugtfgvalicante.com\/index.php\/2023\/12\/20\/inicio-plazo-de-inscripcion-al-proceso-de-seleccion-porsistema-de-concurso-oposicion-para-cobertura-de-puestos-de-trabajo-de-mantenimiento\/\" \/>\n<meta property=\"og:locale\" content=\"es_ES\" \/>\n<meta property=\"og:type\" content=\"article\" \/>\n<meta property=\"og:title\" content=\"Inicio plazo de inscripci\u00f3n al proceso de selecci\u00f3n por Sistema de Concurso- Oposici\u00f3n para Cobertura de Puestos de trabajo de Mantenimiento - FGV Alicante\" \/>\n<meta property=\"og:description\" content=\"ASUNTO: Inicio plazo de inscripci\u00f3n al proceso de selecci\u00f3n por sistema de Concurso- Oposici\u00f3n para Cobertura de Puestos de trabajo de Mantenimiento correspondientes a las [...]\" \/>\n<meta property=\"og:url\" content=\"https:\/\/ugtfgvalicante.com\/index.php\/2023\/12\/20\/inicio-plazo-de-inscripcion-al-proceso-de-seleccion-porsistema-de-concurso-oposicion-para-cobertura-de-puestos-de-trabajo-de-mantenimiento\/\" \/>\n<meta property=\"og:site_name\" content=\"FGV Alicante\" \/>\n<meta property=\"article:publisher\" content=\"https:\/\/es-es.facebook.com\/ugt.fgvalicante\/\" \/>\n<meta property=\"article:published_time\" content=\"2023-12-20T19:01:40+00:00\" \/>\n<meta property=\"article:modified_time\" content=\"2023-12-21T08:18:00+00:00\" \/>\n<meta property=\"og:image\" content=\"https:\/\/ugtfgvalicante.com\/wp-content\/uploads\/2023\/12\/IMG_20210322_213611-scaled.jpg\" \/>\n\t<meta property=\"og:image:width\" content=\"2560\" \/>\n\t<meta property=\"og:image:height\" content=\"1920\" \/>\n\t<meta property=\"og:image:type\" content=\"image\/jpeg\" \/>\n<meta name=\"author\" content=\"Ugt FGV Alicante\" \/>\n<meta name=\"twitter:card\" content=\"summary_large_image\" \/>\n<meta name=\"twitter:label1\" content=\"Escrito por\" \/>\n\t<meta name=\"twitter:data1\" content=\"Ugt FGV Alicante\" \/>\n\t<meta name=\"twitter:label2\" content=\"Tiempo de lectura\" \/>\n\t<meta name=\"twitter:data2\" content=\"1 minuto\" \/>\n<script type=\"application\/ld+json\" class=\"yoast-schema-graph\">{\"@context\":\"https:\/\/schema.org\",\"@graph\":[{\"@type\":\"Article\",\"@id\":\"https:\/\/ugtfgvalicante.com\/index.php\/2023\/12\/20\/inicio-plazo-de-inscripcion-al-proceso-de-seleccion-porsistema-de-concurso-oposicion-para-cobertura-de-puestos-de-trabajo-de-mantenimiento\/#article\",\"isPartOf\":{\"@id\":\"https:\/\/ugtfgvalicante.com\/index.php\/2023\/12\/20\/inicio-plazo-de-inscripcion-al-proceso-de-seleccion-porsistema-de-concurso-oposicion-para-cobertura-de-puestos-de-trabajo-de-mantenimiento\/\"},\"author\":{\"name\":\"Ugt FGV Alicante\",\"@id\":\"https:\/\/ugtfgvalicante.com\/#\/schema\/person\/a1375a9c1ef53e624aa79c34b93b62e8\"},\"headline\":\"Inicio plazo de inscripci\u00f3n al proceso de selecci\u00f3n por Sistema de Concurso- Oposici\u00f3n para Cobertura de Puestos de trabajo de Mantenimiento\",\"datePublished\":\"2023-12-20T19:01:40+00:00\",\"dateModified\":\"2023-12-21T08:18:00+00:00\",\"mainEntityOfPage\":{\"@id\":\"https:\/\/ugtfgvalicante.com\/index.php\/2023\/12\/20\/inicio-plazo-de-inscripcion-al-proceso-de-seleccion-porsistema-de-concurso-oposicion-para-cobertura-de-puestos-de-trabajo-de-mantenimiento\/\"},\"wordCount\":161,\"publisher\":{\"@id\":\"https:\/\/ugtfgvalicante.com\/#organization\"},\"image\":{\"@id\":\"https:\/\/ugtfgvalicante.com\/index.php\/2023\/12\/20\/inicio-plazo-de-inscripcion-al-proceso-de-seleccion-porsistema-de-concurso-oposicion-para-cobertura-de-puestos-de-trabajo-de-mantenimiento\/#primaryimage\"},\"thumbnailUrl\":\"https:\/\/ugtfgvalicante.com\/wp-content\/uploads\/2023\/12\/IMG_20210322_213611-scaled.jpg\",\"articleSection\":[\"UGT FGV ALICANTE\"],\"inLanguage\":\"es\"},{\"@type\":\"WebPage\",\"@id\":\"https:\/\/ugtfgvalicante.com\/index.php\/2023\/12\/20\/inicio-plazo-de-inscripcion-al-proceso-de-seleccion-porsistema-de-concurso-oposicion-para-cobertura-de-puestos-de-trabajo-de-mantenimiento\/\",\"url\":\"https:\/\/ugtfgvalicante.com\/index.php\/2023\/12\/20\/inicio-plazo-de-inscripcion-al-proceso-de-seleccion-porsistema-de-concurso-oposicion-para-cobertura-de-puestos-de-trabajo-de-mantenimiento\/\",\"name\":\"Inicio plazo de inscripci\u00f3n al proceso de selecci\u00f3n por Sistema de Concurso- Oposici\u00f3n para Cobertura de Puestos de trabajo de Mantenimiento - FGV Alicante\",\"isPartOf\":{\"@id\":\"https:\/\/ugtfgvalicante.com\/#website\"},\"primaryImageOfPage\":{\"@id\":\"https:\/\/ugtfgvalicante.com\/index.php\/2023\/12\/20\/inicio-plazo-de-inscripcion-al-proceso-de-seleccion-porsistema-de-concurso-oposicion-para-cobertura-de-puestos-de-trabajo-de-mantenimiento\/#primaryimage\"},\"image\":{\"@id\":\"https:\/\/ugtfgvalicante.com\/index.php\/2023\/12\/20\/inicio-plazo-de-inscripcion-al-proceso-de-seleccion-porsistema-de-concurso-oposicion-para-cobertura-de-puestos-de-trabajo-de-mantenimiento\/#primaryimage\"},\"thumbnailUrl\":\"https:\/\/ugtfgvalicante.com\/wp-content\/uploads\/2023\/12\/IMG_20210322_213611-scaled.jpg\",\"datePublished\":\"2023-12-20T19:01:40+00:00\",\"dateModified\":\"2023-12-21T08:18:00+00:00\",\"breadcrumb\":{\"@id\":\"https:\/\/ugtfgvalicante.com\/index.php\/2023\/12\/20\/inicio-plazo-de-inscripcion-al-proceso-de-seleccion-porsistema-de-concurso-oposicion-para-cobertura-de-puestos-de-trabajo-de-mantenimiento\/#breadcrumb\"},\"inLanguage\":\"es\",\"potentialAction\":[{\"@type\":\"ReadAction\",\"target\":[\"https:\/\/ugtfgvalicante.com\/index.php\/2023\/12\/20\/inicio-plazo-de-inscripcion-al-proceso-de-seleccion-porsistema-de-concurso-oposicion-para-cobertura-de-puestos-de-trabajo-de-mantenimiento\/\"]}]},{\"@type\":\"ImageObject\",\"inLanguage\":\"es\",\"@id\":\"https:\/\/ugtfgvalicante.com\/index.php\/2023\/12\/20\/inicio-plazo-de-inscripcion-al-proceso-de-seleccion-porsistema-de-concurso-oposicion-para-cobertura-de-puestos-de-trabajo-de-mantenimiento\/#primaryimage\",\"url\":\"https:\/\/ugtfgvalicante.com\/wp-content\/uploads\/2023\/12\/IMG_20210322_213611-scaled.jpg\",\"contentUrl\":\"https:\/\/ugtfgvalicante.com\/wp-content\/uploads\/2023\/12\/IMG_20210322_213611-scaled.jpg\",\"width\":2560,\"height\":1920},{\"@type\":\"BreadcrumbList\",\"@id\":\"https:\/\/ugtfgvalicante.com\/index.php\/2023\/12\/20\/inicio-plazo-de-inscripcion-al-proceso-de-seleccion-porsistema-de-concurso-oposicion-para-cobertura-de-puestos-de-trabajo-de-mantenimiento\/#breadcrumb\",\"itemListElement\":[{\"@type\":\"ListItem\",\"position\":1,\"name\":\"Portada\",\"item\":\"https:\/\/ugtfgvalicante.com\/\"},{\"@type\":\"ListItem\",\"position\":2,\"name\":\"Inicio plazo de inscripci\u00f3n al proceso de selecci\u00f3n por Sistema de Concurso- Oposici\u00f3n para Cobertura de Puestos de trabajo de Mantenimiento\"}]},{\"@type\":\"WebSite\",\"@id\":\"https:\/\/ugtfgvalicante.com\/#website\",\"url\":\"https:\/\/ugtfgvalicante.com\/\",\"name\":\"FGV Alicante\",\"description\":\"\",\"publisher\":{\"@id\":\"https:\/\/ugtfgvalicante.com\/#organization\"},\"potentialAction\":[{\"@type\":\"SearchAction\",\"target\":{\"@type\":\"EntryPoint\",\"urlTemplate\":\"https:\/\/ugtfgvalicante.com\/?s={search_term_string}\"},\"query-input\":{\"@type\":\"PropertyValueSpecification\",\"valueRequired\":true,\"valueName\":\"search_term_string\"}}],\"inLanguage\":\"es\"},{\"@type\":\"Organization\",\"@id\":\"https:\/\/ugtfgvalicante.com\/#organization\",\"name\":\"UGT FGV Alicante\",\"url\":\"https:\/\/ugtfgvalicante.com\/\",\"logo\":{\"@type\":\"ImageObject\",\"inLanguage\":\"es\",\"@id\":\"https:\/\/ugtfgvalicante.com\/#\/schema\/logo\/image\/\",\"url\":\"https:\/\/ugtfgvalicante.com\/wp-content\/uploads\/2022\/10\/logo-ugt-web.png\",\"contentUrl\":\"https:\/\/ugtfgvalicante.com\/wp-content\/uploads\/2022\/10\/logo-ugt-web.png\",\"width\":2283,\"height\":1126,\"caption\":\"UGT FGV Alicante\"},\"image\":{\"@id\":\"https:\/\/ugtfgvalicante.com\/#\/schema\/logo\/image\/\"},\"sameAs\":[\"https:\/\/es-es.facebook.com\/ugt.fgvalicante\/\"]},{\"@type\":\"Person\",\"@id\":\"https:\/\/ugtfgvalicante.com\/#\/schema\/person\/a1375a9c1ef53e624aa79c34b93b62e8\",\"name\":\"Ugt FGV Alicante\",\"image\":{\"@type\":\"ImageObject\",\"inLanguage\":\"es\",\"@id\":\"https:\/\/ugtfgvalicante.com\/#\/schema\/person\/image\/\",\"url\":\"https:\/\/secure.gravatar.com\/avatar\/ea41cd8456808460c6c0caa1a213c3c921573555df6b57a7ee2f16fb6f502866?s=96&d=mm&r=g\",\"contentUrl\":\"https:\/\/secure.gravatar.com\/avatar\/ea41cd8456808460c6c0caa1a213c3c921573555df6b57a7ee2f16fb6f502866?s=96&d=mm&r=g\",\"caption\":\"Ugt FGV Alicante\"},\"url\":\"https:\/\/ugtfgvalicante.com\/index.php\/author\/ggrau\/\"}]}<\/script>\n<!-- \/ Yoast SEO plugin. -->","yoast_head_json":{"title":"Inicio plazo de inscripci\u00f3n al proceso de selecci\u00f3n por Sistema de Concurso- Oposici\u00f3n para Cobertura de Puestos de trabajo de Mantenimiento - FGV Alicante","robots":{"index":"index","follow":"follow","max-snippet":"max-snippet:-1","max-image-preview":"max-image-preview:large","max-video-preview":"max-video-preview:-1"},"canonical":"https:\/\/ugtfgvalicante.com\/index.php\/2023\/12\/20\/inicio-plazo-de-inscripcion-al-proceso-de-seleccion-porsistema-de-concurso-oposicion-para-cobertura-de-puestos-de-trabajo-de-mantenimiento\/","og_locale":"es_ES","og_type":"article","og_title":"Inicio plazo de inscripci\u00f3n al proceso de selecci\u00f3n por Sistema de Concurso- Oposici\u00f3n para Cobertura de Puestos de trabajo de Mantenimiento - FGV Alicante","og_description":"ASUNTO: Inicio plazo de inscripci\u00f3n al proceso de selecci\u00f3n por sistema de Concurso- Oposici\u00f3n para Cobertura de Puestos de trabajo de Mantenimiento correspondientes a las [...]","og_url":"https:\/\/ugtfgvalicante.com\/index.php\/2023\/12\/20\/inicio-plazo-de-inscripcion-al-proceso-de-seleccion-porsistema-de-concurso-oposicion-para-cobertura-de-puestos-de-trabajo-de-mantenimiento\/","og_site_name":"FGV Alicante","article_publisher":"https:\/\/es-es.facebook.com\/ugt.fgvalicante\/","article_published_time":"2023-12-20T19:01:40+00:00","article_modified_time":"2023-12-21T08:18:00+00:00","og_image":[{"width":2560,"height":1920,"url":"https:\/\/ugtfgvalicante.com\/wp-content\/uploads\/2023\/12\/IMG_20210322_213611-scaled.jpg","type":"image\/jpeg"}],"author":"Ugt FGV Alicante","twitter_card":"summary_large_image","twitter_misc":{"Escrito por":"Ugt FGV Alicante","Tiempo de lectura":"1 minuto"},"schema":{"@context":"https:\/\/schema.org","@graph":[{"@type":"Article","@id":"https:\/\/ugtfgvalicante.com\/index.php\/2023\/12\/20\/inicio-plazo-de-inscripcion-al-proceso-de-seleccion-porsistema-de-concurso-oposicion-para-cobertura-de-puestos-de-trabajo-de-mantenimiento\/#article","isPartOf":{"@id":"https:\/\/ugtfgvalicante.com\/index.php\/2023\/12\/20\/inicio-plazo-de-inscripcion-al-proceso-de-seleccion-porsistema-de-concurso-oposicion-para-cobertura-de-puestos-de-trabajo-de-mantenimiento\/"},"author":{"name":"Ugt FGV Alicante","@id":"https:\/\/ugtfgvalicante.com\/#\/schema\/person\/a1375a9c1ef53e624aa79c34b93b62e8"},"headline":"Inicio plazo de inscripci\u00f3n al proceso de selecci\u00f3n por Sistema de Concurso- Oposici\u00f3n para Cobertura de Puestos de trabajo de Mantenimiento","datePublished":"2023-12-20T19:01:40+00:00","dateModified":"2023-12-21T08:18:00+00:00","mainEntityOfPage":{"@id":"https:\/\/ugtfgvalicante.com\/index.php\/2023\/12\/20\/inicio-plazo-de-inscripcion-al-proceso-de-seleccion-porsistema-de-concurso-oposicion-para-cobertura-de-puestos-de-trabajo-de-mantenimiento\/"},"wordCount":161,"publisher":{"@id":"https:\/\/ugtfgvalicante.com\/#organization"},"image":{"@id":"https:\/\/ugtfgvalicante.com\/index.php\/2023\/12\/20\/inicio-plazo-de-inscripcion-al-proceso-de-seleccion-porsistema-de-concurso-oposicion-para-cobertura-de-puestos-de-trabajo-de-mantenimiento\/#primaryimage"},"thumbnailUrl":"https:\/\/ugtfgvalicante.com\/wp-content\/uploads\/2023\/12\/IMG_20210322_213611-scaled.jpg","articleSection":["UGT FGV ALICANTE"],"inLanguage":"es"},{"@type":"WebPage","@id":"https:\/\/ugtfgvalicante.com\/index.php\/2023\/12\/20\/inicio-plazo-de-inscripcion-al-proceso-de-seleccion-porsistema-de-concurso-oposicion-para-cobertura-de-puestos-de-trabajo-de-mantenimiento\/","url":"https:\/\/ugtfgvalicante.com\/index.php\/2023\/12\/20\/inicio-plazo-de-inscripcion-al-proceso-de-seleccion-porsistema-de-concurso-oposicion-para-cobertura-de-puestos-de-trabajo-de-mantenimiento\/","name":"Inicio plazo de inscripci\u00f3n al proceso de selecci\u00f3n por Sistema de Concurso- Oposici\u00f3n para Cobertura de Puestos de trabajo de Mantenimiento - FGV Alicante","isPartOf":{"@id":"https:\/\/ugtfgvalicante.com\/#website"},"primaryImageOfPage":{"@id":"https:\/\/ugtfgvalicante.com\/index.php\/2023\/12\/20\/inicio-plazo-de-inscripcion-al-proceso-de-seleccion-porsistema-de-concurso-oposicion-para-cobertura-de-puestos-de-trabajo-de-mantenimiento\/#primaryimage"},"image":{"@id":"https:\/\/ugtfgvalicante.com\/index.php\/2023\/12\/20\/inicio-plazo-de-inscripcion-al-proceso-de-seleccion-porsistema-de-concurso-oposicion-para-cobertura-de-puestos-de-trabajo-de-mantenimiento\/#primaryimage"},"thumbnailUrl":"https:\/\/ugtfgvalicante.com\/wp-content\/uploads\/2023\/12\/IMG_20210322_213611-scaled.jpg","datePublished":"2023-12-20T19:01:40+00:00","dateModified":"2023-12-21T08:18:00+00:00","breadcrumb":{"@id":"https:\/\/ugtfgvalicante.com\/index.php\/2023\/12\/20\/inicio-plazo-de-inscripcion-al-proceso-de-seleccion-porsistema-de-concurso-oposicion-para-cobertura-de-puestos-de-trabajo-de-mantenimiento\/#breadcrumb"},"inLanguage":"es","potentialAction":[{"@type":"ReadAction","target":["https:\/\/ugtfgvalicante.com\/index.php\/2023\/12\/20\/inicio-plazo-de-inscripcion-al-proceso-de-seleccion-porsistema-de-concurso-oposicion-para-cobertura-de-puestos-de-trabajo-de-mantenimiento\/"]}]},{"@type":"ImageObject","inLanguage":"es","@id":"https:\/\/ugtfgvalicante.com\/index.php\/2023\/12\/20\/inicio-plazo-de-inscripcion-al-proceso-de-seleccion-porsistema-de-concurso-oposicion-para-cobertura-de-puestos-de-trabajo-de-mantenimiento\/#primaryimage","url":"https:\/\/ugtfgvalicante.com\/wp-content\/uploads\/2023\/12\/IMG_20210322_213611-scaled.jpg","contentUrl":"https:\/\/ugtfgvalicante.com\/wp-content\/uploads\/2023\/12\/IMG_20210322_213611-scaled.jpg","width":2560,"height":1920},{"@type":"BreadcrumbList","@id":"https:\/\/ugtfgvalicante.com\/index.php\/2023\/12\/20\/inicio-plazo-de-inscripcion-al-proceso-de-seleccion-porsistema-de-concurso-oposicion-para-cobertura-de-puestos-de-trabajo-de-mantenimiento\/#breadcrumb","itemListElement":[{"@type":"ListItem","position":1,"name":"Portada","item":"https:\/\/ugtfgvalicante.com\/"},{"@type":"ListItem","position":2,"name":"Inicio plazo de inscripci\u00f3n al proceso de selecci\u00f3n por Sistema de Concurso- Oposici\u00f3n para Cobertura de Puestos de trabajo de Mantenimiento"}]},{"@type":"WebSite","@id":"https:\/\/ugtfgvalicante.com\/#website","url":"https:\/\/ugtfgvalicante.com\/","name":"FGV Alicante","description":"","publisher":{"@id":"https:\/\/ugtfgvalicante.com\/#organization"},"potentialAction":[{"@type":"SearchAction","target":{"@type":"EntryPoint","urlTemplate":"https:\/\/ugtfgvalicante.com\/?s={search_term_string}"},"query-input":{"@type":"PropertyValueSpecification","valueRequired":true,"valueName":"search_term_string"}}],"inLanguage":"es"},{"@type":"Organization","@id":"https:\/\/ugtfgvalicante.com\/#organization","name":"UGT FGV Alicante","url":"https:\/\/ugtfgvalicante.com\/","logo":{"@type":"ImageObject","inLanguage":"es","@id":"https:\/\/ugtfgvalicante.com\/#\/schema\/logo\/image\/","url":"https:\/\/ugtfgvalicante.com\/wp-content\/uploads\/2022\/10\/logo-ugt-web.png","contentUrl":"https:\/\/ugtfgvalicante.com\/wp-content\/uploads\/2022\/10\/logo-ugt-web.png","width":2283,"height":1126,"caption":"UGT FGV Alicante"},"image":{"@id":"https:\/\/ugtfgvalicante.com\/#\/schema\/logo\/image\/"},"sameAs":["https:\/\/es-es.facebook.com\/ugt.fgvalicante\/"]},{"@type":"Person","@id":"https:\/\/ugtfgvalicante.com\/#\/schema\/person\/a1375a9c1ef53e624aa79c34b93b62e8","name":"Ugt FGV Alicante","image":{"@type":"ImageObject","inLanguage":"es","@id":"https:\/\/ugtfgvalicante.com\/#\/schema\/person\/image\/","url":"https:\/\/secure.gravatar.com\/avatar\/ea41cd8456808460c6c0caa1a213c3c921573555df6b57a7ee2f16fb6f502866?s=96&d=mm&r=g","contentUrl":"https:\/\/secure.gravatar.com\/avatar\/ea41cd8456808460c6c0caa1a213c3c921573555df6b57a7ee2f16fb6f502866?s=96&d=mm&r=g","caption":"Ugt FGV Alicante"},"url":"https:\/\/ugtfgvalicante.com\/index.php\/author\/ggrau\/"}]}},"_links":{"self":[{"href":"https:\/\/ugtfgvalicante.com\/index.php\/wp-json\/wp\/v2\/posts\/583","targetHints":{"allow":["GET"]}}],"collection":[{"href":"https:\/\/ugtfgvalicante.com\/index.php\/wp-json\/wp\/v2\/posts"}],"about":[{"href":"https:\/\/ugtfgvalicante.com\/index.php\/wp-json\/wp\/v2\/types\/post"}],"author":[{"embeddable":true,"href":"https:\/\/ugtfgvalicante.com\/index.php\/wp-json\/wp\/v2\/users\/4"}],"replies":[{"embeddable":true,"href":"https:\/\/ugtfgvalicante.com\/index.php\/wp-json\/wp\/v2\/comments?post=583"}],"version-history":[{"count":4,"href":"https:\/\/ugtfgvalicante.com\/index.php\/wp-json\/wp\/v2\/posts\/583\/revisions"}],"predecessor-version":[{"id":590,"href":"https:\/\/ugtfgvalicante.com\/index.php\/wp-json\/wp\/v2\/posts\/583\/revisions\/590"}],"wp:featuredmedia":[{"embeddable":true,"href":"https:\/\/ugtfgvalicante.com\/index.php\/wp-json\/wp\/v2\/media\/584"}],"wp:attachment":[{"href":"https:\/\/ugtfgvalicante.com\/index.php\/wp-json\/wp\/v2\/media?parent=583"}],"wp:term":[{"taxonomy":"category","embeddable":true,"href":"https:\/\/ugtfgvalicante.com\/index.php\/wp-json\/wp\/v2\/categories?post=583"},{"taxonomy":"post_tag","embeddable":true,"href":"https:\/\/ugtfgvalicante.com\/index.php\/wp-json\/wp\/v2\/tags?post=583"}],"curies":[{"name":"wp","href":"https:\/\/api.w.org\/{rel}","templated":true}]}}