{"id":611,"date":"2024-02-05T21:27:38","date_gmt":"2024-02-05T21:27:38","guid":{"rendered":"https:\/\/ugtfgvalicante.com\/?p=611"},"modified":"2024-02-05T21:27:39","modified_gmt":"2024-02-05T21:27:39","slug":"el-consell-y-alicante-reformulan-el-tram-para-que-llegue-al-sur-y-encajan-los-buses-en-la-intermodal","status":"publish","type":"post","link":"https:\/\/ugtfgvalicante.com\/index.php\/2024\/02\/05\/el-consell-y-alicante-reformulan-el-tram-para-que-llegue-al-sur-y-encajan-los-buses-en-la-intermodal\/","title":{"rendered":"El Consell y Alicante reformulan el Tram para que llegue al sur y encajan los buses en la intermodal"},"content":{"rendered":"\n<p>PROLONGACI\u00d3N DE L\u00cdNEAS ALTERNATIVA A LA ESBOZADA POR EL BOT\u00c0NIC<\/p>\n\n\n\n<p>ALICANTE. Nueva etapa pol\u00edtica con nuevas perspectivas para la&nbsp;<strong>planificaci\u00f3n de infraestructuras que dependen de la Generalitat<\/strong>. Ese fue el balance global que se puso sobre la mesa en el encuentro de trabajo celebrado este jueves entre representantes del equipo de gobierno del Ayuntamiento de Alicante, del Partido Popular (PP), y de la Conselleria de Medio Ambiente, Agua, Infraestructuras y Territorio, con<strong>&nbsp;Luis Barcala<\/strong>&nbsp;y<strong>&nbsp;Salom\u00e9 Pradas<\/strong>&nbsp;al frente. Tanto fue as\u00ed que en la reuni\u00f3n<strong>&nbsp;se sentaron las bases para reformular la prolongaci\u00f3n del servicio de tranv\u00eda hacia los barrios de la zona sur de la ciudad<\/strong>,&nbsp;<a href=\"https:\/\/alicanteplaza.es\/pp-reivindica-nuevas-lineas-tram\" rel=\"noreferrer noopener\" target=\"_blank\">como planteaba el PP durante la pasada campa\u00f1a electoral<\/a>, con una revisi\u00f3n de la propuesta esbozada por el anterior Consell del Bot\u00e0nic (PSPV-PSOE, Comprom\u00eds y Unides Podem EU) durante la pasada legislatura.&nbsp;<\/p>\n\n\n\n<p>En concreto, los responsables de las dos administraciones se concertaron para t<strong>rabajar en un nuevo dise\u00f1o que extienda el servicio de tranv\u00eda hasta el barrio de San Gabriel con un ramal que partir\u00eda de la futura estaci\u00f3n del Tram en Renfe<\/strong>, en sustituci\u00f3n de la propuesta por la que se hab\u00eda optado hasta ahora, bajo el mandato del Bot\u00e0nic, con la que se aspiraba a cerrar&nbsp;<strong>un recorrido circular sobre el eje de la Gran V\u00eda hasta conectar con la L\u00ednea 2 hacia San Vicente del Raspeig<\/strong>.&nbsp;<\/p>\n\n\n\n<p>En ese planteamiento primigenio,&nbsp;<a href=\"https:\/\/alicanteplaza.es\/la-expansion-del-tranvia-dos-lineas-hacia-la-florida-y-divina-pastora-sin-pactar-con-alicante\" rel=\"noreferrer noopener\" target=\"_blank\">dado a conocer por primera vez en 2021<\/a>, se apuntaba a&nbsp;<strong>la creaci\u00f3n de dos nuevas l\u00edneas.<\/strong>&nbsp;La primera deb\u00eda llegar&nbsp;<strong>hasta La Florida<\/strong>, desde la futura estaci\u00f3n de Renfe con un recorrido paralelo al caj\u00f3n soterrado del ferrocarril que incluir\u00eda un primer tramo subterr\u00e1neo. En su avance,&nbsp;<strong>discurrir\u00eda hasta llegar al barrio de Princesa Mercedes, donde saldr\u00eda a superficie, y se redirigir\u00eda a trav\u00e9s de la calle Aus\u00f3 y Monz\u00f3, para cruzar la Gran V\u00eda y llegar a la avenida de Orihuela<\/strong>. Despu\u00e9s, conectar\u00eda con el centro comercial Puerta de Alicante tras entroncar con la V\u00eda Parque, a trav\u00e9s de la calle R\u00edo Muni. En su presentaci\u00f3n, se apunt\u00f3 que su puesta en marcha supondr\u00eda un presupuesto estimado de 35 millones y que se abordar\u00eda en el horizonte del a\u00f1o 2026.&nbsp;<\/p>\n\n\n\n<p>La&nbsp;<strong>segunda nueva l\u00ednea<\/strong>&nbsp;anunciada entonces, a la que se nombr\u00f3 como L\u00ednea-6, tambi\u00e9n partir\u00eda de la estaci\u00f3n de tranv\u00eda en Renfe en subterr\u00e1neo para continuar por la Gran V\u00eda, ya&nbsp;<strong>con un recorrido en superficie, ante el frente de los barrios de Juan Pablo II y de La Torreta<\/strong>. M\u00e1s tarde,&nbsp;<strong>el trazado proseguir\u00eda en sentido norte a trav\u00e9s de la calle Teulada hasta entroncar con la V\u00eda Parque&nbsp;<\/strong>y seguir en direcci\u00f3n a San Vicente a trav\u00e9s de la avenida de Novelda.&nbsp;<\/p>\n\n\n\n<p>All\u00ed conectar\u00eda con el trazado actual de la L\u00ednea 2, a la altura de Ciudad Jard\u00edn, lo que permitir\u00eda que el itinerario continuase tambi\u00e9n\u00a0<a href=\"https:\/\/alicanteplaza.es\/El-Ayuntamiento-de-San-Vicente-se-unifica-si-a-la-nueva-linea-del-TRAM-pero-sin-partir-la-ciudad\" target=\"_blank\" rel=\"noreferrer noopener\">hasta el Hospital de San Vicente, en cuanto se ejecute ese ramal de prolongaci\u00f3n en el casco urbano del municipio vecino<\/a>\u00a0(en principio, a trav\u00e9s de la calle Alicante y Ancha de Castelar). De este modo,\u00a0<strong>se pretend\u00eda completar un anillo circular que permitir\u00eda recorrer todo el t\u00e9rmino de Alicante con una inversi\u00f3n estimada de 40 millones<\/strong>\u00a0que, seg\u00fan se anunci\u00f3 hace tres a\u00f1os, deber\u00eda acometerse a partir de 2027. \u00a0<\/p>\n\n\n\n<p>No obstante,&nbsp;<strong>esa planificaci\u00f3n no lleg\u00f3 a plasmarse nunca en proyectos constructivos concretos<\/strong>, seg\u00fan recalc\u00f3 este jueves el mismo Barcala. De hecho, tampoco se dio traslado de su contenido al Ayuntamiento y se presentaron&nbsp;<strong>sin conocer con car\u00e1cter previo el criterio t\u00e9cnico que podr\u00eda tener la Concejal\u00eda de Urbanismo al respecto<\/strong>. De ah\u00ed que el prop\u00f3sito sea ahora que los t\u00e9cnicos del departamento auton\u00f3mico y de esa concejal\u00eda puedan<strong>&nbsp;trabajar \u00abde forma coordinada\u00bb en la definici\u00f3n concreta del nuevo itinerario pretendido<\/strong>, seg\u00fan concretaron Barcala y Pradas. Todo, seg\u00fan dijeron, con el objetivo de poder extender el servicio tranviario hasta los barrios m\u00e1s populosos. \u00ab<strong>De nada sirve hacer pasar el tranv\u00eda por lugares en los que no va a haber pasajeros que recoger<\/strong>\u00ab, se\u00f1al\u00f3 el primer edil.&nbsp;<\/p>\n\n\n\n<p>En todo caso, en el encuentro de este jueves&nbsp;<strong>no se facilit\u00f3 ning\u00fan avance sobre el recorrido concreto de esa extensi\u00f3n del servicio hasta San Gabriel<\/strong>. Solo se anticip\u00f3 que se contemplar\u00edan&nbsp;<strong>los nuevos sistemas tranviarios disponibles en la actualidad<\/strong>, como los propulsados por carga el\u00e9ctrica y, por tanto,&nbsp;<strong>sin necesidad de requerir de una infraestructura en la que se incluya la instalaci\u00f3n de catenaria<\/strong>, seg\u00fan explic\u00f3 Pradas. Se tratar\u00eda, en consecuencia, de alternativas menos exigentes en t\u00e9rminos de ocupaci\u00f3n de espacio p\u00fablico, entre otras ventajas, seg\u00fan remarc\u00f3.<\/p>\n\n\n\n<h4 class=\"wp-block-heading\">A Sant Joan y Mutxamel, y la Intermodal<\/h4>\n\n\n\n<p>Esa prolongaci\u00f3n hacia los barrios de la zona sur del t\u00e9rmino municipal ser\u00eda&nbsp;<strong>complementaria a la dise\u00f1ada para llevar el Tram hasta los municipios de Sant Joan d&#8217;Alacant y de Mutxamel<\/strong>, en un trazado que se mantendr\u00eda con el itinerario dado a conocer hasta ahora, a trav\u00e9s del PAU 5 de Playa de San Juan y de Nou Nazareth hasta llegar al Hospital Universitario.<\/p>\n\n\n\n<p>Al margen de ello, en la reuni\u00f3n de trabajo<strong>\u00a0tambi\u00e9n se abord\u00f3 la planificaci\u00f3n de los terrenos liberados de las v\u00edas del ferrocarril<\/strong>\u00a0de la llamada Operaci\u00f3n Integrada n\u00famero 2 (OI\/2), con una ordenaci\u00f3n estructural aprobada por el pleno el pasado mes de mayo, y ahora pendiente de redacci\u00f3n de su ordenaci\u00f3n pormenorizada, en el que quedar\u00e1 encuadrada la estaci\u00f3n intermodal.\u00a0<\/p>\n\n\n\n<p>Al respecto, Barcala y Pradas coincidieron en que\u00a0<strong>el objetivo que se persigue con el dise\u00f1o de ese futuro nodo de transportes<\/strong>, en un \u00e1mbito en el que deben coexistir<a href=\"https:\/\/alicanteplaza.es\/consell-desbloqueo-tram-renfe-fondos-via-parque\" target=\"_blank\" rel=\"noreferrer noopener\">\u00a0la pr\u00f3xima estaci\u00f3n de tranv\u00eda de \u00abinicio inminente\u00bb<\/a>, la nueva estaci\u00f3n de ferrocarril y los autobuses interurbanos,<strong>\u00a0es que el conjunto de esas terminales se organice en subterr\u00e1neo \u00abpara tener encima el Parque Central\u00bb<\/strong>. \u00abEso significa<strong>\u00a0tener la conectividad tambi\u00e9n soterrada<\/strong>\u00ab, a\u00f1adi\u00f3 el primer edil, con lo que recalc\u00f3 que se debe procurar que el tr\u00e1fico generado por la circulaci\u00f3n de los autobuses \u00abque ahora no discurren en esa zona\u00bb no acaben provocando un problema en el Centro de la ciudad.\u00a0<\/p>\n\n\n\n<p>Mal estar\u00edamos planificando si el tr\u00e1fico de autobuses de l\u00ednea regular de repente fuera por donde ahora no va y no genera ning\u00fan problema\u00bb, se\u00f1al\u00f3. En todo caso, apunt\u00f3 que<strong>&nbsp;existen alternativas para encajar tambi\u00e9n la estaci\u00f3n de autobuses en ese mismo espacio, e igualmente en soterrado,&nbsp;<\/strong><a href=\"https:\/\/alicanteplaza.es\/intermodal-alicante-estacion-autobuses-soterrada\" rel=\"noreferrer noopener\" target=\"_blank\"><strong>como ya se plante\u00f3 el pasado octubre,<\/strong><\/a><strong>&nbsp;aunque subray\u00f3 la importancia de definir bien su ubicaci\u00f3n<\/strong>&nbsp;porque de eso depende tambi\u00e9n \u00abla ubicaci\u00f3n de los accesos de esos autobuses y lo que queremos es que no impliquen generar un problema, ni impidan el desarrollo del plan de movilidad de la ciudad\u00bb, apunt\u00f3 Barcala.<\/p>\n\n\n\n<p>\u00abSitio hay\u00bb, confirm\u00f3, \u00abclaro que hay sitio; la cuesti\u00f3n es que sea la mejor distribuci\u00f3n posible\u00bb, a\u00f1adi\u00f3, para llegar a\u00a0<strong>sugerir la oportunidad de que esos accesos tambi\u00e9n puedan concebirse con un vial soterrado<\/strong>. As\u00ed, apunt\u00f3 la posibilidad de que se dise\u00f1e \u00abuna v\u00eda que conecte la autov\u00eda directamente desde la V\u00eda Parque en la que los autobuses desparezcan hasta la estaci\u00f3n estar\u00edamos quitando de superficie un volumen de tr\u00e1fico importante\u00bb, resalt\u00f3. \u00abEse volumen de tr\u00e1fico no lo quiero en superficie y creo que en eso podemos estar de acuerdo todos\u00bb, concluye.<\/p>\n\n\n\n<p>Fuente. <a href=\"https:\/\/alicanteplaza.es\/consell-alicante-reformulan-tram-sur-intermodal\">Alicanteplaza<\/a><\/p>\n\n\n\n<p><\/p>\n","protected":false},"excerpt":{"rendered":"<div class=\"mh-excerpt\"><p>PROLONGACI\u00d3N DE L\u00cdNEAS ALTERNATIVA A LA ESBOZADA POR EL BOT\u00c0NIC ALICANTE. Nueva etapa pol\u00edtica con nuevas perspectivas para la&nbsp;planificaci\u00f3n de infraestructuras que dependen de la <a class=\"mh-excerpt-more\" href=\"https:\/\/ugtfgvalicante.com\/index.php\/2024\/02\/05\/el-consell-y-alicante-reformulan-el-tram-para-que-llegue-al-sur-y-encajan-los-buses-en-la-intermodal\/\" title=\"El Consell y Alicante reformulan el Tram para que llegue al sur y encajan los buses en la intermodal\">[&#8230;]<\/a><\/p>\n<\/div>","protected":false},"author":4,"featured_media":612,"comment_status":"closed","ping_status":"closed","sticky":false,"template":"","format":"standard","meta":{"footnotes":""},"categories":[5],"tags":[],"class_list":["post-611","post","type-post","status-publish","format-standard","has-post-thumbnail","hentry","category-noticias-prensa"],"yoast_head":"<!-- This site is optimized with the Yoast SEO plugin v26.6 - https:\/\/yoast.com\/wordpress\/plugins\/seo\/ -->\n<title>El Consell y Alicante reformulan el Tram para que llegue al sur y encajan los buses en la intermodal - FGV Alicante<\/title>\n<meta name=\"robots\" content=\"index, follow, max-snippet:-1, max-image-preview:large, max-video-preview:-1\" \/>\n<link rel=\"canonical\" href=\"https:\/\/ugtfgvalicante.com\/index.php\/2024\/02\/05\/el-consell-y-alicante-reformulan-el-tram-para-que-llegue-al-sur-y-encajan-los-buses-en-la-intermodal\/\" \/>\n<meta property=\"og:locale\" content=\"es_ES\" \/>\n<meta property=\"og:type\" content=\"article\" \/>\n<meta property=\"og:title\" content=\"El Consell y Alicante reformulan el Tram para que llegue al sur y encajan los buses en la intermodal - FGV Alicante\" \/>\n<meta property=\"og:description\" content=\"PROLONGACI\u00d3N DE L\u00cdNEAS ALTERNATIVA A LA ESBOZADA POR EL BOT\u00c0NIC ALICANTE. Nueva etapa pol\u00edtica con nuevas perspectivas para la&nbsp;planificaci\u00f3n de infraestructuras que dependen de la [...]\" \/>\n<meta property=\"og:url\" content=\"https:\/\/ugtfgvalicante.com\/index.php\/2024\/02\/05\/el-consell-y-alicante-reformulan-el-tram-para-que-llegue-al-sur-y-encajan-los-buses-en-la-intermodal\/\" \/>\n<meta property=\"og:site_name\" content=\"FGV Alicante\" \/>\n<meta property=\"article:publisher\" content=\"https:\/\/es-es.facebook.com\/ugt.fgvalicante\/\" \/>\n<meta property=\"article:published_time\" content=\"2024-02-05T21:27:38+00:00\" \/>\n<meta property=\"article:modified_time\" content=\"2024-02-05T21:27:39+00:00\" \/>\n<meta property=\"og:image\" content=\"https:\/\/ugtfgvalicante.com\/wp-content\/uploads\/2024\/02\/1706808449pradas-barcala1_NoticiaAmpliada.jpg\" \/>\n\t<meta property=\"og:image:width\" content=\"768\" \/>\n\t<meta property=\"og:image:height\" content=\"512\" \/>\n\t<meta property=\"og:image:type\" content=\"image\/jpeg\" \/>\n<meta name=\"author\" content=\"Ugt FGV Alicante\" \/>\n<meta name=\"twitter:card\" content=\"summary_large_image\" \/>\n<meta name=\"twitter:label1\" content=\"Escrito por\" \/>\n\t<meta name=\"twitter:data1\" content=\"Ugt FGV Alicante\" \/>\n\t<meta name=\"twitter:label2\" content=\"Tiempo de lectura\" \/>\n\t<meta name=\"twitter:data2\" content=\"6 minutos\" \/>\n<script type=\"application\/ld+json\" class=\"yoast-schema-graph\">{\"@context\":\"https:\/\/schema.org\",\"@graph\":[{\"@type\":\"Article\",\"@id\":\"https:\/\/ugtfgvalicante.com\/index.php\/2024\/02\/05\/el-consell-y-alicante-reformulan-el-tram-para-que-llegue-al-sur-y-encajan-los-buses-en-la-intermodal\/#article\",\"isPartOf\":{\"@id\":\"https:\/\/ugtfgvalicante.com\/index.php\/2024\/02\/05\/el-consell-y-alicante-reformulan-el-tram-para-que-llegue-al-sur-y-encajan-los-buses-en-la-intermodal\/\"},\"author\":{\"name\":\"Ugt FGV Alicante\",\"@id\":\"https:\/\/ugtfgvalicante.com\/#\/schema\/person\/a1375a9c1ef53e624aa79c34b93b62e8\"},\"headline\":\"El Consell y Alicante reformulan el Tram para que llegue al sur y encajan los buses en la intermodal\",\"datePublished\":\"2024-02-05T21:27:38+00:00\",\"dateModified\":\"2024-02-05T21:27:39+00:00\",\"mainEntityOfPage\":{\"@id\":\"https:\/\/ugtfgvalicante.com\/index.php\/2024\/02\/05\/el-consell-y-alicante-reformulan-el-tram-para-que-llegue-al-sur-y-encajan-los-buses-en-la-intermodal\/\"},\"wordCount\":1383,\"publisher\":{\"@id\":\"https:\/\/ugtfgvalicante.com\/#organization\"},\"image\":{\"@id\":\"https:\/\/ugtfgvalicante.com\/index.php\/2024\/02\/05\/el-consell-y-alicante-reformulan-el-tram-para-que-llegue-al-sur-y-encajan-los-buses-en-la-intermodal\/#primaryimage\"},\"thumbnailUrl\":\"https:\/\/ugtfgvalicante.com\/wp-content\/uploads\/2024\/02\/1706808449pradas-barcala1_NoticiaAmpliada.jpg\",\"articleSection\":[\"Noticias prensa\"],\"inLanguage\":\"es\"},{\"@type\":\"WebPage\",\"@id\":\"https:\/\/ugtfgvalicante.com\/index.php\/2024\/02\/05\/el-consell-y-alicante-reformulan-el-tram-para-que-llegue-al-sur-y-encajan-los-buses-en-la-intermodal\/\",\"url\":\"https:\/\/ugtfgvalicante.com\/index.php\/2024\/02\/05\/el-consell-y-alicante-reformulan-el-tram-para-que-llegue-al-sur-y-encajan-los-buses-en-la-intermodal\/\",\"name\":\"El Consell y Alicante reformulan el Tram para que llegue al sur y encajan los buses en la intermodal - FGV Alicante\",\"isPartOf\":{\"@id\":\"https:\/\/ugtfgvalicante.com\/#website\"},\"primaryImageOfPage\":{\"@id\":\"https:\/\/ugtfgvalicante.com\/index.php\/2024\/02\/05\/el-consell-y-alicante-reformulan-el-tram-para-que-llegue-al-sur-y-encajan-los-buses-en-la-intermodal\/#primaryimage\"},\"image\":{\"@id\":\"https:\/\/ugtfgvalicante.com\/index.php\/2024\/02\/05\/el-consell-y-alicante-reformulan-el-tram-para-que-llegue-al-sur-y-encajan-los-buses-en-la-intermodal\/#primaryimage\"},\"thumbnailUrl\":\"https:\/\/ugtfgvalicante.com\/wp-content\/uploads\/2024\/02\/1706808449pradas-barcala1_NoticiaAmpliada.jpg\",\"datePublished\":\"2024-02-05T21:27:38+00:00\",\"dateModified\":\"2024-02-05T21:27:39+00:00\",\"breadcrumb\":{\"@id\":\"https:\/\/ugtfgvalicante.com\/index.php\/2024\/02\/05\/el-consell-y-alicante-reformulan-el-tram-para-que-llegue-al-sur-y-encajan-los-buses-en-la-intermodal\/#breadcrumb\"},\"inLanguage\":\"es\",\"potentialAction\":[{\"@type\":\"ReadAction\",\"target\":[\"https:\/\/ugtfgvalicante.com\/index.php\/2024\/02\/05\/el-consell-y-alicante-reformulan-el-tram-para-que-llegue-al-sur-y-encajan-los-buses-en-la-intermodal\/\"]}]},{\"@type\":\"ImageObject\",\"inLanguage\":\"es\",\"@id\":\"https:\/\/ugtfgvalicante.com\/index.php\/2024\/02\/05\/el-consell-y-alicante-reformulan-el-tram-para-que-llegue-al-sur-y-encajan-los-buses-en-la-intermodal\/#primaryimage\",\"url\":\"https:\/\/ugtfgvalicante.com\/wp-content\/uploads\/2024\/02\/1706808449pradas-barcala1_NoticiaAmpliada.jpg\",\"contentUrl\":\"https:\/\/ugtfgvalicante.com\/wp-content\/uploads\/2024\/02\/1706808449pradas-barcala1_NoticiaAmpliada.jpg\",\"width\":768,\"height\":512},{\"@type\":\"BreadcrumbList\",\"@id\":\"https:\/\/ugtfgvalicante.com\/index.php\/2024\/02\/05\/el-consell-y-alicante-reformulan-el-tram-para-que-llegue-al-sur-y-encajan-los-buses-en-la-intermodal\/#breadcrumb\",\"itemListElement\":[{\"@type\":\"ListItem\",\"position\":1,\"name\":\"Portada\",\"item\":\"https:\/\/ugtfgvalicante.com\/\"},{\"@type\":\"ListItem\",\"position\":2,\"name\":\"El Consell y Alicante reformulan el Tram para que llegue al sur y encajan los buses en la intermodal\"}]},{\"@type\":\"WebSite\",\"@id\":\"https:\/\/ugtfgvalicante.com\/#website\",\"url\":\"https:\/\/ugtfgvalicante.com\/\",\"name\":\"FGV Alicante\",\"description\":\"\",\"publisher\":{\"@id\":\"https:\/\/ugtfgvalicante.com\/#organization\"},\"potentialAction\":[{\"@type\":\"SearchAction\",\"target\":{\"@type\":\"EntryPoint\",\"urlTemplate\":\"https:\/\/ugtfgvalicante.com\/?s={search_term_string}\"},\"query-input\":{\"@type\":\"PropertyValueSpecification\",\"valueRequired\":true,\"valueName\":\"search_term_string\"}}],\"inLanguage\":\"es\"},{\"@type\":\"Organization\",\"@id\":\"https:\/\/ugtfgvalicante.com\/#organization\",\"name\":\"UGT FGV Alicante\",\"url\":\"https:\/\/ugtfgvalicante.com\/\",\"logo\":{\"@type\":\"ImageObject\",\"inLanguage\":\"es\",\"@id\":\"https:\/\/ugtfgvalicante.com\/#\/schema\/logo\/image\/\",\"url\":\"https:\/\/ugtfgvalicante.com\/wp-content\/uploads\/2022\/10\/logo-ugt-web.png\",\"contentUrl\":\"https:\/\/ugtfgvalicante.com\/wp-content\/uploads\/2022\/10\/logo-ugt-web.png\",\"width\":2283,\"height\":1126,\"caption\":\"UGT FGV Alicante\"},\"image\":{\"@id\":\"https:\/\/ugtfgvalicante.com\/#\/schema\/logo\/image\/\"},\"sameAs\":[\"https:\/\/es-es.facebook.com\/ugt.fgvalicante\/\"]},{\"@type\":\"Person\",\"@id\":\"https:\/\/ugtfgvalicante.com\/#\/schema\/person\/a1375a9c1ef53e624aa79c34b93b62e8\",\"name\":\"Ugt FGV Alicante\",\"image\":{\"@type\":\"ImageObject\",\"inLanguage\":\"es\",\"@id\":\"https:\/\/ugtfgvalicante.com\/#\/schema\/person\/image\/\",\"url\":\"https:\/\/secure.gravatar.com\/avatar\/ea41cd8456808460c6c0caa1a213c3c921573555df6b57a7ee2f16fb6f502866?s=96&d=mm&r=g\",\"contentUrl\":\"https:\/\/secure.gravatar.com\/avatar\/ea41cd8456808460c6c0caa1a213c3c921573555df6b57a7ee2f16fb6f502866?s=96&d=mm&r=g\",\"caption\":\"Ugt FGV Alicante\"},\"url\":\"https:\/\/ugtfgvalicante.com\/index.php\/author\/ggrau\/\"}]}<\/script>\n<!-- \/ Yoast SEO plugin. -->","yoast_head_json":{"title":"El Consell y Alicante reformulan el Tram para que llegue al sur y encajan los buses en la intermodal - FGV Alicante","robots":{"index":"index","follow":"follow","max-snippet":"max-snippet:-1","max-image-preview":"max-image-preview:large","max-video-preview":"max-video-preview:-1"},"canonical":"https:\/\/ugtfgvalicante.com\/index.php\/2024\/02\/05\/el-consell-y-alicante-reformulan-el-tram-para-que-llegue-al-sur-y-encajan-los-buses-en-la-intermodal\/","og_locale":"es_ES","og_type":"article","og_title":"El Consell y Alicante reformulan el Tram para que llegue al sur y encajan los buses en la intermodal - FGV Alicante","og_description":"PROLONGACI\u00d3N DE L\u00cdNEAS ALTERNATIVA A LA ESBOZADA POR EL BOT\u00c0NIC ALICANTE. Nueva etapa pol\u00edtica con nuevas perspectivas para la&nbsp;planificaci\u00f3n de infraestructuras que dependen de la [...]","og_url":"https:\/\/ugtfgvalicante.com\/index.php\/2024\/02\/05\/el-consell-y-alicante-reformulan-el-tram-para-que-llegue-al-sur-y-encajan-los-buses-en-la-intermodal\/","og_site_name":"FGV Alicante","article_publisher":"https:\/\/es-es.facebook.com\/ugt.fgvalicante\/","article_published_time":"2024-02-05T21:27:38+00:00","article_modified_time":"2024-02-05T21:27:39+00:00","og_image":[{"width":768,"height":512,"url":"https:\/\/ugtfgvalicante.com\/wp-content\/uploads\/2024\/02\/1706808449pradas-barcala1_NoticiaAmpliada.jpg","type":"image\/jpeg"}],"author":"Ugt FGV Alicante","twitter_card":"summary_large_image","twitter_misc":{"Escrito por":"Ugt FGV Alicante","Tiempo de lectura":"6 minutos"},"schema":{"@context":"https:\/\/schema.org","@graph":[{"@type":"Article","@id":"https:\/\/ugtfgvalicante.com\/index.php\/2024\/02\/05\/el-consell-y-alicante-reformulan-el-tram-para-que-llegue-al-sur-y-encajan-los-buses-en-la-intermodal\/#article","isPartOf":{"@id":"https:\/\/ugtfgvalicante.com\/index.php\/2024\/02\/05\/el-consell-y-alicante-reformulan-el-tram-para-que-llegue-al-sur-y-encajan-los-buses-en-la-intermodal\/"},"author":{"name":"Ugt FGV Alicante","@id":"https:\/\/ugtfgvalicante.com\/#\/schema\/person\/a1375a9c1ef53e624aa79c34b93b62e8"},"headline":"El Consell y Alicante reformulan el Tram para que llegue al sur y encajan los buses en la intermodal","datePublished":"2024-02-05T21:27:38+00:00","dateModified":"2024-02-05T21:27:39+00:00","mainEntityOfPage":{"@id":"https:\/\/ugtfgvalicante.com\/index.php\/2024\/02\/05\/el-consell-y-alicante-reformulan-el-tram-para-que-llegue-al-sur-y-encajan-los-buses-en-la-intermodal\/"},"wordCount":1383,"publisher":{"@id":"https:\/\/ugtfgvalicante.com\/#organization"},"image":{"@id":"https:\/\/ugtfgvalicante.com\/index.php\/2024\/02\/05\/el-consell-y-alicante-reformulan-el-tram-para-que-llegue-al-sur-y-encajan-los-buses-en-la-intermodal\/#primaryimage"},"thumbnailUrl":"https:\/\/ugtfgvalicante.com\/wp-content\/uploads\/2024\/02\/1706808449pradas-barcala1_NoticiaAmpliada.jpg","articleSection":["Noticias prensa"],"inLanguage":"es"},{"@type":"WebPage","@id":"https:\/\/ugtfgvalicante.com\/index.php\/2024\/02\/05\/el-consell-y-alicante-reformulan-el-tram-para-que-llegue-al-sur-y-encajan-los-buses-en-la-intermodal\/","url":"https:\/\/ugtfgvalicante.com\/index.php\/2024\/02\/05\/el-consell-y-alicante-reformulan-el-tram-para-que-llegue-al-sur-y-encajan-los-buses-en-la-intermodal\/","name":"El Consell y Alicante reformulan el Tram para que llegue al sur y encajan los buses en la intermodal - FGV Alicante","isPartOf":{"@id":"https:\/\/ugtfgvalicante.com\/#website"},"primaryImageOfPage":{"@id":"https:\/\/ugtfgvalicante.com\/index.php\/2024\/02\/05\/el-consell-y-alicante-reformulan-el-tram-para-que-llegue-al-sur-y-encajan-los-buses-en-la-intermodal\/#primaryimage"},"image":{"@id":"https:\/\/ugtfgvalicante.com\/index.php\/2024\/02\/05\/el-consell-y-alicante-reformulan-el-tram-para-que-llegue-al-sur-y-encajan-los-buses-en-la-intermodal\/#primaryimage"},"thumbnailUrl":"https:\/\/ugtfgvalicante.com\/wp-content\/uploads\/2024\/02\/1706808449pradas-barcala1_NoticiaAmpliada.jpg","datePublished":"2024-02-05T21:27:38+00:00","dateModified":"2024-02-05T21:27:39+00:00","breadcrumb":{"@id":"https:\/\/ugtfgvalicante.com\/index.php\/2024\/02\/05\/el-consell-y-alicante-reformulan-el-tram-para-que-llegue-al-sur-y-encajan-los-buses-en-la-intermodal\/#breadcrumb"},"inLanguage":"es","potentialAction":[{"@type":"ReadAction","target":["https:\/\/ugtfgvalicante.com\/index.php\/2024\/02\/05\/el-consell-y-alicante-reformulan-el-tram-para-que-llegue-al-sur-y-encajan-los-buses-en-la-intermodal\/"]}]},{"@type":"ImageObject","inLanguage":"es","@id":"https:\/\/ugtfgvalicante.com\/index.php\/2024\/02\/05\/el-consell-y-alicante-reformulan-el-tram-para-que-llegue-al-sur-y-encajan-los-buses-en-la-intermodal\/#primaryimage","url":"https:\/\/ugtfgvalicante.com\/wp-content\/uploads\/2024\/02\/1706808449pradas-barcala1_NoticiaAmpliada.jpg","contentUrl":"https:\/\/ugtfgvalicante.com\/wp-content\/uploads\/2024\/02\/1706808449pradas-barcala1_NoticiaAmpliada.jpg","width":768,"height":512},{"@type":"BreadcrumbList","@id":"https:\/\/ugtfgvalicante.com\/index.php\/2024\/02\/05\/el-consell-y-alicante-reformulan-el-tram-para-que-llegue-al-sur-y-encajan-los-buses-en-la-intermodal\/#breadcrumb","itemListElement":[{"@type":"ListItem","position":1,"name":"Portada","item":"https:\/\/ugtfgvalicante.com\/"},{"@type":"ListItem","position":2,"name":"El Consell y Alicante reformulan el Tram para que llegue al sur y encajan los buses en la intermodal"}]},{"@type":"WebSite","@id":"https:\/\/ugtfgvalicante.com\/#website","url":"https:\/\/ugtfgvalicante.com\/","name":"FGV Alicante","description":"","publisher":{"@id":"https:\/\/ugtfgvalicante.com\/#organization"},"potentialAction":[{"@type":"SearchAction","target":{"@type":"EntryPoint","urlTemplate":"https:\/\/ugtfgvalicante.com\/?s={search_term_string}"},"query-input":{"@type":"PropertyValueSpecification","valueRequired":true,"valueName":"search_term_string"}}],"inLanguage":"es"},{"@type":"Organization","@id":"https:\/\/ugtfgvalicante.com\/#organization","name":"UGT FGV Alicante","url":"https:\/\/ugtfgvalicante.com\/","logo":{"@type":"ImageObject","inLanguage":"es","@id":"https:\/\/ugtfgvalicante.com\/#\/schema\/logo\/image\/","url":"https:\/\/ugtfgvalicante.com\/wp-content\/uploads\/2022\/10\/logo-ugt-web.png","contentUrl":"https:\/\/ugtfgvalicante.com\/wp-content\/uploads\/2022\/10\/logo-ugt-web.png","width":2283,"height":1126,"caption":"UGT FGV Alicante"},"image":{"@id":"https:\/\/ugtfgvalicante.com\/#\/schema\/logo\/image\/"},"sameAs":["https:\/\/es-es.facebook.com\/ugt.fgvalicante\/"]},{"@type":"Person","@id":"https:\/\/ugtfgvalicante.com\/#\/schema\/person\/a1375a9c1ef53e624aa79c34b93b62e8","name":"Ugt FGV Alicante","image":{"@type":"ImageObject","inLanguage":"es","@id":"https:\/\/ugtfgvalicante.com\/#\/schema\/person\/image\/","url":"https:\/\/secure.gravatar.com\/avatar\/ea41cd8456808460c6c0caa1a213c3c921573555df6b57a7ee2f16fb6f502866?s=96&d=mm&r=g","contentUrl":"https:\/\/secure.gravatar.com\/avatar\/ea41cd8456808460c6c0caa1a213c3c921573555df6b57a7ee2f16fb6f502866?s=96&d=mm&r=g","caption":"Ugt FGV Alicante"},"url":"https:\/\/ugtfgvalicante.com\/index.php\/author\/ggrau\/"}]}},"_links":{"self":[{"href":"https:\/\/ugtfgvalicante.com\/index.php\/wp-json\/wp\/v2\/posts\/611","targetHints":{"allow":["GET"]}}],"collection":[{"href":"https:\/\/ugtfgvalicante.com\/index.php\/wp-json\/wp\/v2\/posts"}],"about":[{"href":"https:\/\/ugtfgvalicante.com\/index.php\/wp-json\/wp\/v2\/types\/post"}],"author":[{"embeddable":true,"href":"https:\/\/ugtfgvalicante.com\/index.php\/wp-json\/wp\/v2\/users\/4"}],"replies":[{"embeddable":true,"href":"https:\/\/ugtfgvalicante.com\/index.php\/wp-json\/wp\/v2\/comments?post=611"}],"version-history":[{"count":1,"href":"https:\/\/ugtfgvalicante.com\/index.php\/wp-json\/wp\/v2\/posts\/611\/revisions"}],"predecessor-version":[{"id":613,"href":"https:\/\/ugtfgvalicante.com\/index.php\/wp-json\/wp\/v2\/posts\/611\/revisions\/613"}],"wp:featuredmedia":[{"embeddable":true,"href":"https:\/\/ugtfgvalicante.com\/index.php\/wp-json\/wp\/v2\/media\/612"}],"wp:attachment":[{"href":"https:\/\/ugtfgvalicante.com\/index.php\/wp-json\/wp\/v2\/media?parent=611"}],"wp:term":[{"taxonomy":"category","embeddable":true,"href":"https:\/\/ugtfgvalicante.com\/index.php\/wp-json\/wp\/v2\/categories?post=611"},{"taxonomy":"post_tag","embeddable":true,"href":"https:\/\/ugtfgvalicante.com\/index.php\/wp-json\/wp\/v2\/tags?post=611"}],"curies":[{"name":"wp","href":"https:\/\/api.w.org\/{rel}","templated":true}]}}