{"id":816,"date":"2024-10-15T18:49:16","date_gmt":"2024-10-15T18:49:16","guid":{"rendered":"https:\/\/ugtfgvalicante.com\/?p=816"},"modified":"2024-10-15T18:49:41","modified_gmt":"2024-10-15T18:49:41","slug":"la-generalitat-finaliza-las-obras-de-emergencia-ejecutadas-en-la-linea-9-del-tram-dalacant-a-su-paso-por-la-zona-del-mascarat","status":"publish","type":"post","link":"https:\/\/ugtfgvalicante.com\/index.php\/2024\/10\/15\/la-generalitat-finaliza-las-obras-de-emergencia-ejecutadas-en-la-linea-9-del-tram-dalacant-a-su-paso-por-la-zona-del-mascarat\/","title":{"rendered":"La Generalitat finaliza las obras de emergencia ejecutadas en la L\u00ednea 9 del TRAM d\u2019Alacant a su paso por la zona del Mascarat"},"content":{"rendered":"\n<p>El conseller Vicente Mart\u00ednez Mus ha visitado los trabajos que comenzaron el pasado mes de abril entre Olla Altea y Calp<\/p>\n\n\n\n<p>El conseller de Medio Ambiente, Infraestructuras y Territorio, Vicente Mart\u00ednez Mus, ha visitado las obras de emergencia que se han ejecutado en la L\u00ednea 9 del TRAM d\u2019Alacant (Benidorm-D\u00e9nia), a su paso por la zona del Mascarat en Altea.<\/p>\n\n\n\n<p>A la visita tambi\u00e9n han acudido el secretario auton\u00f3mico de Infraestructuras y Transportes, Javier Sendra; el director general de Transportes, Manuel R\u00edos; el director gerente de Ferrocarrils de la Generalitat Valenciana (FGV), Alfonso Novo; el alcalde de Altea, Diego Zaragoz\u00ed y representantes de la empresa que ha realizado las obras.<\/p>\n\n\n\n<p>Estos trabajos, ejecutados por FGV, comenzaron el pasado mes de abril para hacer frente a los da\u00f1os provocados por el incendio que en enero afect\u00f3 a la infraestructura ferroviaria y a las condiciones del entorno de esta l\u00ednea.<\/p>\n\n\n\n<p>Las actuaciones se han realizado a lo largo de cerca de tres kil\u00f3metros entre las estaciones de Olla d\u2019Altea y Calp y han contado con un presupuesto de tres millones de euros.<\/p>\n\n\n\n<p>El conseller ha explicado que \u201cestos trabajos se han realizado de manera paralela y coordinada a las obras de los nuevos viaductos ferroviarios de Mascarat y Algar de la misma L\u00ednea 9, con un presupuesto conjunto que supera los 16 millones de euros y cuentan con financiaci\u00f3n de Fondos Europeos\u201d.<\/p>\n\n\n\n<p>A su vez, ha anunciado que \u201ceste mes de octubre comienzan las obras de desmontaje del puente original del barranco del Mascarat y del proceso de instalaci\u00f3n del nuevo viaducto, de modo que una vez finalizadas las obras de renovaci\u00f3n de los viaductos de Algar y Mascarat, las unidades de propulsi\u00f3n di\u00e9sel-el\u00e9ctrica Serie 5000 podr\u00e1n circular entre D\u00e9nia y Benidorm sin necesidad de transbordo\u201d.<\/p>\n\n\n\n<h4 class=\"wp-block-heading\"><strong>Obras de emergencia<\/strong><\/h4>\n\n\n\n<p>Con las obras de emergencia se ha hecho frente a los da\u00f1os causados por el incendio que tuvo lugar entre los d\u00edas 6 y 9 de enero, en las inmediaciones del puerto deportivo de Campomanes y del Mascarat, que se propag\u00f3 y extendi\u00f3 hacia el oeste por la existencia de fuertes vientos, llegando a sobrepasar la autopista AP-7 y afectando a la infraestructura ferroviaria en el tramo comprendido entre las estaciones de Olla d\u00b4Altea y Calp.<\/p>\n\n\n\n<p>Entre las acciones ejecutadas se ha completado la renovaci\u00f3n de la infraestructura afectada con la retirada de arbolado; la mitigaci\u00f3n de posibles riesgos geol\u00f3gicos; la reconstrucci\u00f3n de un terrapl\u00e9n e infraestructura de drenaje, as\u00ed como la reducci\u00f3n de la erosi\u00f3n en taludes y laderas cercanas al trazado de la v\u00eda.<\/p>\n\n\n\n<p>Actualmente, el corte de servicio afecta al tramo Altea-Teulada, en esta ocasi\u00f3n por las obras de los viaductos de Algar y Mascarat. En una \u00faltima fase de estos dos proyectos y antes de su finalizaci\u00f3n en diciembre, el corte comprender\u00e1 el tramo Garganes-Calp.<\/p>\n\n\n\n<h4 class=\"wp-block-heading\"><strong>Sustituci\u00f3n del viaducto del Mascarat&nbsp;<\/strong><\/h4>\n\n\n\n<p>Los trabajos en el Mascarat, con un presupuesto de licitaci\u00f3n de 8.266.980,43 euros IVA incluido, suponen la sustituci\u00f3n del actual viaducto, construido entre los a\u00f1os 1913 y 1915, por uno nuevo de similares caracter\u00edsticas y conservando una est\u00e9tica similar a la del viaducto original.<br>El nuevo viaducto tendr\u00e1 una longitud total de 43,20 metros, salvando el barranco con un \u00fanico vano isost\u00e1tico y de las mismas caracter\u00edsticas que el tablero original (estructura met\u00e1lica tipo PRATT).<\/p>\n\n\n\n<p>Adem\u00e1s, la actuaci\u00f3n de Mascarat incluye la reposici\u00f3n en todo el trazado (aproximadamente 1,5 kil\u00f3metros) de la actual superestructura de la plataforma ferroviaria en balasto por v\u00eda en placa, la protecci\u00f3n y la ejecuci\u00f3n de 12.475 m2 \u00a0de superficie de talud mediante mallas de triple torsi\u00f3n y la colocaci\u00f3n de pantallas din\u00e1micas.<\/p>\n\n\n\n<p>Fuente: <a href=\"https:\/\/aquimediosdecomunicacion.com\/2024\/10\/15\/la-generalitat-finaliza-las-obras-de-emergencia-ejecutadas-en-la-linea-9-del-tram-dalacant-a-su-paso-por-la-zona-del-mascarat\/\">Aqu\u00ed<\/a><br><\/p>\n","protected":false},"excerpt":{"rendered":"<div class=\"mh-excerpt\"><p>El conseller Vicente Mart\u00ednez Mus ha visitado los trabajos que comenzaron el pasado mes de abril entre Olla Altea y Calp El conseller de Medio <a class=\"mh-excerpt-more\" href=\"https:\/\/ugtfgvalicante.com\/index.php\/2024\/10\/15\/la-generalitat-finaliza-las-obras-de-emergencia-ejecutadas-en-la-linea-9-del-tram-dalacant-a-su-paso-por-la-zona-del-mascarat\/\" title=\"La Generalitat finaliza las obras de emergencia ejecutadas en la L\u00ednea 9 del TRAM d\u2019Alacant a su paso por la zona del Mascarat\">[&#8230;]<\/a><\/p>\n<\/div>","protected":false},"author":4,"featured_media":817,"comment_status":"closed","ping_status":"closed","sticky":false,"template":"","format":"standard","meta":{"footnotes":""},"categories":[1],"tags":[],"class_list":["post-816","post","type-post","status-publish","format-standard","has-post-thumbnail","hentry","category-sin-categoria"],"yoast_head":"<!-- This site is optimized with the Yoast SEO plugin v26.6 - https:\/\/yoast.com\/wordpress\/plugins\/seo\/ -->\n<title>La Generalitat finaliza las obras de emergencia ejecutadas en la L\u00ednea 9 del TRAM d\u2019Alacant a su paso por la zona del Mascarat - FGV Alicante<\/title>\n<meta name=\"robots\" content=\"index, follow, max-snippet:-1, max-image-preview:large, max-video-preview:-1\" \/>\n<link rel=\"canonical\" href=\"https:\/\/ugtfgvalicante.com\/index.php\/2024\/10\/15\/la-generalitat-finaliza-las-obras-de-emergencia-ejecutadas-en-la-linea-9-del-tram-dalacant-a-su-paso-por-la-zona-del-mascarat\/\" \/>\n<meta property=\"og:locale\" content=\"es_ES\" \/>\n<meta property=\"og:type\" content=\"article\" \/>\n<meta property=\"og:title\" content=\"La Generalitat finaliza las obras de emergencia ejecutadas en la L\u00ednea 9 del TRAM d\u2019Alacant a su paso por la zona del Mascarat - FGV Alicante\" \/>\n<meta property=\"og:description\" content=\"El conseller Vicente Mart\u00ednez Mus ha visitado los trabajos que comenzaron el pasado mes de abril entre Olla Altea y Calp El conseller de Medio [...]\" \/>\n<meta property=\"og:url\" content=\"https:\/\/ugtfgvalicante.com\/index.php\/2024\/10\/15\/la-generalitat-finaliza-las-obras-de-emergencia-ejecutadas-en-la-linea-9-del-tram-dalacant-a-su-paso-por-la-zona-del-mascarat\/\" \/>\n<meta property=\"og:site_name\" content=\"FGV Alicante\" \/>\n<meta property=\"article:publisher\" content=\"https:\/\/es-es.facebook.com\/ugt.fgvalicante\/\" \/>\n<meta property=\"article:published_time\" content=\"2024-10-15T18:49:16+00:00\" \/>\n<meta property=\"article:modified_time\" content=\"2024-10-15T18:49:41+00:00\" \/>\n<meta property=\"og:image\" content=\"https:\/\/ugtfgvalicante.com\/wp-content\/uploads\/2024\/10\/Captura-de-pantalla-2024-10-15-a-las-7.13.15.webp\" \/>\n\t<meta property=\"og:image:width\" content=\"2082\" \/>\n\t<meta property=\"og:image:height\" content=\"1564\" \/>\n\t<meta property=\"og:image:type\" content=\"image\/webp\" \/>\n<meta name=\"author\" content=\"Ugt FGV Alicante\" \/>\n<meta name=\"twitter:card\" content=\"summary_large_image\" \/>\n<meta name=\"twitter:label1\" content=\"Escrito por\" \/>\n\t<meta name=\"twitter:data1\" content=\"Ugt FGV Alicante\" \/>\n\t<meta name=\"twitter:label2\" content=\"Tiempo de lectura\" \/>\n\t<meta name=\"twitter:data2\" content=\"1 minuto\" \/>\n<script type=\"application\/ld+json\" class=\"yoast-schema-graph\">{\"@context\":\"https:\/\/schema.org\",\"@graph\":[{\"@type\":\"Article\",\"@id\":\"https:\/\/ugtfgvalicante.com\/index.php\/2024\/10\/15\/la-generalitat-finaliza-las-obras-de-emergencia-ejecutadas-en-la-linea-9-del-tram-dalacant-a-su-paso-por-la-zona-del-mascarat\/#article\",\"isPartOf\":{\"@id\":\"https:\/\/ugtfgvalicante.com\/index.php\/2024\/10\/15\/la-generalitat-finaliza-las-obras-de-emergencia-ejecutadas-en-la-linea-9-del-tram-dalacant-a-su-paso-por-la-zona-del-mascarat\/\"},\"author\":{\"name\":\"Ugt FGV Alicante\",\"@id\":\"https:\/\/ugtfgvalicante.com\/#\/schema\/person\/a1375a9c1ef53e624aa79c34b93b62e8\"},\"headline\":\"La Generalitat finaliza las obras de emergencia ejecutadas en la L\u00ednea 9 del TRAM d\u2019Alacant a su paso por la zona del Mascarat\",\"datePublished\":\"2024-10-15T18:49:16+00:00\",\"dateModified\":\"2024-10-15T18:49:41+00:00\",\"mainEntityOfPage\":{\"@id\":\"https:\/\/ugtfgvalicante.com\/index.php\/2024\/10\/15\/la-generalitat-finaliza-las-obras-de-emergencia-ejecutadas-en-la-linea-9-del-tram-dalacant-a-su-paso-por-la-zona-del-mascarat\/\"},\"wordCount\":666,\"publisher\":{\"@id\":\"https:\/\/ugtfgvalicante.com\/#organization\"},\"image\":{\"@id\":\"https:\/\/ugtfgvalicante.com\/index.php\/2024\/10\/15\/la-generalitat-finaliza-las-obras-de-emergencia-ejecutadas-en-la-linea-9-del-tram-dalacant-a-su-paso-por-la-zona-del-mascarat\/#primaryimage\"},\"thumbnailUrl\":\"https:\/\/ugtfgvalicante.com\/wp-content\/uploads\/2024\/10\/Captura-de-pantalla-2024-10-15-a-las-7.13.15.webp\",\"inLanguage\":\"es\"},{\"@type\":\"WebPage\",\"@id\":\"https:\/\/ugtfgvalicante.com\/index.php\/2024\/10\/15\/la-generalitat-finaliza-las-obras-de-emergencia-ejecutadas-en-la-linea-9-del-tram-dalacant-a-su-paso-por-la-zona-del-mascarat\/\",\"url\":\"https:\/\/ugtfgvalicante.com\/index.php\/2024\/10\/15\/la-generalitat-finaliza-las-obras-de-emergencia-ejecutadas-en-la-linea-9-del-tram-dalacant-a-su-paso-por-la-zona-del-mascarat\/\",\"name\":\"La Generalitat finaliza las obras de emergencia ejecutadas en la L\u00ednea 9 del TRAM d\u2019Alacant a su paso por la zona del Mascarat - FGV Alicante\",\"isPartOf\":{\"@id\":\"https:\/\/ugtfgvalicante.com\/#website\"},\"primaryImageOfPage\":{\"@id\":\"https:\/\/ugtfgvalicante.com\/index.php\/2024\/10\/15\/la-generalitat-finaliza-las-obras-de-emergencia-ejecutadas-en-la-linea-9-del-tram-dalacant-a-su-paso-por-la-zona-del-mascarat\/#primaryimage\"},\"image\":{\"@id\":\"https:\/\/ugtfgvalicante.com\/index.php\/2024\/10\/15\/la-generalitat-finaliza-las-obras-de-emergencia-ejecutadas-en-la-linea-9-del-tram-dalacant-a-su-paso-por-la-zona-del-mascarat\/#primaryimage\"},\"thumbnailUrl\":\"https:\/\/ugtfgvalicante.com\/wp-content\/uploads\/2024\/10\/Captura-de-pantalla-2024-10-15-a-las-7.13.15.webp\",\"datePublished\":\"2024-10-15T18:49:16+00:00\",\"dateModified\":\"2024-10-15T18:49:41+00:00\",\"breadcrumb\":{\"@id\":\"https:\/\/ugtfgvalicante.com\/index.php\/2024\/10\/15\/la-generalitat-finaliza-las-obras-de-emergencia-ejecutadas-en-la-linea-9-del-tram-dalacant-a-su-paso-por-la-zona-del-mascarat\/#breadcrumb\"},\"inLanguage\":\"es\",\"potentialAction\":[{\"@type\":\"ReadAction\",\"target\":[\"https:\/\/ugtfgvalicante.com\/index.php\/2024\/10\/15\/la-generalitat-finaliza-las-obras-de-emergencia-ejecutadas-en-la-linea-9-del-tram-dalacant-a-su-paso-por-la-zona-del-mascarat\/\"]}]},{\"@type\":\"ImageObject\",\"inLanguage\":\"es\",\"@id\":\"https:\/\/ugtfgvalicante.com\/index.php\/2024\/10\/15\/la-generalitat-finaliza-las-obras-de-emergencia-ejecutadas-en-la-linea-9-del-tram-dalacant-a-su-paso-por-la-zona-del-mascarat\/#primaryimage\",\"url\":\"https:\/\/ugtfgvalicante.com\/wp-content\/uploads\/2024\/10\/Captura-de-pantalla-2024-10-15-a-las-7.13.15.webp\",\"contentUrl\":\"https:\/\/ugtfgvalicante.com\/wp-content\/uploads\/2024\/10\/Captura-de-pantalla-2024-10-15-a-las-7.13.15.webp\",\"width\":2082,\"height\":1564},{\"@type\":\"BreadcrumbList\",\"@id\":\"https:\/\/ugtfgvalicante.com\/index.php\/2024\/10\/15\/la-generalitat-finaliza-las-obras-de-emergencia-ejecutadas-en-la-linea-9-del-tram-dalacant-a-su-paso-por-la-zona-del-mascarat\/#breadcrumb\",\"itemListElement\":[{\"@type\":\"ListItem\",\"position\":1,\"name\":\"Portada\",\"item\":\"https:\/\/ugtfgvalicante.com\/\"},{\"@type\":\"ListItem\",\"position\":2,\"name\":\"La Generalitat finaliza las obras de emergencia ejecutadas en la L\u00ednea 9 del TRAM d\u2019Alacant a su paso por la zona del Mascarat\"}]},{\"@type\":\"WebSite\",\"@id\":\"https:\/\/ugtfgvalicante.com\/#website\",\"url\":\"https:\/\/ugtfgvalicante.com\/\",\"name\":\"FGV Alicante\",\"description\":\"\",\"publisher\":{\"@id\":\"https:\/\/ugtfgvalicante.com\/#organization\"},\"potentialAction\":[{\"@type\":\"SearchAction\",\"target\":{\"@type\":\"EntryPoint\",\"urlTemplate\":\"https:\/\/ugtfgvalicante.com\/?s={search_term_string}\"},\"query-input\":{\"@type\":\"PropertyValueSpecification\",\"valueRequired\":true,\"valueName\":\"search_term_string\"}}],\"inLanguage\":\"es\"},{\"@type\":\"Organization\",\"@id\":\"https:\/\/ugtfgvalicante.com\/#organization\",\"name\":\"UGT FGV Alicante\",\"url\":\"https:\/\/ugtfgvalicante.com\/\",\"logo\":{\"@type\":\"ImageObject\",\"inLanguage\":\"es\",\"@id\":\"https:\/\/ugtfgvalicante.com\/#\/schema\/logo\/image\/\",\"url\":\"https:\/\/ugtfgvalicante.com\/wp-content\/uploads\/2022\/10\/logo-ugt-web.png\",\"contentUrl\":\"https:\/\/ugtfgvalicante.com\/wp-content\/uploads\/2022\/10\/logo-ugt-web.png\",\"width\":2283,\"height\":1126,\"caption\":\"UGT FGV Alicante\"},\"image\":{\"@id\":\"https:\/\/ugtfgvalicante.com\/#\/schema\/logo\/image\/\"},\"sameAs\":[\"https:\/\/es-es.facebook.com\/ugt.fgvalicante\/\"]},{\"@type\":\"Person\",\"@id\":\"https:\/\/ugtfgvalicante.com\/#\/schema\/person\/a1375a9c1ef53e624aa79c34b93b62e8\",\"name\":\"Ugt FGV Alicante\",\"image\":{\"@type\":\"ImageObject\",\"inLanguage\":\"es\",\"@id\":\"https:\/\/ugtfgvalicante.com\/#\/schema\/person\/image\/\",\"url\":\"https:\/\/secure.gravatar.com\/avatar\/ea41cd8456808460c6c0caa1a213c3c921573555df6b57a7ee2f16fb6f502866?s=96&d=mm&r=g\",\"contentUrl\":\"https:\/\/secure.gravatar.com\/avatar\/ea41cd8456808460c6c0caa1a213c3c921573555df6b57a7ee2f16fb6f502866?s=96&d=mm&r=g\",\"caption\":\"Ugt FGV Alicante\"},\"url\":\"https:\/\/ugtfgvalicante.com\/index.php\/author\/ggrau\/\"}]}<\/script>\n<!-- \/ Yoast SEO plugin. -->","yoast_head_json":{"title":"La Generalitat finaliza las obras de emergencia ejecutadas en la L\u00ednea 9 del TRAM d\u2019Alacant a su paso por la zona del Mascarat - FGV Alicante","robots":{"index":"index","follow":"follow","max-snippet":"max-snippet:-1","max-image-preview":"max-image-preview:large","max-video-preview":"max-video-preview:-1"},"canonical":"https:\/\/ugtfgvalicante.com\/index.php\/2024\/10\/15\/la-generalitat-finaliza-las-obras-de-emergencia-ejecutadas-en-la-linea-9-del-tram-dalacant-a-su-paso-por-la-zona-del-mascarat\/","og_locale":"es_ES","og_type":"article","og_title":"La Generalitat finaliza las obras de emergencia ejecutadas en la L\u00ednea 9 del TRAM d\u2019Alacant a su paso por la zona del Mascarat - FGV Alicante","og_description":"El conseller Vicente Mart\u00ednez Mus ha visitado los trabajos que comenzaron el pasado mes de abril entre Olla Altea y Calp El conseller de Medio [...]","og_url":"https:\/\/ugtfgvalicante.com\/index.php\/2024\/10\/15\/la-generalitat-finaliza-las-obras-de-emergencia-ejecutadas-en-la-linea-9-del-tram-dalacant-a-su-paso-por-la-zona-del-mascarat\/","og_site_name":"FGV Alicante","article_publisher":"https:\/\/es-es.facebook.com\/ugt.fgvalicante\/","article_published_time":"2024-10-15T18:49:16+00:00","article_modified_time":"2024-10-15T18:49:41+00:00","og_image":[{"width":2082,"height":1564,"url":"https:\/\/ugtfgvalicante.com\/wp-content\/uploads\/2024\/10\/Captura-de-pantalla-2024-10-15-a-las-7.13.15.webp","type":"image\/webp"}],"author":"Ugt FGV Alicante","twitter_card":"summary_large_image","twitter_misc":{"Escrito por":"Ugt FGV Alicante","Tiempo de lectura":"1 minuto"},"schema":{"@context":"https:\/\/schema.org","@graph":[{"@type":"Article","@id":"https:\/\/ugtfgvalicante.com\/index.php\/2024\/10\/15\/la-generalitat-finaliza-las-obras-de-emergencia-ejecutadas-en-la-linea-9-del-tram-dalacant-a-su-paso-por-la-zona-del-mascarat\/#article","isPartOf":{"@id":"https:\/\/ugtfgvalicante.com\/index.php\/2024\/10\/15\/la-generalitat-finaliza-las-obras-de-emergencia-ejecutadas-en-la-linea-9-del-tram-dalacant-a-su-paso-por-la-zona-del-mascarat\/"},"author":{"name":"Ugt FGV Alicante","@id":"https:\/\/ugtfgvalicante.com\/#\/schema\/person\/a1375a9c1ef53e624aa79c34b93b62e8"},"headline":"La Generalitat finaliza las obras de emergencia ejecutadas en la L\u00ednea 9 del TRAM d\u2019Alacant a su paso por la zona del Mascarat","datePublished":"2024-10-15T18:49:16+00:00","dateModified":"2024-10-15T18:49:41+00:00","mainEntityOfPage":{"@id":"https:\/\/ugtfgvalicante.com\/index.php\/2024\/10\/15\/la-generalitat-finaliza-las-obras-de-emergencia-ejecutadas-en-la-linea-9-del-tram-dalacant-a-su-paso-por-la-zona-del-mascarat\/"},"wordCount":666,"publisher":{"@id":"https:\/\/ugtfgvalicante.com\/#organization"},"image":{"@id":"https:\/\/ugtfgvalicante.com\/index.php\/2024\/10\/15\/la-generalitat-finaliza-las-obras-de-emergencia-ejecutadas-en-la-linea-9-del-tram-dalacant-a-su-paso-por-la-zona-del-mascarat\/#primaryimage"},"thumbnailUrl":"https:\/\/ugtfgvalicante.com\/wp-content\/uploads\/2024\/10\/Captura-de-pantalla-2024-10-15-a-las-7.13.15.webp","inLanguage":"es"},{"@type":"WebPage","@id":"https:\/\/ugtfgvalicante.com\/index.php\/2024\/10\/15\/la-generalitat-finaliza-las-obras-de-emergencia-ejecutadas-en-la-linea-9-del-tram-dalacant-a-su-paso-por-la-zona-del-mascarat\/","url":"https:\/\/ugtfgvalicante.com\/index.php\/2024\/10\/15\/la-generalitat-finaliza-las-obras-de-emergencia-ejecutadas-en-la-linea-9-del-tram-dalacant-a-su-paso-por-la-zona-del-mascarat\/","name":"La Generalitat finaliza las obras de emergencia ejecutadas en la L\u00ednea 9 del TRAM d\u2019Alacant a su paso por la zona del Mascarat - FGV Alicante","isPartOf":{"@id":"https:\/\/ugtfgvalicante.com\/#website"},"primaryImageOfPage":{"@id":"https:\/\/ugtfgvalicante.com\/index.php\/2024\/10\/15\/la-generalitat-finaliza-las-obras-de-emergencia-ejecutadas-en-la-linea-9-del-tram-dalacant-a-su-paso-por-la-zona-del-mascarat\/#primaryimage"},"image":{"@id":"https:\/\/ugtfgvalicante.com\/index.php\/2024\/10\/15\/la-generalitat-finaliza-las-obras-de-emergencia-ejecutadas-en-la-linea-9-del-tram-dalacant-a-su-paso-por-la-zona-del-mascarat\/#primaryimage"},"thumbnailUrl":"https:\/\/ugtfgvalicante.com\/wp-content\/uploads\/2024\/10\/Captura-de-pantalla-2024-10-15-a-las-7.13.15.webp","datePublished":"2024-10-15T18:49:16+00:00","dateModified":"2024-10-15T18:49:41+00:00","breadcrumb":{"@id":"https:\/\/ugtfgvalicante.com\/index.php\/2024\/10\/15\/la-generalitat-finaliza-las-obras-de-emergencia-ejecutadas-en-la-linea-9-del-tram-dalacant-a-su-paso-por-la-zona-del-mascarat\/#breadcrumb"},"inLanguage":"es","potentialAction":[{"@type":"ReadAction","target":["https:\/\/ugtfgvalicante.com\/index.php\/2024\/10\/15\/la-generalitat-finaliza-las-obras-de-emergencia-ejecutadas-en-la-linea-9-del-tram-dalacant-a-su-paso-por-la-zona-del-mascarat\/"]}]},{"@type":"ImageObject","inLanguage":"es","@id":"https:\/\/ugtfgvalicante.com\/index.php\/2024\/10\/15\/la-generalitat-finaliza-las-obras-de-emergencia-ejecutadas-en-la-linea-9-del-tram-dalacant-a-su-paso-por-la-zona-del-mascarat\/#primaryimage","url":"https:\/\/ugtfgvalicante.com\/wp-content\/uploads\/2024\/10\/Captura-de-pantalla-2024-10-15-a-las-7.13.15.webp","contentUrl":"https:\/\/ugtfgvalicante.com\/wp-content\/uploads\/2024\/10\/Captura-de-pantalla-2024-10-15-a-las-7.13.15.webp","width":2082,"height":1564},{"@type":"BreadcrumbList","@id":"https:\/\/ugtfgvalicante.com\/index.php\/2024\/10\/15\/la-generalitat-finaliza-las-obras-de-emergencia-ejecutadas-en-la-linea-9-del-tram-dalacant-a-su-paso-por-la-zona-del-mascarat\/#breadcrumb","itemListElement":[{"@type":"ListItem","position":1,"name":"Portada","item":"https:\/\/ugtfgvalicante.com\/"},{"@type":"ListItem","position":2,"name":"La Generalitat finaliza las obras de emergencia ejecutadas en la L\u00ednea 9 del TRAM d\u2019Alacant a su paso por la zona del Mascarat"}]},{"@type":"WebSite","@id":"https:\/\/ugtfgvalicante.com\/#website","url":"https:\/\/ugtfgvalicante.com\/","name":"FGV Alicante","description":"","publisher":{"@id":"https:\/\/ugtfgvalicante.com\/#organization"},"potentialAction":[{"@type":"SearchAction","target":{"@type":"EntryPoint","urlTemplate":"https:\/\/ugtfgvalicante.com\/?s={search_term_string}"},"query-input":{"@type":"PropertyValueSpecification","valueRequired":true,"valueName":"search_term_string"}}],"inLanguage":"es"},{"@type":"Organization","@id":"https:\/\/ugtfgvalicante.com\/#organization","name":"UGT FGV Alicante","url":"https:\/\/ugtfgvalicante.com\/","logo":{"@type":"ImageObject","inLanguage":"es","@id":"https:\/\/ugtfgvalicante.com\/#\/schema\/logo\/image\/","url":"https:\/\/ugtfgvalicante.com\/wp-content\/uploads\/2022\/10\/logo-ugt-web.png","contentUrl":"https:\/\/ugtfgvalicante.com\/wp-content\/uploads\/2022\/10\/logo-ugt-web.png","width":2283,"height":1126,"caption":"UGT FGV Alicante"},"image":{"@id":"https:\/\/ugtfgvalicante.com\/#\/schema\/logo\/image\/"},"sameAs":["https:\/\/es-es.facebook.com\/ugt.fgvalicante\/"]},{"@type":"Person","@id":"https:\/\/ugtfgvalicante.com\/#\/schema\/person\/a1375a9c1ef53e624aa79c34b93b62e8","name":"Ugt FGV Alicante","image":{"@type":"ImageObject","inLanguage":"es","@id":"https:\/\/ugtfgvalicante.com\/#\/schema\/person\/image\/","url":"https:\/\/secure.gravatar.com\/avatar\/ea41cd8456808460c6c0caa1a213c3c921573555df6b57a7ee2f16fb6f502866?s=96&d=mm&r=g","contentUrl":"https:\/\/secure.gravatar.com\/avatar\/ea41cd8456808460c6c0caa1a213c3c921573555df6b57a7ee2f16fb6f502866?s=96&d=mm&r=g","caption":"Ugt FGV Alicante"},"url":"https:\/\/ugtfgvalicante.com\/index.php\/author\/ggrau\/"}]}},"_links":{"self":[{"href":"https:\/\/ugtfgvalicante.com\/index.php\/wp-json\/wp\/v2\/posts\/816","targetHints":{"allow":["GET"]}}],"collection":[{"href":"https:\/\/ugtfgvalicante.com\/index.php\/wp-json\/wp\/v2\/posts"}],"about":[{"href":"https:\/\/ugtfgvalicante.com\/index.php\/wp-json\/wp\/v2\/types\/post"}],"author":[{"embeddable":true,"href":"https:\/\/ugtfgvalicante.com\/index.php\/wp-json\/wp\/v2\/users\/4"}],"replies":[{"embeddable":true,"href":"https:\/\/ugtfgvalicante.com\/index.php\/wp-json\/wp\/v2\/comments?post=816"}],"version-history":[{"count":1,"href":"https:\/\/ugtfgvalicante.com\/index.php\/wp-json\/wp\/v2\/posts\/816\/revisions"}],"predecessor-version":[{"id":818,"href":"https:\/\/ugtfgvalicante.com\/index.php\/wp-json\/wp\/v2\/posts\/816\/revisions\/818"}],"wp:featuredmedia":[{"embeddable":true,"href":"https:\/\/ugtfgvalicante.com\/index.php\/wp-json\/wp\/v2\/media\/817"}],"wp:attachment":[{"href":"https:\/\/ugtfgvalicante.com\/index.php\/wp-json\/wp\/v2\/media?parent=816"}],"wp:term":[{"taxonomy":"category","embeddable":true,"href":"https:\/\/ugtfgvalicante.com\/index.php\/wp-json\/wp\/v2\/categories?post=816"},{"taxonomy":"post_tag","embeddable":true,"href":"https:\/\/ugtfgvalicante.com\/index.php\/wp-json\/wp\/v2\/tags?post=816"}],"curies":[{"name":"wp","href":"https:\/\/api.w.org\/{rel}","templated":true}]}}