{"id":819,"date":"2024-10-15T18:59:15","date_gmt":"2024-10-15T18:59:15","guid":{"rendered":"https:\/\/ugtfgvalicante.com\/?p=819"},"modified":"2024-10-15T18:59:16","modified_gmt":"2024-10-15T18:59:16","slug":"fgv-limita-a-dos-los-patinetes-electricos-y-bicis-por-cada-metro-y-tranvia-en-valencia-y-alicante","status":"publish","type":"post","link":"https:\/\/ugtfgvalicante.com\/index.php\/2024\/10\/15\/fgv-limita-a-dos-los-patinetes-electricos-y-bicis-por-cada-metro-y-tranvia-en-valencia-y-alicante\/","title":{"rendered":"FGV limita a dos los patinetes el\u00e9ctricos y bicis por cada metro y tranv\u00eda en Valencia y Alicante"},"content":{"rendered":"\n<h2 class=\"wp-block-heading\">La medida entra en vigor el 1 de diciembre y obligar\u00e1 a que estos dispositivos se ubiquen en el \u00faltimo coche de las unidades<\/h2>\n\n\n\n<h2 class=\"wp-block-heading\">La empresa argumenta que la proliferaci\u00f3n de estos veh\u00edculos est\u00e1 causando problemas de transporte, seguridad y convivencia entre los usuarios que est\u00e1n ocasionando un gran n\u00famero de reclamaciones.<\/h2>\n\n\n\n<p>El Consejo de Administraci\u00f3n de Ferrocarrils de la Generalitat Valenciana ha acordado limitar el acceso a dos patinetes el\u00e9ctricos y dos bicicletas por metro o tranv\u00eda a partir del pr\u00f3ximo 1 de diciembre en las redes de Metrovalencia y TRAM d\u2019Alacant. Estos dispositivos tendr\u00e1n que ubicarse en el \u00faltimo coche de las unidades.<\/p>\n\n\n\n<p>Esta decisi\u00f3n, seg\u00fan un comunicado de FGV, se ha adoptado \u201cdespu\u00e9s de valorar las implicaciones en la intermodalidad de los usuarios ante la evidencia de que el transporte de bicicletas y patinetes el\u00e9ctricos est\u00e1 causando una serie de afecciones relativas a operaciones, transporte, seguridad y a la convivencia entre los usuarios que est\u00e1n ocasionando un gran n\u00famero de reclamaciones ante la aglomeraci\u00f3n de los Veh\u00edculos de Movilidad Personal y bicicletas en las estaciones y unidades\u201d.<\/p>\n\n\n\n<h3 class=\"wp-block-heading\">Los patinetes el\u00e9ctricos y las bicicletas ir\u00e1n siempre plegados desde el acceso a las instalaciones<\/h3>\n\n\n\n<p>La restricci\u00f3n a dos patinetes el\u00e9ctricos y bicicletas se podr\u00e1 modificar \u201ca criterio del personal de FGV\u201d en funci\u00f3n de la ocupaci\u00f3n real del veh\u00edculo o de otras circunstancias que as\u00ed lo requieran, a\u00f1ade el comunicado.<\/p>\n\n\n\n<p>Adem\u00e1s, los patinetes el\u00e9ctricos y las bicicletas ir\u00e1n siempre plegados desde el acceso a las instalaciones y sus portadores se responsabilizar\u00e1n de no causar molestias al resto del pasaje ni da\u00f1os en los veh\u00edculos o las instalaciones. Asimismo, deber\u00e1n permanecer de pie junto a ellos en los espacios vac\u00edos de trenes y tranv\u00edas. En ning\u00fan caso se podr\u00e1 obstaculizar el acceso de maquinistas a las cabinas de conducci\u00f3n.<\/p>\n\n\n\n<p>Adem\u00e1s, FGV se\u00f1ala que est\u00e1 prohibido el acceso a los ascensores con bicicletas o patinetes el\u00e9ctricos y durante la celebraci\u00f3n de determinados eventos de gran demanda, como pueden ser Fallas y Hogueras, se podr\u00e1 prohibir el acceso con bicicletas y patinetes el\u00e9ctricos en toda la red o en determinadas zonas, tal y como sucede ya en la actualidad.<\/p>\n\n\n\n<p>Fuente: <a href=\"https:\/\/www.lavanguardia.com\/local\/valencia\/20241015\/10024111\/fgv-limita-dos-patinetes-electricos-bicis-metro-tranvia-valencia-alicante.html\">lavanguardia<\/a><\/p>\n","protected":false},"excerpt":{"rendered":"<div class=\"mh-excerpt\"><p>La medida entra en vigor el 1 de diciembre y obligar\u00e1 a que estos dispositivos se ubiquen en el \u00faltimo coche de las unidades La <a class=\"mh-excerpt-more\" href=\"https:\/\/ugtfgvalicante.com\/index.php\/2024\/10\/15\/fgv-limita-a-dos-los-patinetes-electricos-y-bicis-por-cada-metro-y-tranvia-en-valencia-y-alicante\/\" title=\"FGV limita a dos los patinetes el\u00e9ctricos y bicis por cada metro y tranv\u00eda en Valencia y Alicante\">[&#8230;]<\/a><\/p>\n<\/div>","protected":false},"author":4,"featured_media":820,"comment_status":"closed","ping_status":"closed","sticky":false,"template":"","format":"standard","meta":{"footnotes":""},"categories":[1],"tags":[],"class_list":["post-819","post","type-post","status-publish","format-standard","has-post-thumbnail","hentry","category-sin-categoria"],"yoast_head":"<!-- This site is optimized with the Yoast SEO plugin v26.6 - https:\/\/yoast.com\/wordpress\/plugins\/seo\/ -->\n<title>FGV limita a dos los patinetes el\u00e9ctricos y bicis por cada metro y tranv\u00eda en Valencia y Alicante - FGV Alicante<\/title>\n<meta name=\"robots\" content=\"index, follow, max-snippet:-1, max-image-preview:large, max-video-preview:-1\" \/>\n<link rel=\"canonical\" href=\"https:\/\/ugtfgvalicante.com\/index.php\/2024\/10\/15\/fgv-limita-a-dos-los-patinetes-electricos-y-bicis-por-cada-metro-y-tranvia-en-valencia-y-alicante\/\" \/>\n<meta property=\"og:locale\" content=\"es_ES\" \/>\n<meta property=\"og:type\" content=\"article\" \/>\n<meta property=\"og:title\" content=\"FGV limita a dos los patinetes el\u00e9ctricos y bicis por cada metro y tranv\u00eda en Valencia y Alicante - FGV Alicante\" \/>\n<meta property=\"og:description\" content=\"La medida entra en vigor el 1 de diciembre y obligar\u00e1 a que estos dispositivos se ubiquen en el \u00faltimo coche de las unidades La [...]\" \/>\n<meta property=\"og:url\" content=\"https:\/\/ugtfgvalicante.com\/index.php\/2024\/10\/15\/fgv-limita-a-dos-los-patinetes-electricos-y-bicis-por-cada-metro-y-tranvia-en-valencia-y-alicante\/\" \/>\n<meta property=\"og:site_name\" content=\"FGV Alicante\" \/>\n<meta property=\"article:publisher\" content=\"https:\/\/es-es.facebook.com\/ugt.fgvalicante\/\" \/>\n<meta property=\"article:published_time\" content=\"2024-10-15T18:59:15+00:00\" \/>\n<meta property=\"article:modified_time\" content=\"2024-10-15T18:59:16+00:00\" \/>\n<meta property=\"og:image\" content=\"https:\/\/ugtfgvalicante.com\/wp-content\/uploads\/2024\/10\/fgv-patinete-kIAD-U2201512215838RtH-1200x840@TodoAlicante.jpg\" \/>\n\t<meta property=\"og:image:width\" content=\"1200\" \/>\n\t<meta property=\"og:image:height\" content=\"840\" \/>\n\t<meta property=\"og:image:type\" content=\"image\/jpeg\" \/>\n<meta name=\"author\" content=\"Ugt FGV Alicante\" \/>\n<meta name=\"twitter:card\" content=\"summary_large_image\" \/>\n<meta name=\"twitter:label1\" content=\"Escrito por\" \/>\n\t<meta name=\"twitter:data1\" content=\"Ugt FGV Alicante\" \/>\n\t<meta name=\"twitter:label2\" content=\"Tiempo de lectura\" \/>\n\t<meta name=\"twitter:data2\" content=\"2 minutos\" \/>\n<script type=\"application\/ld+json\" class=\"yoast-schema-graph\">{\"@context\":\"https:\/\/schema.org\",\"@graph\":[{\"@type\":\"Article\",\"@id\":\"https:\/\/ugtfgvalicante.com\/index.php\/2024\/10\/15\/fgv-limita-a-dos-los-patinetes-electricos-y-bicis-por-cada-metro-y-tranvia-en-valencia-y-alicante\/#article\",\"isPartOf\":{\"@id\":\"https:\/\/ugtfgvalicante.com\/index.php\/2024\/10\/15\/fgv-limita-a-dos-los-patinetes-electricos-y-bicis-por-cada-metro-y-tranvia-en-valencia-y-alicante\/\"},\"author\":{\"name\":\"Ugt FGV Alicante\",\"@id\":\"https:\/\/ugtfgvalicante.com\/#\/schema\/person\/a1375a9c1ef53e624aa79c34b93b62e8\"},\"headline\":\"FGV limita a dos los patinetes el\u00e9ctricos y bicis por cada metro y tranv\u00eda en Valencia y Alicante\",\"datePublished\":\"2024-10-15T18:59:15+00:00\",\"dateModified\":\"2024-10-15T18:59:16+00:00\",\"mainEntityOfPage\":{\"@id\":\"https:\/\/ugtfgvalicante.com\/index.php\/2024\/10\/15\/fgv-limita-a-dos-los-patinetes-electricos-y-bicis-por-cada-metro-y-tranvia-en-valencia-y-alicante\/\"},\"wordCount\":419,\"publisher\":{\"@id\":\"https:\/\/ugtfgvalicante.com\/#organization\"},\"image\":{\"@id\":\"https:\/\/ugtfgvalicante.com\/index.php\/2024\/10\/15\/fgv-limita-a-dos-los-patinetes-electricos-y-bicis-por-cada-metro-y-tranvia-en-valencia-y-alicante\/#primaryimage\"},\"thumbnailUrl\":\"https:\/\/ugtfgvalicante.com\/wp-content\/uploads\/2024\/10\/fgv-patinete-kIAD-U2201512215838RtH-1200x840@TodoAlicante.jpg\",\"inLanguage\":\"es\"},{\"@type\":\"WebPage\",\"@id\":\"https:\/\/ugtfgvalicante.com\/index.php\/2024\/10\/15\/fgv-limita-a-dos-los-patinetes-electricos-y-bicis-por-cada-metro-y-tranvia-en-valencia-y-alicante\/\",\"url\":\"https:\/\/ugtfgvalicante.com\/index.php\/2024\/10\/15\/fgv-limita-a-dos-los-patinetes-electricos-y-bicis-por-cada-metro-y-tranvia-en-valencia-y-alicante\/\",\"name\":\"FGV limita a dos los patinetes el\u00e9ctricos y bicis por cada metro y tranv\u00eda en Valencia y Alicante - FGV Alicante\",\"isPartOf\":{\"@id\":\"https:\/\/ugtfgvalicante.com\/#website\"},\"primaryImageOfPage\":{\"@id\":\"https:\/\/ugtfgvalicante.com\/index.php\/2024\/10\/15\/fgv-limita-a-dos-los-patinetes-electricos-y-bicis-por-cada-metro-y-tranvia-en-valencia-y-alicante\/#primaryimage\"},\"image\":{\"@id\":\"https:\/\/ugtfgvalicante.com\/index.php\/2024\/10\/15\/fgv-limita-a-dos-los-patinetes-electricos-y-bicis-por-cada-metro-y-tranvia-en-valencia-y-alicante\/#primaryimage\"},\"thumbnailUrl\":\"https:\/\/ugtfgvalicante.com\/wp-content\/uploads\/2024\/10\/fgv-patinete-kIAD-U2201512215838RtH-1200x840@TodoAlicante.jpg\",\"datePublished\":\"2024-10-15T18:59:15+00:00\",\"dateModified\":\"2024-10-15T18:59:16+00:00\",\"breadcrumb\":{\"@id\":\"https:\/\/ugtfgvalicante.com\/index.php\/2024\/10\/15\/fgv-limita-a-dos-los-patinetes-electricos-y-bicis-por-cada-metro-y-tranvia-en-valencia-y-alicante\/#breadcrumb\"},\"inLanguage\":\"es\",\"potentialAction\":[{\"@type\":\"ReadAction\",\"target\":[\"https:\/\/ugtfgvalicante.com\/index.php\/2024\/10\/15\/fgv-limita-a-dos-los-patinetes-electricos-y-bicis-por-cada-metro-y-tranvia-en-valencia-y-alicante\/\"]}]},{\"@type\":\"ImageObject\",\"inLanguage\":\"es\",\"@id\":\"https:\/\/ugtfgvalicante.com\/index.php\/2024\/10\/15\/fgv-limita-a-dos-los-patinetes-electricos-y-bicis-por-cada-metro-y-tranvia-en-valencia-y-alicante\/#primaryimage\",\"url\":\"https:\/\/ugtfgvalicante.com\/wp-content\/uploads\/2024\/10\/fgv-patinete-kIAD-U2201512215838RtH-1200x840@TodoAlicante.jpg\",\"contentUrl\":\"https:\/\/ugtfgvalicante.com\/wp-content\/uploads\/2024\/10\/fgv-patinete-kIAD-U2201512215838RtH-1200x840@TodoAlicante.jpg\",\"width\":1200,\"height\":840},{\"@type\":\"BreadcrumbList\",\"@id\":\"https:\/\/ugtfgvalicante.com\/index.php\/2024\/10\/15\/fgv-limita-a-dos-los-patinetes-electricos-y-bicis-por-cada-metro-y-tranvia-en-valencia-y-alicante\/#breadcrumb\",\"itemListElement\":[{\"@type\":\"ListItem\",\"position\":1,\"name\":\"Portada\",\"item\":\"https:\/\/ugtfgvalicante.com\/\"},{\"@type\":\"ListItem\",\"position\":2,\"name\":\"FGV limita a dos los patinetes el\u00e9ctricos y bicis por cada metro y tranv\u00eda en Valencia y Alicante\"}]},{\"@type\":\"WebSite\",\"@id\":\"https:\/\/ugtfgvalicante.com\/#website\",\"url\":\"https:\/\/ugtfgvalicante.com\/\",\"name\":\"FGV Alicante\",\"description\":\"\",\"publisher\":{\"@id\":\"https:\/\/ugtfgvalicante.com\/#organization\"},\"potentialAction\":[{\"@type\":\"SearchAction\",\"target\":{\"@type\":\"EntryPoint\",\"urlTemplate\":\"https:\/\/ugtfgvalicante.com\/?s={search_term_string}\"},\"query-input\":{\"@type\":\"PropertyValueSpecification\",\"valueRequired\":true,\"valueName\":\"search_term_string\"}}],\"inLanguage\":\"es\"},{\"@type\":\"Organization\",\"@id\":\"https:\/\/ugtfgvalicante.com\/#organization\",\"name\":\"UGT FGV Alicante\",\"url\":\"https:\/\/ugtfgvalicante.com\/\",\"logo\":{\"@type\":\"ImageObject\",\"inLanguage\":\"es\",\"@id\":\"https:\/\/ugtfgvalicante.com\/#\/schema\/logo\/image\/\",\"url\":\"https:\/\/ugtfgvalicante.com\/wp-content\/uploads\/2022\/10\/logo-ugt-web.png\",\"contentUrl\":\"https:\/\/ugtfgvalicante.com\/wp-content\/uploads\/2022\/10\/logo-ugt-web.png\",\"width\":2283,\"height\":1126,\"caption\":\"UGT FGV Alicante\"},\"image\":{\"@id\":\"https:\/\/ugtfgvalicante.com\/#\/schema\/logo\/image\/\"},\"sameAs\":[\"https:\/\/es-es.facebook.com\/ugt.fgvalicante\/\"]},{\"@type\":\"Person\",\"@id\":\"https:\/\/ugtfgvalicante.com\/#\/schema\/person\/a1375a9c1ef53e624aa79c34b93b62e8\",\"name\":\"Ugt FGV Alicante\",\"image\":{\"@type\":\"ImageObject\",\"inLanguage\":\"es\",\"@id\":\"https:\/\/ugtfgvalicante.com\/#\/schema\/person\/image\/\",\"url\":\"https:\/\/secure.gravatar.com\/avatar\/ea41cd8456808460c6c0caa1a213c3c921573555df6b57a7ee2f16fb6f502866?s=96&d=mm&r=g\",\"contentUrl\":\"https:\/\/secure.gravatar.com\/avatar\/ea41cd8456808460c6c0caa1a213c3c921573555df6b57a7ee2f16fb6f502866?s=96&d=mm&r=g\",\"caption\":\"Ugt FGV Alicante\"},\"url\":\"https:\/\/ugtfgvalicante.com\/index.php\/author\/ggrau\/\"}]}<\/script>\n<!-- \/ Yoast SEO plugin. -->","yoast_head_json":{"title":"FGV limita a dos los patinetes el\u00e9ctricos y bicis por cada metro y tranv\u00eda en Valencia y Alicante - FGV Alicante","robots":{"index":"index","follow":"follow","max-snippet":"max-snippet:-1","max-image-preview":"max-image-preview:large","max-video-preview":"max-video-preview:-1"},"canonical":"https:\/\/ugtfgvalicante.com\/index.php\/2024\/10\/15\/fgv-limita-a-dos-los-patinetes-electricos-y-bicis-por-cada-metro-y-tranvia-en-valencia-y-alicante\/","og_locale":"es_ES","og_type":"article","og_title":"FGV limita a dos los patinetes el\u00e9ctricos y bicis por cada metro y tranv\u00eda en Valencia y Alicante - FGV Alicante","og_description":"La medida entra en vigor el 1 de diciembre y obligar\u00e1 a que estos dispositivos se ubiquen en el \u00faltimo coche de las unidades La [...]","og_url":"https:\/\/ugtfgvalicante.com\/index.php\/2024\/10\/15\/fgv-limita-a-dos-los-patinetes-electricos-y-bicis-por-cada-metro-y-tranvia-en-valencia-y-alicante\/","og_site_name":"FGV Alicante","article_publisher":"https:\/\/es-es.facebook.com\/ugt.fgvalicante\/","article_published_time":"2024-10-15T18:59:15+00:00","article_modified_time":"2024-10-15T18:59:16+00:00","og_image":[{"width":1200,"height":840,"url":"https:\/\/ugtfgvalicante.com\/wp-content\/uploads\/2024\/10\/fgv-patinete-kIAD-U2201512215838RtH-1200x840@TodoAlicante.jpg","type":"image\/jpeg"}],"author":"Ugt FGV Alicante","twitter_card":"summary_large_image","twitter_misc":{"Escrito por":"Ugt FGV Alicante","Tiempo de lectura":"2 minutos"},"schema":{"@context":"https:\/\/schema.org","@graph":[{"@type":"Article","@id":"https:\/\/ugtfgvalicante.com\/index.php\/2024\/10\/15\/fgv-limita-a-dos-los-patinetes-electricos-y-bicis-por-cada-metro-y-tranvia-en-valencia-y-alicante\/#article","isPartOf":{"@id":"https:\/\/ugtfgvalicante.com\/index.php\/2024\/10\/15\/fgv-limita-a-dos-los-patinetes-electricos-y-bicis-por-cada-metro-y-tranvia-en-valencia-y-alicante\/"},"author":{"name":"Ugt FGV Alicante","@id":"https:\/\/ugtfgvalicante.com\/#\/schema\/person\/a1375a9c1ef53e624aa79c34b93b62e8"},"headline":"FGV limita a dos los patinetes el\u00e9ctricos y bicis por cada metro y tranv\u00eda en Valencia y Alicante","datePublished":"2024-10-15T18:59:15+00:00","dateModified":"2024-10-15T18:59:16+00:00","mainEntityOfPage":{"@id":"https:\/\/ugtfgvalicante.com\/index.php\/2024\/10\/15\/fgv-limita-a-dos-los-patinetes-electricos-y-bicis-por-cada-metro-y-tranvia-en-valencia-y-alicante\/"},"wordCount":419,"publisher":{"@id":"https:\/\/ugtfgvalicante.com\/#organization"},"image":{"@id":"https:\/\/ugtfgvalicante.com\/index.php\/2024\/10\/15\/fgv-limita-a-dos-los-patinetes-electricos-y-bicis-por-cada-metro-y-tranvia-en-valencia-y-alicante\/#primaryimage"},"thumbnailUrl":"https:\/\/ugtfgvalicante.com\/wp-content\/uploads\/2024\/10\/fgv-patinete-kIAD-U2201512215838RtH-1200x840@TodoAlicante.jpg","inLanguage":"es"},{"@type":"WebPage","@id":"https:\/\/ugtfgvalicante.com\/index.php\/2024\/10\/15\/fgv-limita-a-dos-los-patinetes-electricos-y-bicis-por-cada-metro-y-tranvia-en-valencia-y-alicante\/","url":"https:\/\/ugtfgvalicante.com\/index.php\/2024\/10\/15\/fgv-limita-a-dos-los-patinetes-electricos-y-bicis-por-cada-metro-y-tranvia-en-valencia-y-alicante\/","name":"FGV limita a dos los patinetes el\u00e9ctricos y bicis por cada metro y tranv\u00eda en Valencia y Alicante - FGV Alicante","isPartOf":{"@id":"https:\/\/ugtfgvalicante.com\/#website"},"primaryImageOfPage":{"@id":"https:\/\/ugtfgvalicante.com\/index.php\/2024\/10\/15\/fgv-limita-a-dos-los-patinetes-electricos-y-bicis-por-cada-metro-y-tranvia-en-valencia-y-alicante\/#primaryimage"},"image":{"@id":"https:\/\/ugtfgvalicante.com\/index.php\/2024\/10\/15\/fgv-limita-a-dos-los-patinetes-electricos-y-bicis-por-cada-metro-y-tranvia-en-valencia-y-alicante\/#primaryimage"},"thumbnailUrl":"https:\/\/ugtfgvalicante.com\/wp-content\/uploads\/2024\/10\/fgv-patinete-kIAD-U2201512215838RtH-1200x840@TodoAlicante.jpg","datePublished":"2024-10-15T18:59:15+00:00","dateModified":"2024-10-15T18:59:16+00:00","breadcrumb":{"@id":"https:\/\/ugtfgvalicante.com\/index.php\/2024\/10\/15\/fgv-limita-a-dos-los-patinetes-electricos-y-bicis-por-cada-metro-y-tranvia-en-valencia-y-alicante\/#breadcrumb"},"inLanguage":"es","potentialAction":[{"@type":"ReadAction","target":["https:\/\/ugtfgvalicante.com\/index.php\/2024\/10\/15\/fgv-limita-a-dos-los-patinetes-electricos-y-bicis-por-cada-metro-y-tranvia-en-valencia-y-alicante\/"]}]},{"@type":"ImageObject","inLanguage":"es","@id":"https:\/\/ugtfgvalicante.com\/index.php\/2024\/10\/15\/fgv-limita-a-dos-los-patinetes-electricos-y-bicis-por-cada-metro-y-tranvia-en-valencia-y-alicante\/#primaryimage","url":"https:\/\/ugtfgvalicante.com\/wp-content\/uploads\/2024\/10\/fgv-patinete-kIAD-U2201512215838RtH-1200x840@TodoAlicante.jpg","contentUrl":"https:\/\/ugtfgvalicante.com\/wp-content\/uploads\/2024\/10\/fgv-patinete-kIAD-U2201512215838RtH-1200x840@TodoAlicante.jpg","width":1200,"height":840},{"@type":"BreadcrumbList","@id":"https:\/\/ugtfgvalicante.com\/index.php\/2024\/10\/15\/fgv-limita-a-dos-los-patinetes-electricos-y-bicis-por-cada-metro-y-tranvia-en-valencia-y-alicante\/#breadcrumb","itemListElement":[{"@type":"ListItem","position":1,"name":"Portada","item":"https:\/\/ugtfgvalicante.com\/"},{"@type":"ListItem","position":2,"name":"FGV limita a dos los patinetes el\u00e9ctricos y bicis por cada metro y tranv\u00eda en Valencia y Alicante"}]},{"@type":"WebSite","@id":"https:\/\/ugtfgvalicante.com\/#website","url":"https:\/\/ugtfgvalicante.com\/","name":"FGV Alicante","description":"","publisher":{"@id":"https:\/\/ugtfgvalicante.com\/#organization"},"potentialAction":[{"@type":"SearchAction","target":{"@type":"EntryPoint","urlTemplate":"https:\/\/ugtfgvalicante.com\/?s={search_term_string}"},"query-input":{"@type":"PropertyValueSpecification","valueRequired":true,"valueName":"search_term_string"}}],"inLanguage":"es"},{"@type":"Organization","@id":"https:\/\/ugtfgvalicante.com\/#organization","name":"UGT FGV Alicante","url":"https:\/\/ugtfgvalicante.com\/","logo":{"@type":"ImageObject","inLanguage":"es","@id":"https:\/\/ugtfgvalicante.com\/#\/schema\/logo\/image\/","url":"https:\/\/ugtfgvalicante.com\/wp-content\/uploads\/2022\/10\/logo-ugt-web.png","contentUrl":"https:\/\/ugtfgvalicante.com\/wp-content\/uploads\/2022\/10\/logo-ugt-web.png","width":2283,"height":1126,"caption":"UGT FGV Alicante"},"image":{"@id":"https:\/\/ugtfgvalicante.com\/#\/schema\/logo\/image\/"},"sameAs":["https:\/\/es-es.facebook.com\/ugt.fgvalicante\/"]},{"@type":"Person","@id":"https:\/\/ugtfgvalicante.com\/#\/schema\/person\/a1375a9c1ef53e624aa79c34b93b62e8","name":"Ugt FGV Alicante","image":{"@type":"ImageObject","inLanguage":"es","@id":"https:\/\/ugtfgvalicante.com\/#\/schema\/person\/image\/","url":"https:\/\/secure.gravatar.com\/avatar\/ea41cd8456808460c6c0caa1a213c3c921573555df6b57a7ee2f16fb6f502866?s=96&d=mm&r=g","contentUrl":"https:\/\/secure.gravatar.com\/avatar\/ea41cd8456808460c6c0caa1a213c3c921573555df6b57a7ee2f16fb6f502866?s=96&d=mm&r=g","caption":"Ugt FGV Alicante"},"url":"https:\/\/ugtfgvalicante.com\/index.php\/author\/ggrau\/"}]}},"_links":{"self":[{"href":"https:\/\/ugtfgvalicante.com\/index.php\/wp-json\/wp\/v2\/posts\/819","targetHints":{"allow":["GET"]}}],"collection":[{"href":"https:\/\/ugtfgvalicante.com\/index.php\/wp-json\/wp\/v2\/posts"}],"about":[{"href":"https:\/\/ugtfgvalicante.com\/index.php\/wp-json\/wp\/v2\/types\/post"}],"author":[{"embeddable":true,"href":"https:\/\/ugtfgvalicante.com\/index.php\/wp-json\/wp\/v2\/users\/4"}],"replies":[{"embeddable":true,"href":"https:\/\/ugtfgvalicante.com\/index.php\/wp-json\/wp\/v2\/comments?post=819"}],"version-history":[{"count":1,"href":"https:\/\/ugtfgvalicante.com\/index.php\/wp-json\/wp\/v2\/posts\/819\/revisions"}],"predecessor-version":[{"id":821,"href":"https:\/\/ugtfgvalicante.com\/index.php\/wp-json\/wp\/v2\/posts\/819\/revisions\/821"}],"wp:featuredmedia":[{"embeddable":true,"href":"https:\/\/ugtfgvalicante.com\/index.php\/wp-json\/wp\/v2\/media\/820"}],"wp:attachment":[{"href":"https:\/\/ugtfgvalicante.com\/index.php\/wp-json\/wp\/v2\/media?parent=819"}],"wp:term":[{"taxonomy":"category","embeddable":true,"href":"https:\/\/ugtfgvalicante.com\/index.php\/wp-json\/wp\/v2\/categories?post=819"},{"taxonomy":"post_tag","embeddable":true,"href":"https:\/\/ugtfgvalicante.com\/index.php\/wp-json\/wp\/v2\/tags?post=819"}],"curies":[{"name":"wp","href":"https:\/\/api.w.org\/{rel}","templated":true}]}}