{"id":823,"date":"2024-11-02T09:23:20","date_gmt":"2024-11-02T09:23:20","guid":{"rendered":"https:\/\/ugtfgvalicante.com\/?p=823"},"modified":"2024-11-02T09:23:21","modified_gmt":"2024-11-02T09:23:21","slug":"metrovalencia-tardara-meses-en-recuperar-el-servicio-entre-la-capital-y-los-municipios-del-sur","status":"publish","type":"post","link":"https:\/\/ugtfgvalicante.com\/index.php\/2024\/11\/02\/metrovalencia-tardara-meses-en-recuperar-el-servicio-entre-la-capital-y-los-municipios-del-sur\/","title":{"rendered":"Metrovalencia tardar\u00e1 meses en recuperar el servicio entre la capital y los municipios del sur"},"content":{"rendered":"\n<p>VAL\u00c8NCIA. La red de&nbsp;<strong>Metrovalencia&nbsp;<\/strong>tardar\u00e1 meses en recuperar la normalidad y la conexi\u00f3n con ciertos municipios del \u00e1rea metropolitana de Val\u00e8ncia, especialmente los del sur, por los graves desperfectos que ha causado la&nbsp;<a href=\"https:\/\/valenciaplaza.com\/tag\/Dana+Valencia\" rel=\"noreferrer noopener\" target=\"_blank\"><strong>Dana<\/strong><\/a>&nbsp;en la provincia. Por tanto, la previsi\u00f3n es ir paulatinamente reabriendo el servicio que no ser\u00e1 completo en el corto plazo, seg\u00fan ha podido saber este diario. En concreto, lo m\u00e1s inmediato ser\u00e1 la reanudaci\u00f3n del servicio del&nbsp;<strong>Tranv\u00eda<\/strong>, que podr\u00eda estar en unas tres semanas.<\/p>\n\n\n\n<p>Ya en tres meses se calcula que podr\u00edan volver la&nbsp;<strong>L3<\/strong>, de Rafelbunyol al aeropuerto de Manises; la&nbsp;<strong>L5<\/strong>, Mar\u00edtim-Serrer\u00eda al aeropuerto; y la&nbsp;<strong>L9<\/strong>, de Alboraia a Riba-Roja del Turia. Eso s\u00ed, siempre que lo permita el Centro de Control de Tr\u00e1fico Centralizado, que ha sufrido graves da\u00f1os por el temporal y para el que se busca una nueva ubicaci\u00f3n provisional.&nbsp;<\/p>\n\n\n\n<p>Finalmente, las l\u00edneas m\u00e1s afectadas son las que conectan con localidades m\u00e1s al sur de la ciudad, que han sufrido grandes desperfectos y en algunos tramos han quedado totalmente destruidas. Tanto es as\u00ed que no existe una previsi\u00f3n aproximada para recuperar las conexiones de Metrovalencia con estos municipios a trav\u00e9s de las&nbsp;<strong>l\u00edneas 1 y 2<\/strong>. La idea, en un principio, es actuar primero desde la parte norte al sur de estas dos l\u00edneas, es decir, los tramos que van de Ll\u00edria a Val\u00e8ncia y de B\u00e9tera a la ciudad, para m\u00e1s tarde restablecer el servicio desde Torrent Avinguda a Val\u00e8ncia y desde Castell\u00f3 (Ribera Alta) al &#8216;cap i casal&#8217;.<\/p>\n\n\n\n<p>Por otro lado, el acceso al complejo de Val\u00e8ncia Sud ha quedado prohibido hasta nuevo aviso para todos los trabajadores, a excepci\u00f3n de los que est\u00e1n realizando ya las labores de limpieza, vigilancia y dem\u00e1s trabajos encaminados a la restituci\u00f3n de las respectivas funciones de los distintos edificios.<br><br>Los coches particulares de los empleados que se han quedado atrapados en Val\u00e8ncia Sud ser\u00e1n depositados en una zona concreta del complejo y Seguridad y Protecci\u00f3n Civil avisar\u00e1n a sus due\u00f1os de cu\u00e1ndo podr\u00e1n ir a recogerlos. A todos los afectados se les enviar\u00e1 una fotograf\u00eda de su veh\u00edculo a partir de la semana que viene.<br><br>Los trabajos de limpieza y recuperaci\u00f3n de la iluminaci\u00f3n ya han comenzado y se comunicar\u00e1 el regreso de los trabajadores en su momento. El complejo estar\u00e1 vigilado las 24 horas.<\/p>\n\n\n\n<h2 class=\"wp-block-heading\">La l\u00ednea 1 y la pantanada de Tous<\/h2>\n\n\n\n<p>Parte de la l\u00ednea ya sufri\u00f3 las consecuencias de otra cat\u00e1strofe hace poco m\u00e1s de 42 a\u00f1os. El 20 de octubre de 1982 el&nbsp;<a href=\"https:\/\/valenciaplaza.com\/cuatro-decadas-pantanada-tous-catastrofe-sirvio-avanzar\" rel=\"noreferrer noopener\" target=\"_blank\">Pantano de Tous<\/a>, ubicado en la Ribera Alta, reventaba, causando graves desperfectos en un buen n\u00famero de municipios cercanos al Rio J\u00facar. Esta situaci\u00f3n provoc\u00f3 que la l\u00ednea de la red entonces denominada Ferrocarril de V\u00eda Estrecha (Feve), el conocido como &#8216;trenet&#8217;, quedase gravemente afectada. El restablecimiento de la circulaci\u00f3n tard\u00f3 un buen tiempo en llegar, especialmente a Castell\u00f3 debido al derrumbe del puente que cruza el Rio J\u00facar y conecta a este municipio con Alberic.&nbsp;<\/p>\n","protected":false},"excerpt":{"rendered":"<div class=\"mh-excerpt\"><p>VAL\u00c8NCIA. La red de&nbsp;Metrovalencia&nbsp;tardar\u00e1 meses en recuperar la normalidad y la conexi\u00f3n con ciertos municipios del \u00e1rea metropolitana de Val\u00e8ncia, especialmente los del sur, por <a class=\"mh-excerpt-more\" href=\"https:\/\/ugtfgvalicante.com\/index.php\/2024\/11\/02\/metrovalencia-tardara-meses-en-recuperar-el-servicio-entre-la-capital-y-los-municipios-del-sur\/\" title=\"Metrovalencia tardar\u00e1 meses en recuperar el servicio entre la capital y los municipios del sur\">[&#8230;]<\/a><\/p>\n<\/div>","protected":false},"author":4,"featured_media":824,"comment_status":"closed","ping_status":"closed","sticky":false,"template":"","format":"standard","meta":{"footnotes":""},"categories":[1],"tags":[],"class_list":["post-823","post","type-post","status-publish","format-standard","has-post-thumbnail","hentry","category-sin-categoria"],"yoast_head":"<!-- This site is optimized with the Yoast SEO plugin v26.6 - https:\/\/yoast.com\/wordpress\/plugins\/seo\/ -->\n<title>Metrovalencia tardar\u00e1 meses en recuperar el servicio entre la capital y los municipios del sur - FGV Alicante<\/title>\n<meta name=\"robots\" content=\"index, follow, max-snippet:-1, max-image-preview:large, max-video-preview:-1\" \/>\n<link rel=\"canonical\" href=\"https:\/\/ugtfgvalicante.com\/index.php\/2024\/11\/02\/metrovalencia-tardara-meses-en-recuperar-el-servicio-entre-la-capital-y-los-municipios-del-sur\/\" \/>\n<meta property=\"og:locale\" content=\"es_ES\" \/>\n<meta property=\"og:type\" content=\"article\" \/>\n<meta property=\"og:title\" content=\"Metrovalencia tardar\u00e1 meses en recuperar el servicio entre la capital y los municipios del sur - FGV Alicante\" \/>\n<meta property=\"og:description\" content=\"VAL\u00c8NCIA. La red de&nbsp;Metrovalencia&nbsp;tardar\u00e1 meses en recuperar la normalidad y la conexi\u00f3n con ciertos municipios del \u00e1rea metropolitana de Val\u00e8ncia, especialmente los del sur, por [...]\" \/>\n<meta property=\"og:url\" content=\"https:\/\/ugtfgvalicante.com\/index.php\/2024\/11\/02\/metrovalencia-tardara-meses-en-recuperar-el-servicio-entre-la-capital-y-los-municipios-del-sur\/\" \/>\n<meta property=\"og:site_name\" content=\"FGV Alicante\" \/>\n<meta property=\"article:publisher\" content=\"https:\/\/es-es.facebook.com\/ugt.fgvalicante\/\" \/>\n<meta property=\"article:published_time\" content=\"2024-11-02T09:23:20+00:00\" \/>\n<meta property=\"article:modified_time\" content=\"2024-11-02T09:23:21+00:00\" \/>\n<meta property=\"og:image\" content=\"https:\/\/ugtfgvalicante.com\/wp-content\/uploads\/2024\/11\/1730392508kike_241031128_w_NoticiaAmpliada.jpg\" \/>\n\t<meta property=\"og:image:width\" content=\"768\" \/>\n\t<meta property=\"og:image:height\" content=\"512\" \/>\n\t<meta property=\"og:image:type\" content=\"image\/jpeg\" \/>\n<meta name=\"author\" content=\"Ugt FGV Alicante\" \/>\n<meta name=\"twitter:card\" content=\"summary_large_image\" \/>\n<meta name=\"twitter:label1\" content=\"Escrito por\" \/>\n\t<meta name=\"twitter:data1\" content=\"Ugt FGV Alicante\" \/>\n\t<meta name=\"twitter:label2\" content=\"Tiempo de lectura\" \/>\n\t<meta name=\"twitter:data2\" content=\"3 minutos\" \/>\n<script type=\"application\/ld+json\" class=\"yoast-schema-graph\">{\"@context\":\"https:\/\/schema.org\",\"@graph\":[{\"@type\":\"Article\",\"@id\":\"https:\/\/ugtfgvalicante.com\/index.php\/2024\/11\/02\/metrovalencia-tardara-meses-en-recuperar-el-servicio-entre-la-capital-y-los-municipios-del-sur\/#article\",\"isPartOf\":{\"@id\":\"https:\/\/ugtfgvalicante.com\/index.php\/2024\/11\/02\/metrovalencia-tardara-meses-en-recuperar-el-servicio-entre-la-capital-y-los-municipios-del-sur\/\"},\"author\":{\"name\":\"Ugt FGV Alicante\",\"@id\":\"https:\/\/ugtfgvalicante.com\/#\/schema\/person\/a1375a9c1ef53e624aa79c34b93b62e8\"},\"headline\":\"Metrovalencia tardar\u00e1 meses en recuperar el servicio entre la capital y los municipios del sur\",\"datePublished\":\"2024-11-02T09:23:20+00:00\",\"dateModified\":\"2024-11-02T09:23:21+00:00\",\"mainEntityOfPage\":{\"@id\":\"https:\/\/ugtfgvalicante.com\/index.php\/2024\/11\/02\/metrovalencia-tardara-meses-en-recuperar-el-servicio-entre-la-capital-y-los-municipios-del-sur\/\"},\"wordCount\":570,\"publisher\":{\"@id\":\"https:\/\/ugtfgvalicante.com\/#organization\"},\"image\":{\"@id\":\"https:\/\/ugtfgvalicante.com\/index.php\/2024\/11\/02\/metrovalencia-tardara-meses-en-recuperar-el-servicio-entre-la-capital-y-los-municipios-del-sur\/#primaryimage\"},\"thumbnailUrl\":\"https:\/\/ugtfgvalicante.com\/wp-content\/uploads\/2024\/11\/1730392508kike_241031128_w_NoticiaAmpliada.jpg\",\"inLanguage\":\"es\"},{\"@type\":\"WebPage\",\"@id\":\"https:\/\/ugtfgvalicante.com\/index.php\/2024\/11\/02\/metrovalencia-tardara-meses-en-recuperar-el-servicio-entre-la-capital-y-los-municipios-del-sur\/\",\"url\":\"https:\/\/ugtfgvalicante.com\/index.php\/2024\/11\/02\/metrovalencia-tardara-meses-en-recuperar-el-servicio-entre-la-capital-y-los-municipios-del-sur\/\",\"name\":\"Metrovalencia tardar\u00e1 meses en recuperar el servicio entre la capital y los municipios del sur - FGV Alicante\",\"isPartOf\":{\"@id\":\"https:\/\/ugtfgvalicante.com\/#website\"},\"primaryImageOfPage\":{\"@id\":\"https:\/\/ugtfgvalicante.com\/index.php\/2024\/11\/02\/metrovalencia-tardara-meses-en-recuperar-el-servicio-entre-la-capital-y-los-municipios-del-sur\/#primaryimage\"},\"image\":{\"@id\":\"https:\/\/ugtfgvalicante.com\/index.php\/2024\/11\/02\/metrovalencia-tardara-meses-en-recuperar-el-servicio-entre-la-capital-y-los-municipios-del-sur\/#primaryimage\"},\"thumbnailUrl\":\"https:\/\/ugtfgvalicante.com\/wp-content\/uploads\/2024\/11\/1730392508kike_241031128_w_NoticiaAmpliada.jpg\",\"datePublished\":\"2024-11-02T09:23:20+00:00\",\"dateModified\":\"2024-11-02T09:23:21+00:00\",\"breadcrumb\":{\"@id\":\"https:\/\/ugtfgvalicante.com\/index.php\/2024\/11\/02\/metrovalencia-tardara-meses-en-recuperar-el-servicio-entre-la-capital-y-los-municipios-del-sur\/#breadcrumb\"},\"inLanguage\":\"es\",\"potentialAction\":[{\"@type\":\"ReadAction\",\"target\":[\"https:\/\/ugtfgvalicante.com\/index.php\/2024\/11\/02\/metrovalencia-tardara-meses-en-recuperar-el-servicio-entre-la-capital-y-los-municipios-del-sur\/\"]}]},{\"@type\":\"ImageObject\",\"inLanguage\":\"es\",\"@id\":\"https:\/\/ugtfgvalicante.com\/index.php\/2024\/11\/02\/metrovalencia-tardara-meses-en-recuperar-el-servicio-entre-la-capital-y-los-municipios-del-sur\/#primaryimage\",\"url\":\"https:\/\/ugtfgvalicante.com\/wp-content\/uploads\/2024\/11\/1730392508kike_241031128_w_NoticiaAmpliada.jpg\",\"contentUrl\":\"https:\/\/ugtfgvalicante.com\/wp-content\/uploads\/2024\/11\/1730392508kike_241031128_w_NoticiaAmpliada.jpg\",\"width\":768,\"height\":512},{\"@type\":\"BreadcrumbList\",\"@id\":\"https:\/\/ugtfgvalicante.com\/index.php\/2024\/11\/02\/metrovalencia-tardara-meses-en-recuperar-el-servicio-entre-la-capital-y-los-municipios-del-sur\/#breadcrumb\",\"itemListElement\":[{\"@type\":\"ListItem\",\"position\":1,\"name\":\"Portada\",\"item\":\"https:\/\/ugtfgvalicante.com\/\"},{\"@type\":\"ListItem\",\"position\":2,\"name\":\"Metrovalencia tardar\u00e1 meses en recuperar el servicio entre la capital y los municipios del sur\"}]},{\"@type\":\"WebSite\",\"@id\":\"https:\/\/ugtfgvalicante.com\/#website\",\"url\":\"https:\/\/ugtfgvalicante.com\/\",\"name\":\"FGV Alicante\",\"description\":\"\",\"publisher\":{\"@id\":\"https:\/\/ugtfgvalicante.com\/#organization\"},\"potentialAction\":[{\"@type\":\"SearchAction\",\"target\":{\"@type\":\"EntryPoint\",\"urlTemplate\":\"https:\/\/ugtfgvalicante.com\/?s={search_term_string}\"},\"query-input\":{\"@type\":\"PropertyValueSpecification\",\"valueRequired\":true,\"valueName\":\"search_term_string\"}}],\"inLanguage\":\"es\"},{\"@type\":\"Organization\",\"@id\":\"https:\/\/ugtfgvalicante.com\/#organization\",\"name\":\"UGT FGV Alicante\",\"url\":\"https:\/\/ugtfgvalicante.com\/\",\"logo\":{\"@type\":\"ImageObject\",\"inLanguage\":\"es\",\"@id\":\"https:\/\/ugtfgvalicante.com\/#\/schema\/logo\/image\/\",\"url\":\"https:\/\/ugtfgvalicante.com\/wp-content\/uploads\/2022\/10\/logo-ugt-web.png\",\"contentUrl\":\"https:\/\/ugtfgvalicante.com\/wp-content\/uploads\/2022\/10\/logo-ugt-web.png\",\"width\":2283,\"height\":1126,\"caption\":\"UGT FGV Alicante\"},\"image\":{\"@id\":\"https:\/\/ugtfgvalicante.com\/#\/schema\/logo\/image\/\"},\"sameAs\":[\"https:\/\/es-es.facebook.com\/ugt.fgvalicante\/\"]},{\"@type\":\"Person\",\"@id\":\"https:\/\/ugtfgvalicante.com\/#\/schema\/person\/a1375a9c1ef53e624aa79c34b93b62e8\",\"name\":\"Ugt FGV Alicante\",\"image\":{\"@type\":\"ImageObject\",\"inLanguage\":\"es\",\"@id\":\"https:\/\/ugtfgvalicante.com\/#\/schema\/person\/image\/\",\"url\":\"https:\/\/secure.gravatar.com\/avatar\/ea41cd8456808460c6c0caa1a213c3c921573555df6b57a7ee2f16fb6f502866?s=96&d=mm&r=g\",\"contentUrl\":\"https:\/\/secure.gravatar.com\/avatar\/ea41cd8456808460c6c0caa1a213c3c921573555df6b57a7ee2f16fb6f502866?s=96&d=mm&r=g\",\"caption\":\"Ugt FGV Alicante\"},\"url\":\"https:\/\/ugtfgvalicante.com\/index.php\/author\/ggrau\/\"}]}<\/script>\n<!-- \/ Yoast SEO plugin. -->","yoast_head_json":{"title":"Metrovalencia tardar\u00e1 meses en recuperar el servicio entre la capital y los municipios del sur - FGV Alicante","robots":{"index":"index","follow":"follow","max-snippet":"max-snippet:-1","max-image-preview":"max-image-preview:large","max-video-preview":"max-video-preview:-1"},"canonical":"https:\/\/ugtfgvalicante.com\/index.php\/2024\/11\/02\/metrovalencia-tardara-meses-en-recuperar-el-servicio-entre-la-capital-y-los-municipios-del-sur\/","og_locale":"es_ES","og_type":"article","og_title":"Metrovalencia tardar\u00e1 meses en recuperar el servicio entre la capital y los municipios del sur - FGV Alicante","og_description":"VAL\u00c8NCIA. La red de&nbsp;Metrovalencia&nbsp;tardar\u00e1 meses en recuperar la normalidad y la conexi\u00f3n con ciertos municipios del \u00e1rea metropolitana de Val\u00e8ncia, especialmente los del sur, por [...]","og_url":"https:\/\/ugtfgvalicante.com\/index.php\/2024\/11\/02\/metrovalencia-tardara-meses-en-recuperar-el-servicio-entre-la-capital-y-los-municipios-del-sur\/","og_site_name":"FGV Alicante","article_publisher":"https:\/\/es-es.facebook.com\/ugt.fgvalicante\/","article_published_time":"2024-11-02T09:23:20+00:00","article_modified_time":"2024-11-02T09:23:21+00:00","og_image":[{"width":768,"height":512,"url":"https:\/\/ugtfgvalicante.com\/wp-content\/uploads\/2024\/11\/1730392508kike_241031128_w_NoticiaAmpliada.jpg","type":"image\/jpeg"}],"author":"Ugt FGV Alicante","twitter_card":"summary_large_image","twitter_misc":{"Escrito por":"Ugt FGV Alicante","Tiempo de lectura":"3 minutos"},"schema":{"@context":"https:\/\/schema.org","@graph":[{"@type":"Article","@id":"https:\/\/ugtfgvalicante.com\/index.php\/2024\/11\/02\/metrovalencia-tardara-meses-en-recuperar-el-servicio-entre-la-capital-y-los-municipios-del-sur\/#article","isPartOf":{"@id":"https:\/\/ugtfgvalicante.com\/index.php\/2024\/11\/02\/metrovalencia-tardara-meses-en-recuperar-el-servicio-entre-la-capital-y-los-municipios-del-sur\/"},"author":{"name":"Ugt FGV Alicante","@id":"https:\/\/ugtfgvalicante.com\/#\/schema\/person\/a1375a9c1ef53e624aa79c34b93b62e8"},"headline":"Metrovalencia tardar\u00e1 meses en recuperar el servicio entre la capital y los municipios del sur","datePublished":"2024-11-02T09:23:20+00:00","dateModified":"2024-11-02T09:23:21+00:00","mainEntityOfPage":{"@id":"https:\/\/ugtfgvalicante.com\/index.php\/2024\/11\/02\/metrovalencia-tardara-meses-en-recuperar-el-servicio-entre-la-capital-y-los-municipios-del-sur\/"},"wordCount":570,"publisher":{"@id":"https:\/\/ugtfgvalicante.com\/#organization"},"image":{"@id":"https:\/\/ugtfgvalicante.com\/index.php\/2024\/11\/02\/metrovalencia-tardara-meses-en-recuperar-el-servicio-entre-la-capital-y-los-municipios-del-sur\/#primaryimage"},"thumbnailUrl":"https:\/\/ugtfgvalicante.com\/wp-content\/uploads\/2024\/11\/1730392508kike_241031128_w_NoticiaAmpliada.jpg","inLanguage":"es"},{"@type":"WebPage","@id":"https:\/\/ugtfgvalicante.com\/index.php\/2024\/11\/02\/metrovalencia-tardara-meses-en-recuperar-el-servicio-entre-la-capital-y-los-municipios-del-sur\/","url":"https:\/\/ugtfgvalicante.com\/index.php\/2024\/11\/02\/metrovalencia-tardara-meses-en-recuperar-el-servicio-entre-la-capital-y-los-municipios-del-sur\/","name":"Metrovalencia tardar\u00e1 meses en recuperar el servicio entre la capital y los municipios del sur - FGV Alicante","isPartOf":{"@id":"https:\/\/ugtfgvalicante.com\/#website"},"primaryImageOfPage":{"@id":"https:\/\/ugtfgvalicante.com\/index.php\/2024\/11\/02\/metrovalencia-tardara-meses-en-recuperar-el-servicio-entre-la-capital-y-los-municipios-del-sur\/#primaryimage"},"image":{"@id":"https:\/\/ugtfgvalicante.com\/index.php\/2024\/11\/02\/metrovalencia-tardara-meses-en-recuperar-el-servicio-entre-la-capital-y-los-municipios-del-sur\/#primaryimage"},"thumbnailUrl":"https:\/\/ugtfgvalicante.com\/wp-content\/uploads\/2024\/11\/1730392508kike_241031128_w_NoticiaAmpliada.jpg","datePublished":"2024-11-02T09:23:20+00:00","dateModified":"2024-11-02T09:23:21+00:00","breadcrumb":{"@id":"https:\/\/ugtfgvalicante.com\/index.php\/2024\/11\/02\/metrovalencia-tardara-meses-en-recuperar-el-servicio-entre-la-capital-y-los-municipios-del-sur\/#breadcrumb"},"inLanguage":"es","potentialAction":[{"@type":"ReadAction","target":["https:\/\/ugtfgvalicante.com\/index.php\/2024\/11\/02\/metrovalencia-tardara-meses-en-recuperar-el-servicio-entre-la-capital-y-los-municipios-del-sur\/"]}]},{"@type":"ImageObject","inLanguage":"es","@id":"https:\/\/ugtfgvalicante.com\/index.php\/2024\/11\/02\/metrovalencia-tardara-meses-en-recuperar-el-servicio-entre-la-capital-y-los-municipios-del-sur\/#primaryimage","url":"https:\/\/ugtfgvalicante.com\/wp-content\/uploads\/2024\/11\/1730392508kike_241031128_w_NoticiaAmpliada.jpg","contentUrl":"https:\/\/ugtfgvalicante.com\/wp-content\/uploads\/2024\/11\/1730392508kike_241031128_w_NoticiaAmpliada.jpg","width":768,"height":512},{"@type":"BreadcrumbList","@id":"https:\/\/ugtfgvalicante.com\/index.php\/2024\/11\/02\/metrovalencia-tardara-meses-en-recuperar-el-servicio-entre-la-capital-y-los-municipios-del-sur\/#breadcrumb","itemListElement":[{"@type":"ListItem","position":1,"name":"Portada","item":"https:\/\/ugtfgvalicante.com\/"},{"@type":"ListItem","position":2,"name":"Metrovalencia tardar\u00e1 meses en recuperar el servicio entre la capital y los municipios del sur"}]},{"@type":"WebSite","@id":"https:\/\/ugtfgvalicante.com\/#website","url":"https:\/\/ugtfgvalicante.com\/","name":"FGV Alicante","description":"","publisher":{"@id":"https:\/\/ugtfgvalicante.com\/#organization"},"potentialAction":[{"@type":"SearchAction","target":{"@type":"EntryPoint","urlTemplate":"https:\/\/ugtfgvalicante.com\/?s={search_term_string}"},"query-input":{"@type":"PropertyValueSpecification","valueRequired":true,"valueName":"search_term_string"}}],"inLanguage":"es"},{"@type":"Organization","@id":"https:\/\/ugtfgvalicante.com\/#organization","name":"UGT FGV Alicante","url":"https:\/\/ugtfgvalicante.com\/","logo":{"@type":"ImageObject","inLanguage":"es","@id":"https:\/\/ugtfgvalicante.com\/#\/schema\/logo\/image\/","url":"https:\/\/ugtfgvalicante.com\/wp-content\/uploads\/2022\/10\/logo-ugt-web.png","contentUrl":"https:\/\/ugtfgvalicante.com\/wp-content\/uploads\/2022\/10\/logo-ugt-web.png","width":2283,"height":1126,"caption":"UGT FGV Alicante"},"image":{"@id":"https:\/\/ugtfgvalicante.com\/#\/schema\/logo\/image\/"},"sameAs":["https:\/\/es-es.facebook.com\/ugt.fgvalicante\/"]},{"@type":"Person","@id":"https:\/\/ugtfgvalicante.com\/#\/schema\/person\/a1375a9c1ef53e624aa79c34b93b62e8","name":"Ugt FGV Alicante","image":{"@type":"ImageObject","inLanguage":"es","@id":"https:\/\/ugtfgvalicante.com\/#\/schema\/person\/image\/","url":"https:\/\/secure.gravatar.com\/avatar\/ea41cd8456808460c6c0caa1a213c3c921573555df6b57a7ee2f16fb6f502866?s=96&d=mm&r=g","contentUrl":"https:\/\/secure.gravatar.com\/avatar\/ea41cd8456808460c6c0caa1a213c3c921573555df6b57a7ee2f16fb6f502866?s=96&d=mm&r=g","caption":"Ugt FGV Alicante"},"url":"https:\/\/ugtfgvalicante.com\/index.php\/author\/ggrau\/"}]}},"_links":{"self":[{"href":"https:\/\/ugtfgvalicante.com\/index.php\/wp-json\/wp\/v2\/posts\/823","targetHints":{"allow":["GET"]}}],"collection":[{"href":"https:\/\/ugtfgvalicante.com\/index.php\/wp-json\/wp\/v2\/posts"}],"about":[{"href":"https:\/\/ugtfgvalicante.com\/index.php\/wp-json\/wp\/v2\/types\/post"}],"author":[{"embeddable":true,"href":"https:\/\/ugtfgvalicante.com\/index.php\/wp-json\/wp\/v2\/users\/4"}],"replies":[{"embeddable":true,"href":"https:\/\/ugtfgvalicante.com\/index.php\/wp-json\/wp\/v2\/comments?post=823"}],"version-history":[{"count":1,"href":"https:\/\/ugtfgvalicante.com\/index.php\/wp-json\/wp\/v2\/posts\/823\/revisions"}],"predecessor-version":[{"id":825,"href":"https:\/\/ugtfgvalicante.com\/index.php\/wp-json\/wp\/v2\/posts\/823\/revisions\/825"}],"wp:featuredmedia":[{"embeddable":true,"href":"https:\/\/ugtfgvalicante.com\/index.php\/wp-json\/wp\/v2\/media\/824"}],"wp:attachment":[{"href":"https:\/\/ugtfgvalicante.com\/index.php\/wp-json\/wp\/v2\/media?parent=823"}],"wp:term":[{"taxonomy":"category","embeddable":true,"href":"https:\/\/ugtfgvalicante.com\/index.php\/wp-json\/wp\/v2\/categories?post=823"},{"taxonomy":"post_tag","embeddable":true,"href":"https:\/\/ugtfgvalicante.com\/index.php\/wp-json\/wp\/v2\/tags?post=823"}],"curies":[{"name":"wp","href":"https:\/\/api.w.org\/{rel}","templated":true}]}}