{"id":827,"date":"2024-11-12T09:18:59","date_gmt":"2024-11-12T09:18:59","guid":{"rendered":"https:\/\/ugtfgvalicante.com\/?p=827"},"modified":"2024-11-12T09:19:00","modified_gmt":"2024-11-12T09:19:00","slug":"metrovalencia-recupera-la-circulacion-de-las-cuatro-lineas-de-tranvia-para-dar-servicio-a-50-000-personas-al-dia","status":"publish","type":"post","link":"https:\/\/ugtfgvalicante.com\/index.php\/2024\/11\/12\/metrovalencia-recupera-la-circulacion-de-las-cuatro-lineas-de-tranvia-para-dar-servicio-a-50-000-personas-al-dia\/","title":{"rendered":"Metrovalencia recupera la circulaci\u00f3n de las cuatro l\u00edneas de tranv\u00eda para dar servicio a 50.000 personas al d\u00eda"},"content":{"rendered":"\n<ul class=\"wp-block-list\">\n<li>os tranv\u00edas de las L\u00edneas 4, 6, 8 y 10 prestan servicio desde primera hora con normalidad entre Valencia, Burjassot y Paterna<\/li>\n\n\n\n<li>La reapertura de esta parte de la red tras la paralizaci\u00f3n provocada por la DANA es la primera fase de un plan que contempla tambi\u00e9n la recuperaci\u00f3n del servicio de metro en un plazo estimado de un mes<\/li>\n\n\n\n<li>La Generalitat habilita un mapa para conocer el estado de la red de Metrovalencia y los servicios sustitutivos de autob\u00fas<\/li>\n<\/ul>\n\n\n\n<p><a href=\"http:\/\/www.fgv.es\/\">Ferrocarrils de la Generalitat Valenciana<\/a>&nbsp;(FGV) ha puesto en servicio desde primera hora de la ma\u00f1ana las L\u00edneas 4, 6, 8 y 10 de la red tranviaria de&nbsp;<a href=\"http:\/\/www.metrovalencia.es\/\">Metrovalencia<\/a>. De esta forma, los tranv\u00edas vuelven a circular para dar servicio a una media de 50.000 personas diarias tras los graves da\u00f1os provocados por la DANA, en el conjunto de instalaciones de FGV en Valencia y su \u00e1rea metropolitana.<\/p>\n\n\n\n<p>Las cuatro l\u00edneas de tranv\u00eda, gestionadas desde los nuevos puestos de mando instalados en Tarongers y Alacant, circulan con un horario correspondiente a un servicio laborable no lectivo de lunes a s\u00e1bado y de festivo los domingos.<\/p>\n\n\n\n<p>Durante la prestaci\u00f3n de este servicio tranviario, condicionado por los efectos de la DANA, no se ofrecer\u00e1n circulaciones en horario nocturno los viernes, s\u00e1bados y v\u00edsperas de festivos y no est\u00e1 permitido el acceso de patinetes y bicicletas al interior de las unidades.<\/p>\n\n\n\n<p>El servicio previsto incluye las 51 paradas de las cuatro l\u00edneas de Val\u00e8ncia ciudad, incluida Fira, para dar servicio a los vecinos de Benimamet, as\u00ed como las situadas en los municipios de Paterna y Burjassot.<\/p>\n\n\n\n<p>El tranv\u00eda vuelve a circular con todos los servicios de peaje, seguridad y atenci\u00f3n al viajero habituales que incluye el funcionamiento del tel\u00e9fono de informaci\u00f3n 900 461046 y el centro para clientes de Alacant.<\/p>\n\n\n\n<p>Seg\u00fan datos recogidos por Metrovalencia las l\u00edneas tranviarias mueven cerca de 1,4 millones de viajeros mensuales, seg\u00fan datos del pasado mes de septiembre, que representan casi unos 50.000 desplazamientos diarios.<\/p>\n\n\n\n<p><strong>Plan de recuperaci\u00f3n de la Movilidad tras la DANA<\/strong><\/p>\n\n\n\n<p>La reapertura del tranv\u00eda forma parte de un plan dise\u00f1ado de forma conjunta con la&nbsp;<a href=\"http:\/\/www.medioambient.es\/\">Conselleria de Medio Ambiente, Infraestructuras y Territorio<\/a>, que se desarrolla en tres fases y que comienza con las l\u00edneas tranviarias.<\/p>\n\n\n\n<p>Esta programaci\u00f3n sigue con la reapertura de las l\u00edneas de metro, en un plazo estimado de un mes, dejando para una \u00faltima fase a m\u00e1s largo plazo la conexi\u00f3n con los municipios de las comarcas del Horta Sud y La Ribera, al ser los tramos m\u00e1s afectados por el temporal.<\/p>\n\n\n\n<p>Los cuantiosos da\u00f1os sufridos en el conjunto de la red de Metrovalencia se suman a los del Puesto de Mando y talleres de Val\u00e8ncia Sud que impiden prestar servicio, por lo que FGV trabaja en el acondicionamiento de un Puesto de Mando alternativo para las l\u00edneas de metro en los talleres de Machado.<\/p>\n\n\n\n<p>Como alternativa a la red de Metrovalencia, la Generalitat ha habilitado 18 nuevos corredores de autob\u00fas para facilitar la conectividad de los distintos barrios y localidades cercanas a Val\u00e8ncia y garantizar la movilidad de los ciudadanos.<\/p>\n\n\n\n<p>Los nuevos servicios habilitados por la Conselleria de Medio Ambiente, Infraestructuras y Territorio en colaboraci\u00f3n con la ATMV se ampliar\u00e1n en los pr\u00f3ximos d\u00edas. Estas l\u00edneas conectan con Valencia o puntos de parada de la EMT, Cercan\u00edas y las l\u00edneas ya existentes de Metrob\u00fas.<\/p>\n\n\n\n<p>Para conocer el estado actualizado del transporte p\u00fablico en el \u00e1rea metropolitana de Valencia, la Generalitat ha habilitado en la web de Metrovalencia un mapa para conocer el estado de la red y los servicios sustitutivos de autob\u00fas que se actualizar\u00e1 de forma peri\u00f3dica.<\/p>\n","protected":false},"excerpt":{"rendered":"<div class=\"mh-excerpt\"><p>Ferrocarrils de la Generalitat Valenciana&nbsp;(FGV) ha puesto en servicio desde primera hora de la ma\u00f1ana las L\u00edneas 4, 6, 8 y 10 de la red <a class=\"mh-excerpt-more\" href=\"https:\/\/ugtfgvalicante.com\/index.php\/2024\/11\/12\/metrovalencia-recupera-la-circulacion-de-las-cuatro-lineas-de-tranvia-para-dar-servicio-a-50-000-personas-al-dia\/\" title=\"Metrovalencia recupera la circulaci\u00f3n de las cuatro l\u00edneas de tranv\u00eda para dar servicio a 50.000 personas al d\u00eda\">[&#8230;]<\/a><\/p>\n<\/div>","protected":false},"author":4,"featured_media":828,"comment_status":"closed","ping_status":"closed","sticky":false,"template":"","format":"standard","meta":{"footnotes":""},"categories":[1],"tags":[],"class_list":["post-827","post","type-post","status-publish","format-standard","has-post-thumbnail","hentry","category-sin-categoria"],"yoast_head":"<!-- This site is optimized with the Yoast SEO plugin v26.6 - https:\/\/yoast.com\/wordpress\/plugins\/seo\/ -->\n<title>Metrovalencia recupera la circulaci\u00f3n de las cuatro l\u00edneas de tranv\u00eda para dar servicio a 50.000 personas al d\u00eda - FGV Alicante<\/title>\n<meta name=\"robots\" content=\"index, follow, max-snippet:-1, max-image-preview:large, max-video-preview:-1\" \/>\n<link rel=\"canonical\" href=\"https:\/\/ugtfgvalicante.com\/index.php\/2024\/11\/12\/metrovalencia-recupera-la-circulacion-de-las-cuatro-lineas-de-tranvia-para-dar-servicio-a-50-000-personas-al-dia\/\" \/>\n<meta property=\"og:locale\" content=\"es_ES\" \/>\n<meta property=\"og:type\" content=\"article\" \/>\n<meta property=\"og:title\" content=\"Metrovalencia recupera la circulaci\u00f3n de las cuatro l\u00edneas de tranv\u00eda para dar servicio a 50.000 personas al d\u00eda - FGV Alicante\" \/>\n<meta property=\"og:description\" content=\"Ferrocarrils de la Generalitat Valenciana&nbsp;(FGV) ha puesto en servicio desde primera hora de la ma\u00f1ana las L\u00edneas 4, 6, 8 y 10 de la red [...]\" \/>\n<meta property=\"og:url\" content=\"https:\/\/ugtfgvalicante.com\/index.php\/2024\/11\/12\/metrovalencia-recupera-la-circulacion-de-las-cuatro-lineas-de-tranvia-para-dar-servicio-a-50-000-personas-al-dia\/\" \/>\n<meta property=\"og:site_name\" content=\"FGV Alicante\" \/>\n<meta property=\"article:publisher\" content=\"https:\/\/es-es.facebook.com\/ugt.fgvalicante\/\" \/>\n<meta property=\"article:published_time\" content=\"2024-11-12T09:18:59+00:00\" \/>\n<meta property=\"article:modified_time\" content=\"2024-11-12T09:19:00+00:00\" \/>\n<meta property=\"og:image\" content=\"https:\/\/ugtfgvalicante.com\/wp-content\/uploads\/2024\/11\/TranviaReanudaServicio9Nov.jpg\" \/>\n\t<meta property=\"og:image:width\" content=\"800\" \/>\n\t<meta property=\"og:image:height\" content=\"407\" \/>\n\t<meta property=\"og:image:type\" content=\"image\/jpeg\" \/>\n<meta name=\"author\" content=\"Ugt FGV Alicante\" \/>\n<meta name=\"twitter:card\" content=\"summary_large_image\" \/>\n<meta name=\"twitter:label1\" content=\"Escrito por\" \/>\n\t<meta name=\"twitter:data1\" content=\"Ugt FGV Alicante\" \/>\n\t<meta name=\"twitter:label2\" content=\"Tiempo de lectura\" \/>\n\t<meta name=\"twitter:data2\" content=\"3 minutos\" \/>\n<script type=\"application\/ld+json\" class=\"yoast-schema-graph\">{\"@context\":\"https:\/\/schema.org\",\"@graph\":[{\"@type\":\"Article\",\"@id\":\"https:\/\/ugtfgvalicante.com\/index.php\/2024\/11\/12\/metrovalencia-recupera-la-circulacion-de-las-cuatro-lineas-de-tranvia-para-dar-servicio-a-50-000-personas-al-dia\/#article\",\"isPartOf\":{\"@id\":\"https:\/\/ugtfgvalicante.com\/index.php\/2024\/11\/12\/metrovalencia-recupera-la-circulacion-de-las-cuatro-lineas-de-tranvia-para-dar-servicio-a-50-000-personas-al-dia\/\"},\"author\":{\"name\":\"Ugt FGV Alicante\",\"@id\":\"https:\/\/ugtfgvalicante.com\/#\/schema\/person\/a1375a9c1ef53e624aa79c34b93b62e8\"},\"headline\":\"Metrovalencia recupera la circulaci\u00f3n de las cuatro l\u00edneas de tranv\u00eda para dar servicio a 50.000 personas al d\u00eda\",\"datePublished\":\"2024-11-12T09:18:59+00:00\",\"dateModified\":\"2024-11-12T09:19:00+00:00\",\"mainEntityOfPage\":{\"@id\":\"https:\/\/ugtfgvalicante.com\/index.php\/2024\/11\/12\/metrovalencia-recupera-la-circulacion-de-las-cuatro-lineas-de-tranvia-para-dar-servicio-a-50-000-personas-al-dia\/\"},\"wordCount\":658,\"publisher\":{\"@id\":\"https:\/\/ugtfgvalicante.com\/#organization\"},\"image\":{\"@id\":\"https:\/\/ugtfgvalicante.com\/index.php\/2024\/11\/12\/metrovalencia-recupera-la-circulacion-de-las-cuatro-lineas-de-tranvia-para-dar-servicio-a-50-000-personas-al-dia\/#primaryimage\"},\"thumbnailUrl\":\"https:\/\/ugtfgvalicante.com\/wp-content\/uploads\/2024\/11\/TranviaReanudaServicio9Nov.jpg\",\"inLanguage\":\"es\"},{\"@type\":\"WebPage\",\"@id\":\"https:\/\/ugtfgvalicante.com\/index.php\/2024\/11\/12\/metrovalencia-recupera-la-circulacion-de-las-cuatro-lineas-de-tranvia-para-dar-servicio-a-50-000-personas-al-dia\/\",\"url\":\"https:\/\/ugtfgvalicante.com\/index.php\/2024\/11\/12\/metrovalencia-recupera-la-circulacion-de-las-cuatro-lineas-de-tranvia-para-dar-servicio-a-50-000-personas-al-dia\/\",\"name\":\"Metrovalencia recupera la circulaci\u00f3n de las cuatro l\u00edneas de tranv\u00eda para dar servicio a 50.000 personas al d\u00eda - FGV Alicante\",\"isPartOf\":{\"@id\":\"https:\/\/ugtfgvalicante.com\/#website\"},\"primaryImageOfPage\":{\"@id\":\"https:\/\/ugtfgvalicante.com\/index.php\/2024\/11\/12\/metrovalencia-recupera-la-circulacion-de-las-cuatro-lineas-de-tranvia-para-dar-servicio-a-50-000-personas-al-dia\/#primaryimage\"},\"image\":{\"@id\":\"https:\/\/ugtfgvalicante.com\/index.php\/2024\/11\/12\/metrovalencia-recupera-la-circulacion-de-las-cuatro-lineas-de-tranvia-para-dar-servicio-a-50-000-personas-al-dia\/#primaryimage\"},\"thumbnailUrl\":\"https:\/\/ugtfgvalicante.com\/wp-content\/uploads\/2024\/11\/TranviaReanudaServicio9Nov.jpg\",\"datePublished\":\"2024-11-12T09:18:59+00:00\",\"dateModified\":\"2024-11-12T09:19:00+00:00\",\"breadcrumb\":{\"@id\":\"https:\/\/ugtfgvalicante.com\/index.php\/2024\/11\/12\/metrovalencia-recupera-la-circulacion-de-las-cuatro-lineas-de-tranvia-para-dar-servicio-a-50-000-personas-al-dia\/#breadcrumb\"},\"inLanguage\":\"es\",\"potentialAction\":[{\"@type\":\"ReadAction\",\"target\":[\"https:\/\/ugtfgvalicante.com\/index.php\/2024\/11\/12\/metrovalencia-recupera-la-circulacion-de-las-cuatro-lineas-de-tranvia-para-dar-servicio-a-50-000-personas-al-dia\/\"]}]},{\"@type\":\"ImageObject\",\"inLanguage\":\"es\",\"@id\":\"https:\/\/ugtfgvalicante.com\/index.php\/2024\/11\/12\/metrovalencia-recupera-la-circulacion-de-las-cuatro-lineas-de-tranvia-para-dar-servicio-a-50-000-personas-al-dia\/#primaryimage\",\"url\":\"https:\/\/ugtfgvalicante.com\/wp-content\/uploads\/2024\/11\/TranviaReanudaServicio9Nov.jpg\",\"contentUrl\":\"https:\/\/ugtfgvalicante.com\/wp-content\/uploads\/2024\/11\/TranviaReanudaServicio9Nov.jpg\",\"width\":800,\"height\":407},{\"@type\":\"BreadcrumbList\",\"@id\":\"https:\/\/ugtfgvalicante.com\/index.php\/2024\/11\/12\/metrovalencia-recupera-la-circulacion-de-las-cuatro-lineas-de-tranvia-para-dar-servicio-a-50-000-personas-al-dia\/#breadcrumb\",\"itemListElement\":[{\"@type\":\"ListItem\",\"position\":1,\"name\":\"Portada\",\"item\":\"https:\/\/ugtfgvalicante.com\/\"},{\"@type\":\"ListItem\",\"position\":2,\"name\":\"Metrovalencia recupera la circulaci\u00f3n de las cuatro l\u00edneas de tranv\u00eda para dar servicio a 50.000 personas al d\u00eda\"}]},{\"@type\":\"WebSite\",\"@id\":\"https:\/\/ugtfgvalicante.com\/#website\",\"url\":\"https:\/\/ugtfgvalicante.com\/\",\"name\":\"FGV Alicante\",\"description\":\"\",\"publisher\":{\"@id\":\"https:\/\/ugtfgvalicante.com\/#organization\"},\"potentialAction\":[{\"@type\":\"SearchAction\",\"target\":{\"@type\":\"EntryPoint\",\"urlTemplate\":\"https:\/\/ugtfgvalicante.com\/?s={search_term_string}\"},\"query-input\":{\"@type\":\"PropertyValueSpecification\",\"valueRequired\":true,\"valueName\":\"search_term_string\"}}],\"inLanguage\":\"es\"},{\"@type\":\"Organization\",\"@id\":\"https:\/\/ugtfgvalicante.com\/#organization\",\"name\":\"UGT FGV Alicante\",\"url\":\"https:\/\/ugtfgvalicante.com\/\",\"logo\":{\"@type\":\"ImageObject\",\"inLanguage\":\"es\",\"@id\":\"https:\/\/ugtfgvalicante.com\/#\/schema\/logo\/image\/\",\"url\":\"https:\/\/ugtfgvalicante.com\/wp-content\/uploads\/2022\/10\/logo-ugt-web.png\",\"contentUrl\":\"https:\/\/ugtfgvalicante.com\/wp-content\/uploads\/2022\/10\/logo-ugt-web.png\",\"width\":2283,\"height\":1126,\"caption\":\"UGT FGV Alicante\"},\"image\":{\"@id\":\"https:\/\/ugtfgvalicante.com\/#\/schema\/logo\/image\/\"},\"sameAs\":[\"https:\/\/es-es.facebook.com\/ugt.fgvalicante\/\"]},{\"@type\":\"Person\",\"@id\":\"https:\/\/ugtfgvalicante.com\/#\/schema\/person\/a1375a9c1ef53e624aa79c34b93b62e8\",\"name\":\"Ugt FGV Alicante\",\"image\":{\"@type\":\"ImageObject\",\"inLanguage\":\"es\",\"@id\":\"https:\/\/ugtfgvalicante.com\/#\/schema\/person\/image\/\",\"url\":\"https:\/\/secure.gravatar.com\/avatar\/ea41cd8456808460c6c0caa1a213c3c921573555df6b57a7ee2f16fb6f502866?s=96&d=mm&r=g\",\"contentUrl\":\"https:\/\/secure.gravatar.com\/avatar\/ea41cd8456808460c6c0caa1a213c3c921573555df6b57a7ee2f16fb6f502866?s=96&d=mm&r=g\",\"caption\":\"Ugt FGV Alicante\"},\"url\":\"https:\/\/ugtfgvalicante.com\/index.php\/author\/ggrau\/\"}]}<\/script>\n<!-- \/ Yoast SEO plugin. -->","yoast_head_json":{"title":"Metrovalencia recupera la circulaci\u00f3n de las cuatro l\u00edneas de tranv\u00eda para dar servicio a 50.000 personas al d\u00eda - FGV Alicante","robots":{"index":"index","follow":"follow","max-snippet":"max-snippet:-1","max-image-preview":"max-image-preview:large","max-video-preview":"max-video-preview:-1"},"canonical":"https:\/\/ugtfgvalicante.com\/index.php\/2024\/11\/12\/metrovalencia-recupera-la-circulacion-de-las-cuatro-lineas-de-tranvia-para-dar-servicio-a-50-000-personas-al-dia\/","og_locale":"es_ES","og_type":"article","og_title":"Metrovalencia recupera la circulaci\u00f3n de las cuatro l\u00edneas de tranv\u00eda para dar servicio a 50.000 personas al d\u00eda - FGV Alicante","og_description":"Ferrocarrils de la Generalitat Valenciana&nbsp;(FGV) ha puesto en servicio desde primera hora de la ma\u00f1ana las L\u00edneas 4, 6, 8 y 10 de la red [...]","og_url":"https:\/\/ugtfgvalicante.com\/index.php\/2024\/11\/12\/metrovalencia-recupera-la-circulacion-de-las-cuatro-lineas-de-tranvia-para-dar-servicio-a-50-000-personas-al-dia\/","og_site_name":"FGV Alicante","article_publisher":"https:\/\/es-es.facebook.com\/ugt.fgvalicante\/","article_published_time":"2024-11-12T09:18:59+00:00","article_modified_time":"2024-11-12T09:19:00+00:00","og_image":[{"width":800,"height":407,"url":"https:\/\/ugtfgvalicante.com\/wp-content\/uploads\/2024\/11\/TranviaReanudaServicio9Nov.jpg","type":"image\/jpeg"}],"author":"Ugt FGV Alicante","twitter_card":"summary_large_image","twitter_misc":{"Escrito por":"Ugt FGV Alicante","Tiempo de lectura":"3 minutos"},"schema":{"@context":"https:\/\/schema.org","@graph":[{"@type":"Article","@id":"https:\/\/ugtfgvalicante.com\/index.php\/2024\/11\/12\/metrovalencia-recupera-la-circulacion-de-las-cuatro-lineas-de-tranvia-para-dar-servicio-a-50-000-personas-al-dia\/#article","isPartOf":{"@id":"https:\/\/ugtfgvalicante.com\/index.php\/2024\/11\/12\/metrovalencia-recupera-la-circulacion-de-las-cuatro-lineas-de-tranvia-para-dar-servicio-a-50-000-personas-al-dia\/"},"author":{"name":"Ugt FGV Alicante","@id":"https:\/\/ugtfgvalicante.com\/#\/schema\/person\/a1375a9c1ef53e624aa79c34b93b62e8"},"headline":"Metrovalencia recupera la circulaci\u00f3n de las cuatro l\u00edneas de tranv\u00eda para dar servicio a 50.000 personas al d\u00eda","datePublished":"2024-11-12T09:18:59+00:00","dateModified":"2024-11-12T09:19:00+00:00","mainEntityOfPage":{"@id":"https:\/\/ugtfgvalicante.com\/index.php\/2024\/11\/12\/metrovalencia-recupera-la-circulacion-de-las-cuatro-lineas-de-tranvia-para-dar-servicio-a-50-000-personas-al-dia\/"},"wordCount":658,"publisher":{"@id":"https:\/\/ugtfgvalicante.com\/#organization"},"image":{"@id":"https:\/\/ugtfgvalicante.com\/index.php\/2024\/11\/12\/metrovalencia-recupera-la-circulacion-de-las-cuatro-lineas-de-tranvia-para-dar-servicio-a-50-000-personas-al-dia\/#primaryimage"},"thumbnailUrl":"https:\/\/ugtfgvalicante.com\/wp-content\/uploads\/2024\/11\/TranviaReanudaServicio9Nov.jpg","inLanguage":"es"},{"@type":"WebPage","@id":"https:\/\/ugtfgvalicante.com\/index.php\/2024\/11\/12\/metrovalencia-recupera-la-circulacion-de-las-cuatro-lineas-de-tranvia-para-dar-servicio-a-50-000-personas-al-dia\/","url":"https:\/\/ugtfgvalicante.com\/index.php\/2024\/11\/12\/metrovalencia-recupera-la-circulacion-de-las-cuatro-lineas-de-tranvia-para-dar-servicio-a-50-000-personas-al-dia\/","name":"Metrovalencia recupera la circulaci\u00f3n de las cuatro l\u00edneas de tranv\u00eda para dar servicio a 50.000 personas al d\u00eda - FGV Alicante","isPartOf":{"@id":"https:\/\/ugtfgvalicante.com\/#website"},"primaryImageOfPage":{"@id":"https:\/\/ugtfgvalicante.com\/index.php\/2024\/11\/12\/metrovalencia-recupera-la-circulacion-de-las-cuatro-lineas-de-tranvia-para-dar-servicio-a-50-000-personas-al-dia\/#primaryimage"},"image":{"@id":"https:\/\/ugtfgvalicante.com\/index.php\/2024\/11\/12\/metrovalencia-recupera-la-circulacion-de-las-cuatro-lineas-de-tranvia-para-dar-servicio-a-50-000-personas-al-dia\/#primaryimage"},"thumbnailUrl":"https:\/\/ugtfgvalicante.com\/wp-content\/uploads\/2024\/11\/TranviaReanudaServicio9Nov.jpg","datePublished":"2024-11-12T09:18:59+00:00","dateModified":"2024-11-12T09:19:00+00:00","breadcrumb":{"@id":"https:\/\/ugtfgvalicante.com\/index.php\/2024\/11\/12\/metrovalencia-recupera-la-circulacion-de-las-cuatro-lineas-de-tranvia-para-dar-servicio-a-50-000-personas-al-dia\/#breadcrumb"},"inLanguage":"es","potentialAction":[{"@type":"ReadAction","target":["https:\/\/ugtfgvalicante.com\/index.php\/2024\/11\/12\/metrovalencia-recupera-la-circulacion-de-las-cuatro-lineas-de-tranvia-para-dar-servicio-a-50-000-personas-al-dia\/"]}]},{"@type":"ImageObject","inLanguage":"es","@id":"https:\/\/ugtfgvalicante.com\/index.php\/2024\/11\/12\/metrovalencia-recupera-la-circulacion-de-las-cuatro-lineas-de-tranvia-para-dar-servicio-a-50-000-personas-al-dia\/#primaryimage","url":"https:\/\/ugtfgvalicante.com\/wp-content\/uploads\/2024\/11\/TranviaReanudaServicio9Nov.jpg","contentUrl":"https:\/\/ugtfgvalicante.com\/wp-content\/uploads\/2024\/11\/TranviaReanudaServicio9Nov.jpg","width":800,"height":407},{"@type":"BreadcrumbList","@id":"https:\/\/ugtfgvalicante.com\/index.php\/2024\/11\/12\/metrovalencia-recupera-la-circulacion-de-las-cuatro-lineas-de-tranvia-para-dar-servicio-a-50-000-personas-al-dia\/#breadcrumb","itemListElement":[{"@type":"ListItem","position":1,"name":"Portada","item":"https:\/\/ugtfgvalicante.com\/"},{"@type":"ListItem","position":2,"name":"Metrovalencia recupera la circulaci\u00f3n de las cuatro l\u00edneas de tranv\u00eda para dar servicio a 50.000 personas al d\u00eda"}]},{"@type":"WebSite","@id":"https:\/\/ugtfgvalicante.com\/#website","url":"https:\/\/ugtfgvalicante.com\/","name":"FGV Alicante","description":"","publisher":{"@id":"https:\/\/ugtfgvalicante.com\/#organization"},"potentialAction":[{"@type":"SearchAction","target":{"@type":"EntryPoint","urlTemplate":"https:\/\/ugtfgvalicante.com\/?s={search_term_string}"},"query-input":{"@type":"PropertyValueSpecification","valueRequired":true,"valueName":"search_term_string"}}],"inLanguage":"es"},{"@type":"Organization","@id":"https:\/\/ugtfgvalicante.com\/#organization","name":"UGT FGV Alicante","url":"https:\/\/ugtfgvalicante.com\/","logo":{"@type":"ImageObject","inLanguage":"es","@id":"https:\/\/ugtfgvalicante.com\/#\/schema\/logo\/image\/","url":"https:\/\/ugtfgvalicante.com\/wp-content\/uploads\/2022\/10\/logo-ugt-web.png","contentUrl":"https:\/\/ugtfgvalicante.com\/wp-content\/uploads\/2022\/10\/logo-ugt-web.png","width":2283,"height":1126,"caption":"UGT FGV Alicante"},"image":{"@id":"https:\/\/ugtfgvalicante.com\/#\/schema\/logo\/image\/"},"sameAs":["https:\/\/es-es.facebook.com\/ugt.fgvalicante\/"]},{"@type":"Person","@id":"https:\/\/ugtfgvalicante.com\/#\/schema\/person\/a1375a9c1ef53e624aa79c34b93b62e8","name":"Ugt FGV Alicante","image":{"@type":"ImageObject","inLanguage":"es","@id":"https:\/\/ugtfgvalicante.com\/#\/schema\/person\/image\/","url":"https:\/\/secure.gravatar.com\/avatar\/ea41cd8456808460c6c0caa1a213c3c921573555df6b57a7ee2f16fb6f502866?s=96&d=mm&r=g","contentUrl":"https:\/\/secure.gravatar.com\/avatar\/ea41cd8456808460c6c0caa1a213c3c921573555df6b57a7ee2f16fb6f502866?s=96&d=mm&r=g","caption":"Ugt FGV Alicante"},"url":"https:\/\/ugtfgvalicante.com\/index.php\/author\/ggrau\/"}]}},"_links":{"self":[{"href":"https:\/\/ugtfgvalicante.com\/index.php\/wp-json\/wp\/v2\/posts\/827","targetHints":{"allow":["GET"]}}],"collection":[{"href":"https:\/\/ugtfgvalicante.com\/index.php\/wp-json\/wp\/v2\/posts"}],"about":[{"href":"https:\/\/ugtfgvalicante.com\/index.php\/wp-json\/wp\/v2\/types\/post"}],"author":[{"embeddable":true,"href":"https:\/\/ugtfgvalicante.com\/index.php\/wp-json\/wp\/v2\/users\/4"}],"replies":[{"embeddable":true,"href":"https:\/\/ugtfgvalicante.com\/index.php\/wp-json\/wp\/v2\/comments?post=827"}],"version-history":[{"count":1,"href":"https:\/\/ugtfgvalicante.com\/index.php\/wp-json\/wp\/v2\/posts\/827\/revisions"}],"predecessor-version":[{"id":829,"href":"https:\/\/ugtfgvalicante.com\/index.php\/wp-json\/wp\/v2\/posts\/827\/revisions\/829"}],"wp:featuredmedia":[{"embeddable":true,"href":"https:\/\/ugtfgvalicante.com\/index.php\/wp-json\/wp\/v2\/media\/828"}],"wp:attachment":[{"href":"https:\/\/ugtfgvalicante.com\/index.php\/wp-json\/wp\/v2\/media?parent=827"}],"wp:term":[{"taxonomy":"category","embeddable":true,"href":"https:\/\/ugtfgvalicante.com\/index.php\/wp-json\/wp\/v2\/categories?post=827"},{"taxonomy":"post_tag","embeddable":true,"href":"https:\/\/ugtfgvalicante.com\/index.php\/wp-json\/wp\/v2\/tags?post=827"}],"curies":[{"name":"wp","href":"https:\/\/api.w.org\/{rel}","templated":true}]}}