{"id":830,"date":"2024-11-12T09:51:55","date_gmt":"2024-11-12T09:51:55","guid":{"rendered":"https:\/\/ugtfgvalicante.com\/?p=830"},"modified":"2024-11-12T09:51:56","modified_gmt":"2024-11-12T09:51:56","slug":"la-generalitat-habilita-cuatro-nuevas-lineas-de-autobus-para-mejorar-la-movilidad-de-torrent-lliria-paterna-y-leliana-con-valencia","status":"publish","type":"post","link":"https:\/\/ugtfgvalicante.com\/index.php\/2024\/11\/12\/la-generalitat-habilita-cuatro-nuevas-lineas-de-autobus-para-mejorar-la-movilidad-de-torrent-lliria-paterna-y-leliana-con-valencia\/","title":{"rendered":"La Generalitat habilita cuatro nuevas l\u00edneas de autob\u00fas para mejorar la movilidad de Torrent, Lliria, Paterna y L\u2019Eliana con Val\u00e8ncia"},"content":{"rendered":"\n<ul class=\"wp-block-list\">\n<li>Carlos Maz\u00f3n agradece a conductores, Comunidad de Madrid y empresas de transporte el env\u00edo de 40 autobuses que suplir\u00e1n la falta de servicio de Metrovalencia<\/li>\n<\/ul>\n\n\n\n<p>El president de la Generalitat, Carlos Maz\u00f3n, ha trasladado su agradecimiento a los conductores, a la Comunidad de Madrid y a las empresas del sector del transporte por facilitar autobuses que suplir\u00e1n la falta de servicio temporal de Metrovalencia.<\/p>\n\n\n\n<p>Estos 40 veh\u00edculos se encargar\u00e1n de realizar los trayectos entre Torrent, Lliria, Paterna y L\u2019Eliana con la ciudad de Val\u00e8ncia y mejorar la conectividad entre la capital y las zonas afectadas por la DANA.<\/p>\n\n\n\n<p>Como alternativa a la red de Metrovalencia, que ayer s\u00e1bado recuper\u00f3 el servicio de cuatro l\u00edneas tranviarias, la Generalitat ya ha habilitado 18 nuevos corredores de autob\u00fas para facilitar la conectividad de los distintos barrios y localidades cercanas a Val\u00e8ncia y garantizar la movilidad de los ciudadanos.<\/p>\n\n\n\n<p>Los nuevos servicios habilitados por la Conselleria de Medio Ambiente, Infraestructuras y Territorio en colaboraci\u00f3n con la ATMV conectan con Valencia o puntos de parada de la EMT, Cercan\u00edas y las l\u00edneas ya existentes de Metrob\u00fas.<\/p>\n\n\n\n<p>Para conocer el estado actualizado del transporte p\u00fablico en el \u00e1rea metropolitana de Valencia, la Generalitat ha habilitado en la web de Metrovalencia un mapa para conocer el estado de la red y los servicios sustitutivos de autob\u00fas que se actualizar\u00e1 de forma peri\u00f3dica.<\/p>\n\n\n\n<p><\/p>\n","protected":false},"excerpt":{"rendered":"<div class=\"mh-excerpt\"><p>El president de la Generalitat, Carlos Maz\u00f3n, ha trasladado su agradecimiento a los conductores, a la Comunidad de Madrid y a las empresas del sector <a class=\"mh-excerpt-more\" href=\"https:\/\/ugtfgvalicante.com\/index.php\/2024\/11\/12\/la-generalitat-habilita-cuatro-nuevas-lineas-de-autobus-para-mejorar-la-movilidad-de-torrent-lliria-paterna-y-leliana-con-valencia\/\" title=\"La Generalitat habilita cuatro nuevas l\u00edneas de autob\u00fas para mejorar la movilidad de Torrent, Lliria, Paterna y L\u2019Eliana con Val\u00e8ncia\">[&#8230;]<\/a><\/p>\n<\/div>","protected":false},"author":4,"featured_media":831,"comment_status":"closed","ping_status":"closed","sticky":false,"template":"","format":"standard","meta":{"footnotes":""},"categories":[1],"tags":[],"class_list":["post-830","post","type-post","status-publish","format-standard","has-post-thumbnail","hentry","category-sin-categoria"],"yoast_head":"<!-- This site is optimized with the Yoast SEO plugin v26.6 - https:\/\/yoast.com\/wordpress\/plugins\/seo\/ -->\n<title>La Generalitat habilita cuatro nuevas l\u00edneas de autob\u00fas para mejorar la movilidad de Torrent, Lliria, Paterna y L\u2019Eliana con Val\u00e8ncia - FGV Alicante<\/title>\n<meta name=\"robots\" content=\"index, follow, max-snippet:-1, max-image-preview:large, max-video-preview:-1\" \/>\n<link rel=\"canonical\" href=\"https:\/\/ugtfgvalicante.com\/index.php\/2024\/11\/12\/la-generalitat-habilita-cuatro-nuevas-lineas-de-autobus-para-mejorar-la-movilidad-de-torrent-lliria-paterna-y-leliana-con-valencia\/\" \/>\n<meta property=\"og:locale\" content=\"es_ES\" \/>\n<meta property=\"og:type\" content=\"article\" \/>\n<meta property=\"og:title\" content=\"La Generalitat habilita cuatro nuevas l\u00edneas de autob\u00fas para mejorar la movilidad de Torrent, Lliria, Paterna y L\u2019Eliana con Val\u00e8ncia - FGV Alicante\" \/>\n<meta property=\"og:description\" content=\"El president de la Generalitat, Carlos Maz\u00f3n, ha trasladado su agradecimiento a los conductores, a la Comunidad de Madrid y a las empresas del sector [...]\" \/>\n<meta property=\"og:url\" content=\"https:\/\/ugtfgvalicante.com\/index.php\/2024\/11\/12\/la-generalitat-habilita-cuatro-nuevas-lineas-de-autobus-para-mejorar-la-movilidad-de-torrent-lliria-paterna-y-leliana-con-valencia\/\" \/>\n<meta property=\"og:site_name\" content=\"FGV Alicante\" \/>\n<meta property=\"article:publisher\" content=\"https:\/\/es-es.facebook.com\/ugt.fgvalicante\/\" \/>\n<meta property=\"article:published_time\" content=\"2024-11-12T09:51:55+00:00\" \/>\n<meta property=\"article:modified_time\" content=\"2024-11-12T09:51:56+00:00\" \/>\n<meta property=\"og:image\" content=\"https:\/\/ugtfgvalicante.com\/wp-content\/uploads\/2024\/11\/metroBus2.jpg\" \/>\n\t<meta property=\"og:image:width\" content=\"800\" \/>\n\t<meta property=\"og:image:height\" content=\"401\" \/>\n\t<meta property=\"og:image:type\" content=\"image\/jpeg\" \/>\n<meta name=\"author\" content=\"Ugt FGV Alicante\" \/>\n<meta name=\"twitter:card\" content=\"summary_large_image\" \/>\n<meta name=\"twitter:label1\" content=\"Escrito por\" \/>\n\t<meta name=\"twitter:data1\" content=\"Ugt FGV Alicante\" \/>\n\t<meta name=\"twitter:label2\" content=\"Tiempo de lectura\" \/>\n\t<meta name=\"twitter:data2\" content=\"2 minutos\" \/>\n<script type=\"application\/ld+json\" class=\"yoast-schema-graph\">{\"@context\":\"https:\/\/schema.org\",\"@graph\":[{\"@type\":\"Article\",\"@id\":\"https:\/\/ugtfgvalicante.com\/index.php\/2024\/11\/12\/la-generalitat-habilita-cuatro-nuevas-lineas-de-autobus-para-mejorar-la-movilidad-de-torrent-lliria-paterna-y-leliana-con-valencia\/#article\",\"isPartOf\":{\"@id\":\"https:\/\/ugtfgvalicante.com\/index.php\/2024\/11\/12\/la-generalitat-habilita-cuatro-nuevas-lineas-de-autobus-para-mejorar-la-movilidad-de-torrent-lliria-paterna-y-leliana-con-valencia\/\"},\"author\":{\"name\":\"Ugt FGV Alicante\",\"@id\":\"https:\/\/ugtfgvalicante.com\/#\/schema\/person\/a1375a9c1ef53e624aa79c34b93b62e8\"},\"headline\":\"La Generalitat habilita cuatro nuevas l\u00edneas de autob\u00fas para mejorar la movilidad de Torrent, Lliria, Paterna y L\u2019Eliana con Val\u00e8ncia\",\"datePublished\":\"2024-11-12T09:51:55+00:00\",\"dateModified\":\"2024-11-12T09:51:56+00:00\",\"mainEntityOfPage\":{\"@id\":\"https:\/\/ugtfgvalicante.com\/index.php\/2024\/11\/12\/la-generalitat-habilita-cuatro-nuevas-lineas-de-autobus-para-mejorar-la-movilidad-de-torrent-lliria-paterna-y-leliana-con-valencia\/\"},\"wordCount\":266,\"publisher\":{\"@id\":\"https:\/\/ugtfgvalicante.com\/#organization\"},\"image\":{\"@id\":\"https:\/\/ugtfgvalicante.com\/index.php\/2024\/11\/12\/la-generalitat-habilita-cuatro-nuevas-lineas-de-autobus-para-mejorar-la-movilidad-de-torrent-lliria-paterna-y-leliana-con-valencia\/#primaryimage\"},\"thumbnailUrl\":\"https:\/\/ugtfgvalicante.com\/wp-content\/uploads\/2024\/11\/metroBus2.jpg\",\"inLanguage\":\"es\"},{\"@type\":\"WebPage\",\"@id\":\"https:\/\/ugtfgvalicante.com\/index.php\/2024\/11\/12\/la-generalitat-habilita-cuatro-nuevas-lineas-de-autobus-para-mejorar-la-movilidad-de-torrent-lliria-paterna-y-leliana-con-valencia\/\",\"url\":\"https:\/\/ugtfgvalicante.com\/index.php\/2024\/11\/12\/la-generalitat-habilita-cuatro-nuevas-lineas-de-autobus-para-mejorar-la-movilidad-de-torrent-lliria-paterna-y-leliana-con-valencia\/\",\"name\":\"La Generalitat habilita cuatro nuevas l\u00edneas de autob\u00fas para mejorar la movilidad de Torrent, Lliria, Paterna y L\u2019Eliana con Val\u00e8ncia - FGV Alicante\",\"isPartOf\":{\"@id\":\"https:\/\/ugtfgvalicante.com\/#website\"},\"primaryImageOfPage\":{\"@id\":\"https:\/\/ugtfgvalicante.com\/index.php\/2024\/11\/12\/la-generalitat-habilita-cuatro-nuevas-lineas-de-autobus-para-mejorar-la-movilidad-de-torrent-lliria-paterna-y-leliana-con-valencia\/#primaryimage\"},\"image\":{\"@id\":\"https:\/\/ugtfgvalicante.com\/index.php\/2024\/11\/12\/la-generalitat-habilita-cuatro-nuevas-lineas-de-autobus-para-mejorar-la-movilidad-de-torrent-lliria-paterna-y-leliana-con-valencia\/#primaryimage\"},\"thumbnailUrl\":\"https:\/\/ugtfgvalicante.com\/wp-content\/uploads\/2024\/11\/metroBus2.jpg\",\"datePublished\":\"2024-11-12T09:51:55+00:00\",\"dateModified\":\"2024-11-12T09:51:56+00:00\",\"breadcrumb\":{\"@id\":\"https:\/\/ugtfgvalicante.com\/index.php\/2024\/11\/12\/la-generalitat-habilita-cuatro-nuevas-lineas-de-autobus-para-mejorar-la-movilidad-de-torrent-lliria-paterna-y-leliana-con-valencia\/#breadcrumb\"},\"inLanguage\":\"es\",\"potentialAction\":[{\"@type\":\"ReadAction\",\"target\":[\"https:\/\/ugtfgvalicante.com\/index.php\/2024\/11\/12\/la-generalitat-habilita-cuatro-nuevas-lineas-de-autobus-para-mejorar-la-movilidad-de-torrent-lliria-paterna-y-leliana-con-valencia\/\"]}]},{\"@type\":\"ImageObject\",\"inLanguage\":\"es\",\"@id\":\"https:\/\/ugtfgvalicante.com\/index.php\/2024\/11\/12\/la-generalitat-habilita-cuatro-nuevas-lineas-de-autobus-para-mejorar-la-movilidad-de-torrent-lliria-paterna-y-leliana-con-valencia\/#primaryimage\",\"url\":\"https:\/\/ugtfgvalicante.com\/wp-content\/uploads\/2024\/11\/metroBus2.jpg\",\"contentUrl\":\"https:\/\/ugtfgvalicante.com\/wp-content\/uploads\/2024\/11\/metroBus2.jpg\",\"width\":800,\"height\":401},{\"@type\":\"BreadcrumbList\",\"@id\":\"https:\/\/ugtfgvalicante.com\/index.php\/2024\/11\/12\/la-generalitat-habilita-cuatro-nuevas-lineas-de-autobus-para-mejorar-la-movilidad-de-torrent-lliria-paterna-y-leliana-con-valencia\/#breadcrumb\",\"itemListElement\":[{\"@type\":\"ListItem\",\"position\":1,\"name\":\"Portada\",\"item\":\"https:\/\/ugtfgvalicante.com\/\"},{\"@type\":\"ListItem\",\"position\":2,\"name\":\"La Generalitat habilita cuatro nuevas l\u00edneas de autob\u00fas para mejorar la movilidad de Torrent, Lliria, Paterna y L\u2019Eliana con Val\u00e8ncia\"}]},{\"@type\":\"WebSite\",\"@id\":\"https:\/\/ugtfgvalicante.com\/#website\",\"url\":\"https:\/\/ugtfgvalicante.com\/\",\"name\":\"FGV Alicante\",\"description\":\"\",\"publisher\":{\"@id\":\"https:\/\/ugtfgvalicante.com\/#organization\"},\"potentialAction\":[{\"@type\":\"SearchAction\",\"target\":{\"@type\":\"EntryPoint\",\"urlTemplate\":\"https:\/\/ugtfgvalicante.com\/?s={search_term_string}\"},\"query-input\":{\"@type\":\"PropertyValueSpecification\",\"valueRequired\":true,\"valueName\":\"search_term_string\"}}],\"inLanguage\":\"es\"},{\"@type\":\"Organization\",\"@id\":\"https:\/\/ugtfgvalicante.com\/#organization\",\"name\":\"UGT FGV Alicante\",\"url\":\"https:\/\/ugtfgvalicante.com\/\",\"logo\":{\"@type\":\"ImageObject\",\"inLanguage\":\"es\",\"@id\":\"https:\/\/ugtfgvalicante.com\/#\/schema\/logo\/image\/\",\"url\":\"https:\/\/ugtfgvalicante.com\/wp-content\/uploads\/2022\/10\/logo-ugt-web.png\",\"contentUrl\":\"https:\/\/ugtfgvalicante.com\/wp-content\/uploads\/2022\/10\/logo-ugt-web.png\",\"width\":2283,\"height\":1126,\"caption\":\"UGT FGV Alicante\"},\"image\":{\"@id\":\"https:\/\/ugtfgvalicante.com\/#\/schema\/logo\/image\/\"},\"sameAs\":[\"https:\/\/es-es.facebook.com\/ugt.fgvalicante\/\"]},{\"@type\":\"Person\",\"@id\":\"https:\/\/ugtfgvalicante.com\/#\/schema\/person\/a1375a9c1ef53e624aa79c34b93b62e8\",\"name\":\"Ugt FGV Alicante\",\"image\":{\"@type\":\"ImageObject\",\"inLanguage\":\"es\",\"@id\":\"https:\/\/ugtfgvalicante.com\/#\/schema\/person\/image\/\",\"url\":\"https:\/\/secure.gravatar.com\/avatar\/ea41cd8456808460c6c0caa1a213c3c921573555df6b57a7ee2f16fb6f502866?s=96&d=mm&r=g\",\"contentUrl\":\"https:\/\/secure.gravatar.com\/avatar\/ea41cd8456808460c6c0caa1a213c3c921573555df6b57a7ee2f16fb6f502866?s=96&d=mm&r=g\",\"caption\":\"Ugt FGV Alicante\"},\"url\":\"https:\/\/ugtfgvalicante.com\/index.php\/author\/ggrau\/\"}]}<\/script>\n<!-- \/ Yoast SEO plugin. -->","yoast_head_json":{"title":"La Generalitat habilita cuatro nuevas l\u00edneas de autob\u00fas para mejorar la movilidad de Torrent, Lliria, Paterna y L\u2019Eliana con Val\u00e8ncia - FGV Alicante","robots":{"index":"index","follow":"follow","max-snippet":"max-snippet:-1","max-image-preview":"max-image-preview:large","max-video-preview":"max-video-preview:-1"},"canonical":"https:\/\/ugtfgvalicante.com\/index.php\/2024\/11\/12\/la-generalitat-habilita-cuatro-nuevas-lineas-de-autobus-para-mejorar-la-movilidad-de-torrent-lliria-paterna-y-leliana-con-valencia\/","og_locale":"es_ES","og_type":"article","og_title":"La Generalitat habilita cuatro nuevas l\u00edneas de autob\u00fas para mejorar la movilidad de Torrent, Lliria, Paterna y L\u2019Eliana con Val\u00e8ncia - FGV Alicante","og_description":"El president de la Generalitat, Carlos Maz\u00f3n, ha trasladado su agradecimiento a los conductores, a la Comunidad de Madrid y a las empresas del sector [...]","og_url":"https:\/\/ugtfgvalicante.com\/index.php\/2024\/11\/12\/la-generalitat-habilita-cuatro-nuevas-lineas-de-autobus-para-mejorar-la-movilidad-de-torrent-lliria-paterna-y-leliana-con-valencia\/","og_site_name":"FGV Alicante","article_publisher":"https:\/\/es-es.facebook.com\/ugt.fgvalicante\/","article_published_time":"2024-11-12T09:51:55+00:00","article_modified_time":"2024-11-12T09:51:56+00:00","og_image":[{"width":800,"height":401,"url":"https:\/\/ugtfgvalicante.com\/wp-content\/uploads\/2024\/11\/metroBus2.jpg","type":"image\/jpeg"}],"author":"Ugt FGV Alicante","twitter_card":"summary_large_image","twitter_misc":{"Escrito por":"Ugt FGV Alicante","Tiempo de lectura":"2 minutos"},"schema":{"@context":"https:\/\/schema.org","@graph":[{"@type":"Article","@id":"https:\/\/ugtfgvalicante.com\/index.php\/2024\/11\/12\/la-generalitat-habilita-cuatro-nuevas-lineas-de-autobus-para-mejorar-la-movilidad-de-torrent-lliria-paterna-y-leliana-con-valencia\/#article","isPartOf":{"@id":"https:\/\/ugtfgvalicante.com\/index.php\/2024\/11\/12\/la-generalitat-habilita-cuatro-nuevas-lineas-de-autobus-para-mejorar-la-movilidad-de-torrent-lliria-paterna-y-leliana-con-valencia\/"},"author":{"name":"Ugt FGV Alicante","@id":"https:\/\/ugtfgvalicante.com\/#\/schema\/person\/a1375a9c1ef53e624aa79c34b93b62e8"},"headline":"La Generalitat habilita cuatro nuevas l\u00edneas de autob\u00fas para mejorar la movilidad de Torrent, Lliria, Paterna y L\u2019Eliana con Val\u00e8ncia","datePublished":"2024-11-12T09:51:55+00:00","dateModified":"2024-11-12T09:51:56+00:00","mainEntityOfPage":{"@id":"https:\/\/ugtfgvalicante.com\/index.php\/2024\/11\/12\/la-generalitat-habilita-cuatro-nuevas-lineas-de-autobus-para-mejorar-la-movilidad-de-torrent-lliria-paterna-y-leliana-con-valencia\/"},"wordCount":266,"publisher":{"@id":"https:\/\/ugtfgvalicante.com\/#organization"},"image":{"@id":"https:\/\/ugtfgvalicante.com\/index.php\/2024\/11\/12\/la-generalitat-habilita-cuatro-nuevas-lineas-de-autobus-para-mejorar-la-movilidad-de-torrent-lliria-paterna-y-leliana-con-valencia\/#primaryimage"},"thumbnailUrl":"https:\/\/ugtfgvalicante.com\/wp-content\/uploads\/2024\/11\/metroBus2.jpg","inLanguage":"es"},{"@type":"WebPage","@id":"https:\/\/ugtfgvalicante.com\/index.php\/2024\/11\/12\/la-generalitat-habilita-cuatro-nuevas-lineas-de-autobus-para-mejorar-la-movilidad-de-torrent-lliria-paterna-y-leliana-con-valencia\/","url":"https:\/\/ugtfgvalicante.com\/index.php\/2024\/11\/12\/la-generalitat-habilita-cuatro-nuevas-lineas-de-autobus-para-mejorar-la-movilidad-de-torrent-lliria-paterna-y-leliana-con-valencia\/","name":"La Generalitat habilita cuatro nuevas l\u00edneas de autob\u00fas para mejorar la movilidad de Torrent, Lliria, Paterna y L\u2019Eliana con Val\u00e8ncia - FGV Alicante","isPartOf":{"@id":"https:\/\/ugtfgvalicante.com\/#website"},"primaryImageOfPage":{"@id":"https:\/\/ugtfgvalicante.com\/index.php\/2024\/11\/12\/la-generalitat-habilita-cuatro-nuevas-lineas-de-autobus-para-mejorar-la-movilidad-de-torrent-lliria-paterna-y-leliana-con-valencia\/#primaryimage"},"image":{"@id":"https:\/\/ugtfgvalicante.com\/index.php\/2024\/11\/12\/la-generalitat-habilita-cuatro-nuevas-lineas-de-autobus-para-mejorar-la-movilidad-de-torrent-lliria-paterna-y-leliana-con-valencia\/#primaryimage"},"thumbnailUrl":"https:\/\/ugtfgvalicante.com\/wp-content\/uploads\/2024\/11\/metroBus2.jpg","datePublished":"2024-11-12T09:51:55+00:00","dateModified":"2024-11-12T09:51:56+00:00","breadcrumb":{"@id":"https:\/\/ugtfgvalicante.com\/index.php\/2024\/11\/12\/la-generalitat-habilita-cuatro-nuevas-lineas-de-autobus-para-mejorar-la-movilidad-de-torrent-lliria-paterna-y-leliana-con-valencia\/#breadcrumb"},"inLanguage":"es","potentialAction":[{"@type":"ReadAction","target":["https:\/\/ugtfgvalicante.com\/index.php\/2024\/11\/12\/la-generalitat-habilita-cuatro-nuevas-lineas-de-autobus-para-mejorar-la-movilidad-de-torrent-lliria-paterna-y-leliana-con-valencia\/"]}]},{"@type":"ImageObject","inLanguage":"es","@id":"https:\/\/ugtfgvalicante.com\/index.php\/2024\/11\/12\/la-generalitat-habilita-cuatro-nuevas-lineas-de-autobus-para-mejorar-la-movilidad-de-torrent-lliria-paterna-y-leliana-con-valencia\/#primaryimage","url":"https:\/\/ugtfgvalicante.com\/wp-content\/uploads\/2024\/11\/metroBus2.jpg","contentUrl":"https:\/\/ugtfgvalicante.com\/wp-content\/uploads\/2024\/11\/metroBus2.jpg","width":800,"height":401},{"@type":"BreadcrumbList","@id":"https:\/\/ugtfgvalicante.com\/index.php\/2024\/11\/12\/la-generalitat-habilita-cuatro-nuevas-lineas-de-autobus-para-mejorar-la-movilidad-de-torrent-lliria-paterna-y-leliana-con-valencia\/#breadcrumb","itemListElement":[{"@type":"ListItem","position":1,"name":"Portada","item":"https:\/\/ugtfgvalicante.com\/"},{"@type":"ListItem","position":2,"name":"La Generalitat habilita cuatro nuevas l\u00edneas de autob\u00fas para mejorar la movilidad de Torrent, Lliria, Paterna y L\u2019Eliana con Val\u00e8ncia"}]},{"@type":"WebSite","@id":"https:\/\/ugtfgvalicante.com\/#website","url":"https:\/\/ugtfgvalicante.com\/","name":"FGV Alicante","description":"","publisher":{"@id":"https:\/\/ugtfgvalicante.com\/#organization"},"potentialAction":[{"@type":"SearchAction","target":{"@type":"EntryPoint","urlTemplate":"https:\/\/ugtfgvalicante.com\/?s={search_term_string}"},"query-input":{"@type":"PropertyValueSpecification","valueRequired":true,"valueName":"search_term_string"}}],"inLanguage":"es"},{"@type":"Organization","@id":"https:\/\/ugtfgvalicante.com\/#organization","name":"UGT FGV Alicante","url":"https:\/\/ugtfgvalicante.com\/","logo":{"@type":"ImageObject","inLanguage":"es","@id":"https:\/\/ugtfgvalicante.com\/#\/schema\/logo\/image\/","url":"https:\/\/ugtfgvalicante.com\/wp-content\/uploads\/2022\/10\/logo-ugt-web.png","contentUrl":"https:\/\/ugtfgvalicante.com\/wp-content\/uploads\/2022\/10\/logo-ugt-web.png","width":2283,"height":1126,"caption":"UGT FGV Alicante"},"image":{"@id":"https:\/\/ugtfgvalicante.com\/#\/schema\/logo\/image\/"},"sameAs":["https:\/\/es-es.facebook.com\/ugt.fgvalicante\/"]},{"@type":"Person","@id":"https:\/\/ugtfgvalicante.com\/#\/schema\/person\/a1375a9c1ef53e624aa79c34b93b62e8","name":"Ugt FGV Alicante","image":{"@type":"ImageObject","inLanguage":"es","@id":"https:\/\/ugtfgvalicante.com\/#\/schema\/person\/image\/","url":"https:\/\/secure.gravatar.com\/avatar\/ea41cd8456808460c6c0caa1a213c3c921573555df6b57a7ee2f16fb6f502866?s=96&d=mm&r=g","contentUrl":"https:\/\/secure.gravatar.com\/avatar\/ea41cd8456808460c6c0caa1a213c3c921573555df6b57a7ee2f16fb6f502866?s=96&d=mm&r=g","caption":"Ugt FGV Alicante"},"url":"https:\/\/ugtfgvalicante.com\/index.php\/author\/ggrau\/"}]}},"_links":{"self":[{"href":"https:\/\/ugtfgvalicante.com\/index.php\/wp-json\/wp\/v2\/posts\/830","targetHints":{"allow":["GET"]}}],"collection":[{"href":"https:\/\/ugtfgvalicante.com\/index.php\/wp-json\/wp\/v2\/posts"}],"about":[{"href":"https:\/\/ugtfgvalicante.com\/index.php\/wp-json\/wp\/v2\/types\/post"}],"author":[{"embeddable":true,"href":"https:\/\/ugtfgvalicante.com\/index.php\/wp-json\/wp\/v2\/users\/4"}],"replies":[{"embeddable":true,"href":"https:\/\/ugtfgvalicante.com\/index.php\/wp-json\/wp\/v2\/comments?post=830"}],"version-history":[{"count":1,"href":"https:\/\/ugtfgvalicante.com\/index.php\/wp-json\/wp\/v2\/posts\/830\/revisions"}],"predecessor-version":[{"id":832,"href":"https:\/\/ugtfgvalicante.com\/index.php\/wp-json\/wp\/v2\/posts\/830\/revisions\/832"}],"wp:featuredmedia":[{"embeddable":true,"href":"https:\/\/ugtfgvalicante.com\/index.php\/wp-json\/wp\/v2\/media\/831"}],"wp:attachment":[{"href":"https:\/\/ugtfgvalicante.com\/index.php\/wp-json\/wp\/v2\/media?parent=830"}],"wp:term":[{"taxonomy":"category","embeddable":true,"href":"https:\/\/ugtfgvalicante.com\/index.php\/wp-json\/wp\/v2\/categories?post=830"},{"taxonomy":"post_tag","embeddable":true,"href":"https:\/\/ugtfgvalicante.com\/index.php\/wp-json\/wp\/v2\/tags?post=830"}],"curies":[{"name":"wp","href":"https:\/\/api.w.org\/{rel}","templated":true}]}}