{"id":845,"date":"2024-12-15T19:55:02","date_gmt":"2024-12-15T19:55:02","guid":{"rendered":"https:\/\/ugtfgvalicante.com\/?p=845"},"modified":"2024-12-15T19:55:03","modified_gmt":"2024-12-15T19:55:03","slug":"cambios-importantes-en-el-tram-de-alicante-para-2025-nuevas-prohibiciones-y-precios","status":"publish","type":"post","link":"https:\/\/ugtfgvalicante.com\/index.php\/2024\/12\/15\/cambios-importantes-en-el-tram-de-alicante-para-2025-nuevas-prohibiciones-y-precios\/","title":{"rendered":"Cambios importantes en el TRAM de Alicante para 2025: nuevas prohibiciones y precios"},"content":{"rendered":"\n<p>El sistema de transporte cambia su funcionamiento de cara al pr\u00f3ximo a\u00f1o en las \u00e1reas de seguridad y bonificaciones, que podr\u00edan terminar.<\/p>\n\n\n\n<p id=\"paragraph_1\">El&nbsp;<a href=\"https:\/\/www.elespanol.com\/alicante\/20241209\/adios-descuentos-tram-alicante-nuevos-precios-bonos\/907409462_0.html?utm_cmp_rs=linksinline\">TRAM de Alicante<\/a>&nbsp;experimentar\u00e1 una serie de cambios importantes en su funcionamiento en 2025. Las principales novedades son dos y afectan&nbsp;<strong>a la seguridad de los viajeros y a sus bolsillos.<\/strong><\/p>\n\n\n\n<p id=\"paragraph_2\">La primera modificaci\u00f3n es la que est\u00e1 confirmada y&nbsp;<strong>entr\u00f3 en vigor desde el pasado 1 de octubre.<\/strong>&nbsp;Se trata de&nbsp;la limitaci\u00f3n a un m\u00e1ximo de dos&nbsp;patinetes el\u00e9ctricos y dos bicicletas por tranv\u00eda o tren.<\/p>\n\n\n\n<p>As\u00ed, este final de a\u00f1o y desde el 2025 hasta nuevo aviso estos dispositivos tendr\u00e1n que\u00a0<strong>ubicarse obligatoriamente en el \u00faltimo coche<\/strong>\u00a0de las unidades.\u00a0Adem\u00e1s, los patinetes el\u00e9ctricos y las bicicletas tendr\u00e1n que ir siempre plegados desde el acceso a las instalaciones y sus portadores se responsabilizar\u00e1n de no causar molestias al resto del pasaje ni da\u00f1os en los veh\u00edculos o las instalaciones.<\/p>\n\n\n\n<p>Por otro lado, la medida de Ferrocarrils de la Generalitat Valenciana (FGV) explica que deber\u00e1n permanecer de pie junto a ellos en los espacios vac\u00edos de trenes y tranv\u00edas. \u00abEn ning\u00fan caso se podr\u00e1\u00a0<strong>obstaculizar el acceso de maquinistas<\/strong>\u00a0a las cabinas de conducci\u00f3n\u00bb, resaltan.<\/p>\n\n\n\n<p id=\"paragraph_5\">El cambio de FGV llega \u00abante la evidencia que est\u00e1n causando&nbsp;<strong>una&nbsp;serie de afecciones<\/strong>&nbsp;relativas a operaciones, transporte, seguridad y a la convivencia entre los usuarios, que est\u00e1n ocasionando un gran n\u00famero de reclamaciones ante la aglomeraci\u00f3n de los Veh\u00edculos de Movilidad Personal (VMP) y bicicletas en las estaciones y unidades\u00bb, se\u00f1alan.<\/p>\n\n\n\n<p id=\"paragraph_6\">Por otro lado, el segundo cambio tiene que ver con el&nbsp;<strong>posible fin de los descuentos de los bonos,<\/strong>&nbsp;lo que afectar\u00eda a miles de usuarios que tendr\u00edan que abonar la totalidad una vez que finalicen las bonificaciones al transporte el pr\u00f3ximo 31 de enero.<\/p>\n\n\n\n<p id=\"paragraph_7\">La medida est\u00e1 en el aire y depende del Gobierno central, que es quien acuerda las bonificaciones con la Generalitat valenciana, aunque<strong>&nbsp;su postura apunta m\u00e1s a la no renovaci\u00f3n.<\/strong><\/p>\n\n\n\n<p id=\"paragraph_8\">Los t\u00edtulos afectados por la eliminaci\u00f3n de la bonificaci\u00f3n ser\u00edan el&nbsp;<strong>Bono Multiviaje, Bono Jove, Bono Escolar, Bono 30 d\u00edas y Bono Ruta 4\/30 Jove<\/strong>&nbsp;del sistema TAM de Alicante, as\u00ed como el&nbsp;<strong>Bono 10, Bono 30, 24 h, Gent Major Mensual y Mobilitat Mensual<\/strong>&nbsp;del TRAM d\u2019Alacant.<\/p>\n\n\n\n<p id=\"paragraph_9\">A partir del 1 de marzo y hasta el 30 de junio de 2025, quienes a\u00fan conserven viajes sin consumir deber\u00e1n&nbsp;<strong>abonar la diferencia<\/strong>&nbsp;entre las tarifas antiguas y las nuevas para poder usarlos.<\/p>\n\n\n\n<p id=\"paragraph_10\">El fin de las ayudas tambi\u00e9n afectar\u00eda al&nbsp;<strong>Abono Joven<\/strong>, exclusivo para menores de 31 a\u00f1os, que mantendr\u00e1 su vigencia con descuento \u00fanicamente hasta el 31 de diciembre de 2024.<\/p>\n\n\n\n<p id=\"paragraph_11\">As\u00ed, los&nbsp;<strong>nuevos precios<\/strong>&nbsp;de los bonos ser\u00edan los siguientes (en negrita el precio de los bonos con el descuento que finalizar\u00e1)<\/p>\n\n\n\n<figure class=\"wp-block-table\"><table class=\"has-fixed-layout\"><tbody><tr><td><\/td><td><strong>1 zona<\/strong><strong>B \u2013 C \u2013 T1 \u2013 T2<\/strong><\/td><td><strong>2 zonas<\/strong><strong>AB \u2013 BC<\/strong><\/td><td><strong>3 zonas<\/strong><strong>ABC<\/strong><\/td><\/tr><tr><td><strong>Sencillo<\/strong><\/td><td>1,45 \u20ac<\/td><td>2,80 \u20ac<\/td><td>3,90 \u20ac<\/td><\/tr><tr><td><strong>Ida y Vuelta<\/strong><\/td><td>2,50 \u20ac<\/td><td>4,80 \u20ac<\/td><td>6,65 \u20ac<\/td><\/tr><tr><td><strong>Bono 10<\/strong><\/td><td>8 \u20ac\u2013&gt;5,60 \u20ac\u2013&gt;<strong>4,00 \u20ac<\/strong><\/td><td>12,00 \u20ac&nbsp;\u2013&gt;&nbsp;8,40 \u20ac&nbsp;\u2013&gt;&nbsp;<strong>6,00<\/strong>&nbsp;\u20ac<\/td><td>20,00 \u20ac&nbsp;\u2013&gt;&nbsp;14,00 \u20ac&nbsp;\u2013&gt;&nbsp;<strong>10,00<\/strong>&nbsp;\u20ac<\/td><\/tr><tr><td><strong>Bono 10 Jove<\/strong><\/td><td>&nbsp;6,80 \u20ac&nbsp;\u2013&gt;&nbsp;4,75 \u20ac&nbsp;\u2013&gt;<strong>3,40 \u20ac<\/strong><\/td><td>10,20 \u20ac&nbsp;\u2013&gt;&nbsp;7,10 \u20ac&nbsp;\u2013&gt;<strong>&nbsp;5,10<\/strong>&nbsp;\u20ac<\/td><td>17,00 \u20ac&nbsp;\u2013&gt;&nbsp;11,90 \u20ac&nbsp;\u2013&gt;<strong>&nbsp;8,50<\/strong>&nbsp;\u20ac<\/td><\/tr><tr><td><strong>Bono 30<\/strong><\/td><td>22,80 \u20ac&nbsp;\u2013&gt;&nbsp;15,95 \u20ac&nbsp;\u2013&gt;&nbsp;<strong>11,40<\/strong>&nbsp;\u20ac<\/td><td>34,20 \u20ac&nbsp;\u2013&gt;&nbsp;23,90 \u20ac&nbsp;\u2013&gt;<strong>&nbsp;17,10<\/strong>&nbsp;\u20ac<\/td><td>57,00 \u20ac&nbsp;\u2013&gt;&nbsp;39,90 \u20ac&nbsp;\u2013&gt;<strong>&nbsp;28,50<\/strong>&nbsp;\u20ac<\/td><\/tr><tr><td><strong>24 h<\/strong><\/td><td>\u2014<\/td><td>\u2014<\/td><td>8,00 \u20ac&nbsp;\u2013&gt;&nbsp;5,60 \u20ac&nbsp;\u2013&gt;&nbsp;<strong>4,00<\/strong>&nbsp;\u20ac<\/td><\/tr><tr><td><strong>Colectivo\u00b9<\/strong><\/td><td>0,80 \u20ac<\/td><td>1,20 \u20ac<\/td><td>2,00 \u20ac<\/td><\/tr><tr><td><strong>Gent Major Mensual<\/strong><\/td><td>\u2014<\/td><td>\u2014<\/td><td>9,70 \u20ac&nbsp;\u2013&gt;&nbsp;6,75 \u20ac&nbsp;\u2013&gt;&nbsp;<strong>4,85<\/strong>&nbsp;\u20ac<\/td><\/tr><tr><td><strong>Gent Major Anual **<\/strong><\/td><td>\u2014<\/td><td>\u2014<\/td><td>87,30 \u20ac<\/td><\/tr><tr><td><strong>Mobilitat Mensual<\/strong><\/td><td>\u2014<\/td><td>\u2014<\/td><td>9,70 \u20ac&nbsp;\u2013&gt;&nbsp;6,75 \u20ac\u2013&gt;&nbsp;<strong>4,85<\/strong>&nbsp;\u20ac<\/td><\/tr><tr><td><strong>Mobilitat Anual **<\/strong><\/td><td>\u2014<\/td><td>\u2014<\/td><td>87,30 \u20ac<\/td><\/tr><\/tbody><\/table><\/figure>\n\n\n\n<h3 class=\"wp-block-heading\"><\/h3>\n\n\n\n<p id=\"paragraph_12\"><strong>T\u00edtulos y tarifas del sistema TAM (Zona A)<\/strong>&nbsp;sin la reducci\u00f3n parcial temporal del 50 % (negrita):<\/p>\n\n\n\n<figure class=\"wp-block-table\"><table class=\"has-fixed-layout\"><tbody><tr><td><strong><br>1 zona<\/strong> <strong>A<\/strong><\/td><\/tr><tr><td><strong>Sencillo<\/strong><\/td><td>1,45 \u20ac<\/td><\/tr><tr><td><strong>Bono M\u00f3bils Multiviaje<\/strong><\/td><td>8,70 \u20ac&nbsp;\u2013&gt;&nbsp;6,05 \u20ac&nbsp;\u2013&gt;&nbsp;<strong>4,35<\/strong>&nbsp;\u20ac<\/td><\/tr><tr><td><strong>Bono M\u00f3bilis Jove<\/strong><\/td><td>21,20 \u20ac&nbsp;\u2013&gt;&nbsp;14,80 \u20ac&nbsp;\u2013&gt;&nbsp;<strong>10,60<\/strong>&nbsp;\u20ac<\/td><\/tr><tr><td><strong>Bono M\u00f3bilis Escolar<\/strong><\/td><td>16,50 \u20ac&nbsp;\u2013&gt;&nbsp;11,55 \u20ac&nbsp;\u2013&gt;<strong>&nbsp;8,25<\/strong>&nbsp;\u20ac<\/td><\/tr><tr><td><strong>Bono 30 d\u00edas<\/strong><\/td><td>40,00 \u20ac&nbsp;\u2013&gt;&nbsp;28,00 \u20ac&nbsp;\u2013&gt;<strong>&nbsp;20,00<\/strong>&nbsp;\u20ac<\/td><\/tr><tr><td><strong>Bono Ruta 4\/30<\/strong><\/td><td>15,00 \u20ac&nbsp;\u2013&gt;&nbsp;10,50 \u20ac&nbsp;\u2013&gt;<strong>&nbsp;7,50<\/strong>&nbsp;\u20ac<\/td><\/tr><\/tbody><\/table><\/figure>\n\n\n\n<h3 class=\"wp-block-heading\"><\/h3>\n\n\n\n<p id=\"paragraph_13\">La reducci\u00f3n temporal de tarifas fue impulsada en 2022 como respuesta directa al incremento del coste de vida provocado por la inflaci\u00f3n y al encarecimiento de los combustibles, con el objetivo de<strong>&nbsp;fomentar el uso del transporte p\u00fablico<\/strong>.<\/p>\n\n\n\n<p>Fuente: <a href=\"https:\/\/www.elespanol.com\/alicante\/20241215\/trt\/908409712_0.html\">El Espa\u00f1ol<\/a><\/p>\n","protected":false},"excerpt":{"rendered":"<div class=\"mh-excerpt\"><p>El sistema de transporte cambia su funcionamiento de cara al pr\u00f3ximo a\u00f1o en las \u00e1reas de seguridad y bonificaciones, que podr\u00edan terminar. El&nbsp;TRAM de Alicante&nbsp;experimentar\u00e1 <a class=\"mh-excerpt-more\" href=\"https:\/\/ugtfgvalicante.com\/index.php\/2024\/12\/15\/cambios-importantes-en-el-tram-de-alicante-para-2025-nuevas-prohibiciones-y-precios\/\" title=\"Cambios importantes en el TRAM de Alicante para 2025: nuevas prohibiciones y precios\">[&#8230;]<\/a><\/p>\n<\/div>","protected":false},"author":4,"featured_media":846,"comment_status":"closed","ping_status":"closed","sticky":false,"template":"","format":"standard","meta":{"footnotes":""},"categories":[5],"tags":[],"class_list":["post-845","post","type-post","status-publish","format-standard","has-post-thumbnail","hentry","category-noticias-prensa"],"yoast_head":"<!-- This site is optimized with the Yoast SEO plugin v26.6 - https:\/\/yoast.com\/wordpress\/plugins\/seo\/ -->\n<title>Cambios importantes en el TRAM de Alicante para 2025: nuevas prohibiciones y precios - FGV Alicante<\/title>\n<meta name=\"robots\" content=\"index, follow, max-snippet:-1, max-image-preview:large, max-video-preview:-1\" \/>\n<link rel=\"canonical\" href=\"https:\/\/ugtfgvalicante.com\/index.php\/2024\/12\/15\/cambios-importantes-en-el-tram-de-alicante-para-2025-nuevas-prohibiciones-y-precios\/\" \/>\n<meta property=\"og:locale\" content=\"es_ES\" \/>\n<meta property=\"og:type\" content=\"article\" \/>\n<meta property=\"og:title\" content=\"Cambios importantes en el TRAM de Alicante para 2025: nuevas prohibiciones y precios - FGV Alicante\" \/>\n<meta property=\"og:description\" content=\"El sistema de transporte cambia su funcionamiento de cara al pr\u00f3ximo a\u00f1o en las \u00e1reas de seguridad y bonificaciones, que podr\u00edan terminar. El&nbsp;TRAM de Alicante&nbsp;experimentar\u00e1 [...]\" \/>\n<meta property=\"og:url\" content=\"https:\/\/ugtfgvalicante.com\/index.php\/2024\/12\/15\/cambios-importantes-en-el-tram-de-alicante-para-2025-nuevas-prohibiciones-y-precios\/\" \/>\n<meta property=\"og:site_name\" content=\"FGV Alicante\" \/>\n<meta property=\"article:publisher\" content=\"https:\/\/es-es.facebook.com\/ugt.fgvalicante\/\" \/>\n<meta property=\"article:published_time\" content=\"2024-12-15T19:55:02+00:00\" \/>\n<meta property=\"article:modified_time\" content=\"2024-12-15T19:55:03+00:00\" \/>\n<meta property=\"og:image\" content=\"https:\/\/ugtfgvalicante.com\/wp-content\/uploads\/2024\/12\/645445604_221389388_1706x960.webp\" \/>\n\t<meta property=\"og:image:width\" content=\"1706\" \/>\n\t<meta property=\"og:image:height\" content=\"960\" \/>\n\t<meta property=\"og:image:type\" content=\"image\/webp\" \/>\n<meta name=\"author\" content=\"Ugt FGV Alicante\" \/>\n<meta name=\"twitter:card\" content=\"summary_large_image\" \/>\n<meta name=\"twitter:label1\" content=\"Escrito por\" \/>\n\t<meta name=\"twitter:data1\" content=\"Ugt FGV Alicante\" \/>\n\t<meta name=\"twitter:label2\" content=\"Tiempo de lectura\" \/>\n\t<meta name=\"twitter:data2\" content=\"4 minutos\" \/>\n<script type=\"application\/ld+json\" class=\"yoast-schema-graph\">{\"@context\":\"https:\/\/schema.org\",\"@graph\":[{\"@type\":\"Article\",\"@id\":\"https:\/\/ugtfgvalicante.com\/index.php\/2024\/12\/15\/cambios-importantes-en-el-tram-de-alicante-para-2025-nuevas-prohibiciones-y-precios\/#article\",\"isPartOf\":{\"@id\":\"https:\/\/ugtfgvalicante.com\/index.php\/2024\/12\/15\/cambios-importantes-en-el-tram-de-alicante-para-2025-nuevas-prohibiciones-y-precios\/\"},\"author\":{\"name\":\"Ugt FGV Alicante\",\"@id\":\"https:\/\/ugtfgvalicante.com\/#\/schema\/person\/a1375a9c1ef53e624aa79c34b93b62e8\"},\"headline\":\"Cambios importantes en el TRAM de Alicante para 2025: nuevas prohibiciones y precios\",\"datePublished\":\"2024-12-15T19:55:02+00:00\",\"dateModified\":\"2024-12-15T19:55:03+00:00\",\"mainEntityOfPage\":{\"@id\":\"https:\/\/ugtfgvalicante.com\/index.php\/2024\/12\/15\/cambios-importantes-en-el-tram-de-alicante-para-2025-nuevas-prohibiciones-y-precios\/\"},\"wordCount\":750,\"publisher\":{\"@id\":\"https:\/\/ugtfgvalicante.com\/#organization\"},\"image\":{\"@id\":\"https:\/\/ugtfgvalicante.com\/index.php\/2024\/12\/15\/cambios-importantes-en-el-tram-de-alicante-para-2025-nuevas-prohibiciones-y-precios\/#primaryimage\"},\"thumbnailUrl\":\"https:\/\/ugtfgvalicante.com\/wp-content\/uploads\/2024\/12\/645445604_221389388_1706x960.webp\",\"articleSection\":[\"Noticias prensa\"],\"inLanguage\":\"es\"},{\"@type\":\"WebPage\",\"@id\":\"https:\/\/ugtfgvalicante.com\/index.php\/2024\/12\/15\/cambios-importantes-en-el-tram-de-alicante-para-2025-nuevas-prohibiciones-y-precios\/\",\"url\":\"https:\/\/ugtfgvalicante.com\/index.php\/2024\/12\/15\/cambios-importantes-en-el-tram-de-alicante-para-2025-nuevas-prohibiciones-y-precios\/\",\"name\":\"Cambios importantes en el TRAM de Alicante para 2025: nuevas prohibiciones y precios - FGV Alicante\",\"isPartOf\":{\"@id\":\"https:\/\/ugtfgvalicante.com\/#website\"},\"primaryImageOfPage\":{\"@id\":\"https:\/\/ugtfgvalicante.com\/index.php\/2024\/12\/15\/cambios-importantes-en-el-tram-de-alicante-para-2025-nuevas-prohibiciones-y-precios\/#primaryimage\"},\"image\":{\"@id\":\"https:\/\/ugtfgvalicante.com\/index.php\/2024\/12\/15\/cambios-importantes-en-el-tram-de-alicante-para-2025-nuevas-prohibiciones-y-precios\/#primaryimage\"},\"thumbnailUrl\":\"https:\/\/ugtfgvalicante.com\/wp-content\/uploads\/2024\/12\/645445604_221389388_1706x960.webp\",\"datePublished\":\"2024-12-15T19:55:02+00:00\",\"dateModified\":\"2024-12-15T19:55:03+00:00\",\"breadcrumb\":{\"@id\":\"https:\/\/ugtfgvalicante.com\/index.php\/2024\/12\/15\/cambios-importantes-en-el-tram-de-alicante-para-2025-nuevas-prohibiciones-y-precios\/#breadcrumb\"},\"inLanguage\":\"es\",\"potentialAction\":[{\"@type\":\"ReadAction\",\"target\":[\"https:\/\/ugtfgvalicante.com\/index.php\/2024\/12\/15\/cambios-importantes-en-el-tram-de-alicante-para-2025-nuevas-prohibiciones-y-precios\/\"]}]},{\"@type\":\"ImageObject\",\"inLanguage\":\"es\",\"@id\":\"https:\/\/ugtfgvalicante.com\/index.php\/2024\/12\/15\/cambios-importantes-en-el-tram-de-alicante-para-2025-nuevas-prohibiciones-y-precios\/#primaryimage\",\"url\":\"https:\/\/ugtfgvalicante.com\/wp-content\/uploads\/2024\/12\/645445604_221389388_1706x960.webp\",\"contentUrl\":\"https:\/\/ugtfgvalicante.com\/wp-content\/uploads\/2024\/12\/645445604_221389388_1706x960.webp\",\"width\":1706,\"height\":960},{\"@type\":\"BreadcrumbList\",\"@id\":\"https:\/\/ugtfgvalicante.com\/index.php\/2024\/12\/15\/cambios-importantes-en-el-tram-de-alicante-para-2025-nuevas-prohibiciones-y-precios\/#breadcrumb\",\"itemListElement\":[{\"@type\":\"ListItem\",\"position\":1,\"name\":\"Portada\",\"item\":\"https:\/\/ugtfgvalicante.com\/\"},{\"@type\":\"ListItem\",\"position\":2,\"name\":\"Cambios importantes en el TRAM de Alicante para 2025: nuevas prohibiciones y precios\"}]},{\"@type\":\"WebSite\",\"@id\":\"https:\/\/ugtfgvalicante.com\/#website\",\"url\":\"https:\/\/ugtfgvalicante.com\/\",\"name\":\"FGV Alicante\",\"description\":\"\",\"publisher\":{\"@id\":\"https:\/\/ugtfgvalicante.com\/#organization\"},\"potentialAction\":[{\"@type\":\"SearchAction\",\"target\":{\"@type\":\"EntryPoint\",\"urlTemplate\":\"https:\/\/ugtfgvalicante.com\/?s={search_term_string}\"},\"query-input\":{\"@type\":\"PropertyValueSpecification\",\"valueRequired\":true,\"valueName\":\"search_term_string\"}}],\"inLanguage\":\"es\"},{\"@type\":\"Organization\",\"@id\":\"https:\/\/ugtfgvalicante.com\/#organization\",\"name\":\"UGT FGV Alicante\",\"url\":\"https:\/\/ugtfgvalicante.com\/\",\"logo\":{\"@type\":\"ImageObject\",\"inLanguage\":\"es\",\"@id\":\"https:\/\/ugtfgvalicante.com\/#\/schema\/logo\/image\/\",\"url\":\"https:\/\/ugtfgvalicante.com\/wp-content\/uploads\/2022\/10\/logo-ugt-web.png\",\"contentUrl\":\"https:\/\/ugtfgvalicante.com\/wp-content\/uploads\/2022\/10\/logo-ugt-web.png\",\"width\":2283,\"height\":1126,\"caption\":\"UGT FGV Alicante\"},\"image\":{\"@id\":\"https:\/\/ugtfgvalicante.com\/#\/schema\/logo\/image\/\"},\"sameAs\":[\"https:\/\/es-es.facebook.com\/ugt.fgvalicante\/\"]},{\"@type\":\"Person\",\"@id\":\"https:\/\/ugtfgvalicante.com\/#\/schema\/person\/a1375a9c1ef53e624aa79c34b93b62e8\",\"name\":\"Ugt FGV Alicante\",\"image\":{\"@type\":\"ImageObject\",\"inLanguage\":\"es\",\"@id\":\"https:\/\/ugtfgvalicante.com\/#\/schema\/person\/image\/\",\"url\":\"https:\/\/secure.gravatar.com\/avatar\/ea41cd8456808460c6c0caa1a213c3c921573555df6b57a7ee2f16fb6f502866?s=96&d=mm&r=g\",\"contentUrl\":\"https:\/\/secure.gravatar.com\/avatar\/ea41cd8456808460c6c0caa1a213c3c921573555df6b57a7ee2f16fb6f502866?s=96&d=mm&r=g\",\"caption\":\"Ugt FGV Alicante\"},\"url\":\"https:\/\/ugtfgvalicante.com\/index.php\/author\/ggrau\/\"}]}<\/script>\n<!-- \/ Yoast SEO plugin. -->","yoast_head_json":{"title":"Cambios importantes en el TRAM de Alicante para 2025: nuevas prohibiciones y precios - FGV Alicante","robots":{"index":"index","follow":"follow","max-snippet":"max-snippet:-1","max-image-preview":"max-image-preview:large","max-video-preview":"max-video-preview:-1"},"canonical":"https:\/\/ugtfgvalicante.com\/index.php\/2024\/12\/15\/cambios-importantes-en-el-tram-de-alicante-para-2025-nuevas-prohibiciones-y-precios\/","og_locale":"es_ES","og_type":"article","og_title":"Cambios importantes en el TRAM de Alicante para 2025: nuevas prohibiciones y precios - FGV Alicante","og_description":"El sistema de transporte cambia su funcionamiento de cara al pr\u00f3ximo a\u00f1o en las \u00e1reas de seguridad y bonificaciones, que podr\u00edan terminar. El&nbsp;TRAM de Alicante&nbsp;experimentar\u00e1 [...]","og_url":"https:\/\/ugtfgvalicante.com\/index.php\/2024\/12\/15\/cambios-importantes-en-el-tram-de-alicante-para-2025-nuevas-prohibiciones-y-precios\/","og_site_name":"FGV Alicante","article_publisher":"https:\/\/es-es.facebook.com\/ugt.fgvalicante\/","article_published_time":"2024-12-15T19:55:02+00:00","article_modified_time":"2024-12-15T19:55:03+00:00","og_image":[{"width":1706,"height":960,"url":"https:\/\/ugtfgvalicante.com\/wp-content\/uploads\/2024\/12\/645445604_221389388_1706x960.webp","type":"image\/webp"}],"author":"Ugt FGV Alicante","twitter_card":"summary_large_image","twitter_misc":{"Escrito por":"Ugt FGV Alicante","Tiempo de lectura":"4 minutos"},"schema":{"@context":"https:\/\/schema.org","@graph":[{"@type":"Article","@id":"https:\/\/ugtfgvalicante.com\/index.php\/2024\/12\/15\/cambios-importantes-en-el-tram-de-alicante-para-2025-nuevas-prohibiciones-y-precios\/#article","isPartOf":{"@id":"https:\/\/ugtfgvalicante.com\/index.php\/2024\/12\/15\/cambios-importantes-en-el-tram-de-alicante-para-2025-nuevas-prohibiciones-y-precios\/"},"author":{"name":"Ugt FGV Alicante","@id":"https:\/\/ugtfgvalicante.com\/#\/schema\/person\/a1375a9c1ef53e624aa79c34b93b62e8"},"headline":"Cambios importantes en el TRAM de Alicante para 2025: nuevas prohibiciones y precios","datePublished":"2024-12-15T19:55:02+00:00","dateModified":"2024-12-15T19:55:03+00:00","mainEntityOfPage":{"@id":"https:\/\/ugtfgvalicante.com\/index.php\/2024\/12\/15\/cambios-importantes-en-el-tram-de-alicante-para-2025-nuevas-prohibiciones-y-precios\/"},"wordCount":750,"publisher":{"@id":"https:\/\/ugtfgvalicante.com\/#organization"},"image":{"@id":"https:\/\/ugtfgvalicante.com\/index.php\/2024\/12\/15\/cambios-importantes-en-el-tram-de-alicante-para-2025-nuevas-prohibiciones-y-precios\/#primaryimage"},"thumbnailUrl":"https:\/\/ugtfgvalicante.com\/wp-content\/uploads\/2024\/12\/645445604_221389388_1706x960.webp","articleSection":["Noticias prensa"],"inLanguage":"es"},{"@type":"WebPage","@id":"https:\/\/ugtfgvalicante.com\/index.php\/2024\/12\/15\/cambios-importantes-en-el-tram-de-alicante-para-2025-nuevas-prohibiciones-y-precios\/","url":"https:\/\/ugtfgvalicante.com\/index.php\/2024\/12\/15\/cambios-importantes-en-el-tram-de-alicante-para-2025-nuevas-prohibiciones-y-precios\/","name":"Cambios importantes en el TRAM de Alicante para 2025: nuevas prohibiciones y precios - FGV Alicante","isPartOf":{"@id":"https:\/\/ugtfgvalicante.com\/#website"},"primaryImageOfPage":{"@id":"https:\/\/ugtfgvalicante.com\/index.php\/2024\/12\/15\/cambios-importantes-en-el-tram-de-alicante-para-2025-nuevas-prohibiciones-y-precios\/#primaryimage"},"image":{"@id":"https:\/\/ugtfgvalicante.com\/index.php\/2024\/12\/15\/cambios-importantes-en-el-tram-de-alicante-para-2025-nuevas-prohibiciones-y-precios\/#primaryimage"},"thumbnailUrl":"https:\/\/ugtfgvalicante.com\/wp-content\/uploads\/2024\/12\/645445604_221389388_1706x960.webp","datePublished":"2024-12-15T19:55:02+00:00","dateModified":"2024-12-15T19:55:03+00:00","breadcrumb":{"@id":"https:\/\/ugtfgvalicante.com\/index.php\/2024\/12\/15\/cambios-importantes-en-el-tram-de-alicante-para-2025-nuevas-prohibiciones-y-precios\/#breadcrumb"},"inLanguage":"es","potentialAction":[{"@type":"ReadAction","target":["https:\/\/ugtfgvalicante.com\/index.php\/2024\/12\/15\/cambios-importantes-en-el-tram-de-alicante-para-2025-nuevas-prohibiciones-y-precios\/"]}]},{"@type":"ImageObject","inLanguage":"es","@id":"https:\/\/ugtfgvalicante.com\/index.php\/2024\/12\/15\/cambios-importantes-en-el-tram-de-alicante-para-2025-nuevas-prohibiciones-y-precios\/#primaryimage","url":"https:\/\/ugtfgvalicante.com\/wp-content\/uploads\/2024\/12\/645445604_221389388_1706x960.webp","contentUrl":"https:\/\/ugtfgvalicante.com\/wp-content\/uploads\/2024\/12\/645445604_221389388_1706x960.webp","width":1706,"height":960},{"@type":"BreadcrumbList","@id":"https:\/\/ugtfgvalicante.com\/index.php\/2024\/12\/15\/cambios-importantes-en-el-tram-de-alicante-para-2025-nuevas-prohibiciones-y-precios\/#breadcrumb","itemListElement":[{"@type":"ListItem","position":1,"name":"Portada","item":"https:\/\/ugtfgvalicante.com\/"},{"@type":"ListItem","position":2,"name":"Cambios importantes en el TRAM de Alicante para 2025: nuevas prohibiciones y precios"}]},{"@type":"WebSite","@id":"https:\/\/ugtfgvalicante.com\/#website","url":"https:\/\/ugtfgvalicante.com\/","name":"FGV Alicante","description":"","publisher":{"@id":"https:\/\/ugtfgvalicante.com\/#organization"},"potentialAction":[{"@type":"SearchAction","target":{"@type":"EntryPoint","urlTemplate":"https:\/\/ugtfgvalicante.com\/?s={search_term_string}"},"query-input":{"@type":"PropertyValueSpecification","valueRequired":true,"valueName":"search_term_string"}}],"inLanguage":"es"},{"@type":"Organization","@id":"https:\/\/ugtfgvalicante.com\/#organization","name":"UGT FGV Alicante","url":"https:\/\/ugtfgvalicante.com\/","logo":{"@type":"ImageObject","inLanguage":"es","@id":"https:\/\/ugtfgvalicante.com\/#\/schema\/logo\/image\/","url":"https:\/\/ugtfgvalicante.com\/wp-content\/uploads\/2022\/10\/logo-ugt-web.png","contentUrl":"https:\/\/ugtfgvalicante.com\/wp-content\/uploads\/2022\/10\/logo-ugt-web.png","width":2283,"height":1126,"caption":"UGT FGV Alicante"},"image":{"@id":"https:\/\/ugtfgvalicante.com\/#\/schema\/logo\/image\/"},"sameAs":["https:\/\/es-es.facebook.com\/ugt.fgvalicante\/"]},{"@type":"Person","@id":"https:\/\/ugtfgvalicante.com\/#\/schema\/person\/a1375a9c1ef53e624aa79c34b93b62e8","name":"Ugt FGV Alicante","image":{"@type":"ImageObject","inLanguage":"es","@id":"https:\/\/ugtfgvalicante.com\/#\/schema\/person\/image\/","url":"https:\/\/secure.gravatar.com\/avatar\/ea41cd8456808460c6c0caa1a213c3c921573555df6b57a7ee2f16fb6f502866?s=96&d=mm&r=g","contentUrl":"https:\/\/secure.gravatar.com\/avatar\/ea41cd8456808460c6c0caa1a213c3c921573555df6b57a7ee2f16fb6f502866?s=96&d=mm&r=g","caption":"Ugt FGV Alicante"},"url":"https:\/\/ugtfgvalicante.com\/index.php\/author\/ggrau\/"}]}},"_links":{"self":[{"href":"https:\/\/ugtfgvalicante.com\/index.php\/wp-json\/wp\/v2\/posts\/845","targetHints":{"allow":["GET"]}}],"collection":[{"href":"https:\/\/ugtfgvalicante.com\/index.php\/wp-json\/wp\/v2\/posts"}],"about":[{"href":"https:\/\/ugtfgvalicante.com\/index.php\/wp-json\/wp\/v2\/types\/post"}],"author":[{"embeddable":true,"href":"https:\/\/ugtfgvalicante.com\/index.php\/wp-json\/wp\/v2\/users\/4"}],"replies":[{"embeddable":true,"href":"https:\/\/ugtfgvalicante.com\/index.php\/wp-json\/wp\/v2\/comments?post=845"}],"version-history":[{"count":1,"href":"https:\/\/ugtfgvalicante.com\/index.php\/wp-json\/wp\/v2\/posts\/845\/revisions"}],"predecessor-version":[{"id":847,"href":"https:\/\/ugtfgvalicante.com\/index.php\/wp-json\/wp\/v2\/posts\/845\/revisions\/847"}],"wp:featuredmedia":[{"embeddable":true,"href":"https:\/\/ugtfgvalicante.com\/index.php\/wp-json\/wp\/v2\/media\/846"}],"wp:attachment":[{"href":"https:\/\/ugtfgvalicante.com\/index.php\/wp-json\/wp\/v2\/media?parent=845"}],"wp:term":[{"taxonomy":"category","embeddable":true,"href":"https:\/\/ugtfgvalicante.com\/index.php\/wp-json\/wp\/v2\/categories?post=845"},{"taxonomy":"post_tag","embeddable":true,"href":"https:\/\/ugtfgvalicante.com\/index.php\/wp-json\/wp\/v2\/tags?post=845"}],"curies":[{"name":"wp","href":"https:\/\/api.w.org\/{rel}","templated":true}]}}