{"id":868,"date":"2025-01-16T20:05:22","date_gmt":"2025-01-16T20:05:22","guid":{"rendered":"https:\/\/ugtfgvalicante.com\/?p=868"},"modified":"2025-01-16T20:05:23","modified_gmt":"2025-01-16T20:05:23","slug":"tram-dalacant-desplazo-a-203-millones-de-usuarios-en-2024-un-1136-mas-que-el-ano-anterior-y-vuelve-a-conseguir-el-mayor-registro-de-su-historia","status":"publish","type":"post","link":"https:\/\/ugtfgvalicante.com\/index.php\/2025\/01\/16\/tram-dalacant-desplazo-a-203-millones-de-usuarios-en-2024-un-1136-mas-que-el-ano-anterior-y-vuelve-a-conseguir-el-mayor-registro-de-su-historia\/","title":{"rendered":"TRAM d\u2019Alacant desplaz\u00f3 a 20,3 millones de usuarios en 2024, un 11,36% m\u00e1s que el a\u00f1o anterior, y vuelve a conseguir el mayor registro de su historia"},"content":{"rendered":"\n<ul class=\"wp-block-list\">\n<li>La L\u00ednea 2, con 8,1 millones de viajes, fue la m\u00e1s utilizada y Luceros, la estaci\u00f3n con mayor movimiento, con 3,5 millones de pasajeros<\/li>\n\n\n\n<li>El mes con m\u00e1s tr\u00e1fico fue junio, con 2.028.022 trayectos, y el d\u00eda de mayor afluencia del a\u00f1o el 22 de junio, con 115.670 viajes<\/li>\n<\/ul>\n\n\n\n<p><a href=\"http:\/\/www.tramalacant.es\/\">TRAM d\u2019Alacant<\/a>&nbsp;favoreci\u00f3 la movilidad de 20.267.803 viajeros en 2024 por las cuatro l\u00edneas de tranv\u00eda, una de tren-TRAM y una de cercan\u00edas de su red, el mayor registro de sus 37 a\u00f1os de servicio en la provincia y un 11,36% m\u00e1s que en 2023, lo que supone un incremento de 2.074.941 usuarios de un a\u00f1o a otro y volver a batir su r\u00e9cord de usuarios que ya obtuvo en el pasado ejercicio.<\/p>\n\n\n\n<p>En el conjunto de&nbsp;<a href=\"http:\/\/www.fgv.es\/\">Ferrocarrils de la Generalitat Valenciana<\/a>&nbsp;(FGV), los desplazamientos realizados el pasado a\u00f1o entre TRAM d\u2019 Alacant (20.342.744) y Metrovalencia (91.191.013) alcanzaron los 111.533.757 movimientos, un 2,55 % m\u00e1s que en el ejercicio anterior, lo que significa un aumento de 2.773.438 tr\u00e1ficos respecto al a\u00f1o anterior.<\/p>\n\n\n\n<p>Los meses con m\u00e1s viajes del a\u00f1o pasado fueron, por orden, junio (2.028.022), julio (1.929.130), octubre (1.817.548), agosto (1.809.222), septiembre (1.744.640), mayo (1.741.058), noviembre (1.631.480), marzo (1.626.819), diciembre (1.599.160), abril (1.576.370), febrero (1.436.301) y enero (1.402.994).<\/p>\n\n\n\n<p>Los datos reflejan una media diaria de 55.581 clientes a lo largo de toda la red de TRAM d\u2019Alacant. La media mensual se eleva a 1.695.228 desplazamientos.<\/p>\n\n\n\n<p>El d\u00eda con mayor tr\u00e1fico del a\u00f1o fue el 22 de junio, con 115.670 pasajeros, seguido del 23 de junio, con 113.270 y el 21 de junio, con 103.972 clientes, las tres fechas dentro de las fiestas de Hogueras de Alicante y las \u00fanicas del a\u00f1o que han superado los 100.000 usuarios.<\/p>\n\n\n\n<p><strong>La l\u00edder L\u00ednea 2<\/strong><\/p>\n\n\n\n<p>Por l\u00edneas, en 2024 la que m\u00e1s personas usuarias desplaz\u00f3 fue la L\u00ednea 2, que une Luceros con San Vicent del Raspeig y fue utilizada por 8.187.254 viajeros; seguida de la L\u00ednea 1, que comunica Luceros y Benidorm, y alcanz\u00f3 4.207.050; la L\u00ednea 3, que enlaza Luceros con El Campello, 3.283.776; la L\u00ednea 4, que une Luceros con Plaza La Coru\u00f1a, sum\u00f3 2.372.870; la L\u00ednea 5, nexo de uni\u00f3n entre Porta del Mar y Plaza La Coru\u00f1a, acumul\u00f3 1.162.324; y la L\u00ednea 9, que discurre entre Benidorm y D\u00e9nia, 1.129.470 pasajeros.<\/p>\n\n\n\n<p><strong>Luceros, estaci\u00f3n principal<\/strong><\/p>\n\n\n\n<p>En el tr\u00e1fico por estaciones, Luceros una vez m\u00e1s lider\u00f3 el ranking, con 3.529.622 viajeros. La siguieron Mercado, con 2.721.829, y en tercera posici\u00f3n Benidorm, con 1.425.501.<\/p>\n\n\n\n<p>En la cuarta posici\u00f3n se situ\u00f3 Marq-Castillo, con 1.244.484; en quinto Sant Vicent del Raspeig, que registr\u00f3 1.100.735 movimientos, en sexto lugar se encuentra la estaci\u00f3n de El Campello, con 627.422; en s\u00e9ptima Pintor Gast\u00f3n Castell\u00f3, con 598.602; en octava Bulevar del Pla, con 598.385; en novena Garbinet, con 564.460; y, en d\u00e9cima posici\u00f3n, Hospital, con 482.140 usuarios.<\/p>\n\n\n\n<p>Fuente: <a href=\"https:\/\/www.tramalacant.es\/es\/tram-dalacant-desplazo-a-203-millones-de-usuarios-en-2024-un-1136-mas-que-el-ano-anterior-y-vuelve-a-conseguir-el-mayor-registro-de-su-historia\/\">TRAM<\/a><\/p>\n","protected":false},"excerpt":{"rendered":"<div class=\"mh-excerpt\"><p>TRAM d\u2019Alacant&nbsp;favoreci\u00f3 la movilidad de 20.267.803 viajeros en 2024 por las cuatro l\u00edneas de tranv\u00eda, una de tren-TRAM y una de cercan\u00edas de su red, <a class=\"mh-excerpt-more\" href=\"https:\/\/ugtfgvalicante.com\/index.php\/2025\/01\/16\/tram-dalacant-desplazo-a-203-millones-de-usuarios-en-2024-un-1136-mas-que-el-ano-anterior-y-vuelve-a-conseguir-el-mayor-registro-de-su-historia\/\" title=\"TRAM d\u2019Alacant desplaz\u00f3 a 20,3 millones de usuarios en 2024, un 11,36% m\u00e1s que el a\u00f1o anterior, y vuelve a conseguir el mayor registro de su historia\">[&#8230;]<\/a><\/p>\n<\/div>","protected":false},"author":4,"featured_media":869,"comment_status":"closed","ping_status":"closed","sticky":false,"template":"","format":"standard","meta":{"footnotes":""},"categories":[1],"tags":[],"class_list":["post-868","post","type-post","status-publish","format-standard","has-post-thumbnail","hentry","category-sin-categoria"],"yoast_head":"<!-- This site is optimized with the Yoast SEO plugin v26.6 - https:\/\/yoast.com\/wordpress\/plugins\/seo\/ -->\n<title>TRAM d\u2019Alacant desplaz\u00f3 a 20,3 millones de usuarios en 2024, un 11,36% m\u00e1s que el a\u00f1o anterior, y vuelve a conseguir el mayor registro de su historia - FGV Alicante<\/title>\n<meta name=\"robots\" content=\"index, follow, max-snippet:-1, max-image-preview:large, max-video-preview:-1\" \/>\n<link rel=\"canonical\" href=\"https:\/\/ugtfgvalicante.com\/index.php\/2025\/01\/16\/tram-dalacant-desplazo-a-203-millones-de-usuarios-en-2024-un-1136-mas-que-el-ano-anterior-y-vuelve-a-conseguir-el-mayor-registro-de-su-historia\/\" \/>\n<meta property=\"og:locale\" content=\"es_ES\" \/>\n<meta property=\"og:type\" content=\"article\" \/>\n<meta property=\"og:title\" content=\"TRAM d\u2019Alacant desplaz\u00f3 a 20,3 millones de usuarios en 2024, un 11,36% m\u00e1s que el a\u00f1o anterior, y vuelve a conseguir el mayor registro de su historia - FGV Alicante\" \/>\n<meta property=\"og:description\" content=\"TRAM d\u2019Alacant&nbsp;favoreci\u00f3 la movilidad de 20.267.803 viajeros en 2024 por las cuatro l\u00edneas de tranv\u00eda, una de tren-TRAM y una de cercan\u00edas de su red, [...]\" \/>\n<meta property=\"og:url\" content=\"https:\/\/ugtfgvalicante.com\/index.php\/2025\/01\/16\/tram-dalacant-desplazo-a-203-millones-de-usuarios-en-2024-un-1136-mas-que-el-ano-anterior-y-vuelve-a-conseguir-el-mayor-registro-de-su-historia\/\" \/>\n<meta property=\"og:site_name\" content=\"FGV Alicante\" \/>\n<meta property=\"article:publisher\" content=\"https:\/\/es-es.facebook.com\/ugt.fgvalicante\/\" \/>\n<meta property=\"article:published_time\" content=\"2025-01-16T20:05:22+00:00\" \/>\n<meta property=\"article:modified_time\" content=\"2025-01-16T20:05:23+00:00\" \/>\n<meta property=\"og:image\" content=\"https:\/\/ugtfgvalicante.com\/wp-content\/uploads\/2025\/01\/Diseno-sin-titulo-2025-01-10T094523.375.jpg\" \/>\n\t<meta property=\"og:image:width\" content=\"800\" \/>\n\t<meta property=\"og:image:height\" content=\"400\" \/>\n\t<meta property=\"og:image:type\" content=\"image\/jpeg\" \/>\n<meta name=\"author\" content=\"Ugt FGV Alicante\" \/>\n<meta name=\"twitter:card\" content=\"summary_large_image\" \/>\n<meta name=\"twitter:label1\" content=\"Escrito por\" \/>\n\t<meta name=\"twitter:data1\" content=\"Ugt FGV Alicante\" \/>\n\t<meta name=\"twitter:label2\" content=\"Tiempo de lectura\" \/>\n\t<meta name=\"twitter:data2\" content=\"3 minutos\" \/>\n<script type=\"application\/ld+json\" class=\"yoast-schema-graph\">{\"@context\":\"https:\/\/schema.org\",\"@graph\":[{\"@type\":\"Article\",\"@id\":\"https:\/\/ugtfgvalicante.com\/index.php\/2025\/01\/16\/tram-dalacant-desplazo-a-203-millones-de-usuarios-en-2024-un-1136-mas-que-el-ano-anterior-y-vuelve-a-conseguir-el-mayor-registro-de-su-historia\/#article\",\"isPartOf\":{\"@id\":\"https:\/\/ugtfgvalicante.com\/index.php\/2025\/01\/16\/tram-dalacant-desplazo-a-203-millones-de-usuarios-en-2024-un-1136-mas-que-el-ano-anterior-y-vuelve-a-conseguir-el-mayor-registro-de-su-historia\/\"},\"author\":{\"name\":\"Ugt FGV Alicante\",\"@id\":\"https:\/\/ugtfgvalicante.com\/#\/schema\/person\/a1375a9c1ef53e624aa79c34b93b62e8\"},\"headline\":\"TRAM d\u2019Alacant desplaz\u00f3 a 20,3 millones de usuarios en 2024, un 11,36% m\u00e1s que el a\u00f1o anterior, y vuelve a conseguir el mayor registro de su historia\",\"datePublished\":\"2025-01-16T20:05:22+00:00\",\"dateModified\":\"2025-01-16T20:05:23+00:00\",\"mainEntityOfPage\":{\"@id\":\"https:\/\/ugtfgvalicante.com\/index.php\/2025\/01\/16\/tram-dalacant-desplazo-a-203-millones-de-usuarios-en-2024-un-1136-mas-que-el-ano-anterior-y-vuelve-a-conseguir-el-mayor-registro-de-su-historia\/\"},\"wordCount\":488,\"publisher\":{\"@id\":\"https:\/\/ugtfgvalicante.com\/#organization\"},\"image\":{\"@id\":\"https:\/\/ugtfgvalicante.com\/index.php\/2025\/01\/16\/tram-dalacant-desplazo-a-203-millones-de-usuarios-en-2024-un-1136-mas-que-el-ano-anterior-y-vuelve-a-conseguir-el-mayor-registro-de-su-historia\/#primaryimage\"},\"thumbnailUrl\":\"https:\/\/ugtfgvalicante.com\/wp-content\/uploads\/2025\/01\/Diseno-sin-titulo-2025-01-10T094523.375.jpg\",\"inLanguage\":\"es\"},{\"@type\":\"WebPage\",\"@id\":\"https:\/\/ugtfgvalicante.com\/index.php\/2025\/01\/16\/tram-dalacant-desplazo-a-203-millones-de-usuarios-en-2024-un-1136-mas-que-el-ano-anterior-y-vuelve-a-conseguir-el-mayor-registro-de-su-historia\/\",\"url\":\"https:\/\/ugtfgvalicante.com\/index.php\/2025\/01\/16\/tram-dalacant-desplazo-a-203-millones-de-usuarios-en-2024-un-1136-mas-que-el-ano-anterior-y-vuelve-a-conseguir-el-mayor-registro-de-su-historia\/\",\"name\":\"TRAM d\u2019Alacant desplaz\u00f3 a 20,3 millones de usuarios en 2024, un 11,36% m\u00e1s que el a\u00f1o anterior, y vuelve a conseguir el mayor registro de su historia - FGV Alicante\",\"isPartOf\":{\"@id\":\"https:\/\/ugtfgvalicante.com\/#website\"},\"primaryImageOfPage\":{\"@id\":\"https:\/\/ugtfgvalicante.com\/index.php\/2025\/01\/16\/tram-dalacant-desplazo-a-203-millones-de-usuarios-en-2024-un-1136-mas-que-el-ano-anterior-y-vuelve-a-conseguir-el-mayor-registro-de-su-historia\/#primaryimage\"},\"image\":{\"@id\":\"https:\/\/ugtfgvalicante.com\/index.php\/2025\/01\/16\/tram-dalacant-desplazo-a-203-millones-de-usuarios-en-2024-un-1136-mas-que-el-ano-anterior-y-vuelve-a-conseguir-el-mayor-registro-de-su-historia\/#primaryimage\"},\"thumbnailUrl\":\"https:\/\/ugtfgvalicante.com\/wp-content\/uploads\/2025\/01\/Diseno-sin-titulo-2025-01-10T094523.375.jpg\",\"datePublished\":\"2025-01-16T20:05:22+00:00\",\"dateModified\":\"2025-01-16T20:05:23+00:00\",\"breadcrumb\":{\"@id\":\"https:\/\/ugtfgvalicante.com\/index.php\/2025\/01\/16\/tram-dalacant-desplazo-a-203-millones-de-usuarios-en-2024-un-1136-mas-que-el-ano-anterior-y-vuelve-a-conseguir-el-mayor-registro-de-su-historia\/#breadcrumb\"},\"inLanguage\":\"es\",\"potentialAction\":[{\"@type\":\"ReadAction\",\"target\":[\"https:\/\/ugtfgvalicante.com\/index.php\/2025\/01\/16\/tram-dalacant-desplazo-a-203-millones-de-usuarios-en-2024-un-1136-mas-que-el-ano-anterior-y-vuelve-a-conseguir-el-mayor-registro-de-su-historia\/\"]}]},{\"@type\":\"ImageObject\",\"inLanguage\":\"es\",\"@id\":\"https:\/\/ugtfgvalicante.com\/index.php\/2025\/01\/16\/tram-dalacant-desplazo-a-203-millones-de-usuarios-en-2024-un-1136-mas-que-el-ano-anterior-y-vuelve-a-conseguir-el-mayor-registro-de-su-historia\/#primaryimage\",\"url\":\"https:\/\/ugtfgvalicante.com\/wp-content\/uploads\/2025\/01\/Diseno-sin-titulo-2025-01-10T094523.375.jpg\",\"contentUrl\":\"https:\/\/ugtfgvalicante.com\/wp-content\/uploads\/2025\/01\/Diseno-sin-titulo-2025-01-10T094523.375.jpg\",\"width\":800,\"height\":400},{\"@type\":\"BreadcrumbList\",\"@id\":\"https:\/\/ugtfgvalicante.com\/index.php\/2025\/01\/16\/tram-dalacant-desplazo-a-203-millones-de-usuarios-en-2024-un-1136-mas-que-el-ano-anterior-y-vuelve-a-conseguir-el-mayor-registro-de-su-historia\/#breadcrumb\",\"itemListElement\":[{\"@type\":\"ListItem\",\"position\":1,\"name\":\"Portada\",\"item\":\"https:\/\/ugtfgvalicante.com\/\"},{\"@type\":\"ListItem\",\"position\":2,\"name\":\"TRAM d\u2019Alacant desplaz\u00f3 a 20,3 millones de usuarios en 2024, un 11,36% m\u00e1s que el a\u00f1o anterior, y vuelve a conseguir el mayor registro de su historia\"}]},{\"@type\":\"WebSite\",\"@id\":\"https:\/\/ugtfgvalicante.com\/#website\",\"url\":\"https:\/\/ugtfgvalicante.com\/\",\"name\":\"FGV Alicante\",\"description\":\"\",\"publisher\":{\"@id\":\"https:\/\/ugtfgvalicante.com\/#organization\"},\"potentialAction\":[{\"@type\":\"SearchAction\",\"target\":{\"@type\":\"EntryPoint\",\"urlTemplate\":\"https:\/\/ugtfgvalicante.com\/?s={search_term_string}\"},\"query-input\":{\"@type\":\"PropertyValueSpecification\",\"valueRequired\":true,\"valueName\":\"search_term_string\"}}],\"inLanguage\":\"es\"},{\"@type\":\"Organization\",\"@id\":\"https:\/\/ugtfgvalicante.com\/#organization\",\"name\":\"UGT FGV Alicante\",\"url\":\"https:\/\/ugtfgvalicante.com\/\",\"logo\":{\"@type\":\"ImageObject\",\"inLanguage\":\"es\",\"@id\":\"https:\/\/ugtfgvalicante.com\/#\/schema\/logo\/image\/\",\"url\":\"https:\/\/ugtfgvalicante.com\/wp-content\/uploads\/2022\/10\/logo-ugt-web.png\",\"contentUrl\":\"https:\/\/ugtfgvalicante.com\/wp-content\/uploads\/2022\/10\/logo-ugt-web.png\",\"width\":2283,\"height\":1126,\"caption\":\"UGT FGV Alicante\"},\"image\":{\"@id\":\"https:\/\/ugtfgvalicante.com\/#\/schema\/logo\/image\/\"},\"sameAs\":[\"https:\/\/es-es.facebook.com\/ugt.fgvalicante\/\"]},{\"@type\":\"Person\",\"@id\":\"https:\/\/ugtfgvalicante.com\/#\/schema\/person\/a1375a9c1ef53e624aa79c34b93b62e8\",\"name\":\"Ugt FGV Alicante\",\"image\":{\"@type\":\"ImageObject\",\"inLanguage\":\"es\",\"@id\":\"https:\/\/ugtfgvalicante.com\/#\/schema\/person\/image\/\",\"url\":\"https:\/\/secure.gravatar.com\/avatar\/ea41cd8456808460c6c0caa1a213c3c921573555df6b57a7ee2f16fb6f502866?s=96&d=mm&r=g\",\"contentUrl\":\"https:\/\/secure.gravatar.com\/avatar\/ea41cd8456808460c6c0caa1a213c3c921573555df6b57a7ee2f16fb6f502866?s=96&d=mm&r=g\",\"caption\":\"Ugt FGV Alicante\"},\"url\":\"https:\/\/ugtfgvalicante.com\/index.php\/author\/ggrau\/\"}]}<\/script>\n<!-- \/ Yoast SEO plugin. -->","yoast_head_json":{"title":"TRAM d\u2019Alacant desplaz\u00f3 a 20,3 millones de usuarios en 2024, un 11,36% m\u00e1s que el a\u00f1o anterior, y vuelve a conseguir el mayor registro de su historia - FGV Alicante","robots":{"index":"index","follow":"follow","max-snippet":"max-snippet:-1","max-image-preview":"max-image-preview:large","max-video-preview":"max-video-preview:-1"},"canonical":"https:\/\/ugtfgvalicante.com\/index.php\/2025\/01\/16\/tram-dalacant-desplazo-a-203-millones-de-usuarios-en-2024-un-1136-mas-que-el-ano-anterior-y-vuelve-a-conseguir-el-mayor-registro-de-su-historia\/","og_locale":"es_ES","og_type":"article","og_title":"TRAM d\u2019Alacant desplaz\u00f3 a 20,3 millones de usuarios en 2024, un 11,36% m\u00e1s que el a\u00f1o anterior, y vuelve a conseguir el mayor registro de su historia - FGV Alicante","og_description":"TRAM d\u2019Alacant&nbsp;favoreci\u00f3 la movilidad de 20.267.803 viajeros en 2024 por las cuatro l\u00edneas de tranv\u00eda, una de tren-TRAM y una de cercan\u00edas de su red, [...]","og_url":"https:\/\/ugtfgvalicante.com\/index.php\/2025\/01\/16\/tram-dalacant-desplazo-a-203-millones-de-usuarios-en-2024-un-1136-mas-que-el-ano-anterior-y-vuelve-a-conseguir-el-mayor-registro-de-su-historia\/","og_site_name":"FGV Alicante","article_publisher":"https:\/\/es-es.facebook.com\/ugt.fgvalicante\/","article_published_time":"2025-01-16T20:05:22+00:00","article_modified_time":"2025-01-16T20:05:23+00:00","og_image":[{"width":800,"height":400,"url":"https:\/\/ugtfgvalicante.com\/wp-content\/uploads\/2025\/01\/Diseno-sin-titulo-2025-01-10T094523.375.jpg","type":"image\/jpeg"}],"author":"Ugt FGV Alicante","twitter_card":"summary_large_image","twitter_misc":{"Escrito por":"Ugt FGV Alicante","Tiempo de lectura":"3 minutos"},"schema":{"@context":"https:\/\/schema.org","@graph":[{"@type":"Article","@id":"https:\/\/ugtfgvalicante.com\/index.php\/2025\/01\/16\/tram-dalacant-desplazo-a-203-millones-de-usuarios-en-2024-un-1136-mas-que-el-ano-anterior-y-vuelve-a-conseguir-el-mayor-registro-de-su-historia\/#article","isPartOf":{"@id":"https:\/\/ugtfgvalicante.com\/index.php\/2025\/01\/16\/tram-dalacant-desplazo-a-203-millones-de-usuarios-en-2024-un-1136-mas-que-el-ano-anterior-y-vuelve-a-conseguir-el-mayor-registro-de-su-historia\/"},"author":{"name":"Ugt FGV Alicante","@id":"https:\/\/ugtfgvalicante.com\/#\/schema\/person\/a1375a9c1ef53e624aa79c34b93b62e8"},"headline":"TRAM d\u2019Alacant desplaz\u00f3 a 20,3 millones de usuarios en 2024, un 11,36% m\u00e1s que el a\u00f1o anterior, y vuelve a conseguir el mayor registro de su historia","datePublished":"2025-01-16T20:05:22+00:00","dateModified":"2025-01-16T20:05:23+00:00","mainEntityOfPage":{"@id":"https:\/\/ugtfgvalicante.com\/index.php\/2025\/01\/16\/tram-dalacant-desplazo-a-203-millones-de-usuarios-en-2024-un-1136-mas-que-el-ano-anterior-y-vuelve-a-conseguir-el-mayor-registro-de-su-historia\/"},"wordCount":488,"publisher":{"@id":"https:\/\/ugtfgvalicante.com\/#organization"},"image":{"@id":"https:\/\/ugtfgvalicante.com\/index.php\/2025\/01\/16\/tram-dalacant-desplazo-a-203-millones-de-usuarios-en-2024-un-1136-mas-que-el-ano-anterior-y-vuelve-a-conseguir-el-mayor-registro-de-su-historia\/#primaryimage"},"thumbnailUrl":"https:\/\/ugtfgvalicante.com\/wp-content\/uploads\/2025\/01\/Diseno-sin-titulo-2025-01-10T094523.375.jpg","inLanguage":"es"},{"@type":"WebPage","@id":"https:\/\/ugtfgvalicante.com\/index.php\/2025\/01\/16\/tram-dalacant-desplazo-a-203-millones-de-usuarios-en-2024-un-1136-mas-que-el-ano-anterior-y-vuelve-a-conseguir-el-mayor-registro-de-su-historia\/","url":"https:\/\/ugtfgvalicante.com\/index.php\/2025\/01\/16\/tram-dalacant-desplazo-a-203-millones-de-usuarios-en-2024-un-1136-mas-que-el-ano-anterior-y-vuelve-a-conseguir-el-mayor-registro-de-su-historia\/","name":"TRAM d\u2019Alacant desplaz\u00f3 a 20,3 millones de usuarios en 2024, un 11,36% m\u00e1s que el a\u00f1o anterior, y vuelve a conseguir el mayor registro de su historia - FGV Alicante","isPartOf":{"@id":"https:\/\/ugtfgvalicante.com\/#website"},"primaryImageOfPage":{"@id":"https:\/\/ugtfgvalicante.com\/index.php\/2025\/01\/16\/tram-dalacant-desplazo-a-203-millones-de-usuarios-en-2024-un-1136-mas-que-el-ano-anterior-y-vuelve-a-conseguir-el-mayor-registro-de-su-historia\/#primaryimage"},"image":{"@id":"https:\/\/ugtfgvalicante.com\/index.php\/2025\/01\/16\/tram-dalacant-desplazo-a-203-millones-de-usuarios-en-2024-un-1136-mas-que-el-ano-anterior-y-vuelve-a-conseguir-el-mayor-registro-de-su-historia\/#primaryimage"},"thumbnailUrl":"https:\/\/ugtfgvalicante.com\/wp-content\/uploads\/2025\/01\/Diseno-sin-titulo-2025-01-10T094523.375.jpg","datePublished":"2025-01-16T20:05:22+00:00","dateModified":"2025-01-16T20:05:23+00:00","breadcrumb":{"@id":"https:\/\/ugtfgvalicante.com\/index.php\/2025\/01\/16\/tram-dalacant-desplazo-a-203-millones-de-usuarios-en-2024-un-1136-mas-que-el-ano-anterior-y-vuelve-a-conseguir-el-mayor-registro-de-su-historia\/#breadcrumb"},"inLanguage":"es","potentialAction":[{"@type":"ReadAction","target":["https:\/\/ugtfgvalicante.com\/index.php\/2025\/01\/16\/tram-dalacant-desplazo-a-203-millones-de-usuarios-en-2024-un-1136-mas-que-el-ano-anterior-y-vuelve-a-conseguir-el-mayor-registro-de-su-historia\/"]}]},{"@type":"ImageObject","inLanguage":"es","@id":"https:\/\/ugtfgvalicante.com\/index.php\/2025\/01\/16\/tram-dalacant-desplazo-a-203-millones-de-usuarios-en-2024-un-1136-mas-que-el-ano-anterior-y-vuelve-a-conseguir-el-mayor-registro-de-su-historia\/#primaryimage","url":"https:\/\/ugtfgvalicante.com\/wp-content\/uploads\/2025\/01\/Diseno-sin-titulo-2025-01-10T094523.375.jpg","contentUrl":"https:\/\/ugtfgvalicante.com\/wp-content\/uploads\/2025\/01\/Diseno-sin-titulo-2025-01-10T094523.375.jpg","width":800,"height":400},{"@type":"BreadcrumbList","@id":"https:\/\/ugtfgvalicante.com\/index.php\/2025\/01\/16\/tram-dalacant-desplazo-a-203-millones-de-usuarios-en-2024-un-1136-mas-que-el-ano-anterior-y-vuelve-a-conseguir-el-mayor-registro-de-su-historia\/#breadcrumb","itemListElement":[{"@type":"ListItem","position":1,"name":"Portada","item":"https:\/\/ugtfgvalicante.com\/"},{"@type":"ListItem","position":2,"name":"TRAM d\u2019Alacant desplaz\u00f3 a 20,3 millones de usuarios en 2024, un 11,36% m\u00e1s que el a\u00f1o anterior, y vuelve a conseguir el mayor registro de su historia"}]},{"@type":"WebSite","@id":"https:\/\/ugtfgvalicante.com\/#website","url":"https:\/\/ugtfgvalicante.com\/","name":"FGV Alicante","description":"","publisher":{"@id":"https:\/\/ugtfgvalicante.com\/#organization"},"potentialAction":[{"@type":"SearchAction","target":{"@type":"EntryPoint","urlTemplate":"https:\/\/ugtfgvalicante.com\/?s={search_term_string}"},"query-input":{"@type":"PropertyValueSpecification","valueRequired":true,"valueName":"search_term_string"}}],"inLanguage":"es"},{"@type":"Organization","@id":"https:\/\/ugtfgvalicante.com\/#organization","name":"UGT FGV Alicante","url":"https:\/\/ugtfgvalicante.com\/","logo":{"@type":"ImageObject","inLanguage":"es","@id":"https:\/\/ugtfgvalicante.com\/#\/schema\/logo\/image\/","url":"https:\/\/ugtfgvalicante.com\/wp-content\/uploads\/2022\/10\/logo-ugt-web.png","contentUrl":"https:\/\/ugtfgvalicante.com\/wp-content\/uploads\/2022\/10\/logo-ugt-web.png","width":2283,"height":1126,"caption":"UGT FGV Alicante"},"image":{"@id":"https:\/\/ugtfgvalicante.com\/#\/schema\/logo\/image\/"},"sameAs":["https:\/\/es-es.facebook.com\/ugt.fgvalicante\/"]},{"@type":"Person","@id":"https:\/\/ugtfgvalicante.com\/#\/schema\/person\/a1375a9c1ef53e624aa79c34b93b62e8","name":"Ugt FGV Alicante","image":{"@type":"ImageObject","inLanguage":"es","@id":"https:\/\/ugtfgvalicante.com\/#\/schema\/person\/image\/","url":"https:\/\/secure.gravatar.com\/avatar\/ea41cd8456808460c6c0caa1a213c3c921573555df6b57a7ee2f16fb6f502866?s=96&d=mm&r=g","contentUrl":"https:\/\/secure.gravatar.com\/avatar\/ea41cd8456808460c6c0caa1a213c3c921573555df6b57a7ee2f16fb6f502866?s=96&d=mm&r=g","caption":"Ugt FGV Alicante"},"url":"https:\/\/ugtfgvalicante.com\/index.php\/author\/ggrau\/"}]}},"_links":{"self":[{"href":"https:\/\/ugtfgvalicante.com\/index.php\/wp-json\/wp\/v2\/posts\/868","targetHints":{"allow":["GET"]}}],"collection":[{"href":"https:\/\/ugtfgvalicante.com\/index.php\/wp-json\/wp\/v2\/posts"}],"about":[{"href":"https:\/\/ugtfgvalicante.com\/index.php\/wp-json\/wp\/v2\/types\/post"}],"author":[{"embeddable":true,"href":"https:\/\/ugtfgvalicante.com\/index.php\/wp-json\/wp\/v2\/users\/4"}],"replies":[{"embeddable":true,"href":"https:\/\/ugtfgvalicante.com\/index.php\/wp-json\/wp\/v2\/comments?post=868"}],"version-history":[{"count":1,"href":"https:\/\/ugtfgvalicante.com\/index.php\/wp-json\/wp\/v2\/posts\/868\/revisions"}],"predecessor-version":[{"id":870,"href":"https:\/\/ugtfgvalicante.com\/index.php\/wp-json\/wp\/v2\/posts\/868\/revisions\/870"}],"wp:featuredmedia":[{"embeddable":true,"href":"https:\/\/ugtfgvalicante.com\/index.php\/wp-json\/wp\/v2\/media\/869"}],"wp:attachment":[{"href":"https:\/\/ugtfgvalicante.com\/index.php\/wp-json\/wp\/v2\/media?parent=868"}],"wp:term":[{"taxonomy":"category","embeddable":true,"href":"https:\/\/ugtfgvalicante.com\/index.php\/wp-json\/wp\/v2\/categories?post=868"},{"taxonomy":"post_tag","embeddable":true,"href":"https:\/\/ugtfgvalicante.com\/index.php\/wp-json\/wp\/v2\/tags?post=868"}],"curies":[{"name":"wp","href":"https:\/\/api.w.org\/{rel}","templated":true}]}}