{"id":886,"date":"2025-02-05T09:14:44","date_gmt":"2025-02-05T09:14:44","guid":{"rendered":"https:\/\/ugtfgvalicante.com\/?p=886"},"modified":"2025-02-05T09:14:46","modified_gmt":"2025-02-05T09:14:46","slug":"nuevos-horarios-en-el-tram-de-alicante-desde-mitad-de-febrero","status":"publish","type":"post","link":"https:\/\/ugtfgvalicante.com\/index.php\/2025\/02\/05\/nuevos-horarios-en-el-tram-de-alicante-desde-mitad-de-febrero\/","title":{"rendered":"Nuevos horarios en el Tram de Alicante desde mitad de febrero"},"content":{"rendered":"\n<h2 class=\"wp-block-heading\">La incorporaci\u00f3n de nueve maquinistas permitir\u00e1 aumentar las frecuencias de paso<\/h2>\n\n\n\n<p>La contrataci\u00f3n de nuevos maquinistas y personal de servicio en Ferrocarrils de la Generalitat Valenciana (FGV), despu\u00e9s del acuerdo con los sindicatos que&nbsp;<a href=\"https:\/\/www.todoalicante.es\/alicante-ciudad\/desconvocan-huelga-tram-alicante-20250203173955-nt.html\">desconvoc\u00f3 la huelga<\/a>&nbsp;del&nbsp;<a href=\"https:\/\/www.todoalicante.es\/alicante-ciudad\/huelga-tram-deja-primer-dia-retrasos-largas-20250127094505-ga.html\">Tram de Alicante<\/a>&nbsp;prevista, modificar\u00e1 los horarios de las l\u00edneas 1 y 3. Con este personal, se mejorar\u00e1 la frecuencia de paso entre Luceros y El Campello<\/p>\n\n\n\n<p>FGV incorporar\u00e1 nueve maquinistas, lo que permitir\u00e1 acomodar los horarios actuales a nuevas frecuencias \u00abm\u00e1s acordes con las necesidades y demandas actuales de los usuarios\u00bb, resaltan desde la empresa p\u00fablica. Los nuevos horarios se aplicar\u00e1n\u00a0<a href=\"https:\/\/www.todoalicante.es\/alicante-ciudad\/huelga-tram-alicante-horarios-paros-20250202194811-nt.html\">en la tercera semana de febrero<\/a>, entre el lunes 17 y el domingo 23.<\/p>\n\n\n\n<p>De este modo, se ofrecer\u00e1&nbsp;<a href=\"https:\/\/www.todoalicante.es\/alicante-provincia\/tram-alicante-servicios-minimos-huelga-20250126143158-nt.html\">servicio cada 15 minutos<\/a>&nbsp;con un nuevo horario, frente a los que actualmente se prestan cada 30 minutos. Esta mejora es posible tambi\u00e9n gracias a la instalaci\u00f3n del nuevo escape ferroviario de Luceros que permite aumentar el n\u00famero de trenes en circulaci\u00f3n. FGV ha invertido en esta infraestructura cerca de un mill\u00f3n de euros.<\/p>\n\n\n\n<h3 class=\"wp-block-heading\">Otras mejoras del servicio<\/h3>\n\n\n\n<p>Adem\u00e1s, todos los d\u00edas se&nbsp;<a href=\"https:\/\/www.todoalicante.es\/alicante-ciudad\/tram-alicante-gratis-jovenes-20250115172428-nt.html\">mejora la oferta en las L\u00ednea 4 y 1<\/a>, de forma que el \u00faltimo tren desde la Plaza de La Coru\u00f1a llegar\u00e1 a Luceros y el \u00faltimo tren con salida de Benidorm hasta El Campello, hasta ahora un convoy vac\u00edo de retirada, ser\u00e1 de viajeros.<\/p>\n\n\n\n<p>Los s\u00e1bados, domingos y festivos, la L\u00ednea 3 al final del servicio desde El Campello a Luceros tendr\u00e1\u00a0<a href=\"https:\/\/www.todoalicante.es\/alicante-ciudad\/record-pasajeros-tram-millones-2024-20250112121046-nt.html\">el mismo servicio que un laborable<\/a>\u00a0(dos trenes m\u00e1s que actualmente).<\/p>\n\n\n\n<p>En L\u00ednea 2 (Luceros-San Vicente del Raspeig), en s\u00e1bados, domingos y festivos,<a href=\"https:\/\/www.todoalicante.es\/alicante-ciudad\/huelga-tram-alicante-enero-20250110154447-nt.html\">&nbsp;la primera salida desde Luceros se adelanta<\/a>&nbsp;15 minutos (6.24 horas en vez de 6.38 horas, con frecuencia de 30 minutos hasta las 7.24 horas).<\/p>\n\n\n\n<p>Al inicio del servicio en L\u00ednea 5 (Puerta del Mar-Plaza de La Coru\u00f1a), los dos primeros convoyes circulan como tranv\u00edas de viajeros y los dos \u00faltimos tambi\u00e9n circulan como unidades de viajeros entre Porta del Mar y El Campello<\/p>\n\n\n\n<p>Fuente: <a href=\"https:\/\/www.todoalicante.es\/alicante-ciudad\/nuevos-horarios-tram-alicante-mitad-febrero-20250204115927-nt.html\">TodoAlicante<\/a><\/p>\n\n\n\n<p><\/p>\n","protected":false},"excerpt":{"rendered":"<div class=\"mh-excerpt\"><p>La incorporaci\u00f3n de nueve maquinistas permitir\u00e1 aumentar las frecuencias de paso La contrataci\u00f3n de nuevos maquinistas y personal de servicio en Ferrocarrils de la Generalitat <a class=\"mh-excerpt-more\" href=\"https:\/\/ugtfgvalicante.com\/index.php\/2025\/02\/05\/nuevos-horarios-en-el-tram-de-alicante-desde-mitad-de-febrero\/\" title=\"Nuevos horarios en el Tram de Alicante desde mitad de febrero\">[&#8230;]<\/a><\/p>\n<\/div>","protected":false},"author":4,"featured_media":887,"comment_status":"closed","ping_status":"closed","sticky":false,"template":"","format":"standard","meta":{"footnotes":""},"categories":[5],"tags":[],"class_list":["post-886","post","type-post","status-publish","format-standard","has-post-thumbnail","hentry","category-noticias-prensa"],"yoast_head":"<!-- This site is optimized with the Yoast SEO plugin v26.6 - https:\/\/yoast.com\/wordpress\/plugins\/seo\/ -->\n<title>Nuevos horarios en el Tram de Alicante desde mitad de febrero - FGV Alicante<\/title>\n<meta name=\"robots\" content=\"index, follow, max-snippet:-1, max-image-preview:large, max-video-preview:-1\" \/>\n<link rel=\"canonical\" href=\"https:\/\/ugtfgvalicante.com\/index.php\/2025\/02\/05\/nuevos-horarios-en-el-tram-de-alicante-desde-mitad-de-febrero\/\" \/>\n<meta property=\"og:locale\" content=\"es_ES\" \/>\n<meta property=\"og:type\" content=\"article\" \/>\n<meta property=\"og:title\" content=\"Nuevos horarios en el Tram de Alicante desde mitad de febrero - FGV Alicante\" \/>\n<meta property=\"og:description\" content=\"La incorporaci\u00f3n de nueve maquinistas permitir\u00e1 aumentar las frecuencias de paso La contrataci\u00f3n de nuevos maquinistas y personal de servicio en Ferrocarrils de la Generalitat [...]\" \/>\n<meta property=\"og:url\" content=\"https:\/\/ugtfgvalicante.com\/index.php\/2025\/02\/05\/nuevos-horarios-en-el-tram-de-alicante-desde-mitad-de-febrero\/\" \/>\n<meta property=\"og:site_name\" content=\"FGV Alicante\" \/>\n<meta property=\"article:publisher\" content=\"https:\/\/es-es.facebook.com\/ugt.fgvalicante\/\" \/>\n<meta property=\"article:published_time\" content=\"2025-02-05T09:14:44+00:00\" \/>\n<meta property=\"article:modified_time\" content=\"2025-02-05T09:14:46+00:00\" \/>\n<meta property=\"og:image\" content=\"https:\/\/ugtfgvalicante.com\/wp-content\/uploads\/2025\/02\/250204_FGV_foto_El-Campello-kx2C-U230754865899wnE-1200x840@TodoAlicante.webp\" \/>\n\t<meta property=\"og:image:width\" content=\"1200\" \/>\n\t<meta property=\"og:image:height\" content=\"840\" \/>\n\t<meta property=\"og:image:type\" content=\"image\/webp\" \/>\n<meta name=\"author\" content=\"Ugt FGV Alicante\" \/>\n<meta name=\"twitter:card\" content=\"summary_large_image\" \/>\n<meta name=\"twitter:label1\" content=\"Escrito por\" \/>\n\t<meta name=\"twitter:data1\" content=\"Ugt FGV Alicante\" \/>\n\t<meta name=\"twitter:label2\" content=\"Tiempo de lectura\" \/>\n\t<meta name=\"twitter:data2\" content=\"2 minutos\" \/>\n<script type=\"application\/ld+json\" class=\"yoast-schema-graph\">{\"@context\":\"https:\/\/schema.org\",\"@graph\":[{\"@type\":\"Article\",\"@id\":\"https:\/\/ugtfgvalicante.com\/index.php\/2025\/02\/05\/nuevos-horarios-en-el-tram-de-alicante-desde-mitad-de-febrero\/#article\",\"isPartOf\":{\"@id\":\"https:\/\/ugtfgvalicante.com\/index.php\/2025\/02\/05\/nuevos-horarios-en-el-tram-de-alicante-desde-mitad-de-febrero\/\"},\"author\":{\"name\":\"Ugt FGV Alicante\",\"@id\":\"https:\/\/ugtfgvalicante.com\/#\/schema\/person\/a1375a9c1ef53e624aa79c34b93b62e8\"},\"headline\":\"Nuevos horarios en el Tram de Alicante desde mitad de febrero\",\"datePublished\":\"2025-02-05T09:14:44+00:00\",\"dateModified\":\"2025-02-05T09:14:46+00:00\",\"mainEntityOfPage\":{\"@id\":\"https:\/\/ugtfgvalicante.com\/index.php\/2025\/02\/05\/nuevos-horarios-en-el-tram-de-alicante-desde-mitad-de-febrero\/\"},\"wordCount\":364,\"publisher\":{\"@id\":\"https:\/\/ugtfgvalicante.com\/#organization\"},\"image\":{\"@id\":\"https:\/\/ugtfgvalicante.com\/index.php\/2025\/02\/05\/nuevos-horarios-en-el-tram-de-alicante-desde-mitad-de-febrero\/#primaryimage\"},\"thumbnailUrl\":\"https:\/\/ugtfgvalicante.com\/wp-content\/uploads\/2025\/02\/250204_FGV_foto_El-Campello-kx2C-U230754865899wnE-1200x840@TodoAlicante.webp\",\"articleSection\":[\"Noticias prensa\"],\"inLanguage\":\"es\"},{\"@type\":\"WebPage\",\"@id\":\"https:\/\/ugtfgvalicante.com\/index.php\/2025\/02\/05\/nuevos-horarios-en-el-tram-de-alicante-desde-mitad-de-febrero\/\",\"url\":\"https:\/\/ugtfgvalicante.com\/index.php\/2025\/02\/05\/nuevos-horarios-en-el-tram-de-alicante-desde-mitad-de-febrero\/\",\"name\":\"Nuevos horarios en el Tram de Alicante desde mitad de febrero - FGV Alicante\",\"isPartOf\":{\"@id\":\"https:\/\/ugtfgvalicante.com\/#website\"},\"primaryImageOfPage\":{\"@id\":\"https:\/\/ugtfgvalicante.com\/index.php\/2025\/02\/05\/nuevos-horarios-en-el-tram-de-alicante-desde-mitad-de-febrero\/#primaryimage\"},\"image\":{\"@id\":\"https:\/\/ugtfgvalicante.com\/index.php\/2025\/02\/05\/nuevos-horarios-en-el-tram-de-alicante-desde-mitad-de-febrero\/#primaryimage\"},\"thumbnailUrl\":\"https:\/\/ugtfgvalicante.com\/wp-content\/uploads\/2025\/02\/250204_FGV_foto_El-Campello-kx2C-U230754865899wnE-1200x840@TodoAlicante.webp\",\"datePublished\":\"2025-02-05T09:14:44+00:00\",\"dateModified\":\"2025-02-05T09:14:46+00:00\",\"breadcrumb\":{\"@id\":\"https:\/\/ugtfgvalicante.com\/index.php\/2025\/02\/05\/nuevos-horarios-en-el-tram-de-alicante-desde-mitad-de-febrero\/#breadcrumb\"},\"inLanguage\":\"es\",\"potentialAction\":[{\"@type\":\"ReadAction\",\"target\":[\"https:\/\/ugtfgvalicante.com\/index.php\/2025\/02\/05\/nuevos-horarios-en-el-tram-de-alicante-desde-mitad-de-febrero\/\"]}]},{\"@type\":\"ImageObject\",\"inLanguage\":\"es\",\"@id\":\"https:\/\/ugtfgvalicante.com\/index.php\/2025\/02\/05\/nuevos-horarios-en-el-tram-de-alicante-desde-mitad-de-febrero\/#primaryimage\",\"url\":\"https:\/\/ugtfgvalicante.com\/wp-content\/uploads\/2025\/02\/250204_FGV_foto_El-Campello-kx2C-U230754865899wnE-1200x840@TodoAlicante.webp\",\"contentUrl\":\"https:\/\/ugtfgvalicante.com\/wp-content\/uploads\/2025\/02\/250204_FGV_foto_El-Campello-kx2C-U230754865899wnE-1200x840@TodoAlicante.webp\",\"width\":1200,\"height\":840},{\"@type\":\"BreadcrumbList\",\"@id\":\"https:\/\/ugtfgvalicante.com\/index.php\/2025\/02\/05\/nuevos-horarios-en-el-tram-de-alicante-desde-mitad-de-febrero\/#breadcrumb\",\"itemListElement\":[{\"@type\":\"ListItem\",\"position\":1,\"name\":\"Portada\",\"item\":\"https:\/\/ugtfgvalicante.com\/\"},{\"@type\":\"ListItem\",\"position\":2,\"name\":\"Nuevos horarios en el Tram de Alicante desde mitad de febrero\"}]},{\"@type\":\"WebSite\",\"@id\":\"https:\/\/ugtfgvalicante.com\/#website\",\"url\":\"https:\/\/ugtfgvalicante.com\/\",\"name\":\"FGV Alicante\",\"description\":\"\",\"publisher\":{\"@id\":\"https:\/\/ugtfgvalicante.com\/#organization\"},\"potentialAction\":[{\"@type\":\"SearchAction\",\"target\":{\"@type\":\"EntryPoint\",\"urlTemplate\":\"https:\/\/ugtfgvalicante.com\/?s={search_term_string}\"},\"query-input\":{\"@type\":\"PropertyValueSpecification\",\"valueRequired\":true,\"valueName\":\"search_term_string\"}}],\"inLanguage\":\"es\"},{\"@type\":\"Organization\",\"@id\":\"https:\/\/ugtfgvalicante.com\/#organization\",\"name\":\"UGT FGV Alicante\",\"url\":\"https:\/\/ugtfgvalicante.com\/\",\"logo\":{\"@type\":\"ImageObject\",\"inLanguage\":\"es\",\"@id\":\"https:\/\/ugtfgvalicante.com\/#\/schema\/logo\/image\/\",\"url\":\"https:\/\/ugtfgvalicante.com\/wp-content\/uploads\/2022\/10\/logo-ugt-web.png\",\"contentUrl\":\"https:\/\/ugtfgvalicante.com\/wp-content\/uploads\/2022\/10\/logo-ugt-web.png\",\"width\":2283,\"height\":1126,\"caption\":\"UGT FGV Alicante\"},\"image\":{\"@id\":\"https:\/\/ugtfgvalicante.com\/#\/schema\/logo\/image\/\"},\"sameAs\":[\"https:\/\/es-es.facebook.com\/ugt.fgvalicante\/\"]},{\"@type\":\"Person\",\"@id\":\"https:\/\/ugtfgvalicante.com\/#\/schema\/person\/a1375a9c1ef53e624aa79c34b93b62e8\",\"name\":\"Ugt FGV Alicante\",\"image\":{\"@type\":\"ImageObject\",\"inLanguage\":\"es\",\"@id\":\"https:\/\/ugtfgvalicante.com\/#\/schema\/person\/image\/\",\"url\":\"https:\/\/secure.gravatar.com\/avatar\/ea41cd8456808460c6c0caa1a213c3c921573555df6b57a7ee2f16fb6f502866?s=96&d=mm&r=g\",\"contentUrl\":\"https:\/\/secure.gravatar.com\/avatar\/ea41cd8456808460c6c0caa1a213c3c921573555df6b57a7ee2f16fb6f502866?s=96&d=mm&r=g\",\"caption\":\"Ugt FGV Alicante\"},\"url\":\"https:\/\/ugtfgvalicante.com\/index.php\/author\/ggrau\/\"}]}<\/script>\n<!-- \/ Yoast SEO plugin. -->","yoast_head_json":{"title":"Nuevos horarios en el Tram de Alicante desde mitad de febrero - FGV Alicante","robots":{"index":"index","follow":"follow","max-snippet":"max-snippet:-1","max-image-preview":"max-image-preview:large","max-video-preview":"max-video-preview:-1"},"canonical":"https:\/\/ugtfgvalicante.com\/index.php\/2025\/02\/05\/nuevos-horarios-en-el-tram-de-alicante-desde-mitad-de-febrero\/","og_locale":"es_ES","og_type":"article","og_title":"Nuevos horarios en el Tram de Alicante desde mitad de febrero - FGV Alicante","og_description":"La incorporaci\u00f3n de nueve maquinistas permitir\u00e1 aumentar las frecuencias de paso La contrataci\u00f3n de nuevos maquinistas y personal de servicio en Ferrocarrils de la Generalitat [...]","og_url":"https:\/\/ugtfgvalicante.com\/index.php\/2025\/02\/05\/nuevos-horarios-en-el-tram-de-alicante-desde-mitad-de-febrero\/","og_site_name":"FGV Alicante","article_publisher":"https:\/\/es-es.facebook.com\/ugt.fgvalicante\/","article_published_time":"2025-02-05T09:14:44+00:00","article_modified_time":"2025-02-05T09:14:46+00:00","og_image":[{"width":1200,"height":840,"url":"https:\/\/ugtfgvalicante.com\/wp-content\/uploads\/2025\/02\/250204_FGV_foto_El-Campello-kx2C-U230754865899wnE-1200x840@TodoAlicante.webp","type":"image\/webp"}],"author":"Ugt FGV Alicante","twitter_card":"summary_large_image","twitter_misc":{"Escrito por":"Ugt FGV Alicante","Tiempo de lectura":"2 minutos"},"schema":{"@context":"https:\/\/schema.org","@graph":[{"@type":"Article","@id":"https:\/\/ugtfgvalicante.com\/index.php\/2025\/02\/05\/nuevos-horarios-en-el-tram-de-alicante-desde-mitad-de-febrero\/#article","isPartOf":{"@id":"https:\/\/ugtfgvalicante.com\/index.php\/2025\/02\/05\/nuevos-horarios-en-el-tram-de-alicante-desde-mitad-de-febrero\/"},"author":{"name":"Ugt FGV Alicante","@id":"https:\/\/ugtfgvalicante.com\/#\/schema\/person\/a1375a9c1ef53e624aa79c34b93b62e8"},"headline":"Nuevos horarios en el Tram de Alicante desde mitad de febrero","datePublished":"2025-02-05T09:14:44+00:00","dateModified":"2025-02-05T09:14:46+00:00","mainEntityOfPage":{"@id":"https:\/\/ugtfgvalicante.com\/index.php\/2025\/02\/05\/nuevos-horarios-en-el-tram-de-alicante-desde-mitad-de-febrero\/"},"wordCount":364,"publisher":{"@id":"https:\/\/ugtfgvalicante.com\/#organization"},"image":{"@id":"https:\/\/ugtfgvalicante.com\/index.php\/2025\/02\/05\/nuevos-horarios-en-el-tram-de-alicante-desde-mitad-de-febrero\/#primaryimage"},"thumbnailUrl":"https:\/\/ugtfgvalicante.com\/wp-content\/uploads\/2025\/02\/250204_FGV_foto_El-Campello-kx2C-U230754865899wnE-1200x840@TodoAlicante.webp","articleSection":["Noticias prensa"],"inLanguage":"es"},{"@type":"WebPage","@id":"https:\/\/ugtfgvalicante.com\/index.php\/2025\/02\/05\/nuevos-horarios-en-el-tram-de-alicante-desde-mitad-de-febrero\/","url":"https:\/\/ugtfgvalicante.com\/index.php\/2025\/02\/05\/nuevos-horarios-en-el-tram-de-alicante-desde-mitad-de-febrero\/","name":"Nuevos horarios en el Tram de Alicante desde mitad de febrero - FGV Alicante","isPartOf":{"@id":"https:\/\/ugtfgvalicante.com\/#website"},"primaryImageOfPage":{"@id":"https:\/\/ugtfgvalicante.com\/index.php\/2025\/02\/05\/nuevos-horarios-en-el-tram-de-alicante-desde-mitad-de-febrero\/#primaryimage"},"image":{"@id":"https:\/\/ugtfgvalicante.com\/index.php\/2025\/02\/05\/nuevos-horarios-en-el-tram-de-alicante-desde-mitad-de-febrero\/#primaryimage"},"thumbnailUrl":"https:\/\/ugtfgvalicante.com\/wp-content\/uploads\/2025\/02\/250204_FGV_foto_El-Campello-kx2C-U230754865899wnE-1200x840@TodoAlicante.webp","datePublished":"2025-02-05T09:14:44+00:00","dateModified":"2025-02-05T09:14:46+00:00","breadcrumb":{"@id":"https:\/\/ugtfgvalicante.com\/index.php\/2025\/02\/05\/nuevos-horarios-en-el-tram-de-alicante-desde-mitad-de-febrero\/#breadcrumb"},"inLanguage":"es","potentialAction":[{"@type":"ReadAction","target":["https:\/\/ugtfgvalicante.com\/index.php\/2025\/02\/05\/nuevos-horarios-en-el-tram-de-alicante-desde-mitad-de-febrero\/"]}]},{"@type":"ImageObject","inLanguage":"es","@id":"https:\/\/ugtfgvalicante.com\/index.php\/2025\/02\/05\/nuevos-horarios-en-el-tram-de-alicante-desde-mitad-de-febrero\/#primaryimage","url":"https:\/\/ugtfgvalicante.com\/wp-content\/uploads\/2025\/02\/250204_FGV_foto_El-Campello-kx2C-U230754865899wnE-1200x840@TodoAlicante.webp","contentUrl":"https:\/\/ugtfgvalicante.com\/wp-content\/uploads\/2025\/02\/250204_FGV_foto_El-Campello-kx2C-U230754865899wnE-1200x840@TodoAlicante.webp","width":1200,"height":840},{"@type":"BreadcrumbList","@id":"https:\/\/ugtfgvalicante.com\/index.php\/2025\/02\/05\/nuevos-horarios-en-el-tram-de-alicante-desde-mitad-de-febrero\/#breadcrumb","itemListElement":[{"@type":"ListItem","position":1,"name":"Portada","item":"https:\/\/ugtfgvalicante.com\/"},{"@type":"ListItem","position":2,"name":"Nuevos horarios en el Tram de Alicante desde mitad de febrero"}]},{"@type":"WebSite","@id":"https:\/\/ugtfgvalicante.com\/#website","url":"https:\/\/ugtfgvalicante.com\/","name":"FGV Alicante","description":"","publisher":{"@id":"https:\/\/ugtfgvalicante.com\/#organization"},"potentialAction":[{"@type":"SearchAction","target":{"@type":"EntryPoint","urlTemplate":"https:\/\/ugtfgvalicante.com\/?s={search_term_string}"},"query-input":{"@type":"PropertyValueSpecification","valueRequired":true,"valueName":"search_term_string"}}],"inLanguage":"es"},{"@type":"Organization","@id":"https:\/\/ugtfgvalicante.com\/#organization","name":"UGT FGV Alicante","url":"https:\/\/ugtfgvalicante.com\/","logo":{"@type":"ImageObject","inLanguage":"es","@id":"https:\/\/ugtfgvalicante.com\/#\/schema\/logo\/image\/","url":"https:\/\/ugtfgvalicante.com\/wp-content\/uploads\/2022\/10\/logo-ugt-web.png","contentUrl":"https:\/\/ugtfgvalicante.com\/wp-content\/uploads\/2022\/10\/logo-ugt-web.png","width":2283,"height":1126,"caption":"UGT FGV Alicante"},"image":{"@id":"https:\/\/ugtfgvalicante.com\/#\/schema\/logo\/image\/"},"sameAs":["https:\/\/es-es.facebook.com\/ugt.fgvalicante\/"]},{"@type":"Person","@id":"https:\/\/ugtfgvalicante.com\/#\/schema\/person\/a1375a9c1ef53e624aa79c34b93b62e8","name":"Ugt FGV Alicante","image":{"@type":"ImageObject","inLanguage":"es","@id":"https:\/\/ugtfgvalicante.com\/#\/schema\/person\/image\/","url":"https:\/\/secure.gravatar.com\/avatar\/ea41cd8456808460c6c0caa1a213c3c921573555df6b57a7ee2f16fb6f502866?s=96&d=mm&r=g","contentUrl":"https:\/\/secure.gravatar.com\/avatar\/ea41cd8456808460c6c0caa1a213c3c921573555df6b57a7ee2f16fb6f502866?s=96&d=mm&r=g","caption":"Ugt FGV Alicante"},"url":"https:\/\/ugtfgvalicante.com\/index.php\/author\/ggrau\/"}]}},"_links":{"self":[{"href":"https:\/\/ugtfgvalicante.com\/index.php\/wp-json\/wp\/v2\/posts\/886","targetHints":{"allow":["GET"]}}],"collection":[{"href":"https:\/\/ugtfgvalicante.com\/index.php\/wp-json\/wp\/v2\/posts"}],"about":[{"href":"https:\/\/ugtfgvalicante.com\/index.php\/wp-json\/wp\/v2\/types\/post"}],"author":[{"embeddable":true,"href":"https:\/\/ugtfgvalicante.com\/index.php\/wp-json\/wp\/v2\/users\/4"}],"replies":[{"embeddable":true,"href":"https:\/\/ugtfgvalicante.com\/index.php\/wp-json\/wp\/v2\/comments?post=886"}],"version-history":[{"count":1,"href":"https:\/\/ugtfgvalicante.com\/index.php\/wp-json\/wp\/v2\/posts\/886\/revisions"}],"predecessor-version":[{"id":888,"href":"https:\/\/ugtfgvalicante.com\/index.php\/wp-json\/wp\/v2\/posts\/886\/revisions\/888"}],"wp:featuredmedia":[{"embeddable":true,"href":"https:\/\/ugtfgvalicante.com\/index.php\/wp-json\/wp\/v2\/media\/887"}],"wp:attachment":[{"href":"https:\/\/ugtfgvalicante.com\/index.php\/wp-json\/wp\/v2\/media?parent=886"}],"wp:term":[{"taxonomy":"category","embeddable":true,"href":"https:\/\/ugtfgvalicante.com\/index.php\/wp-json\/wp\/v2\/categories?post=886"},{"taxonomy":"post_tag","embeddable":true,"href":"https:\/\/ugtfgvalicante.com\/index.php\/wp-json\/wp\/v2\/tags?post=886"}],"curies":[{"name":"wp","href":"https:\/\/api.w.org\/{rel}","templated":true}]}}