{"id":890,"date":"2025-02-17T19:07:58","date_gmt":"2025-02-17T19:07:58","guid":{"rendered":"https:\/\/ugtfgvalicante.com\/?p=890"},"modified":"2025-02-17T19:08:00","modified_gmt":"2025-02-17T19:08:00","slug":"el-tram-a-partir-del-lunes-17-cambia-horarios-y-frecuencias","status":"publish","type":"post","link":"https:\/\/ugtfgvalicante.com\/index.php\/2025\/02\/17\/el-tram-a-partir-del-lunes-17-cambia-horarios-y-frecuencias\/","title":{"rendered":"El TRAM a partir del lunes 17 cambia horarios y frecuencias"},"content":{"rendered":"\n<h3 class=\"wp-block-heading\">Desde el lunes 17, nuevos horarios entre Alicante y El Campello que permitir\u00e1n servicios cada 15 minutos<\/h3>\n\n\n\n<p>Ferrocarrils de la Generalitat Valenciana (FGV) aplicar\u00e1 a partir del 17 de febrero los nuevos horarios que permitir\u00e1n ofrecer&nbsp;<strong>servicio tranviario cada 15 minutos entre Luceros y El Campello.<\/strong><\/p>\n\n\n\n<p>Este nuevo horario, que afecta directamente a las&nbsp;<strong>L\u00edneas 1 y 3<\/strong>, es m\u00e1s acorde con las necesidades y demandas actuales de los usuarios, frente a la frecuencia de paso de 30 minutos establecida hasta la fecha.<\/p>\n\n\n\n<p>Esta mejora es posible por la&nbsp;<strong>incorporaci\u00f3n de nueve maquinistas&nbsp;<\/strong>y tambi\u00e9n gracias a la instalaci\u00f3n del&nbsp;<strong>nuevo escape ferroviario de Luceros,<\/strong>&nbsp;que permite aumentar el n\u00famero de trenes en circulaci\u00f3n y en el que se ha invertido, por parte de FGV, cerca de un mill\u00f3n de euros.<\/p>\n\n\n\n<p><strong>Otras mejoras del servicio<\/strong><\/p>\n\n\n\n<p>Adem\u00e1s, con esta modificaci\u00f3n, todos los d\u00edas se mejora la oferta en las L\u00ednea 4 y 1, de forma que el \u00faltimo tren desde Pla\u00e7a La Corunya llegar\u00e1 a Luceros y no a talleres. Del mismo modo, el \u00faltimo tren con salida de Benidorm hasta El Campello, hasta ahora material vac\u00edo, ser\u00e1 de viajeros.<\/p>\n\n\n\n<p>Los s\u00e1bados, domingos y festivos, la L\u00ednea 3 al final del servicio desde El Campello a Luceros tendr\u00e1 el mismo servicio que un laborable (dos trenes m\u00e1s que actualmente).<\/p>\n\n\n\n<p>En L\u00ednea 2 (Luceros-Sant Vicent), en s\u00e1bados, domingos y festivos,<strong>&nbsp;la primera<\/strong>&nbsp;<strong>salida desde Luceros se adelanta 15 minutos<\/strong>&nbsp;(6.24 en vez de 6.38 con frecuencia de 30 minutos hasta las 7.24).<\/p>\n\n\n\n<p>Al inicio del servicio en L\u00ednea 5 (Puerta del Mar-Pla\u00e7a de la Corunya), los dos primeros trenes circulan como tranv\u00edas de viajeros y los dos \u00faltimos tambi\u00e9n circulan como trenes de viajeros entre Porta del Mar y El Campello.<\/p>\n\n\n\n<p>Para m\u00e1s informaci\u00f3n sobre los servicios, los usuarios pueden consultar los horarios de paso, adem\u00e1s de en las estaciones y paradas, en e <strong>acant.es, la app oficial y Navilens Go.<\/strong><\/p>\n\n\n\n<p>Fuente: <a href=\"https:\/\/alicantepress.com\/art\/50575\/el-tram-alicante-cambia-los-horarios-y-frecuencias\">Alicantepress<\/a><\/p>\n","protected":false},"excerpt":{"rendered":"<div class=\"mh-excerpt\"><p>Desde el lunes 17, nuevos horarios entre Alicante y El Campello que permitir\u00e1n servicios cada 15 minutos Ferrocarrils de la Generalitat Valenciana (FGV) aplicar\u00e1 a <a class=\"mh-excerpt-more\" href=\"https:\/\/ugtfgvalicante.com\/index.php\/2025\/02\/17\/el-tram-a-partir-del-lunes-17-cambia-horarios-y-frecuencias\/\" title=\"El TRAM a partir del lunes 17 cambia horarios y frecuencias\">[&#8230;]<\/a><\/p>\n<\/div>","protected":false},"author":4,"featured_media":891,"comment_status":"closed","ping_status":"closed","sticky":false,"template":"","format":"standard","meta":{"footnotes":""},"categories":[1],"tags":[],"class_list":["post-890","post","type-post","status-publish","format-standard","has-post-thumbnail","hentry","category-sin-categoria"],"yoast_head":"<!-- This site is optimized with the Yoast SEO plugin v26.6 - https:\/\/yoast.com\/wordpress\/plugins\/seo\/ -->\n<title>El TRAM a partir del lunes 17 cambia horarios y frecuencias - FGV Alicante<\/title>\n<meta name=\"robots\" content=\"index, follow, max-snippet:-1, max-image-preview:large, max-video-preview:-1\" \/>\n<link rel=\"canonical\" href=\"https:\/\/ugtfgvalicante.com\/index.php\/2025\/02\/17\/el-tram-a-partir-del-lunes-17-cambia-horarios-y-frecuencias\/\" \/>\n<meta property=\"og:locale\" content=\"es_ES\" \/>\n<meta property=\"og:type\" content=\"article\" \/>\n<meta property=\"og:title\" content=\"El TRAM a partir del lunes 17 cambia horarios y frecuencias - FGV Alicante\" \/>\n<meta property=\"og:description\" content=\"Desde el lunes 17, nuevos horarios entre Alicante y El Campello que permitir\u00e1n servicios cada 15 minutos Ferrocarrils de la Generalitat Valenciana (FGV) aplicar\u00e1 a [...]\" \/>\n<meta property=\"og:url\" content=\"https:\/\/ugtfgvalicante.com\/index.php\/2025\/02\/17\/el-tram-a-partir-del-lunes-17-cambia-horarios-y-frecuencias\/\" \/>\n<meta property=\"og:site_name\" content=\"FGV Alicante\" \/>\n<meta property=\"article:publisher\" content=\"https:\/\/es-es.facebook.com\/ugt.fgvalicante\/\" \/>\n<meta property=\"article:published_time\" content=\"2025-02-17T19:07:58+00:00\" \/>\n<meta property=\"article:modified_time\" content=\"2025-02-17T19:08:00+00:00\" \/>\n<meta property=\"og:image\" content=\"https:\/\/ugtfgvalicante.com\/wp-content\/uploads\/2025\/02\/173_nuevos-horarios-tram-alicante.jpg\" \/>\n\t<meta property=\"og:image:width\" content=\"700\" \/>\n\t<meta property=\"og:image:height\" content=\"464\" \/>\n\t<meta property=\"og:image:type\" content=\"image\/jpeg\" \/>\n<meta name=\"author\" content=\"Ugt FGV Alicante\" \/>\n<meta name=\"twitter:card\" content=\"summary_large_image\" \/>\n<meta name=\"twitter:label1\" content=\"Escrito por\" \/>\n\t<meta name=\"twitter:data1\" content=\"Ugt FGV Alicante\" \/>\n\t<meta name=\"twitter:label2\" content=\"Tiempo de lectura\" \/>\n\t<meta name=\"twitter:data2\" content=\"2 minutos\" \/>\n<script type=\"application\/ld+json\" class=\"yoast-schema-graph\">{\"@context\":\"https:\/\/schema.org\",\"@graph\":[{\"@type\":\"Article\",\"@id\":\"https:\/\/ugtfgvalicante.com\/index.php\/2025\/02\/17\/el-tram-a-partir-del-lunes-17-cambia-horarios-y-frecuencias\/#article\",\"isPartOf\":{\"@id\":\"https:\/\/ugtfgvalicante.com\/index.php\/2025\/02\/17\/el-tram-a-partir-del-lunes-17-cambia-horarios-y-frecuencias\/\"},\"author\":{\"name\":\"Ugt FGV Alicante\",\"@id\":\"https:\/\/ugtfgvalicante.com\/#\/schema\/person\/a1375a9c1ef53e624aa79c34b93b62e8\"},\"headline\":\"El TRAM a partir del lunes 17 cambia horarios y frecuencias\",\"datePublished\":\"2025-02-17T19:07:58+00:00\",\"dateModified\":\"2025-02-17T19:08:00+00:00\",\"mainEntityOfPage\":{\"@id\":\"https:\/\/ugtfgvalicante.com\/index.php\/2025\/02\/17\/el-tram-a-partir-del-lunes-17-cambia-horarios-y-frecuencias\/\"},\"wordCount\":352,\"publisher\":{\"@id\":\"https:\/\/ugtfgvalicante.com\/#organization\"},\"image\":{\"@id\":\"https:\/\/ugtfgvalicante.com\/index.php\/2025\/02\/17\/el-tram-a-partir-del-lunes-17-cambia-horarios-y-frecuencias\/#primaryimage\"},\"thumbnailUrl\":\"https:\/\/ugtfgvalicante.com\/wp-content\/uploads\/2025\/02\/173_nuevos-horarios-tram-alicante.jpg\",\"inLanguage\":\"es\"},{\"@type\":\"WebPage\",\"@id\":\"https:\/\/ugtfgvalicante.com\/index.php\/2025\/02\/17\/el-tram-a-partir-del-lunes-17-cambia-horarios-y-frecuencias\/\",\"url\":\"https:\/\/ugtfgvalicante.com\/index.php\/2025\/02\/17\/el-tram-a-partir-del-lunes-17-cambia-horarios-y-frecuencias\/\",\"name\":\"El TRAM a partir del lunes 17 cambia horarios y frecuencias - FGV Alicante\",\"isPartOf\":{\"@id\":\"https:\/\/ugtfgvalicante.com\/#website\"},\"primaryImageOfPage\":{\"@id\":\"https:\/\/ugtfgvalicante.com\/index.php\/2025\/02\/17\/el-tram-a-partir-del-lunes-17-cambia-horarios-y-frecuencias\/#primaryimage\"},\"image\":{\"@id\":\"https:\/\/ugtfgvalicante.com\/index.php\/2025\/02\/17\/el-tram-a-partir-del-lunes-17-cambia-horarios-y-frecuencias\/#primaryimage\"},\"thumbnailUrl\":\"https:\/\/ugtfgvalicante.com\/wp-content\/uploads\/2025\/02\/173_nuevos-horarios-tram-alicante.jpg\",\"datePublished\":\"2025-02-17T19:07:58+00:00\",\"dateModified\":\"2025-02-17T19:08:00+00:00\",\"breadcrumb\":{\"@id\":\"https:\/\/ugtfgvalicante.com\/index.php\/2025\/02\/17\/el-tram-a-partir-del-lunes-17-cambia-horarios-y-frecuencias\/#breadcrumb\"},\"inLanguage\":\"es\",\"potentialAction\":[{\"@type\":\"ReadAction\",\"target\":[\"https:\/\/ugtfgvalicante.com\/index.php\/2025\/02\/17\/el-tram-a-partir-del-lunes-17-cambia-horarios-y-frecuencias\/\"]}]},{\"@type\":\"ImageObject\",\"inLanguage\":\"es\",\"@id\":\"https:\/\/ugtfgvalicante.com\/index.php\/2025\/02\/17\/el-tram-a-partir-del-lunes-17-cambia-horarios-y-frecuencias\/#primaryimage\",\"url\":\"https:\/\/ugtfgvalicante.com\/wp-content\/uploads\/2025\/02\/173_nuevos-horarios-tram-alicante.jpg\",\"contentUrl\":\"https:\/\/ugtfgvalicante.com\/wp-content\/uploads\/2025\/02\/173_nuevos-horarios-tram-alicante.jpg\",\"width\":700,\"height\":464},{\"@type\":\"BreadcrumbList\",\"@id\":\"https:\/\/ugtfgvalicante.com\/index.php\/2025\/02\/17\/el-tram-a-partir-del-lunes-17-cambia-horarios-y-frecuencias\/#breadcrumb\",\"itemListElement\":[{\"@type\":\"ListItem\",\"position\":1,\"name\":\"Portada\",\"item\":\"https:\/\/ugtfgvalicante.com\/\"},{\"@type\":\"ListItem\",\"position\":2,\"name\":\"El TRAM a partir del lunes 17 cambia horarios y frecuencias\"}]},{\"@type\":\"WebSite\",\"@id\":\"https:\/\/ugtfgvalicante.com\/#website\",\"url\":\"https:\/\/ugtfgvalicante.com\/\",\"name\":\"FGV Alicante\",\"description\":\"\",\"publisher\":{\"@id\":\"https:\/\/ugtfgvalicante.com\/#organization\"},\"potentialAction\":[{\"@type\":\"SearchAction\",\"target\":{\"@type\":\"EntryPoint\",\"urlTemplate\":\"https:\/\/ugtfgvalicante.com\/?s={search_term_string}\"},\"query-input\":{\"@type\":\"PropertyValueSpecification\",\"valueRequired\":true,\"valueName\":\"search_term_string\"}}],\"inLanguage\":\"es\"},{\"@type\":\"Organization\",\"@id\":\"https:\/\/ugtfgvalicante.com\/#organization\",\"name\":\"UGT FGV Alicante\",\"url\":\"https:\/\/ugtfgvalicante.com\/\",\"logo\":{\"@type\":\"ImageObject\",\"inLanguage\":\"es\",\"@id\":\"https:\/\/ugtfgvalicante.com\/#\/schema\/logo\/image\/\",\"url\":\"https:\/\/ugtfgvalicante.com\/wp-content\/uploads\/2022\/10\/logo-ugt-web.png\",\"contentUrl\":\"https:\/\/ugtfgvalicante.com\/wp-content\/uploads\/2022\/10\/logo-ugt-web.png\",\"width\":2283,\"height\":1126,\"caption\":\"UGT FGV Alicante\"},\"image\":{\"@id\":\"https:\/\/ugtfgvalicante.com\/#\/schema\/logo\/image\/\"},\"sameAs\":[\"https:\/\/es-es.facebook.com\/ugt.fgvalicante\/\"]},{\"@type\":\"Person\",\"@id\":\"https:\/\/ugtfgvalicante.com\/#\/schema\/person\/a1375a9c1ef53e624aa79c34b93b62e8\",\"name\":\"Ugt FGV Alicante\",\"image\":{\"@type\":\"ImageObject\",\"inLanguage\":\"es\",\"@id\":\"https:\/\/ugtfgvalicante.com\/#\/schema\/person\/image\/\",\"url\":\"https:\/\/secure.gravatar.com\/avatar\/ea41cd8456808460c6c0caa1a213c3c921573555df6b57a7ee2f16fb6f502866?s=96&d=mm&r=g\",\"contentUrl\":\"https:\/\/secure.gravatar.com\/avatar\/ea41cd8456808460c6c0caa1a213c3c921573555df6b57a7ee2f16fb6f502866?s=96&d=mm&r=g\",\"caption\":\"Ugt FGV Alicante\"},\"url\":\"https:\/\/ugtfgvalicante.com\/index.php\/author\/ggrau\/\"}]}<\/script>\n<!-- \/ Yoast SEO plugin. -->","yoast_head_json":{"title":"El TRAM a partir del lunes 17 cambia horarios y frecuencias - FGV Alicante","robots":{"index":"index","follow":"follow","max-snippet":"max-snippet:-1","max-image-preview":"max-image-preview:large","max-video-preview":"max-video-preview:-1"},"canonical":"https:\/\/ugtfgvalicante.com\/index.php\/2025\/02\/17\/el-tram-a-partir-del-lunes-17-cambia-horarios-y-frecuencias\/","og_locale":"es_ES","og_type":"article","og_title":"El TRAM a partir del lunes 17 cambia horarios y frecuencias - FGV Alicante","og_description":"Desde el lunes 17, nuevos horarios entre Alicante y El Campello que permitir\u00e1n servicios cada 15 minutos Ferrocarrils de la Generalitat Valenciana (FGV) aplicar\u00e1 a [...]","og_url":"https:\/\/ugtfgvalicante.com\/index.php\/2025\/02\/17\/el-tram-a-partir-del-lunes-17-cambia-horarios-y-frecuencias\/","og_site_name":"FGV Alicante","article_publisher":"https:\/\/es-es.facebook.com\/ugt.fgvalicante\/","article_published_time":"2025-02-17T19:07:58+00:00","article_modified_time":"2025-02-17T19:08:00+00:00","og_image":[{"width":700,"height":464,"url":"https:\/\/ugtfgvalicante.com\/wp-content\/uploads\/2025\/02\/173_nuevos-horarios-tram-alicante.jpg","type":"image\/jpeg"}],"author":"Ugt FGV Alicante","twitter_card":"summary_large_image","twitter_misc":{"Escrito por":"Ugt FGV Alicante","Tiempo de lectura":"2 minutos"},"schema":{"@context":"https:\/\/schema.org","@graph":[{"@type":"Article","@id":"https:\/\/ugtfgvalicante.com\/index.php\/2025\/02\/17\/el-tram-a-partir-del-lunes-17-cambia-horarios-y-frecuencias\/#article","isPartOf":{"@id":"https:\/\/ugtfgvalicante.com\/index.php\/2025\/02\/17\/el-tram-a-partir-del-lunes-17-cambia-horarios-y-frecuencias\/"},"author":{"name":"Ugt FGV Alicante","@id":"https:\/\/ugtfgvalicante.com\/#\/schema\/person\/a1375a9c1ef53e624aa79c34b93b62e8"},"headline":"El TRAM a partir del lunes 17 cambia horarios y frecuencias","datePublished":"2025-02-17T19:07:58+00:00","dateModified":"2025-02-17T19:08:00+00:00","mainEntityOfPage":{"@id":"https:\/\/ugtfgvalicante.com\/index.php\/2025\/02\/17\/el-tram-a-partir-del-lunes-17-cambia-horarios-y-frecuencias\/"},"wordCount":352,"publisher":{"@id":"https:\/\/ugtfgvalicante.com\/#organization"},"image":{"@id":"https:\/\/ugtfgvalicante.com\/index.php\/2025\/02\/17\/el-tram-a-partir-del-lunes-17-cambia-horarios-y-frecuencias\/#primaryimage"},"thumbnailUrl":"https:\/\/ugtfgvalicante.com\/wp-content\/uploads\/2025\/02\/173_nuevos-horarios-tram-alicante.jpg","inLanguage":"es"},{"@type":"WebPage","@id":"https:\/\/ugtfgvalicante.com\/index.php\/2025\/02\/17\/el-tram-a-partir-del-lunes-17-cambia-horarios-y-frecuencias\/","url":"https:\/\/ugtfgvalicante.com\/index.php\/2025\/02\/17\/el-tram-a-partir-del-lunes-17-cambia-horarios-y-frecuencias\/","name":"El TRAM a partir del lunes 17 cambia horarios y frecuencias - FGV Alicante","isPartOf":{"@id":"https:\/\/ugtfgvalicante.com\/#website"},"primaryImageOfPage":{"@id":"https:\/\/ugtfgvalicante.com\/index.php\/2025\/02\/17\/el-tram-a-partir-del-lunes-17-cambia-horarios-y-frecuencias\/#primaryimage"},"image":{"@id":"https:\/\/ugtfgvalicante.com\/index.php\/2025\/02\/17\/el-tram-a-partir-del-lunes-17-cambia-horarios-y-frecuencias\/#primaryimage"},"thumbnailUrl":"https:\/\/ugtfgvalicante.com\/wp-content\/uploads\/2025\/02\/173_nuevos-horarios-tram-alicante.jpg","datePublished":"2025-02-17T19:07:58+00:00","dateModified":"2025-02-17T19:08:00+00:00","breadcrumb":{"@id":"https:\/\/ugtfgvalicante.com\/index.php\/2025\/02\/17\/el-tram-a-partir-del-lunes-17-cambia-horarios-y-frecuencias\/#breadcrumb"},"inLanguage":"es","potentialAction":[{"@type":"ReadAction","target":["https:\/\/ugtfgvalicante.com\/index.php\/2025\/02\/17\/el-tram-a-partir-del-lunes-17-cambia-horarios-y-frecuencias\/"]}]},{"@type":"ImageObject","inLanguage":"es","@id":"https:\/\/ugtfgvalicante.com\/index.php\/2025\/02\/17\/el-tram-a-partir-del-lunes-17-cambia-horarios-y-frecuencias\/#primaryimage","url":"https:\/\/ugtfgvalicante.com\/wp-content\/uploads\/2025\/02\/173_nuevos-horarios-tram-alicante.jpg","contentUrl":"https:\/\/ugtfgvalicante.com\/wp-content\/uploads\/2025\/02\/173_nuevos-horarios-tram-alicante.jpg","width":700,"height":464},{"@type":"BreadcrumbList","@id":"https:\/\/ugtfgvalicante.com\/index.php\/2025\/02\/17\/el-tram-a-partir-del-lunes-17-cambia-horarios-y-frecuencias\/#breadcrumb","itemListElement":[{"@type":"ListItem","position":1,"name":"Portada","item":"https:\/\/ugtfgvalicante.com\/"},{"@type":"ListItem","position":2,"name":"El TRAM a partir del lunes 17 cambia horarios y frecuencias"}]},{"@type":"WebSite","@id":"https:\/\/ugtfgvalicante.com\/#website","url":"https:\/\/ugtfgvalicante.com\/","name":"FGV Alicante","description":"","publisher":{"@id":"https:\/\/ugtfgvalicante.com\/#organization"},"potentialAction":[{"@type":"SearchAction","target":{"@type":"EntryPoint","urlTemplate":"https:\/\/ugtfgvalicante.com\/?s={search_term_string}"},"query-input":{"@type":"PropertyValueSpecification","valueRequired":true,"valueName":"search_term_string"}}],"inLanguage":"es"},{"@type":"Organization","@id":"https:\/\/ugtfgvalicante.com\/#organization","name":"UGT FGV Alicante","url":"https:\/\/ugtfgvalicante.com\/","logo":{"@type":"ImageObject","inLanguage":"es","@id":"https:\/\/ugtfgvalicante.com\/#\/schema\/logo\/image\/","url":"https:\/\/ugtfgvalicante.com\/wp-content\/uploads\/2022\/10\/logo-ugt-web.png","contentUrl":"https:\/\/ugtfgvalicante.com\/wp-content\/uploads\/2022\/10\/logo-ugt-web.png","width":2283,"height":1126,"caption":"UGT FGV Alicante"},"image":{"@id":"https:\/\/ugtfgvalicante.com\/#\/schema\/logo\/image\/"},"sameAs":["https:\/\/es-es.facebook.com\/ugt.fgvalicante\/"]},{"@type":"Person","@id":"https:\/\/ugtfgvalicante.com\/#\/schema\/person\/a1375a9c1ef53e624aa79c34b93b62e8","name":"Ugt FGV Alicante","image":{"@type":"ImageObject","inLanguage":"es","@id":"https:\/\/ugtfgvalicante.com\/#\/schema\/person\/image\/","url":"https:\/\/secure.gravatar.com\/avatar\/ea41cd8456808460c6c0caa1a213c3c921573555df6b57a7ee2f16fb6f502866?s=96&d=mm&r=g","contentUrl":"https:\/\/secure.gravatar.com\/avatar\/ea41cd8456808460c6c0caa1a213c3c921573555df6b57a7ee2f16fb6f502866?s=96&d=mm&r=g","caption":"Ugt FGV Alicante"},"url":"https:\/\/ugtfgvalicante.com\/index.php\/author\/ggrau\/"}]}},"_links":{"self":[{"href":"https:\/\/ugtfgvalicante.com\/index.php\/wp-json\/wp\/v2\/posts\/890","targetHints":{"allow":["GET"]}}],"collection":[{"href":"https:\/\/ugtfgvalicante.com\/index.php\/wp-json\/wp\/v2\/posts"}],"about":[{"href":"https:\/\/ugtfgvalicante.com\/index.php\/wp-json\/wp\/v2\/types\/post"}],"author":[{"embeddable":true,"href":"https:\/\/ugtfgvalicante.com\/index.php\/wp-json\/wp\/v2\/users\/4"}],"replies":[{"embeddable":true,"href":"https:\/\/ugtfgvalicante.com\/index.php\/wp-json\/wp\/v2\/comments?post=890"}],"version-history":[{"count":1,"href":"https:\/\/ugtfgvalicante.com\/index.php\/wp-json\/wp\/v2\/posts\/890\/revisions"}],"predecessor-version":[{"id":892,"href":"https:\/\/ugtfgvalicante.com\/index.php\/wp-json\/wp\/v2\/posts\/890\/revisions\/892"}],"wp:featuredmedia":[{"embeddable":true,"href":"https:\/\/ugtfgvalicante.com\/index.php\/wp-json\/wp\/v2\/media\/891"}],"wp:attachment":[{"href":"https:\/\/ugtfgvalicante.com\/index.php\/wp-json\/wp\/v2\/media?parent=890"}],"wp:term":[{"taxonomy":"category","embeddable":true,"href":"https:\/\/ugtfgvalicante.com\/index.php\/wp-json\/wp\/v2\/categories?post=890"},{"taxonomy":"post_tag","embeddable":true,"href":"https:\/\/ugtfgvalicante.com\/index.php\/wp-json\/wp\/v2\/tags?post=890"}],"curies":[{"name":"wp","href":"https:\/\/api.w.org\/{rel}","templated":true}]}}