{"id":894,"date":"2025-02-26T06:48:03","date_gmt":"2025-02-26T06:48:03","guid":{"rendered":"https:\/\/ugtfgvalicante.com\/?p=894"},"modified":"2025-02-26T06:49:05","modified_gmt":"2025-02-26T06:49:05","slug":"un-6-por-ciento-mas-de-usuarios-en-la-primera-semana-de-los-nuevos-horarios-y-frecuencias-de-tram-dalacant","status":"publish","type":"post","link":"https:\/\/ugtfgvalicante.com\/index.php\/2025\/02\/26\/un-6-por-ciento-mas-de-usuarios-en-la-primera-semana-de-los-nuevos-horarios-y-frecuencias-de-tram-dalacant\/","title":{"rendered":"Un 6 por ciento m\u00e1s de usuarios en la primera semana de los nuevos horarios y frecuencias de Tram d\u2019Alacant"},"content":{"rendered":"\n<p>Ofrecen frecuencias de paso de quince minutos entre Alicante y El Campello<\/p>\n\n\n\n<p>Los nuevos horarios que aplica Tram d\u2019Alacant desde el pasado 17 de febrero y que permiten ofrecer una frecuencia de paso de 15 minutos entre Alicante y El Campello han repercutido en un incremento de usuarios superior al 6 por ciento en su primera semana, as\u00ed como en la reducci\u00f3n de las aglomeraciones en horas punta.<\/p>\n\n\n\n<p>Los nuevos horarios y frecuencias del tranv\u00eda alicantino entre Alicante y El Campello benefician de manera directa a m\u00e1s de siete millones de viajeros al a\u00f1o que ahora disfrutan un mejor servicio.<\/p>\n\n\n\n<p>El conseller de Medio Ambiente, Infraestructuras y Territorio de la Generalitat Valenciana, Vicente Mart\u00ednez Mus,declar\u00f3 el pasado viernes que, seg\u00fan los datos analizados, el resultado es muy positivo, ya que se ha registrado un incremento de usuarios superior al 6 por ciento en esta primera semana de aplicaci\u00f3n y se han reducido las aglomeraciones en horas punta, sin olvidar que el resto de l\u00edneas del Tram d\u2019Alacant tambi\u00e9n se han beneficiado con el paso de m\u00e1s circulaciones a primera y \u00faltima hora de la jornada.<\/p>\n\n\n\n<p>En 2024, las l\u00edneas m\u00e1s beneficiadas por este cambio, la L1 y la L3, superaron los 7,4 millones de desplazamientos (la L\u00ednea 1, que comunica Luceros y Benidorm, alcanz\u00f3 4,2 millones de usuarios mientras que la L3, que enlaza Luceros con El Campello, 3,2 millones).<\/p>\n\n\n\n<p>El conseller resalt\u00f3 tambi\u00e9n la buena evoluci\u00f3n de la demanda de la L\u00ednea 9, que une Benidorm y Denia, de manera directa y sin transbordo, desde el pasado 28 de enero.<\/p>\n\n\n\n<p><strong>Servicio especial de Carnaval<\/strong><\/p>\n\n\n\n<p>Por otra parte, Tram d\u2019Alacant ofrecer\u00e1 el pr\u00f3ximo s\u00e1bado, 1 de marzo, un servicio especial nocturno hasta aproximadamente las 3 de la madrugada para facilitar los desplazamientos masivos por la ciudad de Alicante previstos con motivo de los desfiles y fiestas de Carnaval.<\/p>\n\n\n\n<p>Las l\u00edneas de tranv\u00eda 2, 3 y 4 prolongar\u00e1n su horario habitual para facilitar el regreso a casa en transporte p\u00fablico de los asistentes estas fiestas.<\/p>\n\n\n\n<p>Fuente: <a href=\"https:\/\/vialibre-ffe.com\/noticias.asp?not=43502&amp;cs=oper\">Vialibre<\/a><\/p>\n","protected":false},"excerpt":{"rendered":"<div class=\"mh-excerpt\"><p>Ofrecen frecuencias de paso de quince minutos entre Alicante y El Campello Los nuevos horarios que aplica Tram d\u2019Alacant desde el pasado 17 de febrero <a class=\"mh-excerpt-more\" href=\"https:\/\/ugtfgvalicante.com\/index.php\/2025\/02\/26\/un-6-por-ciento-mas-de-usuarios-en-la-primera-semana-de-los-nuevos-horarios-y-frecuencias-de-tram-dalacant\/\" title=\"Un 6 por ciento m\u00e1s de usuarios en la primera semana de los nuevos horarios y frecuencias de Tram d\u2019Alacant\">[&#8230;]<\/a><\/p>\n<\/div>","protected":false},"author":4,"featured_media":895,"comment_status":"closed","ping_status":"closed","sticky":false,"template":"","format":"standard","meta":{"footnotes":""},"categories":[5],"tags":[],"class_list":["post-894","post","type-post","status-publish","format-standard","has-post-thumbnail","hentry","category-noticias-prensa"],"yoast_head":"<!-- This site is optimized with the Yoast SEO plugin v26.6 - https:\/\/yoast.com\/wordpress\/plugins\/seo\/ -->\n<title>Un 6 por ciento m\u00e1s de usuarios en la primera semana de los nuevos horarios y frecuencias de Tram d\u2019Alacant - FGV Alicante<\/title>\n<meta name=\"robots\" content=\"index, follow, max-snippet:-1, max-image-preview:large, max-video-preview:-1\" \/>\n<link rel=\"canonical\" href=\"https:\/\/ugtfgvalicante.com\/index.php\/2025\/02\/26\/un-6-por-ciento-mas-de-usuarios-en-la-primera-semana-de-los-nuevos-horarios-y-frecuencias-de-tram-dalacant\/\" \/>\n<meta property=\"og:locale\" content=\"es_ES\" \/>\n<meta property=\"og:type\" content=\"article\" \/>\n<meta property=\"og:title\" content=\"Un 6 por ciento m\u00e1s de usuarios en la primera semana de los nuevos horarios y frecuencias de Tram d\u2019Alacant - FGV Alicante\" \/>\n<meta property=\"og:description\" content=\"Ofrecen frecuencias de paso de quince minutos entre Alicante y El Campello Los nuevos horarios que aplica Tram d\u2019Alacant desde el pasado 17 de febrero [...]\" \/>\n<meta property=\"og:url\" content=\"https:\/\/ugtfgvalicante.com\/index.php\/2025\/02\/26\/un-6-por-ciento-mas-de-usuarios-en-la-primera-semana-de-los-nuevos-horarios-y-frecuencias-de-tram-dalacant\/\" \/>\n<meta property=\"og:site_name\" content=\"FGV Alicante\" \/>\n<meta property=\"article:publisher\" content=\"https:\/\/es-es.facebook.com\/ugt.fgvalicante\/\" \/>\n<meta property=\"article:published_time\" content=\"2025-02-26T06:48:03+00:00\" \/>\n<meta property=\"article:modified_time\" content=\"2025-02-26T06:49:05+00:00\" \/>\n<meta property=\"og:image\" content=\"https:\/\/ugtfgvalicante.com\/wp-content\/uploads\/2025\/02\/43502-viajeros-Tram-Alicante.jpg\" \/>\n\t<meta property=\"og:image:width\" content=\"800\" \/>\n\t<meta property=\"og:image:height\" content=\"400\" \/>\n\t<meta property=\"og:image:type\" content=\"image\/jpeg\" \/>\n<meta name=\"author\" content=\"Ugt FGV Alicante\" \/>\n<meta name=\"twitter:card\" content=\"summary_large_image\" \/>\n<meta name=\"twitter:label1\" content=\"Escrito por\" \/>\n\t<meta name=\"twitter:data1\" content=\"Ugt FGV Alicante\" \/>\n\t<meta name=\"twitter:label2\" content=\"Tiempo de lectura\" \/>\n\t<meta name=\"twitter:data2\" content=\"2 minutos\" \/>\n<script type=\"application\/ld+json\" class=\"yoast-schema-graph\">{\"@context\":\"https:\/\/schema.org\",\"@graph\":[{\"@type\":\"Article\",\"@id\":\"https:\/\/ugtfgvalicante.com\/index.php\/2025\/02\/26\/un-6-por-ciento-mas-de-usuarios-en-la-primera-semana-de-los-nuevos-horarios-y-frecuencias-de-tram-dalacant\/#article\",\"isPartOf\":{\"@id\":\"https:\/\/ugtfgvalicante.com\/index.php\/2025\/02\/26\/un-6-por-ciento-mas-de-usuarios-en-la-primera-semana-de-los-nuevos-horarios-y-frecuencias-de-tram-dalacant\/\"},\"author\":{\"name\":\"Ugt FGV Alicante\",\"@id\":\"https:\/\/ugtfgvalicante.com\/#\/schema\/person\/a1375a9c1ef53e624aa79c34b93b62e8\"},\"headline\":\"Un 6 por ciento m\u00e1s de usuarios en la primera semana de los nuevos horarios y frecuencias de Tram d\u2019Alacant\",\"datePublished\":\"2025-02-26T06:48:03+00:00\",\"dateModified\":\"2025-02-26T06:49:05+00:00\",\"mainEntityOfPage\":{\"@id\":\"https:\/\/ugtfgvalicante.com\/index.php\/2025\/02\/26\/un-6-por-ciento-mas-de-usuarios-en-la-primera-semana-de-los-nuevos-horarios-y-frecuencias-de-tram-dalacant\/\"},\"wordCount\":367,\"publisher\":{\"@id\":\"https:\/\/ugtfgvalicante.com\/#organization\"},\"image\":{\"@id\":\"https:\/\/ugtfgvalicante.com\/index.php\/2025\/02\/26\/un-6-por-ciento-mas-de-usuarios-en-la-primera-semana-de-los-nuevos-horarios-y-frecuencias-de-tram-dalacant\/#primaryimage\"},\"thumbnailUrl\":\"https:\/\/ugtfgvalicante.com\/wp-content\/uploads\/2025\/02\/43502-viajeros-Tram-Alicante.jpg\",\"articleSection\":[\"Noticias prensa\"],\"inLanguage\":\"es\"},{\"@type\":\"WebPage\",\"@id\":\"https:\/\/ugtfgvalicante.com\/index.php\/2025\/02\/26\/un-6-por-ciento-mas-de-usuarios-en-la-primera-semana-de-los-nuevos-horarios-y-frecuencias-de-tram-dalacant\/\",\"url\":\"https:\/\/ugtfgvalicante.com\/index.php\/2025\/02\/26\/un-6-por-ciento-mas-de-usuarios-en-la-primera-semana-de-los-nuevos-horarios-y-frecuencias-de-tram-dalacant\/\",\"name\":\"Un 6 por ciento m\u00e1s de usuarios en la primera semana de los nuevos horarios y frecuencias de Tram d\u2019Alacant - FGV Alicante\",\"isPartOf\":{\"@id\":\"https:\/\/ugtfgvalicante.com\/#website\"},\"primaryImageOfPage\":{\"@id\":\"https:\/\/ugtfgvalicante.com\/index.php\/2025\/02\/26\/un-6-por-ciento-mas-de-usuarios-en-la-primera-semana-de-los-nuevos-horarios-y-frecuencias-de-tram-dalacant\/#primaryimage\"},\"image\":{\"@id\":\"https:\/\/ugtfgvalicante.com\/index.php\/2025\/02\/26\/un-6-por-ciento-mas-de-usuarios-en-la-primera-semana-de-los-nuevos-horarios-y-frecuencias-de-tram-dalacant\/#primaryimage\"},\"thumbnailUrl\":\"https:\/\/ugtfgvalicante.com\/wp-content\/uploads\/2025\/02\/43502-viajeros-Tram-Alicante.jpg\",\"datePublished\":\"2025-02-26T06:48:03+00:00\",\"dateModified\":\"2025-02-26T06:49:05+00:00\",\"breadcrumb\":{\"@id\":\"https:\/\/ugtfgvalicante.com\/index.php\/2025\/02\/26\/un-6-por-ciento-mas-de-usuarios-en-la-primera-semana-de-los-nuevos-horarios-y-frecuencias-de-tram-dalacant\/#breadcrumb\"},\"inLanguage\":\"es\",\"potentialAction\":[{\"@type\":\"ReadAction\",\"target\":[\"https:\/\/ugtfgvalicante.com\/index.php\/2025\/02\/26\/un-6-por-ciento-mas-de-usuarios-en-la-primera-semana-de-los-nuevos-horarios-y-frecuencias-de-tram-dalacant\/\"]}]},{\"@type\":\"ImageObject\",\"inLanguage\":\"es\",\"@id\":\"https:\/\/ugtfgvalicante.com\/index.php\/2025\/02\/26\/un-6-por-ciento-mas-de-usuarios-en-la-primera-semana-de-los-nuevos-horarios-y-frecuencias-de-tram-dalacant\/#primaryimage\",\"url\":\"https:\/\/ugtfgvalicante.com\/wp-content\/uploads\/2025\/02\/43502-viajeros-Tram-Alicante.jpg\",\"contentUrl\":\"https:\/\/ugtfgvalicante.com\/wp-content\/uploads\/2025\/02\/43502-viajeros-Tram-Alicante.jpg\",\"width\":800,\"height\":400},{\"@type\":\"BreadcrumbList\",\"@id\":\"https:\/\/ugtfgvalicante.com\/index.php\/2025\/02\/26\/un-6-por-ciento-mas-de-usuarios-en-la-primera-semana-de-los-nuevos-horarios-y-frecuencias-de-tram-dalacant\/#breadcrumb\",\"itemListElement\":[{\"@type\":\"ListItem\",\"position\":1,\"name\":\"Portada\",\"item\":\"https:\/\/ugtfgvalicante.com\/\"},{\"@type\":\"ListItem\",\"position\":2,\"name\":\"Un 6 por ciento m\u00e1s de usuarios en la primera semana de los nuevos horarios y frecuencias de Tram d\u2019Alacant\"}]},{\"@type\":\"WebSite\",\"@id\":\"https:\/\/ugtfgvalicante.com\/#website\",\"url\":\"https:\/\/ugtfgvalicante.com\/\",\"name\":\"FGV Alicante\",\"description\":\"\",\"publisher\":{\"@id\":\"https:\/\/ugtfgvalicante.com\/#organization\"},\"potentialAction\":[{\"@type\":\"SearchAction\",\"target\":{\"@type\":\"EntryPoint\",\"urlTemplate\":\"https:\/\/ugtfgvalicante.com\/?s={search_term_string}\"},\"query-input\":{\"@type\":\"PropertyValueSpecification\",\"valueRequired\":true,\"valueName\":\"search_term_string\"}}],\"inLanguage\":\"es\"},{\"@type\":\"Organization\",\"@id\":\"https:\/\/ugtfgvalicante.com\/#organization\",\"name\":\"UGT FGV Alicante\",\"url\":\"https:\/\/ugtfgvalicante.com\/\",\"logo\":{\"@type\":\"ImageObject\",\"inLanguage\":\"es\",\"@id\":\"https:\/\/ugtfgvalicante.com\/#\/schema\/logo\/image\/\",\"url\":\"https:\/\/ugtfgvalicante.com\/wp-content\/uploads\/2022\/10\/logo-ugt-web.png\",\"contentUrl\":\"https:\/\/ugtfgvalicante.com\/wp-content\/uploads\/2022\/10\/logo-ugt-web.png\",\"width\":2283,\"height\":1126,\"caption\":\"UGT FGV Alicante\"},\"image\":{\"@id\":\"https:\/\/ugtfgvalicante.com\/#\/schema\/logo\/image\/\"},\"sameAs\":[\"https:\/\/es-es.facebook.com\/ugt.fgvalicante\/\"]},{\"@type\":\"Person\",\"@id\":\"https:\/\/ugtfgvalicante.com\/#\/schema\/person\/a1375a9c1ef53e624aa79c34b93b62e8\",\"name\":\"Ugt FGV Alicante\",\"image\":{\"@type\":\"ImageObject\",\"inLanguage\":\"es\",\"@id\":\"https:\/\/ugtfgvalicante.com\/#\/schema\/person\/image\/\",\"url\":\"https:\/\/secure.gravatar.com\/avatar\/ea41cd8456808460c6c0caa1a213c3c921573555df6b57a7ee2f16fb6f502866?s=96&d=mm&r=g\",\"contentUrl\":\"https:\/\/secure.gravatar.com\/avatar\/ea41cd8456808460c6c0caa1a213c3c921573555df6b57a7ee2f16fb6f502866?s=96&d=mm&r=g\",\"caption\":\"Ugt FGV Alicante\"},\"url\":\"https:\/\/ugtfgvalicante.com\/index.php\/author\/ggrau\/\"}]}<\/script>\n<!-- \/ Yoast SEO plugin. -->","yoast_head_json":{"title":"Un 6 por ciento m\u00e1s de usuarios en la primera semana de los nuevos horarios y frecuencias de Tram d\u2019Alacant - FGV Alicante","robots":{"index":"index","follow":"follow","max-snippet":"max-snippet:-1","max-image-preview":"max-image-preview:large","max-video-preview":"max-video-preview:-1"},"canonical":"https:\/\/ugtfgvalicante.com\/index.php\/2025\/02\/26\/un-6-por-ciento-mas-de-usuarios-en-la-primera-semana-de-los-nuevos-horarios-y-frecuencias-de-tram-dalacant\/","og_locale":"es_ES","og_type":"article","og_title":"Un 6 por ciento m\u00e1s de usuarios en la primera semana de los nuevos horarios y frecuencias de Tram d\u2019Alacant - FGV Alicante","og_description":"Ofrecen frecuencias de paso de quince minutos entre Alicante y El Campello Los nuevos horarios que aplica Tram d\u2019Alacant desde el pasado 17 de febrero [...]","og_url":"https:\/\/ugtfgvalicante.com\/index.php\/2025\/02\/26\/un-6-por-ciento-mas-de-usuarios-en-la-primera-semana-de-los-nuevos-horarios-y-frecuencias-de-tram-dalacant\/","og_site_name":"FGV Alicante","article_publisher":"https:\/\/es-es.facebook.com\/ugt.fgvalicante\/","article_published_time":"2025-02-26T06:48:03+00:00","article_modified_time":"2025-02-26T06:49:05+00:00","og_image":[{"width":800,"height":400,"url":"https:\/\/ugtfgvalicante.com\/wp-content\/uploads\/2025\/02\/43502-viajeros-Tram-Alicante.jpg","type":"image\/jpeg"}],"author":"Ugt FGV Alicante","twitter_card":"summary_large_image","twitter_misc":{"Escrito por":"Ugt FGV Alicante","Tiempo de lectura":"2 minutos"},"schema":{"@context":"https:\/\/schema.org","@graph":[{"@type":"Article","@id":"https:\/\/ugtfgvalicante.com\/index.php\/2025\/02\/26\/un-6-por-ciento-mas-de-usuarios-en-la-primera-semana-de-los-nuevos-horarios-y-frecuencias-de-tram-dalacant\/#article","isPartOf":{"@id":"https:\/\/ugtfgvalicante.com\/index.php\/2025\/02\/26\/un-6-por-ciento-mas-de-usuarios-en-la-primera-semana-de-los-nuevos-horarios-y-frecuencias-de-tram-dalacant\/"},"author":{"name":"Ugt FGV Alicante","@id":"https:\/\/ugtfgvalicante.com\/#\/schema\/person\/a1375a9c1ef53e624aa79c34b93b62e8"},"headline":"Un 6 por ciento m\u00e1s de usuarios en la primera semana de los nuevos horarios y frecuencias de Tram d\u2019Alacant","datePublished":"2025-02-26T06:48:03+00:00","dateModified":"2025-02-26T06:49:05+00:00","mainEntityOfPage":{"@id":"https:\/\/ugtfgvalicante.com\/index.php\/2025\/02\/26\/un-6-por-ciento-mas-de-usuarios-en-la-primera-semana-de-los-nuevos-horarios-y-frecuencias-de-tram-dalacant\/"},"wordCount":367,"publisher":{"@id":"https:\/\/ugtfgvalicante.com\/#organization"},"image":{"@id":"https:\/\/ugtfgvalicante.com\/index.php\/2025\/02\/26\/un-6-por-ciento-mas-de-usuarios-en-la-primera-semana-de-los-nuevos-horarios-y-frecuencias-de-tram-dalacant\/#primaryimage"},"thumbnailUrl":"https:\/\/ugtfgvalicante.com\/wp-content\/uploads\/2025\/02\/43502-viajeros-Tram-Alicante.jpg","articleSection":["Noticias prensa"],"inLanguage":"es"},{"@type":"WebPage","@id":"https:\/\/ugtfgvalicante.com\/index.php\/2025\/02\/26\/un-6-por-ciento-mas-de-usuarios-en-la-primera-semana-de-los-nuevos-horarios-y-frecuencias-de-tram-dalacant\/","url":"https:\/\/ugtfgvalicante.com\/index.php\/2025\/02\/26\/un-6-por-ciento-mas-de-usuarios-en-la-primera-semana-de-los-nuevos-horarios-y-frecuencias-de-tram-dalacant\/","name":"Un 6 por ciento m\u00e1s de usuarios en la primera semana de los nuevos horarios y frecuencias de Tram d\u2019Alacant - FGV Alicante","isPartOf":{"@id":"https:\/\/ugtfgvalicante.com\/#website"},"primaryImageOfPage":{"@id":"https:\/\/ugtfgvalicante.com\/index.php\/2025\/02\/26\/un-6-por-ciento-mas-de-usuarios-en-la-primera-semana-de-los-nuevos-horarios-y-frecuencias-de-tram-dalacant\/#primaryimage"},"image":{"@id":"https:\/\/ugtfgvalicante.com\/index.php\/2025\/02\/26\/un-6-por-ciento-mas-de-usuarios-en-la-primera-semana-de-los-nuevos-horarios-y-frecuencias-de-tram-dalacant\/#primaryimage"},"thumbnailUrl":"https:\/\/ugtfgvalicante.com\/wp-content\/uploads\/2025\/02\/43502-viajeros-Tram-Alicante.jpg","datePublished":"2025-02-26T06:48:03+00:00","dateModified":"2025-02-26T06:49:05+00:00","breadcrumb":{"@id":"https:\/\/ugtfgvalicante.com\/index.php\/2025\/02\/26\/un-6-por-ciento-mas-de-usuarios-en-la-primera-semana-de-los-nuevos-horarios-y-frecuencias-de-tram-dalacant\/#breadcrumb"},"inLanguage":"es","potentialAction":[{"@type":"ReadAction","target":["https:\/\/ugtfgvalicante.com\/index.php\/2025\/02\/26\/un-6-por-ciento-mas-de-usuarios-en-la-primera-semana-de-los-nuevos-horarios-y-frecuencias-de-tram-dalacant\/"]}]},{"@type":"ImageObject","inLanguage":"es","@id":"https:\/\/ugtfgvalicante.com\/index.php\/2025\/02\/26\/un-6-por-ciento-mas-de-usuarios-en-la-primera-semana-de-los-nuevos-horarios-y-frecuencias-de-tram-dalacant\/#primaryimage","url":"https:\/\/ugtfgvalicante.com\/wp-content\/uploads\/2025\/02\/43502-viajeros-Tram-Alicante.jpg","contentUrl":"https:\/\/ugtfgvalicante.com\/wp-content\/uploads\/2025\/02\/43502-viajeros-Tram-Alicante.jpg","width":800,"height":400},{"@type":"BreadcrumbList","@id":"https:\/\/ugtfgvalicante.com\/index.php\/2025\/02\/26\/un-6-por-ciento-mas-de-usuarios-en-la-primera-semana-de-los-nuevos-horarios-y-frecuencias-de-tram-dalacant\/#breadcrumb","itemListElement":[{"@type":"ListItem","position":1,"name":"Portada","item":"https:\/\/ugtfgvalicante.com\/"},{"@type":"ListItem","position":2,"name":"Un 6 por ciento m\u00e1s de usuarios en la primera semana de los nuevos horarios y frecuencias de Tram d\u2019Alacant"}]},{"@type":"WebSite","@id":"https:\/\/ugtfgvalicante.com\/#website","url":"https:\/\/ugtfgvalicante.com\/","name":"FGV Alicante","description":"","publisher":{"@id":"https:\/\/ugtfgvalicante.com\/#organization"},"potentialAction":[{"@type":"SearchAction","target":{"@type":"EntryPoint","urlTemplate":"https:\/\/ugtfgvalicante.com\/?s={search_term_string}"},"query-input":{"@type":"PropertyValueSpecification","valueRequired":true,"valueName":"search_term_string"}}],"inLanguage":"es"},{"@type":"Organization","@id":"https:\/\/ugtfgvalicante.com\/#organization","name":"UGT FGV Alicante","url":"https:\/\/ugtfgvalicante.com\/","logo":{"@type":"ImageObject","inLanguage":"es","@id":"https:\/\/ugtfgvalicante.com\/#\/schema\/logo\/image\/","url":"https:\/\/ugtfgvalicante.com\/wp-content\/uploads\/2022\/10\/logo-ugt-web.png","contentUrl":"https:\/\/ugtfgvalicante.com\/wp-content\/uploads\/2022\/10\/logo-ugt-web.png","width":2283,"height":1126,"caption":"UGT FGV Alicante"},"image":{"@id":"https:\/\/ugtfgvalicante.com\/#\/schema\/logo\/image\/"},"sameAs":["https:\/\/es-es.facebook.com\/ugt.fgvalicante\/"]},{"@type":"Person","@id":"https:\/\/ugtfgvalicante.com\/#\/schema\/person\/a1375a9c1ef53e624aa79c34b93b62e8","name":"Ugt FGV Alicante","image":{"@type":"ImageObject","inLanguage":"es","@id":"https:\/\/ugtfgvalicante.com\/#\/schema\/person\/image\/","url":"https:\/\/secure.gravatar.com\/avatar\/ea41cd8456808460c6c0caa1a213c3c921573555df6b57a7ee2f16fb6f502866?s=96&d=mm&r=g","contentUrl":"https:\/\/secure.gravatar.com\/avatar\/ea41cd8456808460c6c0caa1a213c3c921573555df6b57a7ee2f16fb6f502866?s=96&d=mm&r=g","caption":"Ugt FGV Alicante"},"url":"https:\/\/ugtfgvalicante.com\/index.php\/author\/ggrau\/"}]}},"_links":{"self":[{"href":"https:\/\/ugtfgvalicante.com\/index.php\/wp-json\/wp\/v2\/posts\/894","targetHints":{"allow":["GET"]}}],"collection":[{"href":"https:\/\/ugtfgvalicante.com\/index.php\/wp-json\/wp\/v2\/posts"}],"about":[{"href":"https:\/\/ugtfgvalicante.com\/index.php\/wp-json\/wp\/v2\/types\/post"}],"author":[{"embeddable":true,"href":"https:\/\/ugtfgvalicante.com\/index.php\/wp-json\/wp\/v2\/users\/4"}],"replies":[{"embeddable":true,"href":"https:\/\/ugtfgvalicante.com\/index.php\/wp-json\/wp\/v2\/comments?post=894"}],"version-history":[{"count":2,"href":"https:\/\/ugtfgvalicante.com\/index.php\/wp-json\/wp\/v2\/posts\/894\/revisions"}],"predecessor-version":[{"id":897,"href":"https:\/\/ugtfgvalicante.com\/index.php\/wp-json\/wp\/v2\/posts\/894\/revisions\/897"}],"wp:featuredmedia":[{"embeddable":true,"href":"https:\/\/ugtfgvalicante.com\/index.php\/wp-json\/wp\/v2\/media\/895"}],"wp:attachment":[{"href":"https:\/\/ugtfgvalicante.com\/index.php\/wp-json\/wp\/v2\/media?parent=894"}],"wp:term":[{"taxonomy":"category","embeddable":true,"href":"https:\/\/ugtfgvalicante.com\/index.php\/wp-json\/wp\/v2\/categories?post=894"},{"taxonomy":"post_tag","embeddable":true,"href":"https:\/\/ugtfgvalicante.com\/index.php\/wp-json\/wp\/v2\/tags?post=894"}],"curies":[{"name":"wp","href":"https:\/\/api.w.org\/{rel}","templated":true}]}}