{"id":898,"date":"2025-02-28T06:46:43","date_gmt":"2025-02-28T06:46:43","guid":{"rendered":"https:\/\/ugtfgvalicante.com\/?p=898"},"modified":"2025-02-28T06:49:08","modified_gmt":"2025-02-28T06:49:08","slug":"la-nueva-tarjeta-mobilis30-permitira-a-los-menores-de-31-anos-acceder-de-forma-gratuita-al-transporte-metropolitano-en-toda-la-comunitat","status":"publish","type":"post","link":"https:\/\/ugtfgvalicante.com\/index.php\/2025\/02\/28\/la-nueva-tarjeta-mobilis30-permitira-a-los-menores-de-31-anos-acceder-de-forma-gratuita-al-transporte-metropolitano-en-toda-la-comunitat\/","title":{"rendered":"La nueva tarjeta M\u00f3bilis30 permitir\u00e1 a los menores de 31 a\u00f1os acceder de forma gratuita al transporte metropolitano en toda la Comunitat"},"content":{"rendered":"\n<p>El conseller de Medio Ambiente, Infraestructuras y Territorio, Vicente Mart\u00ednez Mus, ha presentado la nueva tarjeta de transporte personalizada M\u00f3bilis30 que actualiza la tarjeta joven de transporte gratuito como una \u201cpropuesta pionera que permitir\u00e1 a los j\u00f3venes menores de 31 a\u00f1os acceder de forma gratuita al transporte metropolitano en toda la Comunitat Valenciana\u201d. Seg\u00fan ha se\u00f1alado el conseller, \u201cse trata de la primera tarjeta que unifica en un solo soporte el acceso a todo el transporte p\u00fablico auton\u00f3mico\u201d.<\/p>\n\n\n\n<p>Las nuevas tarjetas M\u00f3bilis30 ser\u00e1n de pl\u00e1stico y estar\u00e1n personalizadas con la fotograf\u00eda y los datos del titular. Para facilitar la transici\u00f3n del formato de cart\u00f3n al de pl\u00e1stico, se ha habilitado un tr\u00e1mite telem\u00e1tico en la p\u00e1gina web de la Generalitat para solicitar la tarjeta, que ser\u00e1 enviada directamente al domicilio del solicitante.<\/p>\n\n\n\n<p>Respecto a este nuevo t\u00edtulo, Mart\u00ednez Mus ha explicado que se trata de asegurar \u201cun marco estable a las bonificaciones de los j\u00f3venes, por lo que las nuevas tarjetas contar\u00e1n con un soporte m\u00e1s robusto y avanzado\u201d.<\/p>\n\n\n\n<p>La tarjeta M\u00f3bilis30 ser\u00e1 v\u00e1lida para utilizarse en los sistemas TRAM de Castell\u00f3, el sistema de Transporte Metropolitano de Val\u00e8ncia y el TRAM de Alacant. Esto permitir\u00e1 a los usuarios acceder al transporte p\u00fablico no solo en Alicante, sino tambi\u00e9n en Valencia y Castell\u00f3n, \u201creafirmando as\u00ed la apuesta del Consell por la vertebraci\u00f3n del territorio\u201d ha se\u00f1alado el conseller.<\/p>\n\n\n\n<p>El conseller ha explicado que la transici\u00f3n del soporte de cart\u00f3n al de pl\u00e1stico se realizar\u00e1 hasta el 1 de mayo, fecha en que los cartones actuales dejar\u00e1n de ser aceptados. A partir de entonces la gratuidad del transporte p\u00fablico para los j\u00f3venes menores de 31 a\u00f1os s\u00f3lo podr\u00e1 disfrutarse con esa tarjeta.<\/p>\n\n\n\n<h2 class=\"wp-block-heading\"><strong>\u00bfC\u00f3mo solicitar la tarjeta?<\/strong><\/h2>\n\n\n\n<p>Para recibir la nueva tarjeta, destinada a personas de menos de 31 a\u00f1os residentes en Espa\u00f1a, es necesario aportar en el tr\u00e1mite telem\u00e1tico habilitado el carnet Jove en vigor del Instituto Valenciano de la Juventud, as\u00ed como una fotograf\u00eda y copia del DNI. Los menores de 14 a\u00f1os podr\u00e1n solicitarla presentando el libro de familia en lugar del carnet Jove, junto con el DNI de la persona tutora.<\/p>\n\n\n\n<p>Una vez revisada la documentaci\u00f3n, se emitir\u00e1 la tarjeta y se enviar\u00e1 por correo ordinario al domicilio indicado en la solicitud. Es importante destacar que las tarjetas solo se emitir\u00e1n mediante este procedimiento, sin opci\u00f3n a entrega presencial. El precio del soporte ser\u00e1 el establecido en las tarifas vigentes, que actualmente es de 4 euros, y el env\u00edo a domicilio ser\u00e1 temporalmente gratuito.<\/p>\n\n\n\n<p>Antes de su utilizaci\u00f3n, los usuarios deber\u00e1n cargar el t\u00edtulo gratuito en las m\u00e1quinas de autoventa ubicadas en las estaciones de Metrovalencia. Adem\u00e1s, la tarjeta M\u00f3bilis30 servir\u00e1 como base para los futuros descuentos que se aplicar\u00e1n a partir del 30 de junio.<\/p>\n\n\n\n<p>El tr\u00e1mite para realizar la renovaci\u00f3n ya se puede realizar de forma online&nbsp;<a href=\"https:\/\/sigapunt.gva.es\/sigapunt-web\/\"><strong>en la web de la Generalitat<\/strong><\/a><\/p>\n\n\n\n<p>Fuente: <a href=\"https:\/\/www.noticiascv.com\/la-nueva-tarjeta-mobilis30-permitira-a-los-menores-de-31-anos-acceder-de-forma-gratuita-al-transporte-metropolitano-en-toda-la-comunitat\/\">nCV<\/a><\/p>\n","protected":false},"excerpt":{"rendered":"<div class=\"mh-excerpt\"><p>El conseller de Medio Ambiente, Infraestructuras y Territorio, Vicente Mart\u00ednez Mus, ha presentado la nueva tarjeta de transporte personalizada M\u00f3bilis30 que actualiza la tarjeta joven <a class=\"mh-excerpt-more\" href=\"https:\/\/ugtfgvalicante.com\/index.php\/2025\/02\/28\/la-nueva-tarjeta-mobilis30-permitira-a-los-menores-de-31-anos-acceder-de-forma-gratuita-al-transporte-metropolitano-en-toda-la-comunitat\/\" title=\"La nueva tarjeta M\u00f3bilis30 permitir\u00e1 a los menores de 31 a\u00f1os acceder de forma gratuita al transporte metropolitano en toda la Comunitat\">[&#8230;]<\/a><\/p>\n<\/div>","protected":false},"author":4,"featured_media":899,"comment_status":"closed","ping_status":"closed","sticky":false,"template":"","format":"standard","meta":{"footnotes":""},"categories":[5],"tags":[],"class_list":["post-898","post","type-post","status-publish","format-standard","has-post-thumbnail","hentry","category-noticias-prensa"],"yoast_head":"<!-- This site is optimized with the Yoast SEO plugin v26.6 - https:\/\/yoast.com\/wordpress\/plugins\/seo\/ -->\n<title>La nueva tarjeta M\u00f3bilis30 permitir\u00e1 a los menores de 31 a\u00f1os acceder de forma gratuita al transporte metropolitano en toda la Comunitat - FGV Alicante<\/title>\n<meta name=\"robots\" content=\"index, follow, max-snippet:-1, max-image-preview:large, max-video-preview:-1\" \/>\n<link rel=\"canonical\" href=\"https:\/\/ugtfgvalicante.com\/index.php\/2025\/02\/28\/la-nueva-tarjeta-mobilis30-permitira-a-los-menores-de-31-anos-acceder-de-forma-gratuita-al-transporte-metropolitano-en-toda-la-comunitat\/\" \/>\n<meta property=\"og:locale\" content=\"es_ES\" \/>\n<meta property=\"og:type\" content=\"article\" \/>\n<meta property=\"og:title\" content=\"La nueva tarjeta M\u00f3bilis30 permitir\u00e1 a los menores de 31 a\u00f1os acceder de forma gratuita al transporte metropolitano en toda la Comunitat - FGV Alicante\" \/>\n<meta property=\"og:description\" content=\"El conseller de Medio Ambiente, Infraestructuras y Territorio, Vicente Mart\u00ednez Mus, ha presentado la nueva tarjeta de transporte personalizada M\u00f3bilis30 que actualiza la tarjeta joven [...]\" \/>\n<meta property=\"og:url\" content=\"https:\/\/ugtfgvalicante.com\/index.php\/2025\/02\/28\/la-nueva-tarjeta-mobilis30-permitira-a-los-menores-de-31-anos-acceder-de-forma-gratuita-al-transporte-metropolitano-en-toda-la-comunitat\/\" \/>\n<meta property=\"og:site_name\" content=\"FGV Alicante\" \/>\n<meta property=\"article:publisher\" content=\"https:\/\/es-es.facebook.com\/ugt.fgvalicante\/\" \/>\n<meta property=\"article:published_time\" content=\"2025-02-28T06:46:43+00:00\" \/>\n<meta property=\"article:modified_time\" content=\"2025-02-28T06:49:08+00:00\" \/>\n<meta property=\"og:image\" content=\"https:\/\/ugtfgvalicante.com\/wp-content\/uploads\/2025\/02\/tram-ala-1.jpg.webp\" \/>\n\t<meta property=\"og:image:width\" content=\"980\" \/>\n\t<meta property=\"og:image:height\" content=\"653\" \/>\n\t<meta property=\"og:image:type\" content=\"image\/webp\" \/>\n<meta name=\"author\" content=\"Ugt FGV Alicante\" \/>\n<meta name=\"twitter:card\" content=\"summary_large_image\" \/>\n<meta name=\"twitter:label1\" content=\"Escrito por\" \/>\n\t<meta name=\"twitter:data1\" content=\"Ugt FGV Alicante\" \/>\n\t<meta name=\"twitter:label2\" content=\"Tiempo de lectura\" \/>\n\t<meta name=\"twitter:data2\" content=\"3 minutos\" \/>\n<script type=\"application\/ld+json\" class=\"yoast-schema-graph\">{\"@context\":\"https:\/\/schema.org\",\"@graph\":[{\"@type\":\"Article\",\"@id\":\"https:\/\/ugtfgvalicante.com\/index.php\/2025\/02\/28\/la-nueva-tarjeta-mobilis30-permitira-a-los-menores-de-31-anos-acceder-de-forma-gratuita-al-transporte-metropolitano-en-toda-la-comunitat\/#article\",\"isPartOf\":{\"@id\":\"https:\/\/ugtfgvalicante.com\/index.php\/2025\/02\/28\/la-nueva-tarjeta-mobilis30-permitira-a-los-menores-de-31-anos-acceder-de-forma-gratuita-al-transporte-metropolitano-en-toda-la-comunitat\/\"},\"author\":{\"name\":\"Ugt FGV Alicante\",\"@id\":\"https:\/\/ugtfgvalicante.com\/#\/schema\/person\/a1375a9c1ef53e624aa79c34b93b62e8\"},\"headline\":\"La nueva tarjeta M\u00f3bilis30 permitir\u00e1 a los menores de 31 a\u00f1os acceder de forma gratuita al transporte metropolitano en toda la Comunitat\",\"datePublished\":\"2025-02-28T06:46:43+00:00\",\"dateModified\":\"2025-02-28T06:49:08+00:00\",\"mainEntityOfPage\":{\"@id\":\"https:\/\/ugtfgvalicante.com\/index.php\/2025\/02\/28\/la-nueva-tarjeta-mobilis30-permitira-a-los-menores-de-31-anos-acceder-de-forma-gratuita-al-transporte-metropolitano-en-toda-la-comunitat\/\"},\"wordCount\":557,\"publisher\":{\"@id\":\"https:\/\/ugtfgvalicante.com\/#organization\"},\"image\":{\"@id\":\"https:\/\/ugtfgvalicante.com\/index.php\/2025\/02\/28\/la-nueva-tarjeta-mobilis30-permitira-a-los-menores-de-31-anos-acceder-de-forma-gratuita-al-transporte-metropolitano-en-toda-la-comunitat\/#primaryimage\"},\"thumbnailUrl\":\"https:\/\/ugtfgvalicante.com\/wp-content\/uploads\/2025\/02\/tram-ala-1.jpg.webp\",\"articleSection\":[\"Noticias prensa\"],\"inLanguage\":\"es\"},{\"@type\":\"WebPage\",\"@id\":\"https:\/\/ugtfgvalicante.com\/index.php\/2025\/02\/28\/la-nueva-tarjeta-mobilis30-permitira-a-los-menores-de-31-anos-acceder-de-forma-gratuita-al-transporte-metropolitano-en-toda-la-comunitat\/\",\"url\":\"https:\/\/ugtfgvalicante.com\/index.php\/2025\/02\/28\/la-nueva-tarjeta-mobilis30-permitira-a-los-menores-de-31-anos-acceder-de-forma-gratuita-al-transporte-metropolitano-en-toda-la-comunitat\/\",\"name\":\"La nueva tarjeta M\u00f3bilis30 permitir\u00e1 a los menores de 31 a\u00f1os acceder de forma gratuita al transporte metropolitano en toda la Comunitat - FGV Alicante\",\"isPartOf\":{\"@id\":\"https:\/\/ugtfgvalicante.com\/#website\"},\"primaryImageOfPage\":{\"@id\":\"https:\/\/ugtfgvalicante.com\/index.php\/2025\/02\/28\/la-nueva-tarjeta-mobilis30-permitira-a-los-menores-de-31-anos-acceder-de-forma-gratuita-al-transporte-metropolitano-en-toda-la-comunitat\/#primaryimage\"},\"image\":{\"@id\":\"https:\/\/ugtfgvalicante.com\/index.php\/2025\/02\/28\/la-nueva-tarjeta-mobilis30-permitira-a-los-menores-de-31-anos-acceder-de-forma-gratuita-al-transporte-metropolitano-en-toda-la-comunitat\/#primaryimage\"},\"thumbnailUrl\":\"https:\/\/ugtfgvalicante.com\/wp-content\/uploads\/2025\/02\/tram-ala-1.jpg.webp\",\"datePublished\":\"2025-02-28T06:46:43+00:00\",\"dateModified\":\"2025-02-28T06:49:08+00:00\",\"breadcrumb\":{\"@id\":\"https:\/\/ugtfgvalicante.com\/index.php\/2025\/02\/28\/la-nueva-tarjeta-mobilis30-permitira-a-los-menores-de-31-anos-acceder-de-forma-gratuita-al-transporte-metropolitano-en-toda-la-comunitat\/#breadcrumb\"},\"inLanguage\":\"es\",\"potentialAction\":[{\"@type\":\"ReadAction\",\"target\":[\"https:\/\/ugtfgvalicante.com\/index.php\/2025\/02\/28\/la-nueva-tarjeta-mobilis30-permitira-a-los-menores-de-31-anos-acceder-de-forma-gratuita-al-transporte-metropolitano-en-toda-la-comunitat\/\"]}]},{\"@type\":\"ImageObject\",\"inLanguage\":\"es\",\"@id\":\"https:\/\/ugtfgvalicante.com\/index.php\/2025\/02\/28\/la-nueva-tarjeta-mobilis30-permitira-a-los-menores-de-31-anos-acceder-de-forma-gratuita-al-transporte-metropolitano-en-toda-la-comunitat\/#primaryimage\",\"url\":\"https:\/\/ugtfgvalicante.com\/wp-content\/uploads\/2025\/02\/tram-ala-1.jpg.webp\",\"contentUrl\":\"https:\/\/ugtfgvalicante.com\/wp-content\/uploads\/2025\/02\/tram-ala-1.jpg.webp\",\"width\":980,\"height\":653},{\"@type\":\"BreadcrumbList\",\"@id\":\"https:\/\/ugtfgvalicante.com\/index.php\/2025\/02\/28\/la-nueva-tarjeta-mobilis30-permitira-a-los-menores-de-31-anos-acceder-de-forma-gratuita-al-transporte-metropolitano-en-toda-la-comunitat\/#breadcrumb\",\"itemListElement\":[{\"@type\":\"ListItem\",\"position\":1,\"name\":\"Portada\",\"item\":\"https:\/\/ugtfgvalicante.com\/\"},{\"@type\":\"ListItem\",\"position\":2,\"name\":\"La nueva tarjeta M\u00f3bilis30 permitir\u00e1 a los menores de 31 a\u00f1os acceder de forma gratuita al transporte metropolitano en toda la Comunitat\"}]},{\"@type\":\"WebSite\",\"@id\":\"https:\/\/ugtfgvalicante.com\/#website\",\"url\":\"https:\/\/ugtfgvalicante.com\/\",\"name\":\"FGV Alicante\",\"description\":\"\",\"publisher\":{\"@id\":\"https:\/\/ugtfgvalicante.com\/#organization\"},\"potentialAction\":[{\"@type\":\"SearchAction\",\"target\":{\"@type\":\"EntryPoint\",\"urlTemplate\":\"https:\/\/ugtfgvalicante.com\/?s={search_term_string}\"},\"query-input\":{\"@type\":\"PropertyValueSpecification\",\"valueRequired\":true,\"valueName\":\"search_term_string\"}}],\"inLanguage\":\"es\"},{\"@type\":\"Organization\",\"@id\":\"https:\/\/ugtfgvalicante.com\/#organization\",\"name\":\"UGT FGV Alicante\",\"url\":\"https:\/\/ugtfgvalicante.com\/\",\"logo\":{\"@type\":\"ImageObject\",\"inLanguage\":\"es\",\"@id\":\"https:\/\/ugtfgvalicante.com\/#\/schema\/logo\/image\/\",\"url\":\"https:\/\/ugtfgvalicante.com\/wp-content\/uploads\/2022\/10\/logo-ugt-web.png\",\"contentUrl\":\"https:\/\/ugtfgvalicante.com\/wp-content\/uploads\/2022\/10\/logo-ugt-web.png\",\"width\":2283,\"height\":1126,\"caption\":\"UGT FGV Alicante\"},\"image\":{\"@id\":\"https:\/\/ugtfgvalicante.com\/#\/schema\/logo\/image\/\"},\"sameAs\":[\"https:\/\/es-es.facebook.com\/ugt.fgvalicante\/\"]},{\"@type\":\"Person\",\"@id\":\"https:\/\/ugtfgvalicante.com\/#\/schema\/person\/a1375a9c1ef53e624aa79c34b93b62e8\",\"name\":\"Ugt FGV Alicante\",\"image\":{\"@type\":\"ImageObject\",\"inLanguage\":\"es\",\"@id\":\"https:\/\/ugtfgvalicante.com\/#\/schema\/person\/image\/\",\"url\":\"https:\/\/secure.gravatar.com\/avatar\/ea41cd8456808460c6c0caa1a213c3c921573555df6b57a7ee2f16fb6f502866?s=96&d=mm&r=g\",\"contentUrl\":\"https:\/\/secure.gravatar.com\/avatar\/ea41cd8456808460c6c0caa1a213c3c921573555df6b57a7ee2f16fb6f502866?s=96&d=mm&r=g\",\"caption\":\"Ugt FGV Alicante\"},\"url\":\"https:\/\/ugtfgvalicante.com\/index.php\/author\/ggrau\/\"}]}<\/script>\n<!-- \/ Yoast SEO plugin. -->","yoast_head_json":{"title":"La nueva tarjeta M\u00f3bilis30 permitir\u00e1 a los menores de 31 a\u00f1os acceder de forma gratuita al transporte metropolitano en toda la Comunitat - FGV Alicante","robots":{"index":"index","follow":"follow","max-snippet":"max-snippet:-1","max-image-preview":"max-image-preview:large","max-video-preview":"max-video-preview:-1"},"canonical":"https:\/\/ugtfgvalicante.com\/index.php\/2025\/02\/28\/la-nueva-tarjeta-mobilis30-permitira-a-los-menores-de-31-anos-acceder-de-forma-gratuita-al-transporte-metropolitano-en-toda-la-comunitat\/","og_locale":"es_ES","og_type":"article","og_title":"La nueva tarjeta M\u00f3bilis30 permitir\u00e1 a los menores de 31 a\u00f1os acceder de forma gratuita al transporte metropolitano en toda la Comunitat - FGV Alicante","og_description":"El conseller de Medio Ambiente, Infraestructuras y Territorio, Vicente Mart\u00ednez Mus, ha presentado la nueva tarjeta de transporte personalizada M\u00f3bilis30 que actualiza la tarjeta joven [...]","og_url":"https:\/\/ugtfgvalicante.com\/index.php\/2025\/02\/28\/la-nueva-tarjeta-mobilis30-permitira-a-los-menores-de-31-anos-acceder-de-forma-gratuita-al-transporte-metropolitano-en-toda-la-comunitat\/","og_site_name":"FGV Alicante","article_publisher":"https:\/\/es-es.facebook.com\/ugt.fgvalicante\/","article_published_time":"2025-02-28T06:46:43+00:00","article_modified_time":"2025-02-28T06:49:08+00:00","og_image":[{"width":980,"height":653,"url":"https:\/\/ugtfgvalicante.com\/wp-content\/uploads\/2025\/02\/tram-ala-1.jpg.webp","type":"image\/webp"}],"author":"Ugt FGV Alicante","twitter_card":"summary_large_image","twitter_misc":{"Escrito por":"Ugt FGV Alicante","Tiempo de lectura":"3 minutos"},"schema":{"@context":"https:\/\/schema.org","@graph":[{"@type":"Article","@id":"https:\/\/ugtfgvalicante.com\/index.php\/2025\/02\/28\/la-nueva-tarjeta-mobilis30-permitira-a-los-menores-de-31-anos-acceder-de-forma-gratuita-al-transporte-metropolitano-en-toda-la-comunitat\/#article","isPartOf":{"@id":"https:\/\/ugtfgvalicante.com\/index.php\/2025\/02\/28\/la-nueva-tarjeta-mobilis30-permitira-a-los-menores-de-31-anos-acceder-de-forma-gratuita-al-transporte-metropolitano-en-toda-la-comunitat\/"},"author":{"name":"Ugt FGV Alicante","@id":"https:\/\/ugtfgvalicante.com\/#\/schema\/person\/a1375a9c1ef53e624aa79c34b93b62e8"},"headline":"La nueva tarjeta M\u00f3bilis30 permitir\u00e1 a los menores de 31 a\u00f1os acceder de forma gratuita al transporte metropolitano en toda la Comunitat","datePublished":"2025-02-28T06:46:43+00:00","dateModified":"2025-02-28T06:49:08+00:00","mainEntityOfPage":{"@id":"https:\/\/ugtfgvalicante.com\/index.php\/2025\/02\/28\/la-nueva-tarjeta-mobilis30-permitira-a-los-menores-de-31-anos-acceder-de-forma-gratuita-al-transporte-metropolitano-en-toda-la-comunitat\/"},"wordCount":557,"publisher":{"@id":"https:\/\/ugtfgvalicante.com\/#organization"},"image":{"@id":"https:\/\/ugtfgvalicante.com\/index.php\/2025\/02\/28\/la-nueva-tarjeta-mobilis30-permitira-a-los-menores-de-31-anos-acceder-de-forma-gratuita-al-transporte-metropolitano-en-toda-la-comunitat\/#primaryimage"},"thumbnailUrl":"https:\/\/ugtfgvalicante.com\/wp-content\/uploads\/2025\/02\/tram-ala-1.jpg.webp","articleSection":["Noticias prensa"],"inLanguage":"es"},{"@type":"WebPage","@id":"https:\/\/ugtfgvalicante.com\/index.php\/2025\/02\/28\/la-nueva-tarjeta-mobilis30-permitira-a-los-menores-de-31-anos-acceder-de-forma-gratuita-al-transporte-metropolitano-en-toda-la-comunitat\/","url":"https:\/\/ugtfgvalicante.com\/index.php\/2025\/02\/28\/la-nueva-tarjeta-mobilis30-permitira-a-los-menores-de-31-anos-acceder-de-forma-gratuita-al-transporte-metropolitano-en-toda-la-comunitat\/","name":"La nueva tarjeta M\u00f3bilis30 permitir\u00e1 a los menores de 31 a\u00f1os acceder de forma gratuita al transporte metropolitano en toda la Comunitat - FGV Alicante","isPartOf":{"@id":"https:\/\/ugtfgvalicante.com\/#website"},"primaryImageOfPage":{"@id":"https:\/\/ugtfgvalicante.com\/index.php\/2025\/02\/28\/la-nueva-tarjeta-mobilis30-permitira-a-los-menores-de-31-anos-acceder-de-forma-gratuita-al-transporte-metropolitano-en-toda-la-comunitat\/#primaryimage"},"image":{"@id":"https:\/\/ugtfgvalicante.com\/index.php\/2025\/02\/28\/la-nueva-tarjeta-mobilis30-permitira-a-los-menores-de-31-anos-acceder-de-forma-gratuita-al-transporte-metropolitano-en-toda-la-comunitat\/#primaryimage"},"thumbnailUrl":"https:\/\/ugtfgvalicante.com\/wp-content\/uploads\/2025\/02\/tram-ala-1.jpg.webp","datePublished":"2025-02-28T06:46:43+00:00","dateModified":"2025-02-28T06:49:08+00:00","breadcrumb":{"@id":"https:\/\/ugtfgvalicante.com\/index.php\/2025\/02\/28\/la-nueva-tarjeta-mobilis30-permitira-a-los-menores-de-31-anos-acceder-de-forma-gratuita-al-transporte-metropolitano-en-toda-la-comunitat\/#breadcrumb"},"inLanguage":"es","potentialAction":[{"@type":"ReadAction","target":["https:\/\/ugtfgvalicante.com\/index.php\/2025\/02\/28\/la-nueva-tarjeta-mobilis30-permitira-a-los-menores-de-31-anos-acceder-de-forma-gratuita-al-transporte-metropolitano-en-toda-la-comunitat\/"]}]},{"@type":"ImageObject","inLanguage":"es","@id":"https:\/\/ugtfgvalicante.com\/index.php\/2025\/02\/28\/la-nueva-tarjeta-mobilis30-permitira-a-los-menores-de-31-anos-acceder-de-forma-gratuita-al-transporte-metropolitano-en-toda-la-comunitat\/#primaryimage","url":"https:\/\/ugtfgvalicante.com\/wp-content\/uploads\/2025\/02\/tram-ala-1.jpg.webp","contentUrl":"https:\/\/ugtfgvalicante.com\/wp-content\/uploads\/2025\/02\/tram-ala-1.jpg.webp","width":980,"height":653},{"@type":"BreadcrumbList","@id":"https:\/\/ugtfgvalicante.com\/index.php\/2025\/02\/28\/la-nueva-tarjeta-mobilis30-permitira-a-los-menores-de-31-anos-acceder-de-forma-gratuita-al-transporte-metropolitano-en-toda-la-comunitat\/#breadcrumb","itemListElement":[{"@type":"ListItem","position":1,"name":"Portada","item":"https:\/\/ugtfgvalicante.com\/"},{"@type":"ListItem","position":2,"name":"La nueva tarjeta M\u00f3bilis30 permitir\u00e1 a los menores de 31 a\u00f1os acceder de forma gratuita al transporte metropolitano en toda la Comunitat"}]},{"@type":"WebSite","@id":"https:\/\/ugtfgvalicante.com\/#website","url":"https:\/\/ugtfgvalicante.com\/","name":"FGV Alicante","description":"","publisher":{"@id":"https:\/\/ugtfgvalicante.com\/#organization"},"potentialAction":[{"@type":"SearchAction","target":{"@type":"EntryPoint","urlTemplate":"https:\/\/ugtfgvalicante.com\/?s={search_term_string}"},"query-input":{"@type":"PropertyValueSpecification","valueRequired":true,"valueName":"search_term_string"}}],"inLanguage":"es"},{"@type":"Organization","@id":"https:\/\/ugtfgvalicante.com\/#organization","name":"UGT FGV Alicante","url":"https:\/\/ugtfgvalicante.com\/","logo":{"@type":"ImageObject","inLanguage":"es","@id":"https:\/\/ugtfgvalicante.com\/#\/schema\/logo\/image\/","url":"https:\/\/ugtfgvalicante.com\/wp-content\/uploads\/2022\/10\/logo-ugt-web.png","contentUrl":"https:\/\/ugtfgvalicante.com\/wp-content\/uploads\/2022\/10\/logo-ugt-web.png","width":2283,"height":1126,"caption":"UGT FGV Alicante"},"image":{"@id":"https:\/\/ugtfgvalicante.com\/#\/schema\/logo\/image\/"},"sameAs":["https:\/\/es-es.facebook.com\/ugt.fgvalicante\/"]},{"@type":"Person","@id":"https:\/\/ugtfgvalicante.com\/#\/schema\/person\/a1375a9c1ef53e624aa79c34b93b62e8","name":"Ugt FGV Alicante","image":{"@type":"ImageObject","inLanguage":"es","@id":"https:\/\/ugtfgvalicante.com\/#\/schema\/person\/image\/","url":"https:\/\/secure.gravatar.com\/avatar\/ea41cd8456808460c6c0caa1a213c3c921573555df6b57a7ee2f16fb6f502866?s=96&d=mm&r=g","contentUrl":"https:\/\/secure.gravatar.com\/avatar\/ea41cd8456808460c6c0caa1a213c3c921573555df6b57a7ee2f16fb6f502866?s=96&d=mm&r=g","caption":"Ugt FGV Alicante"},"url":"https:\/\/ugtfgvalicante.com\/index.php\/author\/ggrau\/"}]}},"_links":{"self":[{"href":"https:\/\/ugtfgvalicante.com\/index.php\/wp-json\/wp\/v2\/posts\/898","targetHints":{"allow":["GET"]}}],"collection":[{"href":"https:\/\/ugtfgvalicante.com\/index.php\/wp-json\/wp\/v2\/posts"}],"about":[{"href":"https:\/\/ugtfgvalicante.com\/index.php\/wp-json\/wp\/v2\/types\/post"}],"author":[{"embeddable":true,"href":"https:\/\/ugtfgvalicante.com\/index.php\/wp-json\/wp\/v2\/users\/4"}],"replies":[{"embeddable":true,"href":"https:\/\/ugtfgvalicante.com\/index.php\/wp-json\/wp\/v2\/comments?post=898"}],"version-history":[{"count":1,"href":"https:\/\/ugtfgvalicante.com\/index.php\/wp-json\/wp\/v2\/posts\/898\/revisions"}],"predecessor-version":[{"id":900,"href":"https:\/\/ugtfgvalicante.com\/index.php\/wp-json\/wp\/v2\/posts\/898\/revisions\/900"}],"wp:featuredmedia":[{"embeddable":true,"href":"https:\/\/ugtfgvalicante.com\/index.php\/wp-json\/wp\/v2\/media\/899"}],"wp:attachment":[{"href":"https:\/\/ugtfgvalicante.com\/index.php\/wp-json\/wp\/v2\/media?parent=898"}],"wp:term":[{"taxonomy":"category","embeddable":true,"href":"https:\/\/ugtfgvalicante.com\/index.php\/wp-json\/wp\/v2\/categories?post=898"},{"taxonomy":"post_tag","embeddable":true,"href":"https:\/\/ugtfgvalicante.com\/index.php\/wp-json\/wp\/v2\/tags?post=898"}],"curies":[{"name":"wp","href":"https:\/\/api.w.org\/{rel}","templated":true}]}}