{"id":914,"date":"2025-03-21T08:00:09","date_gmt":"2025-03-21T08:00:09","guid":{"rendered":"https:\/\/ugtfgvalicante.com\/?p=914"},"modified":"2025-03-21T08:00:10","modified_gmt":"2025-03-21T08:00:10","slug":"este-dia-dejara-de-funcionar-la-tarjeta-gratuita-de-autobus-y-tram-para-menores-de-30-en-alicante","status":"publish","type":"post","link":"https:\/\/ugtfgvalicante.com\/index.php\/2025\/03\/21\/este-dia-dejara-de-funcionar-la-tarjeta-gratuita-de-autobus-y-tram-para-menores-de-30-en-alicante\/","title":{"rendered":"Este d\u00eda dejar\u00e1 de funcionar la tarjeta gratuita de autob\u00fas y TRAM para menores de 30 en Alicante"},"content":{"rendered":"\n<h2 class=\"wp-block-heading\">Los usuarios del actual servicio de transporte para j\u00f3venes deber\u00e1n realizar el cambio para poder seguir disfrutando de esta ventaja<\/h2>\n\n\n\n<p>Los<strong>&nbsp;j\u00f3venes menores de 31 a\u00f1os<\/strong>&nbsp;que actualmente disfrutan de&nbsp;<strong>la tarjeta de transporte gratuito<\/strong>&nbsp;en&nbsp;<a href=\"https:\/\/www.informacion.es\/alicante\/\">Alicante<\/a>&nbsp;deber\u00e1n prepararse para realizar un cambio. La&nbsp;<strong>actual tarjeta joven<\/strong>, que da servicio en los&nbsp;<strong>autobuses interubanos<\/strong>&nbsp;y en el&nbsp;<strong>TRAM de Alicante<\/strong>, dejar\u00e1 de estar operativa el&nbsp;<strong>pr\u00f3ximo 30 de abril de 2025<\/strong>, seg\u00fan ha informado la empresa responsable del servicio de transporte p\u00fablico en la ciudad.<\/p>\n\n\n\n<h2 class=\"wp-block-heading\">Seguir viajando gratis<\/h2>\n\n\n\n<p>A partir del&nbsp;<strong>1 de mayo de 2025<\/strong>, las tarjetas antiguas&nbsp;<strong>no ser\u00e1n admitidas<\/strong>, por lo que los usuarios deber\u00e1n obtener la<strong>&nbsp;nueva tarjeta MOBILIS 30<\/strong>&nbsp;para seguir benefici\u00e1ndose de la gratuidad del transporte p\u00fablico. Este nuevo soporte ser\u00e1 de&nbsp;<strong>pl\u00e1stico<\/strong>&nbsp;y personalizado, incluyendo la f<strong>otograf\u00eda y los datos del titular<\/strong>. Adem\u00e1s, se convertir\u00e1 en la base para la aplicaci\u00f3n de&nbsp;<a href=\"https:\/\/www.informacion.es\/videos\/alicante\/2024\/07\/01\/sorpresa-primer-dia-bus-gratuito-104778554.html\"><strong>futuros descuentos<\/strong><\/a><strong>&nbsp;en el servicio a partir del 30 de junio de 2025<\/strong><\/p>\n\n\n\n<p>Para facilitar la transici\u00f3n, la&nbsp;<a href=\"https:\/\/mediambient.gva.es\/es\/web\/movilidad\/mobilitat\"><strong>Conselleria de Medio Ambiente<\/strong><\/a><strong>, Infraestructuras y Territorio&nbsp;<\/strong>ha habilitado&nbsp;<strong>un enlace<\/strong>&nbsp;en el que los usuarios pueden realizar el tr\u00e1mite de solicitud de manera telem\u00e1tica:&nbsp;<a href=\"https:\/\/sigapunt.gva.es\/sigapunt-web\/\"><strong>https:\/\/sigapunt.gva.es\/sigapunt-web\/<\/strong><\/a><strong>.<\/strong><\/p>\n\n\n\n<h2 class=\"wp-block-heading\">C\u00f3mo solicitar la nueva tarjeta<\/h2>\n\n\n\n<p>La nueva tarjeta est\u00e1 destinada a personas&nbsp;<strong>menores de 31 a\u00f1os<\/strong>&nbsp;residentes en Espa\u00f1a. Para obtenerla, los interesados deben consultar la<strong>&nbsp;documentaci\u00f3n requerida&nbsp;<\/strong>en la misma web de solicitud.<\/p>\n\n\n\n<p>El tr\u00e1mite es&nbsp;<strong>completamente online<\/strong>&nbsp;y, una vez aprobado, la tarjeta ser\u00e1 enviada al domicilio indicado por correo ordinario de manera gratuita (temporalmente). Sin embargo, el soporte f\u00edsico de la tarjeta tendr\u00e1 un&nbsp;<strong>coste de 4 euros.<\/strong><\/p>\n\n\n\n<p>Fuente:<a href=\"https:\/\/www.informacion.es\/alicante\/2025\/03\/19\/dia-dejara-funcionar-tarjeta-autobus-alicante-115478267.html\"> informacion.es<\/a><\/p>\n\n\n\n<p><\/p>\n","protected":false},"excerpt":{"rendered":"<div class=\"mh-excerpt\"><p>Los usuarios del actual servicio de transporte para j\u00f3venes deber\u00e1n realizar el cambio para poder seguir disfrutando de esta ventaja Los&nbsp;j\u00f3venes menores de 31 a\u00f1os&nbsp;que <a class=\"mh-excerpt-more\" href=\"https:\/\/ugtfgvalicante.com\/index.php\/2025\/03\/21\/este-dia-dejara-de-funcionar-la-tarjeta-gratuita-de-autobus-y-tram-para-menores-de-30-en-alicante\/\" title=\"Este d\u00eda dejar\u00e1 de funcionar la tarjeta gratuita de autob\u00fas y TRAM para menores de 30 en Alicante\">[&#8230;]<\/a><\/p>\n<\/div>","protected":false},"author":4,"featured_media":915,"comment_status":"closed","ping_status":"closed","sticky":false,"template":"","format":"standard","meta":{"footnotes":""},"categories":[5],"tags":[],"class_list":["post-914","post","type-post","status-publish","format-standard","has-post-thumbnail","hentry","category-noticias-prensa"],"yoast_head":"<!-- This site is optimized with the Yoast SEO plugin v26.6 - https:\/\/yoast.com\/wordpress\/plugins\/seo\/ -->\n<title>Este d\u00eda dejar\u00e1 de funcionar la tarjeta gratuita de autob\u00fas y TRAM para menores de 30 en Alicante - FGV Alicante<\/title>\n<meta name=\"robots\" content=\"index, follow, max-snippet:-1, max-image-preview:large, max-video-preview:-1\" \/>\n<link rel=\"canonical\" href=\"https:\/\/ugtfgvalicante.com\/index.php\/2025\/03\/21\/este-dia-dejara-de-funcionar-la-tarjeta-gratuita-de-autobus-y-tram-para-menores-de-30-en-alicante\/\" \/>\n<meta property=\"og:locale\" content=\"es_ES\" \/>\n<meta property=\"og:type\" content=\"article\" \/>\n<meta property=\"og:title\" content=\"Este d\u00eda dejar\u00e1 de funcionar la tarjeta gratuita de autob\u00fas y TRAM para menores de 30 en Alicante - FGV Alicante\" \/>\n<meta property=\"og:description\" content=\"Los usuarios del actual servicio de transporte para j\u00f3venes deber\u00e1n realizar el cambio para poder seguir disfrutando de esta ventaja Los&nbsp;j\u00f3venes menores de 31 a\u00f1os&nbsp;que [...]\" \/>\n<meta property=\"og:url\" content=\"https:\/\/ugtfgvalicante.com\/index.php\/2025\/03\/21\/este-dia-dejara-de-funcionar-la-tarjeta-gratuita-de-autobus-y-tram-para-menores-de-30-en-alicante\/\" \/>\n<meta property=\"og:site_name\" content=\"FGV Alicante\" \/>\n<meta property=\"article:publisher\" content=\"https:\/\/es-es.facebook.com\/ugt.fgvalicante\/\" \/>\n<meta property=\"article:published_time\" content=\"2025-03-21T08:00:09+00:00\" \/>\n<meta property=\"article:modified_time\" content=\"2025-03-21T08:00:10+00:00\" \/>\n<meta property=\"og:image\" content=\"https:\/\/ugtfgvalicante.com\/wp-content\/uploads\/2025\/03\/909756a6-b00e-4e93-9670-8c3cafa11ca4_16-9-discover-aspect-ratio_default_0.webp\" \/>\n\t<meta property=\"og:image:width\" content=\"1200\" \/>\n\t<meta property=\"og:image:height\" content=\"675\" \/>\n\t<meta property=\"og:image:type\" content=\"image\/webp\" \/>\n<meta name=\"author\" content=\"Ugt FGV Alicante\" \/>\n<meta name=\"twitter:card\" content=\"summary_large_image\" \/>\n<meta name=\"twitter:label1\" content=\"Escrito por\" \/>\n\t<meta name=\"twitter:data1\" content=\"Ugt FGV Alicante\" \/>\n\t<meta name=\"twitter:label2\" content=\"Tiempo de lectura\" \/>\n\t<meta name=\"twitter:data2\" content=\"2 minutos\" \/>\n<script type=\"application\/ld+json\" class=\"yoast-schema-graph\">{\"@context\":\"https:\/\/schema.org\",\"@graph\":[{\"@type\":\"Article\",\"@id\":\"https:\/\/ugtfgvalicante.com\/index.php\/2025\/03\/21\/este-dia-dejara-de-funcionar-la-tarjeta-gratuita-de-autobus-y-tram-para-menores-de-30-en-alicante\/#article\",\"isPartOf\":{\"@id\":\"https:\/\/ugtfgvalicante.com\/index.php\/2025\/03\/21\/este-dia-dejara-de-funcionar-la-tarjeta-gratuita-de-autobus-y-tram-para-menores-de-30-en-alicante\/\"},\"author\":{\"name\":\"Ugt FGV Alicante\",\"@id\":\"https:\/\/ugtfgvalicante.com\/#\/schema\/person\/a1375a9c1ef53e624aa79c34b93b62e8\"},\"headline\":\"Este d\u00eda dejar\u00e1 de funcionar la tarjeta gratuita de autob\u00fas y TRAM para menores de 30 en Alicante\",\"datePublished\":\"2025-03-21T08:00:09+00:00\",\"dateModified\":\"2025-03-21T08:00:10+00:00\",\"mainEntityOfPage\":{\"@id\":\"https:\/\/ugtfgvalicante.com\/index.php\/2025\/03\/21\/este-dia-dejara-de-funcionar-la-tarjeta-gratuita-de-autobus-y-tram-para-menores-de-30-en-alicante\/\"},\"wordCount\":336,\"publisher\":{\"@id\":\"https:\/\/ugtfgvalicante.com\/#organization\"},\"image\":{\"@id\":\"https:\/\/ugtfgvalicante.com\/index.php\/2025\/03\/21\/este-dia-dejara-de-funcionar-la-tarjeta-gratuita-de-autobus-y-tram-para-menores-de-30-en-alicante\/#primaryimage\"},\"thumbnailUrl\":\"https:\/\/ugtfgvalicante.com\/wp-content\/uploads\/2025\/03\/909756a6-b00e-4e93-9670-8c3cafa11ca4_16-9-discover-aspect-ratio_default_0.webp\",\"articleSection\":[\"Noticias prensa\"],\"inLanguage\":\"es\"},{\"@type\":\"WebPage\",\"@id\":\"https:\/\/ugtfgvalicante.com\/index.php\/2025\/03\/21\/este-dia-dejara-de-funcionar-la-tarjeta-gratuita-de-autobus-y-tram-para-menores-de-30-en-alicante\/\",\"url\":\"https:\/\/ugtfgvalicante.com\/index.php\/2025\/03\/21\/este-dia-dejara-de-funcionar-la-tarjeta-gratuita-de-autobus-y-tram-para-menores-de-30-en-alicante\/\",\"name\":\"Este d\u00eda dejar\u00e1 de funcionar la tarjeta gratuita de autob\u00fas y TRAM para menores de 30 en Alicante - FGV Alicante\",\"isPartOf\":{\"@id\":\"https:\/\/ugtfgvalicante.com\/#website\"},\"primaryImageOfPage\":{\"@id\":\"https:\/\/ugtfgvalicante.com\/index.php\/2025\/03\/21\/este-dia-dejara-de-funcionar-la-tarjeta-gratuita-de-autobus-y-tram-para-menores-de-30-en-alicante\/#primaryimage\"},\"image\":{\"@id\":\"https:\/\/ugtfgvalicante.com\/index.php\/2025\/03\/21\/este-dia-dejara-de-funcionar-la-tarjeta-gratuita-de-autobus-y-tram-para-menores-de-30-en-alicante\/#primaryimage\"},\"thumbnailUrl\":\"https:\/\/ugtfgvalicante.com\/wp-content\/uploads\/2025\/03\/909756a6-b00e-4e93-9670-8c3cafa11ca4_16-9-discover-aspect-ratio_default_0.webp\",\"datePublished\":\"2025-03-21T08:00:09+00:00\",\"dateModified\":\"2025-03-21T08:00:10+00:00\",\"breadcrumb\":{\"@id\":\"https:\/\/ugtfgvalicante.com\/index.php\/2025\/03\/21\/este-dia-dejara-de-funcionar-la-tarjeta-gratuita-de-autobus-y-tram-para-menores-de-30-en-alicante\/#breadcrumb\"},\"inLanguage\":\"es\",\"potentialAction\":[{\"@type\":\"ReadAction\",\"target\":[\"https:\/\/ugtfgvalicante.com\/index.php\/2025\/03\/21\/este-dia-dejara-de-funcionar-la-tarjeta-gratuita-de-autobus-y-tram-para-menores-de-30-en-alicante\/\"]}]},{\"@type\":\"ImageObject\",\"inLanguage\":\"es\",\"@id\":\"https:\/\/ugtfgvalicante.com\/index.php\/2025\/03\/21\/este-dia-dejara-de-funcionar-la-tarjeta-gratuita-de-autobus-y-tram-para-menores-de-30-en-alicante\/#primaryimage\",\"url\":\"https:\/\/ugtfgvalicante.com\/wp-content\/uploads\/2025\/03\/909756a6-b00e-4e93-9670-8c3cafa11ca4_16-9-discover-aspect-ratio_default_0.webp\",\"contentUrl\":\"https:\/\/ugtfgvalicante.com\/wp-content\/uploads\/2025\/03\/909756a6-b00e-4e93-9670-8c3cafa11ca4_16-9-discover-aspect-ratio_default_0.webp\",\"width\":1200,\"height\":675},{\"@type\":\"BreadcrumbList\",\"@id\":\"https:\/\/ugtfgvalicante.com\/index.php\/2025\/03\/21\/este-dia-dejara-de-funcionar-la-tarjeta-gratuita-de-autobus-y-tram-para-menores-de-30-en-alicante\/#breadcrumb\",\"itemListElement\":[{\"@type\":\"ListItem\",\"position\":1,\"name\":\"Portada\",\"item\":\"https:\/\/ugtfgvalicante.com\/\"},{\"@type\":\"ListItem\",\"position\":2,\"name\":\"Este d\u00eda dejar\u00e1 de funcionar la tarjeta gratuita de autob\u00fas y TRAM para menores de 30 en Alicante\"}]},{\"@type\":\"WebSite\",\"@id\":\"https:\/\/ugtfgvalicante.com\/#website\",\"url\":\"https:\/\/ugtfgvalicante.com\/\",\"name\":\"FGV Alicante\",\"description\":\"\",\"publisher\":{\"@id\":\"https:\/\/ugtfgvalicante.com\/#organization\"},\"potentialAction\":[{\"@type\":\"SearchAction\",\"target\":{\"@type\":\"EntryPoint\",\"urlTemplate\":\"https:\/\/ugtfgvalicante.com\/?s={search_term_string}\"},\"query-input\":{\"@type\":\"PropertyValueSpecification\",\"valueRequired\":true,\"valueName\":\"search_term_string\"}}],\"inLanguage\":\"es\"},{\"@type\":\"Organization\",\"@id\":\"https:\/\/ugtfgvalicante.com\/#organization\",\"name\":\"UGT FGV Alicante\",\"url\":\"https:\/\/ugtfgvalicante.com\/\",\"logo\":{\"@type\":\"ImageObject\",\"inLanguage\":\"es\",\"@id\":\"https:\/\/ugtfgvalicante.com\/#\/schema\/logo\/image\/\",\"url\":\"https:\/\/ugtfgvalicante.com\/wp-content\/uploads\/2022\/10\/logo-ugt-web.png\",\"contentUrl\":\"https:\/\/ugtfgvalicante.com\/wp-content\/uploads\/2022\/10\/logo-ugt-web.png\",\"width\":2283,\"height\":1126,\"caption\":\"UGT FGV Alicante\"},\"image\":{\"@id\":\"https:\/\/ugtfgvalicante.com\/#\/schema\/logo\/image\/\"},\"sameAs\":[\"https:\/\/es-es.facebook.com\/ugt.fgvalicante\/\"]},{\"@type\":\"Person\",\"@id\":\"https:\/\/ugtfgvalicante.com\/#\/schema\/person\/a1375a9c1ef53e624aa79c34b93b62e8\",\"name\":\"Ugt FGV Alicante\",\"image\":{\"@type\":\"ImageObject\",\"inLanguage\":\"es\",\"@id\":\"https:\/\/ugtfgvalicante.com\/#\/schema\/person\/image\/\",\"url\":\"https:\/\/secure.gravatar.com\/avatar\/ea41cd8456808460c6c0caa1a213c3c921573555df6b57a7ee2f16fb6f502866?s=96&d=mm&r=g\",\"contentUrl\":\"https:\/\/secure.gravatar.com\/avatar\/ea41cd8456808460c6c0caa1a213c3c921573555df6b57a7ee2f16fb6f502866?s=96&d=mm&r=g\",\"caption\":\"Ugt FGV Alicante\"},\"url\":\"https:\/\/ugtfgvalicante.com\/index.php\/author\/ggrau\/\"}]}<\/script>\n<!-- \/ Yoast SEO plugin. -->","yoast_head_json":{"title":"Este d\u00eda dejar\u00e1 de funcionar la tarjeta gratuita de autob\u00fas y TRAM para menores de 30 en Alicante - FGV Alicante","robots":{"index":"index","follow":"follow","max-snippet":"max-snippet:-1","max-image-preview":"max-image-preview:large","max-video-preview":"max-video-preview:-1"},"canonical":"https:\/\/ugtfgvalicante.com\/index.php\/2025\/03\/21\/este-dia-dejara-de-funcionar-la-tarjeta-gratuita-de-autobus-y-tram-para-menores-de-30-en-alicante\/","og_locale":"es_ES","og_type":"article","og_title":"Este d\u00eda dejar\u00e1 de funcionar la tarjeta gratuita de autob\u00fas y TRAM para menores de 30 en Alicante - FGV Alicante","og_description":"Los usuarios del actual servicio de transporte para j\u00f3venes deber\u00e1n realizar el cambio para poder seguir disfrutando de esta ventaja Los&nbsp;j\u00f3venes menores de 31 a\u00f1os&nbsp;que [...]","og_url":"https:\/\/ugtfgvalicante.com\/index.php\/2025\/03\/21\/este-dia-dejara-de-funcionar-la-tarjeta-gratuita-de-autobus-y-tram-para-menores-de-30-en-alicante\/","og_site_name":"FGV Alicante","article_publisher":"https:\/\/es-es.facebook.com\/ugt.fgvalicante\/","article_published_time":"2025-03-21T08:00:09+00:00","article_modified_time":"2025-03-21T08:00:10+00:00","og_image":[{"width":1200,"height":675,"url":"https:\/\/ugtfgvalicante.com\/wp-content\/uploads\/2025\/03\/909756a6-b00e-4e93-9670-8c3cafa11ca4_16-9-discover-aspect-ratio_default_0.webp","type":"image\/webp"}],"author":"Ugt FGV Alicante","twitter_card":"summary_large_image","twitter_misc":{"Escrito por":"Ugt FGV Alicante","Tiempo de lectura":"2 minutos"},"schema":{"@context":"https:\/\/schema.org","@graph":[{"@type":"Article","@id":"https:\/\/ugtfgvalicante.com\/index.php\/2025\/03\/21\/este-dia-dejara-de-funcionar-la-tarjeta-gratuita-de-autobus-y-tram-para-menores-de-30-en-alicante\/#article","isPartOf":{"@id":"https:\/\/ugtfgvalicante.com\/index.php\/2025\/03\/21\/este-dia-dejara-de-funcionar-la-tarjeta-gratuita-de-autobus-y-tram-para-menores-de-30-en-alicante\/"},"author":{"name":"Ugt FGV Alicante","@id":"https:\/\/ugtfgvalicante.com\/#\/schema\/person\/a1375a9c1ef53e624aa79c34b93b62e8"},"headline":"Este d\u00eda dejar\u00e1 de funcionar la tarjeta gratuita de autob\u00fas y TRAM para menores de 30 en Alicante","datePublished":"2025-03-21T08:00:09+00:00","dateModified":"2025-03-21T08:00:10+00:00","mainEntityOfPage":{"@id":"https:\/\/ugtfgvalicante.com\/index.php\/2025\/03\/21\/este-dia-dejara-de-funcionar-la-tarjeta-gratuita-de-autobus-y-tram-para-menores-de-30-en-alicante\/"},"wordCount":336,"publisher":{"@id":"https:\/\/ugtfgvalicante.com\/#organization"},"image":{"@id":"https:\/\/ugtfgvalicante.com\/index.php\/2025\/03\/21\/este-dia-dejara-de-funcionar-la-tarjeta-gratuita-de-autobus-y-tram-para-menores-de-30-en-alicante\/#primaryimage"},"thumbnailUrl":"https:\/\/ugtfgvalicante.com\/wp-content\/uploads\/2025\/03\/909756a6-b00e-4e93-9670-8c3cafa11ca4_16-9-discover-aspect-ratio_default_0.webp","articleSection":["Noticias prensa"],"inLanguage":"es"},{"@type":"WebPage","@id":"https:\/\/ugtfgvalicante.com\/index.php\/2025\/03\/21\/este-dia-dejara-de-funcionar-la-tarjeta-gratuita-de-autobus-y-tram-para-menores-de-30-en-alicante\/","url":"https:\/\/ugtfgvalicante.com\/index.php\/2025\/03\/21\/este-dia-dejara-de-funcionar-la-tarjeta-gratuita-de-autobus-y-tram-para-menores-de-30-en-alicante\/","name":"Este d\u00eda dejar\u00e1 de funcionar la tarjeta gratuita de autob\u00fas y TRAM para menores de 30 en Alicante - FGV Alicante","isPartOf":{"@id":"https:\/\/ugtfgvalicante.com\/#website"},"primaryImageOfPage":{"@id":"https:\/\/ugtfgvalicante.com\/index.php\/2025\/03\/21\/este-dia-dejara-de-funcionar-la-tarjeta-gratuita-de-autobus-y-tram-para-menores-de-30-en-alicante\/#primaryimage"},"image":{"@id":"https:\/\/ugtfgvalicante.com\/index.php\/2025\/03\/21\/este-dia-dejara-de-funcionar-la-tarjeta-gratuita-de-autobus-y-tram-para-menores-de-30-en-alicante\/#primaryimage"},"thumbnailUrl":"https:\/\/ugtfgvalicante.com\/wp-content\/uploads\/2025\/03\/909756a6-b00e-4e93-9670-8c3cafa11ca4_16-9-discover-aspect-ratio_default_0.webp","datePublished":"2025-03-21T08:00:09+00:00","dateModified":"2025-03-21T08:00:10+00:00","breadcrumb":{"@id":"https:\/\/ugtfgvalicante.com\/index.php\/2025\/03\/21\/este-dia-dejara-de-funcionar-la-tarjeta-gratuita-de-autobus-y-tram-para-menores-de-30-en-alicante\/#breadcrumb"},"inLanguage":"es","potentialAction":[{"@type":"ReadAction","target":["https:\/\/ugtfgvalicante.com\/index.php\/2025\/03\/21\/este-dia-dejara-de-funcionar-la-tarjeta-gratuita-de-autobus-y-tram-para-menores-de-30-en-alicante\/"]}]},{"@type":"ImageObject","inLanguage":"es","@id":"https:\/\/ugtfgvalicante.com\/index.php\/2025\/03\/21\/este-dia-dejara-de-funcionar-la-tarjeta-gratuita-de-autobus-y-tram-para-menores-de-30-en-alicante\/#primaryimage","url":"https:\/\/ugtfgvalicante.com\/wp-content\/uploads\/2025\/03\/909756a6-b00e-4e93-9670-8c3cafa11ca4_16-9-discover-aspect-ratio_default_0.webp","contentUrl":"https:\/\/ugtfgvalicante.com\/wp-content\/uploads\/2025\/03\/909756a6-b00e-4e93-9670-8c3cafa11ca4_16-9-discover-aspect-ratio_default_0.webp","width":1200,"height":675},{"@type":"BreadcrumbList","@id":"https:\/\/ugtfgvalicante.com\/index.php\/2025\/03\/21\/este-dia-dejara-de-funcionar-la-tarjeta-gratuita-de-autobus-y-tram-para-menores-de-30-en-alicante\/#breadcrumb","itemListElement":[{"@type":"ListItem","position":1,"name":"Portada","item":"https:\/\/ugtfgvalicante.com\/"},{"@type":"ListItem","position":2,"name":"Este d\u00eda dejar\u00e1 de funcionar la tarjeta gratuita de autob\u00fas y TRAM para menores de 30 en Alicante"}]},{"@type":"WebSite","@id":"https:\/\/ugtfgvalicante.com\/#website","url":"https:\/\/ugtfgvalicante.com\/","name":"FGV Alicante","description":"","publisher":{"@id":"https:\/\/ugtfgvalicante.com\/#organization"},"potentialAction":[{"@type":"SearchAction","target":{"@type":"EntryPoint","urlTemplate":"https:\/\/ugtfgvalicante.com\/?s={search_term_string}"},"query-input":{"@type":"PropertyValueSpecification","valueRequired":true,"valueName":"search_term_string"}}],"inLanguage":"es"},{"@type":"Organization","@id":"https:\/\/ugtfgvalicante.com\/#organization","name":"UGT FGV Alicante","url":"https:\/\/ugtfgvalicante.com\/","logo":{"@type":"ImageObject","inLanguage":"es","@id":"https:\/\/ugtfgvalicante.com\/#\/schema\/logo\/image\/","url":"https:\/\/ugtfgvalicante.com\/wp-content\/uploads\/2022\/10\/logo-ugt-web.png","contentUrl":"https:\/\/ugtfgvalicante.com\/wp-content\/uploads\/2022\/10\/logo-ugt-web.png","width":2283,"height":1126,"caption":"UGT FGV Alicante"},"image":{"@id":"https:\/\/ugtfgvalicante.com\/#\/schema\/logo\/image\/"},"sameAs":["https:\/\/es-es.facebook.com\/ugt.fgvalicante\/"]},{"@type":"Person","@id":"https:\/\/ugtfgvalicante.com\/#\/schema\/person\/a1375a9c1ef53e624aa79c34b93b62e8","name":"Ugt FGV Alicante","image":{"@type":"ImageObject","inLanguage":"es","@id":"https:\/\/ugtfgvalicante.com\/#\/schema\/person\/image\/","url":"https:\/\/secure.gravatar.com\/avatar\/ea41cd8456808460c6c0caa1a213c3c921573555df6b57a7ee2f16fb6f502866?s=96&d=mm&r=g","contentUrl":"https:\/\/secure.gravatar.com\/avatar\/ea41cd8456808460c6c0caa1a213c3c921573555df6b57a7ee2f16fb6f502866?s=96&d=mm&r=g","caption":"Ugt FGV Alicante"},"url":"https:\/\/ugtfgvalicante.com\/index.php\/author\/ggrau\/"}]}},"_links":{"self":[{"href":"https:\/\/ugtfgvalicante.com\/index.php\/wp-json\/wp\/v2\/posts\/914","targetHints":{"allow":["GET"]}}],"collection":[{"href":"https:\/\/ugtfgvalicante.com\/index.php\/wp-json\/wp\/v2\/posts"}],"about":[{"href":"https:\/\/ugtfgvalicante.com\/index.php\/wp-json\/wp\/v2\/types\/post"}],"author":[{"embeddable":true,"href":"https:\/\/ugtfgvalicante.com\/index.php\/wp-json\/wp\/v2\/users\/4"}],"replies":[{"embeddable":true,"href":"https:\/\/ugtfgvalicante.com\/index.php\/wp-json\/wp\/v2\/comments?post=914"}],"version-history":[{"count":1,"href":"https:\/\/ugtfgvalicante.com\/index.php\/wp-json\/wp\/v2\/posts\/914\/revisions"}],"predecessor-version":[{"id":916,"href":"https:\/\/ugtfgvalicante.com\/index.php\/wp-json\/wp\/v2\/posts\/914\/revisions\/916"}],"wp:featuredmedia":[{"embeddable":true,"href":"https:\/\/ugtfgvalicante.com\/index.php\/wp-json\/wp\/v2\/media\/915"}],"wp:attachment":[{"href":"https:\/\/ugtfgvalicante.com\/index.php\/wp-json\/wp\/v2\/media?parent=914"}],"wp:term":[{"taxonomy":"category","embeddable":true,"href":"https:\/\/ugtfgvalicante.com\/index.php\/wp-json\/wp\/v2\/categories?post=914"},{"taxonomy":"post_tag","embeddable":true,"href":"https:\/\/ugtfgvalicante.com\/index.php\/wp-json\/wp\/v2\/tags?post=914"}],"curies":[{"name":"wp","href":"https:\/\/api.w.org\/{rel}","templated":true}]}}