{"id":924,"date":"2025-04-01T17:31:59","date_gmt":"2025-04-01T17:31:59","guid":{"rendered":"https:\/\/ugtfgvalicante.com\/?p=924"},"modified":"2025-04-16T07:06:20","modified_gmt":"2025-04-16T07:06:20","slug":"comienzan-las-clases-presencias","status":"publish","type":"post","link":"https:\/\/ugtfgvalicante.com\/index.php\/2025\/04\/01\/comienzan-las-clases-presencias\/","title":{"rendered":"\u00a1\u00a1\u00a1COMIENZAN LAS CLASES PRESENCIALES PARA LA PR\u00d3XIMA OPE\u00a1\u00a1\u00a1"},"content":{"rendered":"\n<p>Hemos abierto un nuevo curso de formaci\u00f3n para preparar la pr\u00f3xima convocatoria de plazas fijas en FGV de los puestos de ATENCI\u00d3N AL CLIENTE<\/p>\n\n\n\n<p>El d\u00eda 2 de abril da comienzo la primera clase presenciaL<\/p>\n\n\n\n<p>Las fechas y horarios de las clases ser\u00e1n los siguientes:<\/p>\n\n\n\n<p>Abril: 2, 9 y 30<\/p>\n\n\n\n<p>Mayo: 7, 14, 21 y 28<\/p>\n\n\n\n<p>Junio: 4 y 11<\/p>\n\n\n\n<p>*Horario:*<\/p>\n\n\n\n<p>Ma\u00f1ana: 10 a 12 h.<\/p>\n\n\n\n<p>Tardes: 16\u201930 a 18\u201930 h.<\/p>\n\n\n\n<p>Este cursos de formaci\u00f3n se imparten a trav\u00e9s de la Plataforma On-line de UGT en FGV, y como siempre, reforzado por clases presenciales.<\/p>\n\n\n\n<p>En principio se van a ofertar:&nbsp;<strong>46 de agente de estaciones&nbsp;<\/strong>(43 plazas en Valencia y 3 en Alicante).<\/p>\n\n\n\n<p><strong>Plazas de agentes USI<\/strong>&nbsp;( en concreto 7 plazas para Denia y 7 plazas para Benidorm)<\/p>\n\n\n\n<p><strong>Plazas de agente USI<\/strong>&nbsp;Atenci\u00f3n centralizada (4 Plazas Alicante)<\/p>\n\n\n\n<p><strong>Plazas Informador\/ agente<\/strong>&nbsp;( 4 plazas denia y 5 Alicante)<\/p>\n\n\n\n<p>Ya puedes descargar las ofertas de empleo p\u00fablico publicadas en el DOGV y comprobar los requisitos que se exigen para optar a alguna de las plazas:<\/p>\n\n\n\n<p><strong>TODAV\u00cdA NO ESTA ABIERTO PLAZO DE INSCRIPCI\u00d3N PARA LA CONVOCATORIA DE PLAZAS DE ATENCI\u00d3N AL CLIENTE<\/strong><\/p>\n\n\n\n<p>Como en otras ocasiones, el acceso a la Plataforma de Formaci\u00f3n On-Line de UGT FGV es exclusiva para afiliados\/as a UGT.<\/p>\n\n\n\n<p>Puedes solicitar m\u00e1s informaci\u00f3n sobre el curso y la afiliaci\u00f3n contactando con la Secci\u00f3n Sindical a trav\u00e9s del correo&nbsp;<a href=\"mailto:cursos.ugt.fgv.alicante@gmail.com\">cursos.ugt.fgv.alicante@gmail.com<\/a>&nbsp;y tel\u00e9fono: 965919873.<\/p>\n\n\n\n<p><\/p>\n","protected":false},"excerpt":{"rendered":"<div class=\"mh-excerpt\"><p>Hemos abierto un nuevo curso de formaci\u00f3n para preparar la pr\u00f3xima convocatoria de plazas fijas en FGV de los puestos de ATENCI\u00d3N AL CLIENTE El <a class=\"mh-excerpt-more\" href=\"https:\/\/ugtfgvalicante.com\/index.php\/2025\/04\/01\/comienzan-las-clases-presencias\/\" title=\"\u00a1\u00a1\u00a1COMIENZAN LAS CLASES PRESENCIALES PARA LA PR\u00d3XIMA OPE\u00a1\u00a1\u00a1\">[&#8230;]<\/a><\/p>\n<\/div>","protected":false},"author":4,"featured_media":925,"comment_status":"closed","ping_status":"closed","sticky":false,"template":"","format":"standard","meta":{"footnotes":""},"categories":[1],"tags":[],"class_list":["post-924","post","type-post","status-publish","format-standard","has-post-thumbnail","hentry","category-sin-categoria"],"yoast_head":"<!-- This site is optimized with the Yoast SEO plugin v26.6 - https:\/\/yoast.com\/wordpress\/plugins\/seo\/ -->\n<title>\u00a1\u00a1\u00a1COMIENZAN LAS CLASES PRESENCIALES PARA LA PR\u00d3XIMA OPE\u00a1\u00a1\u00a1 - FGV Alicante<\/title>\n<meta name=\"robots\" content=\"index, follow, max-snippet:-1, max-image-preview:large, max-video-preview:-1\" \/>\n<link rel=\"canonical\" href=\"https:\/\/ugtfgvalicante.com\/index.php\/2025\/04\/01\/comienzan-las-clases-presencias\/\" \/>\n<meta property=\"og:locale\" content=\"es_ES\" \/>\n<meta property=\"og:type\" content=\"article\" \/>\n<meta property=\"og:title\" content=\"\u00a1\u00a1\u00a1COMIENZAN LAS CLASES PRESENCIALES PARA LA PR\u00d3XIMA OPE\u00a1\u00a1\u00a1 - FGV Alicante\" \/>\n<meta property=\"og:description\" content=\"Hemos abierto un nuevo curso de formaci\u00f3n para preparar la pr\u00f3xima convocatoria de plazas fijas en FGV de los puestos de ATENCI\u00d3N AL CLIENTE El [...]\" \/>\n<meta property=\"og:url\" content=\"https:\/\/ugtfgvalicante.com\/index.php\/2025\/04\/01\/comienzan-las-clases-presencias\/\" \/>\n<meta property=\"og:site_name\" content=\"FGV Alicante\" \/>\n<meta property=\"article:publisher\" content=\"https:\/\/es-es.facebook.com\/ugt.fgvalicante\/\" \/>\n<meta property=\"article:published_time\" content=\"2025-04-01T17:31:59+00:00\" \/>\n<meta property=\"article:modified_time\" content=\"2025-04-16T07:06:20+00:00\" \/>\n<meta property=\"og:image\" content=\"https:\/\/ugtfgvalicante.com\/wp-content\/uploads\/2025\/04\/IMG-20250328-WA0000.jpg\" \/>\n\t<meta property=\"og:image:width\" content=\"595\" \/>\n\t<meta property=\"og:image:height\" content=\"842\" \/>\n\t<meta property=\"og:image:type\" content=\"image\/jpeg\" \/>\n<meta name=\"author\" content=\"Ugt FGV Alicante\" \/>\n<meta name=\"twitter:card\" content=\"summary_large_image\" \/>\n<meta name=\"twitter:label1\" content=\"Escrito por\" \/>\n\t<meta name=\"twitter:data1\" content=\"Ugt FGV Alicante\" \/>\n\t<meta name=\"twitter:label2\" content=\"Tiempo de lectura\" \/>\n\t<meta name=\"twitter:data2\" content=\"2 minutos\" \/>\n<script type=\"application\/ld+json\" class=\"yoast-schema-graph\">{\"@context\":\"https:\/\/schema.org\",\"@graph\":[{\"@type\":\"Article\",\"@id\":\"https:\/\/ugtfgvalicante.com\/index.php\/2025\/04\/01\/comienzan-las-clases-presencias\/#article\",\"isPartOf\":{\"@id\":\"https:\/\/ugtfgvalicante.com\/index.php\/2025\/04\/01\/comienzan-las-clases-presencias\/\"},\"author\":{\"name\":\"Ugt FGV Alicante\",\"@id\":\"https:\/\/ugtfgvalicante.com\/#\/schema\/person\/a1375a9c1ef53e624aa79c34b93b62e8\"},\"headline\":\"\u00a1\u00a1\u00a1COMIENZAN LAS CLASES PRESENCIALES PARA LA PR\u00d3XIMA OPE\u00a1\u00a1\u00a1\",\"datePublished\":\"2025-04-01T17:31:59+00:00\",\"dateModified\":\"2025-04-16T07:06:20+00:00\",\"mainEntityOfPage\":{\"@id\":\"https:\/\/ugtfgvalicante.com\/index.php\/2025\/04\/01\/comienzan-las-clases-presencias\/\"},\"wordCount\":251,\"publisher\":{\"@id\":\"https:\/\/ugtfgvalicante.com\/#organization\"},\"image\":{\"@id\":\"https:\/\/ugtfgvalicante.com\/index.php\/2025\/04\/01\/comienzan-las-clases-presencias\/#primaryimage\"},\"thumbnailUrl\":\"https:\/\/ugtfgvalicante.com\/wp-content\/uploads\/2025\/04\/IMG-20250328-WA0000.jpg\",\"inLanguage\":\"es\"},{\"@type\":\"WebPage\",\"@id\":\"https:\/\/ugtfgvalicante.com\/index.php\/2025\/04\/01\/comienzan-las-clases-presencias\/\",\"url\":\"https:\/\/ugtfgvalicante.com\/index.php\/2025\/04\/01\/comienzan-las-clases-presencias\/\",\"name\":\"\u00a1\u00a1\u00a1COMIENZAN LAS CLASES PRESENCIALES PARA LA PR\u00d3XIMA OPE\u00a1\u00a1\u00a1 - FGV Alicante\",\"isPartOf\":{\"@id\":\"https:\/\/ugtfgvalicante.com\/#website\"},\"primaryImageOfPage\":{\"@id\":\"https:\/\/ugtfgvalicante.com\/index.php\/2025\/04\/01\/comienzan-las-clases-presencias\/#primaryimage\"},\"image\":{\"@id\":\"https:\/\/ugtfgvalicante.com\/index.php\/2025\/04\/01\/comienzan-las-clases-presencias\/#primaryimage\"},\"thumbnailUrl\":\"https:\/\/ugtfgvalicante.com\/wp-content\/uploads\/2025\/04\/IMG-20250328-WA0000.jpg\",\"datePublished\":\"2025-04-01T17:31:59+00:00\",\"dateModified\":\"2025-04-16T07:06:20+00:00\",\"breadcrumb\":{\"@id\":\"https:\/\/ugtfgvalicante.com\/index.php\/2025\/04\/01\/comienzan-las-clases-presencias\/#breadcrumb\"},\"inLanguage\":\"es\",\"potentialAction\":[{\"@type\":\"ReadAction\",\"target\":[\"https:\/\/ugtfgvalicante.com\/index.php\/2025\/04\/01\/comienzan-las-clases-presencias\/\"]}]},{\"@type\":\"ImageObject\",\"inLanguage\":\"es\",\"@id\":\"https:\/\/ugtfgvalicante.com\/index.php\/2025\/04\/01\/comienzan-las-clases-presencias\/#primaryimage\",\"url\":\"https:\/\/ugtfgvalicante.com\/wp-content\/uploads\/2025\/04\/IMG-20250328-WA0000.jpg\",\"contentUrl\":\"https:\/\/ugtfgvalicante.com\/wp-content\/uploads\/2025\/04\/IMG-20250328-WA0000.jpg\",\"width\":595,\"height\":842},{\"@type\":\"BreadcrumbList\",\"@id\":\"https:\/\/ugtfgvalicante.com\/index.php\/2025\/04\/01\/comienzan-las-clases-presencias\/#breadcrumb\",\"itemListElement\":[{\"@type\":\"ListItem\",\"position\":1,\"name\":\"Portada\",\"item\":\"https:\/\/ugtfgvalicante.com\/\"},{\"@type\":\"ListItem\",\"position\":2,\"name\":\"\u00a1\u00a1\u00a1COMIENZAN LAS CLASES PRESENCIALES PARA LA PR\u00d3XIMA OPE\u00a1\u00a1\u00a1\"}]},{\"@type\":\"WebSite\",\"@id\":\"https:\/\/ugtfgvalicante.com\/#website\",\"url\":\"https:\/\/ugtfgvalicante.com\/\",\"name\":\"FGV Alicante\",\"description\":\"\",\"publisher\":{\"@id\":\"https:\/\/ugtfgvalicante.com\/#organization\"},\"potentialAction\":[{\"@type\":\"SearchAction\",\"target\":{\"@type\":\"EntryPoint\",\"urlTemplate\":\"https:\/\/ugtfgvalicante.com\/?s={search_term_string}\"},\"query-input\":{\"@type\":\"PropertyValueSpecification\",\"valueRequired\":true,\"valueName\":\"search_term_string\"}}],\"inLanguage\":\"es\"},{\"@type\":\"Organization\",\"@id\":\"https:\/\/ugtfgvalicante.com\/#organization\",\"name\":\"UGT FGV Alicante\",\"url\":\"https:\/\/ugtfgvalicante.com\/\",\"logo\":{\"@type\":\"ImageObject\",\"inLanguage\":\"es\",\"@id\":\"https:\/\/ugtfgvalicante.com\/#\/schema\/logo\/image\/\",\"url\":\"https:\/\/ugtfgvalicante.com\/wp-content\/uploads\/2022\/10\/logo-ugt-web.png\",\"contentUrl\":\"https:\/\/ugtfgvalicante.com\/wp-content\/uploads\/2022\/10\/logo-ugt-web.png\",\"width\":2283,\"height\":1126,\"caption\":\"UGT FGV Alicante\"},\"image\":{\"@id\":\"https:\/\/ugtfgvalicante.com\/#\/schema\/logo\/image\/\"},\"sameAs\":[\"https:\/\/es-es.facebook.com\/ugt.fgvalicante\/\"]},{\"@type\":\"Person\",\"@id\":\"https:\/\/ugtfgvalicante.com\/#\/schema\/person\/a1375a9c1ef53e624aa79c34b93b62e8\",\"name\":\"Ugt FGV Alicante\",\"image\":{\"@type\":\"ImageObject\",\"inLanguage\":\"es\",\"@id\":\"https:\/\/ugtfgvalicante.com\/#\/schema\/person\/image\/\",\"url\":\"https:\/\/secure.gravatar.com\/avatar\/ea41cd8456808460c6c0caa1a213c3c921573555df6b57a7ee2f16fb6f502866?s=96&d=mm&r=g\",\"contentUrl\":\"https:\/\/secure.gravatar.com\/avatar\/ea41cd8456808460c6c0caa1a213c3c921573555df6b57a7ee2f16fb6f502866?s=96&d=mm&r=g\",\"caption\":\"Ugt FGV Alicante\"},\"url\":\"https:\/\/ugtfgvalicante.com\/index.php\/author\/ggrau\/\"}]}<\/script>\n<!-- \/ Yoast SEO plugin. -->","yoast_head_json":{"title":"\u00a1\u00a1\u00a1COMIENZAN LAS CLASES PRESENCIALES PARA LA PR\u00d3XIMA OPE\u00a1\u00a1\u00a1 - FGV Alicante","robots":{"index":"index","follow":"follow","max-snippet":"max-snippet:-1","max-image-preview":"max-image-preview:large","max-video-preview":"max-video-preview:-1"},"canonical":"https:\/\/ugtfgvalicante.com\/index.php\/2025\/04\/01\/comienzan-las-clases-presencias\/","og_locale":"es_ES","og_type":"article","og_title":"\u00a1\u00a1\u00a1COMIENZAN LAS CLASES PRESENCIALES PARA LA PR\u00d3XIMA OPE\u00a1\u00a1\u00a1 - FGV Alicante","og_description":"Hemos abierto un nuevo curso de formaci\u00f3n para preparar la pr\u00f3xima convocatoria de plazas fijas en FGV de los puestos de ATENCI\u00d3N AL CLIENTE El [...]","og_url":"https:\/\/ugtfgvalicante.com\/index.php\/2025\/04\/01\/comienzan-las-clases-presencias\/","og_site_name":"FGV Alicante","article_publisher":"https:\/\/es-es.facebook.com\/ugt.fgvalicante\/","article_published_time":"2025-04-01T17:31:59+00:00","article_modified_time":"2025-04-16T07:06:20+00:00","og_image":[{"width":595,"height":842,"url":"https:\/\/ugtfgvalicante.com\/wp-content\/uploads\/2025\/04\/IMG-20250328-WA0000.jpg","type":"image\/jpeg"}],"author":"Ugt FGV Alicante","twitter_card":"summary_large_image","twitter_misc":{"Escrito por":"Ugt FGV Alicante","Tiempo de lectura":"2 minutos"},"schema":{"@context":"https:\/\/schema.org","@graph":[{"@type":"Article","@id":"https:\/\/ugtfgvalicante.com\/index.php\/2025\/04\/01\/comienzan-las-clases-presencias\/#article","isPartOf":{"@id":"https:\/\/ugtfgvalicante.com\/index.php\/2025\/04\/01\/comienzan-las-clases-presencias\/"},"author":{"name":"Ugt FGV Alicante","@id":"https:\/\/ugtfgvalicante.com\/#\/schema\/person\/a1375a9c1ef53e624aa79c34b93b62e8"},"headline":"\u00a1\u00a1\u00a1COMIENZAN LAS CLASES PRESENCIALES PARA LA PR\u00d3XIMA OPE\u00a1\u00a1\u00a1","datePublished":"2025-04-01T17:31:59+00:00","dateModified":"2025-04-16T07:06:20+00:00","mainEntityOfPage":{"@id":"https:\/\/ugtfgvalicante.com\/index.php\/2025\/04\/01\/comienzan-las-clases-presencias\/"},"wordCount":251,"publisher":{"@id":"https:\/\/ugtfgvalicante.com\/#organization"},"image":{"@id":"https:\/\/ugtfgvalicante.com\/index.php\/2025\/04\/01\/comienzan-las-clases-presencias\/#primaryimage"},"thumbnailUrl":"https:\/\/ugtfgvalicante.com\/wp-content\/uploads\/2025\/04\/IMG-20250328-WA0000.jpg","inLanguage":"es"},{"@type":"WebPage","@id":"https:\/\/ugtfgvalicante.com\/index.php\/2025\/04\/01\/comienzan-las-clases-presencias\/","url":"https:\/\/ugtfgvalicante.com\/index.php\/2025\/04\/01\/comienzan-las-clases-presencias\/","name":"\u00a1\u00a1\u00a1COMIENZAN LAS CLASES PRESENCIALES PARA LA PR\u00d3XIMA OPE\u00a1\u00a1\u00a1 - FGV Alicante","isPartOf":{"@id":"https:\/\/ugtfgvalicante.com\/#website"},"primaryImageOfPage":{"@id":"https:\/\/ugtfgvalicante.com\/index.php\/2025\/04\/01\/comienzan-las-clases-presencias\/#primaryimage"},"image":{"@id":"https:\/\/ugtfgvalicante.com\/index.php\/2025\/04\/01\/comienzan-las-clases-presencias\/#primaryimage"},"thumbnailUrl":"https:\/\/ugtfgvalicante.com\/wp-content\/uploads\/2025\/04\/IMG-20250328-WA0000.jpg","datePublished":"2025-04-01T17:31:59+00:00","dateModified":"2025-04-16T07:06:20+00:00","breadcrumb":{"@id":"https:\/\/ugtfgvalicante.com\/index.php\/2025\/04\/01\/comienzan-las-clases-presencias\/#breadcrumb"},"inLanguage":"es","potentialAction":[{"@type":"ReadAction","target":["https:\/\/ugtfgvalicante.com\/index.php\/2025\/04\/01\/comienzan-las-clases-presencias\/"]}]},{"@type":"ImageObject","inLanguage":"es","@id":"https:\/\/ugtfgvalicante.com\/index.php\/2025\/04\/01\/comienzan-las-clases-presencias\/#primaryimage","url":"https:\/\/ugtfgvalicante.com\/wp-content\/uploads\/2025\/04\/IMG-20250328-WA0000.jpg","contentUrl":"https:\/\/ugtfgvalicante.com\/wp-content\/uploads\/2025\/04\/IMG-20250328-WA0000.jpg","width":595,"height":842},{"@type":"BreadcrumbList","@id":"https:\/\/ugtfgvalicante.com\/index.php\/2025\/04\/01\/comienzan-las-clases-presencias\/#breadcrumb","itemListElement":[{"@type":"ListItem","position":1,"name":"Portada","item":"https:\/\/ugtfgvalicante.com\/"},{"@type":"ListItem","position":2,"name":"\u00a1\u00a1\u00a1COMIENZAN LAS CLASES PRESENCIALES PARA LA PR\u00d3XIMA OPE\u00a1\u00a1\u00a1"}]},{"@type":"WebSite","@id":"https:\/\/ugtfgvalicante.com\/#website","url":"https:\/\/ugtfgvalicante.com\/","name":"FGV Alicante","description":"","publisher":{"@id":"https:\/\/ugtfgvalicante.com\/#organization"},"potentialAction":[{"@type":"SearchAction","target":{"@type":"EntryPoint","urlTemplate":"https:\/\/ugtfgvalicante.com\/?s={search_term_string}"},"query-input":{"@type":"PropertyValueSpecification","valueRequired":true,"valueName":"search_term_string"}}],"inLanguage":"es"},{"@type":"Organization","@id":"https:\/\/ugtfgvalicante.com\/#organization","name":"UGT FGV Alicante","url":"https:\/\/ugtfgvalicante.com\/","logo":{"@type":"ImageObject","inLanguage":"es","@id":"https:\/\/ugtfgvalicante.com\/#\/schema\/logo\/image\/","url":"https:\/\/ugtfgvalicante.com\/wp-content\/uploads\/2022\/10\/logo-ugt-web.png","contentUrl":"https:\/\/ugtfgvalicante.com\/wp-content\/uploads\/2022\/10\/logo-ugt-web.png","width":2283,"height":1126,"caption":"UGT FGV Alicante"},"image":{"@id":"https:\/\/ugtfgvalicante.com\/#\/schema\/logo\/image\/"},"sameAs":["https:\/\/es-es.facebook.com\/ugt.fgvalicante\/"]},{"@type":"Person","@id":"https:\/\/ugtfgvalicante.com\/#\/schema\/person\/a1375a9c1ef53e624aa79c34b93b62e8","name":"Ugt FGV Alicante","image":{"@type":"ImageObject","inLanguage":"es","@id":"https:\/\/ugtfgvalicante.com\/#\/schema\/person\/image\/","url":"https:\/\/secure.gravatar.com\/avatar\/ea41cd8456808460c6c0caa1a213c3c921573555df6b57a7ee2f16fb6f502866?s=96&d=mm&r=g","contentUrl":"https:\/\/secure.gravatar.com\/avatar\/ea41cd8456808460c6c0caa1a213c3c921573555df6b57a7ee2f16fb6f502866?s=96&d=mm&r=g","caption":"Ugt FGV Alicante"},"url":"https:\/\/ugtfgvalicante.com\/index.php\/author\/ggrau\/"}]}},"_links":{"self":[{"href":"https:\/\/ugtfgvalicante.com\/index.php\/wp-json\/wp\/v2\/posts\/924","targetHints":{"allow":["GET"]}}],"collection":[{"href":"https:\/\/ugtfgvalicante.com\/index.php\/wp-json\/wp\/v2\/posts"}],"about":[{"href":"https:\/\/ugtfgvalicante.com\/index.php\/wp-json\/wp\/v2\/types\/post"}],"author":[{"embeddable":true,"href":"https:\/\/ugtfgvalicante.com\/index.php\/wp-json\/wp\/v2\/users\/4"}],"replies":[{"embeddable":true,"href":"https:\/\/ugtfgvalicante.com\/index.php\/wp-json\/wp\/v2\/comments?post=924"}],"version-history":[{"count":3,"href":"https:\/\/ugtfgvalicante.com\/index.php\/wp-json\/wp\/v2\/posts\/924\/revisions"}],"predecessor-version":[{"id":931,"href":"https:\/\/ugtfgvalicante.com\/index.php\/wp-json\/wp\/v2\/posts\/924\/revisions\/931"}],"wp:featuredmedia":[{"embeddable":true,"href":"https:\/\/ugtfgvalicante.com\/index.php\/wp-json\/wp\/v2\/media\/925"}],"wp:attachment":[{"href":"https:\/\/ugtfgvalicante.com\/index.php\/wp-json\/wp\/v2\/media?parent=924"}],"wp:term":[{"taxonomy":"category","embeddable":true,"href":"https:\/\/ugtfgvalicante.com\/index.php\/wp-json\/wp\/v2\/categories?post=924"},{"taxonomy":"post_tag","embeddable":true,"href":"https:\/\/ugtfgvalicante.com\/index.php\/wp-json\/wp\/v2\/tags?post=924"}],"curies":[{"name":"wp","href":"https:\/\/api.w.org\/{rel}","templated":true}]}}