{"id":932,"date":"2025-04-16T07:15:06","date_gmt":"2025-04-16T07:15:06","guid":{"rendered":"https:\/\/ugtfgvalicante.com\/?p=932"},"modified":"2025-04-16T07:15:07","modified_gmt":"2025-04-16T07:15:07","slug":"el-27-de-usuarios-del-tram-afirma-que-le-gusta-viajar-en-tranvia-y-que-lo-prefiere-a-otros-medios","status":"publish","type":"post","link":"https:\/\/ugtfgvalicante.com\/index.php\/2025\/04\/16\/el-27-de-usuarios-del-tram-afirma-que-le-gusta-viajar-en-tranvia-y-que-lo-prefiere-a-otros-medios\/","title":{"rendered":"El 27 % de usuarios del Tram afirma que le gusta viajar en tranv\u00eda y que lo prefiere a otros medios"},"content":{"rendered":"\n<p>ALICANTE.&nbsp;El 27 % de los usuarios de Tram&nbsp;d&#8217;Alacant, m\u00e1s de uno de cada cuatro, asegura que le \u00abgusta\u00bb&nbsp;viajar en el metropolitano y que \u00abprefiere\u00bb&nbsp;desplazarse con el tranv\u00eda ante otras opciones de transporte, seg\u00fan se desprende de los resultados del \u00faltimo \u00cdndice de Satisfacci\u00f3n al Cliente (ISC) correspondiente a 2024.<\/p>\n\n\n\n<p>Este estudio, que permite conocer anualmente la opini\u00f3n de los clientes sobre el servicio de Tram&nbsp;d&#8217;Alacant tras efectuar 1.502 entrevistas, tiene un error estad\u00edstico para los datos globales del +2,53 % con un nivel de significatividad del 95 %, entre los viajeros y viajeras mayores de 15 a\u00f1os de las cuatro l\u00edneas de tranv\u00eda, la del tren-Tram&nbsp;y la del tren di\u00e9sel, seg\u00fan&nbsp;informan fuentes de la empresa p\u00fablica Ferrocarrils de la Generalitat (FGV), a trav\u00e9s de un comunicado.<\/p>\n\n\n\n<p>Adem\u00e1s, los viajeros que optan por el Tram d&#8217;Alacant lo hacen, principalmente, por no disponer de veh\u00edculo privado (54,7 %); ante las dificultades para encontrar aparcamiento (17,6 %); y por no disponer de otro medio p\u00fablico (9,9 %). El resto utilizan el metropolitano por cuestiones como la cercan\u00eda (7,7 %), comodidad (4,8 %), rapidez (4,9 %) y econom\u00eda\/ahorro (3,7 %).<\/p>\n\n\n\n<p>El mismo informe se\u00f1ala que el 23,1 % de los pasajeros de TRAM d\u2019Alacant, aseguran que se desplazan con este sistema de transporte a pesar de poseer veh\u00edculo propio, frente al 76,9 % que no dispone de coche particular y se considera un viajero obligado.<\/p>\n\n\n\n<h2 class=\"wp-block-heading\">Transbordos<\/h2>\n\n\n\n<p>En cuanto al transbordo de l\u00edneas, el 10,5 % s\u00ed realiza este tipo de desplazamientos, mientras que el 89,5 % restante no lo efect\u00faa. La estaci\u00f3n en la que m\u00e1s movimiento de cambio de l\u00edneas se produce es en la de Marq-Castillo (64,6 %), seguida de Luceros (20,9 %), Benidorm (5,1 %), Mercado (3,8 %) y Lucentum (1,3 %).<\/p>\n\n\n\n<p>Las personas usuarias han otorgado una valoraci\u00f3n de 8,54 puntos sobre 10 al servicio global de transporte que presta Ferrocarrils de la Generalitat Valenciana (FGV) en la red del Tram&nbsp;d&#8217;Alacant, de acuerdo con los resultados del \u00cdndice de Satisfacci\u00f3n al Cliente (ISC) 2024. El porcentaje de viajeros que considera \u00absatisfactorio\u00bb&nbsp;el servicio que se presta es del 94,4 %. El porcentaje que lo califica de \u00abnormal\u00bb&nbsp;es del 3,8 % y tan s\u00f3lo el 1,8 % restante siente \u00abinsatisfacci\u00f3n\u00bb&nbsp;con su funcionamiento.<\/p>\n\n\n\n<p>Los aspectos del servicio que han recibido mejor valoraci\u00f3n por parte de los clientes y clientas son la se\u00f1alizaci\u00f3n (9,12); la accesibilidad a la estaci\u00f3n (9,11); la accesibilidad al tren (9,10); el precio (9,01); y la seguridad en el trayecto (9).<\/p>\n\n\n\n<p>Fuente: <a href=\"https:\/\/alicanteplaza.es\/alicanteplaza\/alicante\/el-27-de-usuarios-del-tram-afirma-que-le-gusta-viajar-en-tranvia-y-que-lo-prefiere-a-otros-medios-de-transporte\">Alicanteplaza<\/a><\/p>\n","protected":false},"excerpt":{"rendered":"<div class=\"mh-excerpt\"><p>ALICANTE.&nbsp;El 27 % de los usuarios de Tram&nbsp;d&#8217;Alacant, m\u00e1s de uno de cada cuatro, asegura que le \u00abgusta\u00bb&nbsp;viajar en el metropolitano y que \u00abprefiere\u00bb&nbsp;desplazarse con <a class=\"mh-excerpt-more\" href=\"https:\/\/ugtfgvalicante.com\/index.php\/2025\/04\/16\/el-27-de-usuarios-del-tram-afirma-que-le-gusta-viajar-en-tranvia-y-que-lo-prefiere-a-otros-medios\/\" title=\"El 27 % de usuarios del Tram afirma que le gusta viajar en tranv\u00eda y que lo prefiere a otros medios\">[&#8230;]<\/a><\/p>\n<\/div>","protected":false},"author":4,"featured_media":933,"comment_status":"closed","ping_status":"closed","sticky":false,"template":"","format":"standard","meta":{"footnotes":""},"categories":[5],"tags":[],"class_list":["post-932","post","type-post","status-publish","format-standard","has-post-thumbnail","hentry","category-noticias-prensa"],"yoast_head":"<!-- This site is optimized with the Yoast SEO plugin v26.6 - https:\/\/yoast.com\/wordpress\/plugins\/seo\/ -->\n<title>El 27 % de usuarios del Tram afirma que le gusta viajar en tranv\u00eda y que lo prefiere a otros medios - FGV Alicante<\/title>\n<meta name=\"robots\" content=\"index, follow, max-snippet:-1, max-image-preview:large, max-video-preview:-1\" \/>\n<link rel=\"canonical\" href=\"https:\/\/ugtfgvalicante.com\/index.php\/2025\/04\/16\/el-27-de-usuarios-del-tram-afirma-que-le-gusta-viajar-en-tranvia-y-que-lo-prefiere-a-otros-medios\/\" \/>\n<meta property=\"og:locale\" content=\"es_ES\" \/>\n<meta property=\"og:type\" content=\"article\" \/>\n<meta property=\"og:title\" content=\"El 27 % de usuarios del Tram afirma que le gusta viajar en tranv\u00eda y que lo prefiere a otros medios - FGV Alicante\" \/>\n<meta property=\"og:description\" content=\"ALICANTE.&nbsp;El 27 % de los usuarios de Tram&nbsp;d&#8217;Alacant, m\u00e1s de uno de cada cuatro, asegura que le \u00abgusta\u00bb&nbsp;viajar en el metropolitano y que \u00abprefiere\u00bb&nbsp;desplazarse con [...]\" \/>\n<meta property=\"og:url\" content=\"https:\/\/ugtfgvalicante.com\/index.php\/2025\/04\/16\/el-27-de-usuarios-del-tram-afirma-que-le-gusta-viajar-en-tranvia-y-que-lo-prefiere-a-otros-medios\/\" \/>\n<meta property=\"og:site_name\" content=\"FGV Alicante\" \/>\n<meta property=\"article:publisher\" content=\"https:\/\/es-es.facebook.com\/ugt.fgvalicante\/\" \/>\n<meta property=\"article:published_time\" content=\"2025-04-16T07:15:06+00:00\" \/>\n<meta property=\"article:modified_time\" content=\"2025-04-16T07:15:07+00:00\" \/>\n<meta property=\"og:image\" content=\"https:\/\/ugtfgvalicante.com\/wp-content\/uploads\/2025\/04\/articulos-1563258.jpg\" \/>\n\t<meta property=\"og:image:width\" content=\"706\" \/>\n\t<meta property=\"og:image:height\" content=\"405\" \/>\n\t<meta property=\"og:image:type\" content=\"image\/jpeg\" \/>\n<meta name=\"author\" content=\"Ugt FGV Alicante\" \/>\n<meta name=\"twitter:card\" content=\"summary_large_image\" \/>\n<meta name=\"twitter:label1\" content=\"Escrito por\" \/>\n\t<meta name=\"twitter:data1\" content=\"Ugt FGV Alicante\" \/>\n\t<meta name=\"twitter:label2\" content=\"Tiempo de lectura\" \/>\n\t<meta name=\"twitter:data2\" content=\"3 minutos\" \/>\n<script type=\"application\/ld+json\" class=\"yoast-schema-graph\">{\"@context\":\"https:\/\/schema.org\",\"@graph\":[{\"@type\":\"Article\",\"@id\":\"https:\/\/ugtfgvalicante.com\/index.php\/2025\/04\/16\/el-27-de-usuarios-del-tram-afirma-que-le-gusta-viajar-en-tranvia-y-que-lo-prefiere-a-otros-medios\/#article\",\"isPartOf\":{\"@id\":\"https:\/\/ugtfgvalicante.com\/index.php\/2025\/04\/16\/el-27-de-usuarios-del-tram-afirma-que-le-gusta-viajar-en-tranvia-y-que-lo-prefiere-a-otros-medios\/\"},\"author\":{\"name\":\"Ugt FGV Alicante\",\"@id\":\"https:\/\/ugtfgvalicante.com\/#\/schema\/person\/a1375a9c1ef53e624aa79c34b93b62e8\"},\"headline\":\"El 27 % de usuarios del Tram afirma que le gusta viajar en tranv\u00eda y que lo prefiere a otros medios\",\"datePublished\":\"2025-04-16T07:15:06+00:00\",\"dateModified\":\"2025-04-16T07:15:07+00:00\",\"mainEntityOfPage\":{\"@id\":\"https:\/\/ugtfgvalicante.com\/index.php\/2025\/04\/16\/el-27-de-usuarios-del-tram-afirma-que-le-gusta-viajar-en-tranvia-y-que-lo-prefiere-a-otros-medios\/\"},\"wordCount\":439,\"publisher\":{\"@id\":\"https:\/\/ugtfgvalicante.com\/#organization\"},\"image\":{\"@id\":\"https:\/\/ugtfgvalicante.com\/index.php\/2025\/04\/16\/el-27-de-usuarios-del-tram-afirma-que-le-gusta-viajar-en-tranvia-y-que-lo-prefiere-a-otros-medios\/#primaryimage\"},\"thumbnailUrl\":\"https:\/\/ugtfgvalicante.com\/wp-content\/uploads\/2025\/04\/articulos-1563258.jpg\",\"articleSection\":[\"Noticias prensa\"],\"inLanguage\":\"es\"},{\"@type\":\"WebPage\",\"@id\":\"https:\/\/ugtfgvalicante.com\/index.php\/2025\/04\/16\/el-27-de-usuarios-del-tram-afirma-que-le-gusta-viajar-en-tranvia-y-que-lo-prefiere-a-otros-medios\/\",\"url\":\"https:\/\/ugtfgvalicante.com\/index.php\/2025\/04\/16\/el-27-de-usuarios-del-tram-afirma-que-le-gusta-viajar-en-tranvia-y-que-lo-prefiere-a-otros-medios\/\",\"name\":\"El 27 % de usuarios del Tram afirma que le gusta viajar en tranv\u00eda y que lo prefiere a otros medios - FGV Alicante\",\"isPartOf\":{\"@id\":\"https:\/\/ugtfgvalicante.com\/#website\"},\"primaryImageOfPage\":{\"@id\":\"https:\/\/ugtfgvalicante.com\/index.php\/2025\/04\/16\/el-27-de-usuarios-del-tram-afirma-que-le-gusta-viajar-en-tranvia-y-que-lo-prefiere-a-otros-medios\/#primaryimage\"},\"image\":{\"@id\":\"https:\/\/ugtfgvalicante.com\/index.php\/2025\/04\/16\/el-27-de-usuarios-del-tram-afirma-que-le-gusta-viajar-en-tranvia-y-que-lo-prefiere-a-otros-medios\/#primaryimage\"},\"thumbnailUrl\":\"https:\/\/ugtfgvalicante.com\/wp-content\/uploads\/2025\/04\/articulos-1563258.jpg\",\"datePublished\":\"2025-04-16T07:15:06+00:00\",\"dateModified\":\"2025-04-16T07:15:07+00:00\",\"breadcrumb\":{\"@id\":\"https:\/\/ugtfgvalicante.com\/index.php\/2025\/04\/16\/el-27-de-usuarios-del-tram-afirma-que-le-gusta-viajar-en-tranvia-y-que-lo-prefiere-a-otros-medios\/#breadcrumb\"},\"inLanguage\":\"es\",\"potentialAction\":[{\"@type\":\"ReadAction\",\"target\":[\"https:\/\/ugtfgvalicante.com\/index.php\/2025\/04\/16\/el-27-de-usuarios-del-tram-afirma-que-le-gusta-viajar-en-tranvia-y-que-lo-prefiere-a-otros-medios\/\"]}]},{\"@type\":\"ImageObject\",\"inLanguage\":\"es\",\"@id\":\"https:\/\/ugtfgvalicante.com\/index.php\/2025\/04\/16\/el-27-de-usuarios-del-tram-afirma-que-le-gusta-viajar-en-tranvia-y-que-lo-prefiere-a-otros-medios\/#primaryimage\",\"url\":\"https:\/\/ugtfgvalicante.com\/wp-content\/uploads\/2025\/04\/articulos-1563258.jpg\",\"contentUrl\":\"https:\/\/ugtfgvalicante.com\/wp-content\/uploads\/2025\/04\/articulos-1563258.jpg\",\"width\":706,\"height\":405},{\"@type\":\"BreadcrumbList\",\"@id\":\"https:\/\/ugtfgvalicante.com\/index.php\/2025\/04\/16\/el-27-de-usuarios-del-tram-afirma-que-le-gusta-viajar-en-tranvia-y-que-lo-prefiere-a-otros-medios\/#breadcrumb\",\"itemListElement\":[{\"@type\":\"ListItem\",\"position\":1,\"name\":\"Portada\",\"item\":\"https:\/\/ugtfgvalicante.com\/\"},{\"@type\":\"ListItem\",\"position\":2,\"name\":\"El 27 % de usuarios del Tram afirma que le gusta viajar en tranv\u00eda y que lo prefiere a otros medios\"}]},{\"@type\":\"WebSite\",\"@id\":\"https:\/\/ugtfgvalicante.com\/#website\",\"url\":\"https:\/\/ugtfgvalicante.com\/\",\"name\":\"FGV Alicante\",\"description\":\"\",\"publisher\":{\"@id\":\"https:\/\/ugtfgvalicante.com\/#organization\"},\"potentialAction\":[{\"@type\":\"SearchAction\",\"target\":{\"@type\":\"EntryPoint\",\"urlTemplate\":\"https:\/\/ugtfgvalicante.com\/?s={search_term_string}\"},\"query-input\":{\"@type\":\"PropertyValueSpecification\",\"valueRequired\":true,\"valueName\":\"search_term_string\"}}],\"inLanguage\":\"es\"},{\"@type\":\"Organization\",\"@id\":\"https:\/\/ugtfgvalicante.com\/#organization\",\"name\":\"UGT FGV Alicante\",\"url\":\"https:\/\/ugtfgvalicante.com\/\",\"logo\":{\"@type\":\"ImageObject\",\"inLanguage\":\"es\",\"@id\":\"https:\/\/ugtfgvalicante.com\/#\/schema\/logo\/image\/\",\"url\":\"https:\/\/ugtfgvalicante.com\/wp-content\/uploads\/2022\/10\/logo-ugt-web.png\",\"contentUrl\":\"https:\/\/ugtfgvalicante.com\/wp-content\/uploads\/2022\/10\/logo-ugt-web.png\",\"width\":2283,\"height\":1126,\"caption\":\"UGT FGV Alicante\"},\"image\":{\"@id\":\"https:\/\/ugtfgvalicante.com\/#\/schema\/logo\/image\/\"},\"sameAs\":[\"https:\/\/es-es.facebook.com\/ugt.fgvalicante\/\"]},{\"@type\":\"Person\",\"@id\":\"https:\/\/ugtfgvalicante.com\/#\/schema\/person\/a1375a9c1ef53e624aa79c34b93b62e8\",\"name\":\"Ugt FGV Alicante\",\"image\":{\"@type\":\"ImageObject\",\"inLanguage\":\"es\",\"@id\":\"https:\/\/ugtfgvalicante.com\/#\/schema\/person\/image\/\",\"url\":\"https:\/\/secure.gravatar.com\/avatar\/ea41cd8456808460c6c0caa1a213c3c921573555df6b57a7ee2f16fb6f502866?s=96&d=mm&r=g\",\"contentUrl\":\"https:\/\/secure.gravatar.com\/avatar\/ea41cd8456808460c6c0caa1a213c3c921573555df6b57a7ee2f16fb6f502866?s=96&d=mm&r=g\",\"caption\":\"Ugt FGV Alicante\"},\"url\":\"https:\/\/ugtfgvalicante.com\/index.php\/author\/ggrau\/\"}]}<\/script>\n<!-- \/ Yoast SEO plugin. -->","yoast_head_json":{"title":"El 27 % de usuarios del Tram afirma que le gusta viajar en tranv\u00eda y que lo prefiere a otros medios - FGV Alicante","robots":{"index":"index","follow":"follow","max-snippet":"max-snippet:-1","max-image-preview":"max-image-preview:large","max-video-preview":"max-video-preview:-1"},"canonical":"https:\/\/ugtfgvalicante.com\/index.php\/2025\/04\/16\/el-27-de-usuarios-del-tram-afirma-que-le-gusta-viajar-en-tranvia-y-que-lo-prefiere-a-otros-medios\/","og_locale":"es_ES","og_type":"article","og_title":"El 27 % de usuarios del Tram afirma que le gusta viajar en tranv\u00eda y que lo prefiere a otros medios - FGV Alicante","og_description":"ALICANTE.&nbsp;El 27 % de los usuarios de Tram&nbsp;d&#8217;Alacant, m\u00e1s de uno de cada cuatro, asegura que le \u00abgusta\u00bb&nbsp;viajar en el metropolitano y que \u00abprefiere\u00bb&nbsp;desplazarse con [...]","og_url":"https:\/\/ugtfgvalicante.com\/index.php\/2025\/04\/16\/el-27-de-usuarios-del-tram-afirma-que-le-gusta-viajar-en-tranvia-y-que-lo-prefiere-a-otros-medios\/","og_site_name":"FGV Alicante","article_publisher":"https:\/\/es-es.facebook.com\/ugt.fgvalicante\/","article_published_time":"2025-04-16T07:15:06+00:00","article_modified_time":"2025-04-16T07:15:07+00:00","og_image":[{"width":706,"height":405,"url":"https:\/\/ugtfgvalicante.com\/wp-content\/uploads\/2025\/04\/articulos-1563258.jpg","type":"image\/jpeg"}],"author":"Ugt FGV Alicante","twitter_card":"summary_large_image","twitter_misc":{"Escrito por":"Ugt FGV Alicante","Tiempo de lectura":"3 minutos"},"schema":{"@context":"https:\/\/schema.org","@graph":[{"@type":"Article","@id":"https:\/\/ugtfgvalicante.com\/index.php\/2025\/04\/16\/el-27-de-usuarios-del-tram-afirma-que-le-gusta-viajar-en-tranvia-y-que-lo-prefiere-a-otros-medios\/#article","isPartOf":{"@id":"https:\/\/ugtfgvalicante.com\/index.php\/2025\/04\/16\/el-27-de-usuarios-del-tram-afirma-que-le-gusta-viajar-en-tranvia-y-que-lo-prefiere-a-otros-medios\/"},"author":{"name":"Ugt FGV Alicante","@id":"https:\/\/ugtfgvalicante.com\/#\/schema\/person\/a1375a9c1ef53e624aa79c34b93b62e8"},"headline":"El 27 % de usuarios del Tram afirma que le gusta viajar en tranv\u00eda y que lo prefiere a otros medios","datePublished":"2025-04-16T07:15:06+00:00","dateModified":"2025-04-16T07:15:07+00:00","mainEntityOfPage":{"@id":"https:\/\/ugtfgvalicante.com\/index.php\/2025\/04\/16\/el-27-de-usuarios-del-tram-afirma-que-le-gusta-viajar-en-tranvia-y-que-lo-prefiere-a-otros-medios\/"},"wordCount":439,"publisher":{"@id":"https:\/\/ugtfgvalicante.com\/#organization"},"image":{"@id":"https:\/\/ugtfgvalicante.com\/index.php\/2025\/04\/16\/el-27-de-usuarios-del-tram-afirma-que-le-gusta-viajar-en-tranvia-y-que-lo-prefiere-a-otros-medios\/#primaryimage"},"thumbnailUrl":"https:\/\/ugtfgvalicante.com\/wp-content\/uploads\/2025\/04\/articulos-1563258.jpg","articleSection":["Noticias prensa"],"inLanguage":"es"},{"@type":"WebPage","@id":"https:\/\/ugtfgvalicante.com\/index.php\/2025\/04\/16\/el-27-de-usuarios-del-tram-afirma-que-le-gusta-viajar-en-tranvia-y-que-lo-prefiere-a-otros-medios\/","url":"https:\/\/ugtfgvalicante.com\/index.php\/2025\/04\/16\/el-27-de-usuarios-del-tram-afirma-que-le-gusta-viajar-en-tranvia-y-que-lo-prefiere-a-otros-medios\/","name":"El 27 % de usuarios del Tram afirma que le gusta viajar en tranv\u00eda y que lo prefiere a otros medios - FGV Alicante","isPartOf":{"@id":"https:\/\/ugtfgvalicante.com\/#website"},"primaryImageOfPage":{"@id":"https:\/\/ugtfgvalicante.com\/index.php\/2025\/04\/16\/el-27-de-usuarios-del-tram-afirma-que-le-gusta-viajar-en-tranvia-y-que-lo-prefiere-a-otros-medios\/#primaryimage"},"image":{"@id":"https:\/\/ugtfgvalicante.com\/index.php\/2025\/04\/16\/el-27-de-usuarios-del-tram-afirma-que-le-gusta-viajar-en-tranvia-y-que-lo-prefiere-a-otros-medios\/#primaryimage"},"thumbnailUrl":"https:\/\/ugtfgvalicante.com\/wp-content\/uploads\/2025\/04\/articulos-1563258.jpg","datePublished":"2025-04-16T07:15:06+00:00","dateModified":"2025-04-16T07:15:07+00:00","breadcrumb":{"@id":"https:\/\/ugtfgvalicante.com\/index.php\/2025\/04\/16\/el-27-de-usuarios-del-tram-afirma-que-le-gusta-viajar-en-tranvia-y-que-lo-prefiere-a-otros-medios\/#breadcrumb"},"inLanguage":"es","potentialAction":[{"@type":"ReadAction","target":["https:\/\/ugtfgvalicante.com\/index.php\/2025\/04\/16\/el-27-de-usuarios-del-tram-afirma-que-le-gusta-viajar-en-tranvia-y-que-lo-prefiere-a-otros-medios\/"]}]},{"@type":"ImageObject","inLanguage":"es","@id":"https:\/\/ugtfgvalicante.com\/index.php\/2025\/04\/16\/el-27-de-usuarios-del-tram-afirma-que-le-gusta-viajar-en-tranvia-y-que-lo-prefiere-a-otros-medios\/#primaryimage","url":"https:\/\/ugtfgvalicante.com\/wp-content\/uploads\/2025\/04\/articulos-1563258.jpg","contentUrl":"https:\/\/ugtfgvalicante.com\/wp-content\/uploads\/2025\/04\/articulos-1563258.jpg","width":706,"height":405},{"@type":"BreadcrumbList","@id":"https:\/\/ugtfgvalicante.com\/index.php\/2025\/04\/16\/el-27-de-usuarios-del-tram-afirma-que-le-gusta-viajar-en-tranvia-y-que-lo-prefiere-a-otros-medios\/#breadcrumb","itemListElement":[{"@type":"ListItem","position":1,"name":"Portada","item":"https:\/\/ugtfgvalicante.com\/"},{"@type":"ListItem","position":2,"name":"El 27 % de usuarios del Tram afirma que le gusta viajar en tranv\u00eda y que lo prefiere a otros medios"}]},{"@type":"WebSite","@id":"https:\/\/ugtfgvalicante.com\/#website","url":"https:\/\/ugtfgvalicante.com\/","name":"FGV Alicante","description":"","publisher":{"@id":"https:\/\/ugtfgvalicante.com\/#organization"},"potentialAction":[{"@type":"SearchAction","target":{"@type":"EntryPoint","urlTemplate":"https:\/\/ugtfgvalicante.com\/?s={search_term_string}"},"query-input":{"@type":"PropertyValueSpecification","valueRequired":true,"valueName":"search_term_string"}}],"inLanguage":"es"},{"@type":"Organization","@id":"https:\/\/ugtfgvalicante.com\/#organization","name":"UGT FGV Alicante","url":"https:\/\/ugtfgvalicante.com\/","logo":{"@type":"ImageObject","inLanguage":"es","@id":"https:\/\/ugtfgvalicante.com\/#\/schema\/logo\/image\/","url":"https:\/\/ugtfgvalicante.com\/wp-content\/uploads\/2022\/10\/logo-ugt-web.png","contentUrl":"https:\/\/ugtfgvalicante.com\/wp-content\/uploads\/2022\/10\/logo-ugt-web.png","width":2283,"height":1126,"caption":"UGT FGV Alicante"},"image":{"@id":"https:\/\/ugtfgvalicante.com\/#\/schema\/logo\/image\/"},"sameAs":["https:\/\/es-es.facebook.com\/ugt.fgvalicante\/"]},{"@type":"Person","@id":"https:\/\/ugtfgvalicante.com\/#\/schema\/person\/a1375a9c1ef53e624aa79c34b93b62e8","name":"Ugt FGV Alicante","image":{"@type":"ImageObject","inLanguage":"es","@id":"https:\/\/ugtfgvalicante.com\/#\/schema\/person\/image\/","url":"https:\/\/secure.gravatar.com\/avatar\/ea41cd8456808460c6c0caa1a213c3c921573555df6b57a7ee2f16fb6f502866?s=96&d=mm&r=g","contentUrl":"https:\/\/secure.gravatar.com\/avatar\/ea41cd8456808460c6c0caa1a213c3c921573555df6b57a7ee2f16fb6f502866?s=96&d=mm&r=g","caption":"Ugt FGV Alicante"},"url":"https:\/\/ugtfgvalicante.com\/index.php\/author\/ggrau\/"}]}},"_links":{"self":[{"href":"https:\/\/ugtfgvalicante.com\/index.php\/wp-json\/wp\/v2\/posts\/932","targetHints":{"allow":["GET"]}}],"collection":[{"href":"https:\/\/ugtfgvalicante.com\/index.php\/wp-json\/wp\/v2\/posts"}],"about":[{"href":"https:\/\/ugtfgvalicante.com\/index.php\/wp-json\/wp\/v2\/types\/post"}],"author":[{"embeddable":true,"href":"https:\/\/ugtfgvalicante.com\/index.php\/wp-json\/wp\/v2\/users\/4"}],"replies":[{"embeddable":true,"href":"https:\/\/ugtfgvalicante.com\/index.php\/wp-json\/wp\/v2\/comments?post=932"}],"version-history":[{"count":1,"href":"https:\/\/ugtfgvalicante.com\/index.php\/wp-json\/wp\/v2\/posts\/932\/revisions"}],"predecessor-version":[{"id":934,"href":"https:\/\/ugtfgvalicante.com\/index.php\/wp-json\/wp\/v2\/posts\/932\/revisions\/934"}],"wp:featuredmedia":[{"embeddable":true,"href":"https:\/\/ugtfgvalicante.com\/index.php\/wp-json\/wp\/v2\/media\/933"}],"wp:attachment":[{"href":"https:\/\/ugtfgvalicante.com\/index.php\/wp-json\/wp\/v2\/media?parent=932"}],"wp:term":[{"taxonomy":"category","embeddable":true,"href":"https:\/\/ugtfgvalicante.com\/index.php\/wp-json\/wp\/v2\/categories?post=932"},{"taxonomy":"post_tag","embeddable":true,"href":"https:\/\/ugtfgvalicante.com\/index.php\/wp-json\/wp\/v2\/tags?post=932"}],"curies":[{"name":"wp","href":"https:\/\/api.w.org\/{rel}","templated":true}]}}