{"id":935,"date":"2025-04-16T07:18:12","date_gmt":"2025-04-16T07:18:12","guid":{"rendered":"https:\/\/ugtfgvalicante.com\/?p=935"},"modified":"2025-04-16T07:18:13","modified_gmt":"2025-04-16T07:18:13","slug":"tram-dalacant-facilito-la-movilidad-de-15-millones-de-usuarios-en-marzo","status":"publish","type":"post","link":"https:\/\/ugtfgvalicante.com\/index.php\/2025\/04\/16\/tram-dalacant-facilito-la-movilidad-de-15-millones-de-usuarios-en-marzo\/","title":{"rendered":"TRAM d\u00b4Alacant facilit\u00f3 la movilidad de 1,5 millones de usuarios en marzo"},"content":{"rendered":"\n<ul class=\"wp-block-list\">\n<li>La L\u00ednea 2 fue la m\u00e1s utilizada, con 674.645 movimientos, seguida de la L\u00ednea 1, con 308.391<\/li>\n\n\n\n<li>Luceros fue la estaci\u00f3n con m\u00e1s tr\u00e1fico, con 272.223 viajes, por delante de Mercado, con 165.930<\/li>\n<\/ul>\n\n\n\n<p><a href=\"http:\/\/www.tramalacant.es\/\">TRAM d\u2019Alacant<\/a>&nbsp;desplaz\u00f3 el pasado mes de marzo a 1.573.977 usuarios en sus cuatro l\u00edneas de tranv\u00eda, una de tren-TRAM y otra de tren convencional. El d\u00eda de mayor tr\u00e1fico fue el mi\u00e9rcoles 12 con 63.153 pasajeros.<\/p>\n\n\n\n<p>En su conjunto,&nbsp;<a href=\"http:\/\/www.fgv.es\/\">Ferrocarrils de la Generalitat Valenciana<\/a>&nbsp;(FGV) sum\u00f3 en marzo entre Metrovalencia (9.104.625 pasajeros) y TRAM d\u2019Alacant (1.573.977 usuarios) un total de 10.678.602 movimientos.<\/p>\n\n\n\n<p>Seg\u00fan la distribuci\u00f3n por l\u00edneas, la L\u00ednea 2, que une Luceros con San Vicent del Raspeig, fue la m\u00e1s utilizada con 674.645 movimientos; seguida de la L\u00ednea 1, que comunica Luceros y Benidorm y que en la actualidad se encuentra en obras entre las estaciones de Hospital Vila y Benidorm, que alcanz\u00f3 308.391; la L\u00ednea 3, que enlaza Luceros con El Campello, 239.575; la L\u00ednea 4, que une Luceros con Plaza La Coru\u00f1a, sum\u00f3 181.345; la L\u00ednea 5, nexo de uni\u00f3n entre Porta del Mar y Plaza La Coru\u00f1a, registr\u00f3 89.647; y la L\u00ednea 9, que discurre entre Benidorm y D\u00e9nia, acumul\u00f3 80.374 viajes.<\/p>\n\n\n\n<p><strong>Luceros, la estaci\u00f3n m\u00e1s transitada<\/strong><\/p>\n\n\n\n<p>En el tr\u00e1fico por estaciones, Luceros obtuvo 272.223 pasajeros y Mercado 165.930. Les siguieron Sant Vicent del Raspeig, con 105.998; Marq-Castillo, con 84.519 y Benidorm, con 77062 usuarios.<\/p>\n\n\n\n<p>De ah\u00ed al d\u00e9cimo lugar se situaron Pintor Gast\u00f3n Castell\u00f3, con 50.820; Bulevar del Pl\u00e1, con 50.387; Garbinet, con 49.470; El Campello, con 44.445; y Universitat, con 43.034 movimientos.<\/p>\n\n\n\n<p>Fuente: <a href=\"https:\/\/www.tramalacant.es\/es\/tram-dalacant-facilito-la-movilidad-de-15-millones-de-usuarios-en-marzo\/\">TRAM<\/a><\/p>\n","protected":false},"excerpt":{"rendered":"<div class=\"mh-excerpt\"><p>TRAM d\u2019Alacant&nbsp;desplaz\u00f3 el pasado mes de marzo a 1.573.977 usuarios en sus cuatro l\u00edneas de tranv\u00eda, una de tren-TRAM y otra de tren convencional. El <a class=\"mh-excerpt-more\" href=\"https:\/\/ugtfgvalicante.com\/index.php\/2025\/04\/16\/tram-dalacant-facilito-la-movilidad-de-15-millones-de-usuarios-en-marzo\/\" title=\"TRAM d\u00b4Alacant facilit\u00f3 la movilidad de 1,5 millones de usuarios en marzo\">[&#8230;]<\/a><\/p>\n<\/div>","protected":false},"author":4,"featured_media":936,"comment_status":"closed","ping_status":"closed","sticky":false,"template":"","format":"standard","meta":{"footnotes":""},"categories":[7],"tags":[],"class_list":["post-935","post","type-post","status-publish","format-standard","has-post-thumbnail","hentry","category-noticia-tram"],"yoast_head":"<!-- This site is optimized with the Yoast SEO plugin v26.6 - https:\/\/yoast.com\/wordpress\/plugins\/seo\/ -->\n<title>TRAM d\u00b4Alacant facilit\u00f3 la movilidad de 1,5 millones de usuarios en marzo - FGV Alicante<\/title>\n<meta name=\"robots\" content=\"index, follow, max-snippet:-1, max-image-preview:large, max-video-preview:-1\" \/>\n<link rel=\"canonical\" href=\"https:\/\/ugtfgvalicante.com\/index.php\/2025\/04\/16\/tram-dalacant-facilito-la-movilidad-de-15-millones-de-usuarios-en-marzo\/\" \/>\n<meta property=\"og:locale\" content=\"es_ES\" \/>\n<meta property=\"og:type\" content=\"article\" \/>\n<meta property=\"og:title\" content=\"TRAM d\u00b4Alacant facilit\u00f3 la movilidad de 1,5 millones de usuarios en marzo - FGV Alicante\" \/>\n<meta property=\"og:description\" content=\"TRAM d\u2019Alacant&nbsp;desplaz\u00f3 el pasado mes de marzo a 1.573.977 usuarios en sus cuatro l\u00edneas de tranv\u00eda, una de tren-TRAM y otra de tren convencional. El [...]\" \/>\n<meta property=\"og:url\" content=\"https:\/\/ugtfgvalicante.com\/index.php\/2025\/04\/16\/tram-dalacant-facilito-la-movilidad-de-15-millones-de-usuarios-en-marzo\/\" \/>\n<meta property=\"og:site_name\" content=\"FGV Alicante\" \/>\n<meta property=\"article:publisher\" content=\"https:\/\/es-es.facebook.com\/ugt.fgvalicante\/\" \/>\n<meta property=\"article:published_time\" content=\"2025-04-16T07:18:12+00:00\" \/>\n<meta property=\"article:modified_time\" content=\"2025-04-16T07:18:13+00:00\" \/>\n<meta property=\"og:image\" content=\"https:\/\/ugtfgvalicante.com\/wp-content\/uploads\/2025\/04\/Diseno-sin-titulo-2025-04-08T131014.489.jpg\" \/>\n\t<meta property=\"og:image:width\" content=\"800\" \/>\n\t<meta property=\"og:image:height\" content=\"400\" \/>\n\t<meta property=\"og:image:type\" content=\"image\/jpeg\" \/>\n<meta name=\"author\" content=\"Ugt FGV Alicante\" \/>\n<meta name=\"twitter:card\" content=\"summary_large_image\" \/>\n<meta name=\"twitter:label1\" content=\"Escrito por\" \/>\n\t<meta name=\"twitter:data1\" content=\"Ugt FGV Alicante\" \/>\n\t<meta name=\"twitter:label2\" content=\"Tiempo de lectura\" \/>\n\t<meta name=\"twitter:data2\" content=\"2 minutos\" \/>\n<script type=\"application\/ld+json\" class=\"yoast-schema-graph\">{\"@context\":\"https:\/\/schema.org\",\"@graph\":[{\"@type\":\"Article\",\"@id\":\"https:\/\/ugtfgvalicante.com\/index.php\/2025\/04\/16\/tram-dalacant-facilito-la-movilidad-de-15-millones-de-usuarios-en-marzo\/#article\",\"isPartOf\":{\"@id\":\"https:\/\/ugtfgvalicante.com\/index.php\/2025\/04\/16\/tram-dalacant-facilito-la-movilidad-de-15-millones-de-usuarios-en-marzo\/\"},\"author\":{\"name\":\"Ugt FGV Alicante\",\"@id\":\"https:\/\/ugtfgvalicante.com\/#\/schema\/person\/a1375a9c1ef53e624aa79c34b93b62e8\"},\"headline\":\"TRAM d\u00b4Alacant facilit\u00f3 la movilidad de 1,5 millones de usuarios en marzo\",\"datePublished\":\"2025-04-16T07:18:12+00:00\",\"dateModified\":\"2025-04-16T07:18:13+00:00\",\"mainEntityOfPage\":{\"@id\":\"https:\/\/ugtfgvalicante.com\/index.php\/2025\/04\/16\/tram-dalacant-facilito-la-movilidad-de-15-millones-de-usuarios-en-marzo\/\"},\"wordCount\":277,\"publisher\":{\"@id\":\"https:\/\/ugtfgvalicante.com\/#organization\"},\"image\":{\"@id\":\"https:\/\/ugtfgvalicante.com\/index.php\/2025\/04\/16\/tram-dalacant-facilito-la-movilidad-de-15-millones-de-usuarios-en-marzo\/#primaryimage\"},\"thumbnailUrl\":\"https:\/\/ugtfgvalicante.com\/wp-content\/uploads\/2025\/04\/Diseno-sin-titulo-2025-04-08T131014.489.jpg\",\"articleSection\":[\"Noticia TRAM\"],\"inLanguage\":\"es\"},{\"@type\":\"WebPage\",\"@id\":\"https:\/\/ugtfgvalicante.com\/index.php\/2025\/04\/16\/tram-dalacant-facilito-la-movilidad-de-15-millones-de-usuarios-en-marzo\/\",\"url\":\"https:\/\/ugtfgvalicante.com\/index.php\/2025\/04\/16\/tram-dalacant-facilito-la-movilidad-de-15-millones-de-usuarios-en-marzo\/\",\"name\":\"TRAM d\u00b4Alacant facilit\u00f3 la movilidad de 1,5 millones de usuarios en marzo - FGV Alicante\",\"isPartOf\":{\"@id\":\"https:\/\/ugtfgvalicante.com\/#website\"},\"primaryImageOfPage\":{\"@id\":\"https:\/\/ugtfgvalicante.com\/index.php\/2025\/04\/16\/tram-dalacant-facilito-la-movilidad-de-15-millones-de-usuarios-en-marzo\/#primaryimage\"},\"image\":{\"@id\":\"https:\/\/ugtfgvalicante.com\/index.php\/2025\/04\/16\/tram-dalacant-facilito-la-movilidad-de-15-millones-de-usuarios-en-marzo\/#primaryimage\"},\"thumbnailUrl\":\"https:\/\/ugtfgvalicante.com\/wp-content\/uploads\/2025\/04\/Diseno-sin-titulo-2025-04-08T131014.489.jpg\",\"datePublished\":\"2025-04-16T07:18:12+00:00\",\"dateModified\":\"2025-04-16T07:18:13+00:00\",\"breadcrumb\":{\"@id\":\"https:\/\/ugtfgvalicante.com\/index.php\/2025\/04\/16\/tram-dalacant-facilito-la-movilidad-de-15-millones-de-usuarios-en-marzo\/#breadcrumb\"},\"inLanguage\":\"es\",\"potentialAction\":[{\"@type\":\"ReadAction\",\"target\":[\"https:\/\/ugtfgvalicante.com\/index.php\/2025\/04\/16\/tram-dalacant-facilito-la-movilidad-de-15-millones-de-usuarios-en-marzo\/\"]}]},{\"@type\":\"ImageObject\",\"inLanguage\":\"es\",\"@id\":\"https:\/\/ugtfgvalicante.com\/index.php\/2025\/04\/16\/tram-dalacant-facilito-la-movilidad-de-15-millones-de-usuarios-en-marzo\/#primaryimage\",\"url\":\"https:\/\/ugtfgvalicante.com\/wp-content\/uploads\/2025\/04\/Diseno-sin-titulo-2025-04-08T131014.489.jpg\",\"contentUrl\":\"https:\/\/ugtfgvalicante.com\/wp-content\/uploads\/2025\/04\/Diseno-sin-titulo-2025-04-08T131014.489.jpg\",\"width\":800,\"height\":400},{\"@type\":\"BreadcrumbList\",\"@id\":\"https:\/\/ugtfgvalicante.com\/index.php\/2025\/04\/16\/tram-dalacant-facilito-la-movilidad-de-15-millones-de-usuarios-en-marzo\/#breadcrumb\",\"itemListElement\":[{\"@type\":\"ListItem\",\"position\":1,\"name\":\"Portada\",\"item\":\"https:\/\/ugtfgvalicante.com\/\"},{\"@type\":\"ListItem\",\"position\":2,\"name\":\"TRAM d\u00b4Alacant facilit\u00f3 la movilidad de 1,5 millones de usuarios en marzo\"}]},{\"@type\":\"WebSite\",\"@id\":\"https:\/\/ugtfgvalicante.com\/#website\",\"url\":\"https:\/\/ugtfgvalicante.com\/\",\"name\":\"FGV Alicante\",\"description\":\"\",\"publisher\":{\"@id\":\"https:\/\/ugtfgvalicante.com\/#organization\"},\"potentialAction\":[{\"@type\":\"SearchAction\",\"target\":{\"@type\":\"EntryPoint\",\"urlTemplate\":\"https:\/\/ugtfgvalicante.com\/?s={search_term_string}\"},\"query-input\":{\"@type\":\"PropertyValueSpecification\",\"valueRequired\":true,\"valueName\":\"search_term_string\"}}],\"inLanguage\":\"es\"},{\"@type\":\"Organization\",\"@id\":\"https:\/\/ugtfgvalicante.com\/#organization\",\"name\":\"UGT FGV Alicante\",\"url\":\"https:\/\/ugtfgvalicante.com\/\",\"logo\":{\"@type\":\"ImageObject\",\"inLanguage\":\"es\",\"@id\":\"https:\/\/ugtfgvalicante.com\/#\/schema\/logo\/image\/\",\"url\":\"https:\/\/ugtfgvalicante.com\/wp-content\/uploads\/2022\/10\/logo-ugt-web.png\",\"contentUrl\":\"https:\/\/ugtfgvalicante.com\/wp-content\/uploads\/2022\/10\/logo-ugt-web.png\",\"width\":2283,\"height\":1126,\"caption\":\"UGT FGV Alicante\"},\"image\":{\"@id\":\"https:\/\/ugtfgvalicante.com\/#\/schema\/logo\/image\/\"},\"sameAs\":[\"https:\/\/es-es.facebook.com\/ugt.fgvalicante\/\"]},{\"@type\":\"Person\",\"@id\":\"https:\/\/ugtfgvalicante.com\/#\/schema\/person\/a1375a9c1ef53e624aa79c34b93b62e8\",\"name\":\"Ugt FGV Alicante\",\"image\":{\"@type\":\"ImageObject\",\"inLanguage\":\"es\",\"@id\":\"https:\/\/ugtfgvalicante.com\/#\/schema\/person\/image\/\",\"url\":\"https:\/\/secure.gravatar.com\/avatar\/ea41cd8456808460c6c0caa1a213c3c921573555df6b57a7ee2f16fb6f502866?s=96&d=mm&r=g\",\"contentUrl\":\"https:\/\/secure.gravatar.com\/avatar\/ea41cd8456808460c6c0caa1a213c3c921573555df6b57a7ee2f16fb6f502866?s=96&d=mm&r=g\",\"caption\":\"Ugt FGV Alicante\"},\"url\":\"https:\/\/ugtfgvalicante.com\/index.php\/author\/ggrau\/\"}]}<\/script>\n<!-- \/ Yoast SEO plugin. -->","yoast_head_json":{"title":"TRAM d\u00b4Alacant facilit\u00f3 la movilidad de 1,5 millones de usuarios en marzo - FGV Alicante","robots":{"index":"index","follow":"follow","max-snippet":"max-snippet:-1","max-image-preview":"max-image-preview:large","max-video-preview":"max-video-preview:-1"},"canonical":"https:\/\/ugtfgvalicante.com\/index.php\/2025\/04\/16\/tram-dalacant-facilito-la-movilidad-de-15-millones-de-usuarios-en-marzo\/","og_locale":"es_ES","og_type":"article","og_title":"TRAM d\u00b4Alacant facilit\u00f3 la movilidad de 1,5 millones de usuarios en marzo - FGV Alicante","og_description":"TRAM d\u2019Alacant&nbsp;desplaz\u00f3 el pasado mes de marzo a 1.573.977 usuarios en sus cuatro l\u00edneas de tranv\u00eda, una de tren-TRAM y otra de tren convencional. El [...]","og_url":"https:\/\/ugtfgvalicante.com\/index.php\/2025\/04\/16\/tram-dalacant-facilito-la-movilidad-de-15-millones-de-usuarios-en-marzo\/","og_site_name":"FGV Alicante","article_publisher":"https:\/\/es-es.facebook.com\/ugt.fgvalicante\/","article_published_time":"2025-04-16T07:18:12+00:00","article_modified_time":"2025-04-16T07:18:13+00:00","og_image":[{"width":800,"height":400,"url":"https:\/\/ugtfgvalicante.com\/wp-content\/uploads\/2025\/04\/Diseno-sin-titulo-2025-04-08T131014.489.jpg","type":"image\/jpeg"}],"author":"Ugt FGV Alicante","twitter_card":"summary_large_image","twitter_misc":{"Escrito por":"Ugt FGV Alicante","Tiempo de lectura":"2 minutos"},"schema":{"@context":"https:\/\/schema.org","@graph":[{"@type":"Article","@id":"https:\/\/ugtfgvalicante.com\/index.php\/2025\/04\/16\/tram-dalacant-facilito-la-movilidad-de-15-millones-de-usuarios-en-marzo\/#article","isPartOf":{"@id":"https:\/\/ugtfgvalicante.com\/index.php\/2025\/04\/16\/tram-dalacant-facilito-la-movilidad-de-15-millones-de-usuarios-en-marzo\/"},"author":{"name":"Ugt FGV Alicante","@id":"https:\/\/ugtfgvalicante.com\/#\/schema\/person\/a1375a9c1ef53e624aa79c34b93b62e8"},"headline":"TRAM d\u00b4Alacant facilit\u00f3 la movilidad de 1,5 millones de usuarios en marzo","datePublished":"2025-04-16T07:18:12+00:00","dateModified":"2025-04-16T07:18:13+00:00","mainEntityOfPage":{"@id":"https:\/\/ugtfgvalicante.com\/index.php\/2025\/04\/16\/tram-dalacant-facilito-la-movilidad-de-15-millones-de-usuarios-en-marzo\/"},"wordCount":277,"publisher":{"@id":"https:\/\/ugtfgvalicante.com\/#organization"},"image":{"@id":"https:\/\/ugtfgvalicante.com\/index.php\/2025\/04\/16\/tram-dalacant-facilito-la-movilidad-de-15-millones-de-usuarios-en-marzo\/#primaryimage"},"thumbnailUrl":"https:\/\/ugtfgvalicante.com\/wp-content\/uploads\/2025\/04\/Diseno-sin-titulo-2025-04-08T131014.489.jpg","articleSection":["Noticia TRAM"],"inLanguage":"es"},{"@type":"WebPage","@id":"https:\/\/ugtfgvalicante.com\/index.php\/2025\/04\/16\/tram-dalacant-facilito-la-movilidad-de-15-millones-de-usuarios-en-marzo\/","url":"https:\/\/ugtfgvalicante.com\/index.php\/2025\/04\/16\/tram-dalacant-facilito-la-movilidad-de-15-millones-de-usuarios-en-marzo\/","name":"TRAM d\u00b4Alacant facilit\u00f3 la movilidad de 1,5 millones de usuarios en marzo - FGV Alicante","isPartOf":{"@id":"https:\/\/ugtfgvalicante.com\/#website"},"primaryImageOfPage":{"@id":"https:\/\/ugtfgvalicante.com\/index.php\/2025\/04\/16\/tram-dalacant-facilito-la-movilidad-de-15-millones-de-usuarios-en-marzo\/#primaryimage"},"image":{"@id":"https:\/\/ugtfgvalicante.com\/index.php\/2025\/04\/16\/tram-dalacant-facilito-la-movilidad-de-15-millones-de-usuarios-en-marzo\/#primaryimage"},"thumbnailUrl":"https:\/\/ugtfgvalicante.com\/wp-content\/uploads\/2025\/04\/Diseno-sin-titulo-2025-04-08T131014.489.jpg","datePublished":"2025-04-16T07:18:12+00:00","dateModified":"2025-04-16T07:18:13+00:00","breadcrumb":{"@id":"https:\/\/ugtfgvalicante.com\/index.php\/2025\/04\/16\/tram-dalacant-facilito-la-movilidad-de-15-millones-de-usuarios-en-marzo\/#breadcrumb"},"inLanguage":"es","potentialAction":[{"@type":"ReadAction","target":["https:\/\/ugtfgvalicante.com\/index.php\/2025\/04\/16\/tram-dalacant-facilito-la-movilidad-de-15-millones-de-usuarios-en-marzo\/"]}]},{"@type":"ImageObject","inLanguage":"es","@id":"https:\/\/ugtfgvalicante.com\/index.php\/2025\/04\/16\/tram-dalacant-facilito-la-movilidad-de-15-millones-de-usuarios-en-marzo\/#primaryimage","url":"https:\/\/ugtfgvalicante.com\/wp-content\/uploads\/2025\/04\/Diseno-sin-titulo-2025-04-08T131014.489.jpg","contentUrl":"https:\/\/ugtfgvalicante.com\/wp-content\/uploads\/2025\/04\/Diseno-sin-titulo-2025-04-08T131014.489.jpg","width":800,"height":400},{"@type":"BreadcrumbList","@id":"https:\/\/ugtfgvalicante.com\/index.php\/2025\/04\/16\/tram-dalacant-facilito-la-movilidad-de-15-millones-de-usuarios-en-marzo\/#breadcrumb","itemListElement":[{"@type":"ListItem","position":1,"name":"Portada","item":"https:\/\/ugtfgvalicante.com\/"},{"@type":"ListItem","position":2,"name":"TRAM d\u00b4Alacant facilit\u00f3 la movilidad de 1,5 millones de usuarios en marzo"}]},{"@type":"WebSite","@id":"https:\/\/ugtfgvalicante.com\/#website","url":"https:\/\/ugtfgvalicante.com\/","name":"FGV Alicante","description":"","publisher":{"@id":"https:\/\/ugtfgvalicante.com\/#organization"},"potentialAction":[{"@type":"SearchAction","target":{"@type":"EntryPoint","urlTemplate":"https:\/\/ugtfgvalicante.com\/?s={search_term_string}"},"query-input":{"@type":"PropertyValueSpecification","valueRequired":true,"valueName":"search_term_string"}}],"inLanguage":"es"},{"@type":"Organization","@id":"https:\/\/ugtfgvalicante.com\/#organization","name":"UGT FGV Alicante","url":"https:\/\/ugtfgvalicante.com\/","logo":{"@type":"ImageObject","inLanguage":"es","@id":"https:\/\/ugtfgvalicante.com\/#\/schema\/logo\/image\/","url":"https:\/\/ugtfgvalicante.com\/wp-content\/uploads\/2022\/10\/logo-ugt-web.png","contentUrl":"https:\/\/ugtfgvalicante.com\/wp-content\/uploads\/2022\/10\/logo-ugt-web.png","width":2283,"height":1126,"caption":"UGT FGV Alicante"},"image":{"@id":"https:\/\/ugtfgvalicante.com\/#\/schema\/logo\/image\/"},"sameAs":["https:\/\/es-es.facebook.com\/ugt.fgvalicante\/"]},{"@type":"Person","@id":"https:\/\/ugtfgvalicante.com\/#\/schema\/person\/a1375a9c1ef53e624aa79c34b93b62e8","name":"Ugt FGV Alicante","image":{"@type":"ImageObject","inLanguage":"es","@id":"https:\/\/ugtfgvalicante.com\/#\/schema\/person\/image\/","url":"https:\/\/secure.gravatar.com\/avatar\/ea41cd8456808460c6c0caa1a213c3c921573555df6b57a7ee2f16fb6f502866?s=96&d=mm&r=g","contentUrl":"https:\/\/secure.gravatar.com\/avatar\/ea41cd8456808460c6c0caa1a213c3c921573555df6b57a7ee2f16fb6f502866?s=96&d=mm&r=g","caption":"Ugt FGV Alicante"},"url":"https:\/\/ugtfgvalicante.com\/index.php\/author\/ggrau\/"}]}},"_links":{"self":[{"href":"https:\/\/ugtfgvalicante.com\/index.php\/wp-json\/wp\/v2\/posts\/935","targetHints":{"allow":["GET"]}}],"collection":[{"href":"https:\/\/ugtfgvalicante.com\/index.php\/wp-json\/wp\/v2\/posts"}],"about":[{"href":"https:\/\/ugtfgvalicante.com\/index.php\/wp-json\/wp\/v2\/types\/post"}],"author":[{"embeddable":true,"href":"https:\/\/ugtfgvalicante.com\/index.php\/wp-json\/wp\/v2\/users\/4"}],"replies":[{"embeddable":true,"href":"https:\/\/ugtfgvalicante.com\/index.php\/wp-json\/wp\/v2\/comments?post=935"}],"version-history":[{"count":1,"href":"https:\/\/ugtfgvalicante.com\/index.php\/wp-json\/wp\/v2\/posts\/935\/revisions"}],"predecessor-version":[{"id":937,"href":"https:\/\/ugtfgvalicante.com\/index.php\/wp-json\/wp\/v2\/posts\/935\/revisions\/937"}],"wp:featuredmedia":[{"embeddable":true,"href":"https:\/\/ugtfgvalicante.com\/index.php\/wp-json\/wp\/v2\/media\/936"}],"wp:attachment":[{"href":"https:\/\/ugtfgvalicante.com\/index.php\/wp-json\/wp\/v2\/media?parent=935"}],"wp:term":[{"taxonomy":"category","embeddable":true,"href":"https:\/\/ugtfgvalicante.com\/index.php\/wp-json\/wp\/v2\/categories?post=935"},{"taxonomy":"post_tag","embeddable":true,"href":"https:\/\/ugtfgvalicante.com\/index.php\/wp-json\/wp\/v2\/tags?post=935"}],"curies":[{"name":"wp","href":"https:\/\/api.w.org\/{rel}","templated":true}]}}