{"id":942,"date":"2025-05-08T18:50:44","date_gmt":"2025-05-08T18:50:44","guid":{"rendered":"https:\/\/ugtfgvalicante.com\/?p=942"},"modified":"2025-05-08T18:50:45","modified_gmt":"2025-05-08T18:50:45","slug":"alicante-quiere-un-tram-circular-por-aguilera-y-carbonell-el-consell-estudia-opciones-sur-y-norte","status":"publish","type":"post","link":"https:\/\/ugtfgvalicante.com\/index.php\/2025\/05\/08\/alicante-quiere-un-tram-circular-por-aguilera-y-carbonell-el-consell-estudia-opciones-sur-y-norte\/","title":{"rendered":"Alicante quiere un Tram circular por Aguilera y Carbonell; el Consell estudia opciones sur y norte"},"content":{"rendered":"\n<p>Infraestructuras encarga estudios de viabilidad para concretar los futuros recorridos hacia el barrio de San Gabriel y hasta el Hospital Universitario de San Juan con criterios t\u00e9cnicos. Quedar\u00e1n concluidos a final de a\u00f1o y precisar\u00e1n qu\u00e9 sistema de movilidad (tranv\u00eda o cualquier otro material rodante) resulta m\u00e1s indicado.<\/p>\n\n\n\n<p>ALICANTE. La Conselleria de Medio Ambiente, Agua, Infraestructuras y Transportes y el Ayuntamiento de Alicante tratan de acercar posturas en la&nbsp;<strong>planificaci\u00f3n de las futuras l\u00edneas de la red de transporte metropolitano del sistema Tram&nbsp;<\/strong>en la ciudad con la previsi\u00f3n de&nbsp;<strong>extender ese servicio hasta el barrio de San Gabriel, en la zona sur, y hasta el Hospital Universitario de San Juan, por el norte<\/strong>. Y lo cierto es que, hasta el momento,&nbsp;<strong>no habr\u00eda una confluencia de intereses definitiva que permita concretar recorridos, plazos o material rodante&nbsp;<\/strong>(tranv\u00eda, bus guiado, etc.) con el que podr\u00edan operarse esos nuevos trazados. As\u00ed se&nbsp;pudo constatar este mi\u00e9rcoles, al t\u00e9rmino de la reuni\u00f3n de trabajo celebrada entre responsables del departamento auton\u00f3mico y representantes del equipo de gobierno, del Partido Popular (PP), en la que tambi\u00e9n se abord\u00f3 el desarrollo del<strong>&nbsp;proyecto &#8216;Alicante Agua Circular&#8217;<\/strong>&nbsp;sobre l<a href=\"https:\/\/alicanteplaza.es\/alicanteplaza\/alicante\/consell-y-alicante-se-conjuran-para-impulsar-la-reutilizacion-de-agua-depurada-con-37-millones\">a reutilizaci\u00f3n de agua depurada para uso agr\u00edcola<\/a>.&nbsp;<\/p>\n\n\n\n<p>Por partes. La propuesta de recorrido hacia los barrios de&nbsp;<strong>la zona sur estar\u00eda por definir pr\u00e1cticamente desde cero<\/strong>. El anterior Consell&nbsp;del Bot\u00e0nic, compuesto por PSPV, Comprom\u00eds y Unides Podem EU, plante\u00f3&nbsp;<strong>la posibilidad de facilitar esa conexi\u00f3n mediante la creaci\u00f3n de un nuevo itinerario que partir\u00eda desde la Estaci\u00f3n Central<\/strong>&nbsp;&#8211;<a href=\"https:\/\/alicanteplaza.es\/alicanteplaza\/alicante\/fgv-activa-la-obra-dura-de-la-estacion-central-del-tram-en-alicante-con-un-ano-de-perforaciones\">ahora&nbsp;en ejecuci\u00f3n<\/a>, con la&nbsp;previsi\u00f3n de que sus obras concluyan en 2029- para&nbsp;<strong>avanzar por el&nbsp;barrio de Princesa Mercedes y dirigirse&nbsp;a trav\u00e9s de la calle Aus\u00f3 y Monz\u00f3 hasta cruzar la Gran V\u00eda y llegar a la avenida de Orihuela<\/strong>. Despu\u00e9s, conectar\u00eda con el centro comercial Puerta de Alicante tras entroncar con la V\u00eda Parque, a trav\u00e9s de la calle R\u00edo Muni. La construcci\u00f3n de ese trazado&nbsp;<strong>se valor\u00f3 en 35 millones<\/strong>&nbsp;cuando se produjo su presentaci\u00f3n, hace cuatro a\u00f1os.<\/p>\n\n\n\n<p>Eso s\u00ed, se trataba de una propuesta que&nbsp;<strong>no se extend\u00eda en sentido estricto hasta el barrio de San Gabriel<\/strong>. Esa posibilidad quedaba abierta con&nbsp;<strong>un segundo recorrido complementario, concebido como prolongaci\u00f3n de la actual L\u00ednea 5&nbsp;<\/strong>sobre el paseo del Puerto que se prolongar\u00eda por Eusebio Sempere y alcalde Lorenzo Carbonell&nbsp;para proseguir hasta la calle M\u00e9xico.&nbsp;<\/p>\n\n\n\n<p>Esa apuesta&nbsp;<strong>no cont\u00f3 con la anuencia del equipo de gobierno<\/strong>, entonces compuesto&nbsp;por PP y Ciudadanos (Cs), a pesar de que s\u00ed lleg\u00f3 a contemplarse la reserva de suelo para encajar el paso del tranv\u00eda en el&nbsp;<a href=\"https:\/\/alicanteplaza.es\/alicanteplaza\/alicante-promueve-la-reforma-de-la-avenida-de-loring-y-eusebio-sempere-con-hueco-para-el-tram\">proyecto de reurbanizaci\u00f3n de la calle de Eusebio Sempere<\/a>. Cuando menos, esa propuesta no contaba con el benepl\u00e1cito de los&nbsp;<em>populares<\/em>, como socio mayoritario del bipartito. Tanto es as\u00ed, que&nbsp;<strong>se recrimin\u00f3 al Consell que se hubiese lanzado esa opci\u00f3n de trazado sin contar con la participaci\u00f3n municipal<\/strong>.<\/p>\n\n\n\n<p>Ahora, la propuesta planteada por el actual equipo de gobierno, compuesto por el PP&nbsp;en solitario, en situaci\u00f3n de minor\u00eda, difiere sustancialmente de ese primer esbozo.&nbsp;<strong>Los&nbsp;<em>populares&nbsp;<\/em>abogan por la creaci\u00f3n de una l\u00ednea con un itinerario&nbsp;circular que solo tendr\u00eda en com\u00fan con el dise\u00f1o del Bot\u00e0nic&nbsp;el punto de partida<\/strong>: la Estaci\u00f3n Central. A partir de ah\u00ed, progresar\u00eda&nbsp;sobre el eje de la avenida de Aguilera hasta llegar a la V\u00eda Parque. En ese punto, enlazar\u00eda con el barrio de San Gabriel por la calle M\u00e9xico. Y se iniciar\u00eda el recorrido de<strong>&nbsp;regreso con otro itinerario&nbsp;que discurrir\u00eda por los barrios de Babel y La Florida, a trav\u00e9s de la avenida alcalde Lorenzo Carbonell<\/strong>. Por \u00faltimo, enlazar\u00eda con la avenida de \u00d3scar Espl\u00e1 en sentido ascendente para concluir, de nuevo, en la misma Estaci\u00f3n Central. Se trata de una opci\u00f3n que permitir\u00eda&nbsp;<strong>dar cobertura al mayor volumen de poblaci\u00f3n posible<\/strong>, seg\u00fan defendi\u00f3 el mismo alcalde,&nbsp;<strong>Luis Barcala<\/strong>, minutos antes de que diese comienzo la reuni\u00f3n de planificaci\u00f3n con el departamento que coordina el conseller&nbsp;<strong>Vicente Mart\u00ednez Mus<\/strong>.<\/p>\n\n\n\n<h2 class=\"wp-block-heading\">PAU 5 y Nou Nazareth&nbsp;<\/h2>\n\n\n\n<p>El planteamiento defendido por Barcala de acercar el transporte p\u00fablico al mayor porcentaje de poblaci\u00f3n posible&nbsp;<strong>encajar\u00eda con la propuesta que se ha venido barajando hasta ahora para prolongar el trazado compartido por las L\u00edneas 3 y 4 hasta el Hospital Universitario de San Juan<\/strong>. El anteproyecto que tambi\u00e9n qued\u00f3 perfilado durante la pasada legislatura -y que ya ha superado toda la fase de tramitaci\u00f3n ambiental- contempla que ese nuevo recorrido&nbsp;<strong>discurra por los nuevos desarrollos urban\u00edsticos del PAU 5, en Alicante, y de Nou Nazareth, en Sant Joan d&#8217;Alacant<\/strong>, para regresar a la avenida Pintor P\u00e9rez Gil y llegar sobre su eje hasta el recinto hospitalario.<\/p>\n\n\n\n<p>Con todo, lo cierto es que, tras las elecciones auton\u00f3micas de 2023, el Consell compuesto inicialmente por PP y Vox&nbsp;comenz\u00f3 a&nbsp;<strong>barajar&nbsp;una propuesta alternativa<\/strong>&nbsp;-que ha tenido continuidad bajo el mandato del PP en solitario- que comprende el desarrollo de&nbsp;<strong>un trazado hasta cierto punto m\u00e1s directo que discurrir\u00eda sobre el eje de la avenida de D\u00e9nia<\/strong>. Se tratar\u00eda de una opci\u00f3n que&nbsp;<strong>acortar\u00eda el tiempo de desplazamiento respecto al dise\u00f1o original<\/strong>. Ese factor&nbsp;es el&nbsp;que habr\u00eda llevado, incluso, a que se sopesase&nbsp;<strong>la posibilidad de&nbsp;<a href=\"https:\/\/alicanteplaza.es\/alicanteplaza\/fgv-se-abre-a-ampliar-la-union-alicante-sant-joan-por-tram-con-un-ramal-directo-que-acorte-tiempos\">compatibilizar las dos propuestas<\/a><\/strong>&nbsp;para ampliar las posibilidades de conectividad, aunque ello supusiese un aumento de la inversi\u00f3n necesaria para su construcci\u00f3n.<\/p>\n\n\n\n<p>No obstante,&nbsp;<strong>ninguno de esos trazados sobre las dos prolongaciones hacia el sur y el norte de la ciudad estar\u00eda garantizado<\/strong>. De hecho, la \u00fanica certeza que pudo extraerse del encuentro de trabajo celebrado este mi\u00e9rcoles es que<strong>&nbsp;ese conjunto de posibilidades queda en el aire, a la espera de que se disponga de las conclusiones de los \u00faltimos estudios de viabilidad espec\u00edficos ya concertados por la conselleria para valorar cu\u00e1l es la opci\u00f3n id\u00f3nea desde el punto de vista t\u00e9cnico<\/strong>&nbsp;para planificar esa ampliaci\u00f3n de la red Tram. Esos estudios ya estar\u00edan en fase de elaboraci\u00f3n, seg\u00fan precis\u00f3 el propio Mart\u00ednez Mus. Y, en principio, deber\u00edan quedar concluidos a cierre de este 2025. En ese momento, se expondr\u00e1n al p\u00fablico y se adoptar\u00e1n las decisiones pol\u00edticas que correspondan sobre la base de esas recomendaciones t\u00e9cnicas. Solo desde ese momento se podr\u00e1 comenzar a analizar costes y posibles fechas para su desarrollo: dos cuestiones sobre las que existe -si cabe- m\u00e1s incertidumbre todav\u00eda. Sobre todo, porque su ejecuci\u00f3n supondr\u00e1 un esfuerzo presupuestario que no estar\u00eda garantizado. M\u00e1xime ante la prioridad de acometer la reconstrucci\u00f3n de los da\u00f1os ocasionados por la dana que asol\u00f3 a cerca de un centenar de municipios de la provincia de Valencia el pasado 29 de octubre.<\/p>\n\n\n\n<p>A ello se a\u00f1ade, adem\u00e1s, la indefinici\u00f3n que sigue persistiendo respecto al<strong>&nbsp;sistema de movilidad&nbsp;concreto con el que se prev\u00e9 que funcionen esas futuras ampliaciones de la red<\/strong>: bien mediante un tranv\u00eda convencional, vinculado a un trazado con catenaria, o bien mediante un material rodante alternativo, como podr\u00eda ser un bus guiado o un veh\u00edculo el\u00e9ctrico aut\u00f3nomo, que no requerir\u00eda de la instalaci\u00f3n de la infraestructura tranviaria. Por lo pronto, el mismo Barcala no se cerr\u00f3 a ninguna posibilidad, \u00absiempre que se procure la conectividad que buscamos\u00bb, apunt\u00f3. En principio, esos<strong>&nbsp;estudios de viabilidad ahora en elaboraci\u00f3n tambi\u00e9n deber\u00edan concretar las opciones id\u00f3neas<\/strong>&nbsp;para ejecutar esas dos prolongaciones del servicio, seg\u00fan confirm\u00f3 Mart\u00ednez Mus.<\/p>\n\n\n\n<p>Fuente: <a href=\"https:\/\/alicanteplaza.es\/alicanteplaza\/alicante\/alicante-aboga-por-una-linea-circular-para-llevar-el-tram-al-sur-por-via-parque-carbonell-y-espla\">Alicanteplaza<\/a><\/p>\n\n\n\n<p><\/p>\n","protected":false},"excerpt":{"rendered":"<div class=\"mh-excerpt\"><p>Infraestructuras encarga estudios de viabilidad para concretar los futuros recorridos hacia el barrio de San Gabriel y hasta el Hospital Universitario de San Juan con <a class=\"mh-excerpt-more\" href=\"https:\/\/ugtfgvalicante.com\/index.php\/2025\/05\/08\/alicante-quiere-un-tram-circular-por-aguilera-y-carbonell-el-consell-estudia-opciones-sur-y-norte\/\" title=\"Alicante quiere un Tram circular por Aguilera y Carbonell; el Consell estudia opciones sur y norte\">[&#8230;]<\/a><\/p>\n<\/div>","protected":false},"author":4,"featured_media":943,"comment_status":"closed","ping_status":"closed","sticky":false,"template":"","format":"standard","meta":{"footnotes":""},"categories":[5],"tags":[],"class_list":["post-942","post","type-post","status-publish","format-standard","has-post-thumbnail","hentry","category-noticias-prensa"],"yoast_head":"<!-- This site is optimized with the Yoast SEO plugin v26.6 - https:\/\/yoast.com\/wordpress\/plugins\/seo\/ -->\n<title>Alicante quiere un Tram circular por Aguilera y Carbonell; el Consell estudia opciones sur y norte - FGV Alicante<\/title>\n<meta name=\"robots\" content=\"index, follow, max-snippet:-1, max-image-preview:large, max-video-preview:-1\" \/>\n<link rel=\"canonical\" href=\"https:\/\/ugtfgvalicante.com\/index.php\/2025\/05\/08\/alicante-quiere-un-tram-circular-por-aguilera-y-carbonell-el-consell-estudia-opciones-sur-y-norte\/\" \/>\n<meta property=\"og:locale\" content=\"es_ES\" \/>\n<meta property=\"og:type\" content=\"article\" \/>\n<meta property=\"og:title\" content=\"Alicante quiere un Tram circular por Aguilera y Carbonell; el Consell estudia opciones sur y norte - FGV Alicante\" \/>\n<meta property=\"og:description\" content=\"Infraestructuras encarga estudios de viabilidad para concretar los futuros recorridos hacia el barrio de San Gabriel y hasta el Hospital Universitario de San Juan con [...]\" \/>\n<meta property=\"og:url\" content=\"https:\/\/ugtfgvalicante.com\/index.php\/2025\/05\/08\/alicante-quiere-un-tram-circular-por-aguilera-y-carbonell-el-consell-estudia-opciones-sur-y-norte\/\" \/>\n<meta property=\"og:site_name\" content=\"FGV Alicante\" \/>\n<meta property=\"article:publisher\" content=\"https:\/\/es-es.facebook.com\/ugt.fgvalicante\/\" \/>\n<meta property=\"article:published_time\" content=\"2025-05-08T18:50:44+00:00\" \/>\n<meta property=\"article:modified_time\" content=\"2025-05-08T18:50:45+00:00\" \/>\n<meta property=\"og:image\" content=\"https:\/\/ugtfgvalicante.com\/wp-content\/uploads\/2025\/05\/articulos-1573487.jpg\" \/>\n\t<meta property=\"og:image:width\" content=\"1200\" \/>\n\t<meta property=\"og:image:height\" content=\"900\" \/>\n\t<meta property=\"og:image:type\" content=\"image\/jpeg\" \/>\n<meta name=\"author\" content=\"Ugt FGV Alicante\" \/>\n<meta name=\"twitter:card\" content=\"summary_large_image\" \/>\n<meta name=\"twitter:label1\" content=\"Escrito por\" \/>\n\t<meta name=\"twitter:data1\" content=\"Ugt FGV Alicante\" \/>\n\t<meta name=\"twitter:label2\" content=\"Tiempo de lectura\" \/>\n\t<meta name=\"twitter:data2\" content=\"6 minutos\" \/>\n<script type=\"application\/ld+json\" class=\"yoast-schema-graph\">{\"@context\":\"https:\/\/schema.org\",\"@graph\":[{\"@type\":\"Article\",\"@id\":\"https:\/\/ugtfgvalicante.com\/index.php\/2025\/05\/08\/alicante-quiere-un-tram-circular-por-aguilera-y-carbonell-el-consell-estudia-opciones-sur-y-norte\/#article\",\"isPartOf\":{\"@id\":\"https:\/\/ugtfgvalicante.com\/index.php\/2025\/05\/08\/alicante-quiere-un-tram-circular-por-aguilera-y-carbonell-el-consell-estudia-opciones-sur-y-norte\/\"},\"author\":{\"name\":\"Ugt FGV Alicante\",\"@id\":\"https:\/\/ugtfgvalicante.com\/#\/schema\/person\/a1375a9c1ef53e624aa79c34b93b62e8\"},\"headline\":\"Alicante quiere un Tram circular por Aguilera y Carbonell; el Consell estudia opciones sur y norte\",\"datePublished\":\"2025-05-08T18:50:44+00:00\",\"dateModified\":\"2025-05-08T18:50:45+00:00\",\"mainEntityOfPage\":{\"@id\":\"https:\/\/ugtfgvalicante.com\/index.php\/2025\/05\/08\/alicante-quiere-un-tram-circular-por-aguilera-y-carbonell-el-consell-estudia-opciones-sur-y-norte\/\"},\"wordCount\":1414,\"publisher\":{\"@id\":\"https:\/\/ugtfgvalicante.com\/#organization\"},\"image\":{\"@id\":\"https:\/\/ugtfgvalicante.com\/index.php\/2025\/05\/08\/alicante-quiere-un-tram-circular-por-aguilera-y-carbonell-el-consell-estudia-opciones-sur-y-norte\/#primaryimage\"},\"thumbnailUrl\":\"https:\/\/ugtfgvalicante.com\/wp-content\/uploads\/2025\/05\/articulos-1573487.jpg\",\"articleSection\":[\"Noticias prensa\"],\"inLanguage\":\"es\"},{\"@type\":\"WebPage\",\"@id\":\"https:\/\/ugtfgvalicante.com\/index.php\/2025\/05\/08\/alicante-quiere-un-tram-circular-por-aguilera-y-carbonell-el-consell-estudia-opciones-sur-y-norte\/\",\"url\":\"https:\/\/ugtfgvalicante.com\/index.php\/2025\/05\/08\/alicante-quiere-un-tram-circular-por-aguilera-y-carbonell-el-consell-estudia-opciones-sur-y-norte\/\",\"name\":\"Alicante quiere un Tram circular por Aguilera y Carbonell; el Consell estudia opciones sur y norte - FGV Alicante\",\"isPartOf\":{\"@id\":\"https:\/\/ugtfgvalicante.com\/#website\"},\"primaryImageOfPage\":{\"@id\":\"https:\/\/ugtfgvalicante.com\/index.php\/2025\/05\/08\/alicante-quiere-un-tram-circular-por-aguilera-y-carbonell-el-consell-estudia-opciones-sur-y-norte\/#primaryimage\"},\"image\":{\"@id\":\"https:\/\/ugtfgvalicante.com\/index.php\/2025\/05\/08\/alicante-quiere-un-tram-circular-por-aguilera-y-carbonell-el-consell-estudia-opciones-sur-y-norte\/#primaryimage\"},\"thumbnailUrl\":\"https:\/\/ugtfgvalicante.com\/wp-content\/uploads\/2025\/05\/articulos-1573487.jpg\",\"datePublished\":\"2025-05-08T18:50:44+00:00\",\"dateModified\":\"2025-05-08T18:50:45+00:00\",\"breadcrumb\":{\"@id\":\"https:\/\/ugtfgvalicante.com\/index.php\/2025\/05\/08\/alicante-quiere-un-tram-circular-por-aguilera-y-carbonell-el-consell-estudia-opciones-sur-y-norte\/#breadcrumb\"},\"inLanguage\":\"es\",\"potentialAction\":[{\"@type\":\"ReadAction\",\"target\":[\"https:\/\/ugtfgvalicante.com\/index.php\/2025\/05\/08\/alicante-quiere-un-tram-circular-por-aguilera-y-carbonell-el-consell-estudia-opciones-sur-y-norte\/\"]}]},{\"@type\":\"ImageObject\",\"inLanguage\":\"es\",\"@id\":\"https:\/\/ugtfgvalicante.com\/index.php\/2025\/05\/08\/alicante-quiere-un-tram-circular-por-aguilera-y-carbonell-el-consell-estudia-opciones-sur-y-norte\/#primaryimage\",\"url\":\"https:\/\/ugtfgvalicante.com\/wp-content\/uploads\/2025\/05\/articulos-1573487.jpg\",\"contentUrl\":\"https:\/\/ugtfgvalicante.com\/wp-content\/uploads\/2025\/05\/articulos-1573487.jpg\",\"width\":1200,\"height\":900},{\"@type\":\"BreadcrumbList\",\"@id\":\"https:\/\/ugtfgvalicante.com\/index.php\/2025\/05\/08\/alicante-quiere-un-tram-circular-por-aguilera-y-carbonell-el-consell-estudia-opciones-sur-y-norte\/#breadcrumb\",\"itemListElement\":[{\"@type\":\"ListItem\",\"position\":1,\"name\":\"Portada\",\"item\":\"https:\/\/ugtfgvalicante.com\/\"},{\"@type\":\"ListItem\",\"position\":2,\"name\":\"Alicante quiere un Tram circular por Aguilera y Carbonell; el Consell estudia opciones sur y norte\"}]},{\"@type\":\"WebSite\",\"@id\":\"https:\/\/ugtfgvalicante.com\/#website\",\"url\":\"https:\/\/ugtfgvalicante.com\/\",\"name\":\"FGV Alicante\",\"description\":\"\",\"publisher\":{\"@id\":\"https:\/\/ugtfgvalicante.com\/#organization\"},\"potentialAction\":[{\"@type\":\"SearchAction\",\"target\":{\"@type\":\"EntryPoint\",\"urlTemplate\":\"https:\/\/ugtfgvalicante.com\/?s={search_term_string}\"},\"query-input\":{\"@type\":\"PropertyValueSpecification\",\"valueRequired\":true,\"valueName\":\"search_term_string\"}}],\"inLanguage\":\"es\"},{\"@type\":\"Organization\",\"@id\":\"https:\/\/ugtfgvalicante.com\/#organization\",\"name\":\"UGT FGV Alicante\",\"url\":\"https:\/\/ugtfgvalicante.com\/\",\"logo\":{\"@type\":\"ImageObject\",\"inLanguage\":\"es\",\"@id\":\"https:\/\/ugtfgvalicante.com\/#\/schema\/logo\/image\/\",\"url\":\"https:\/\/ugtfgvalicante.com\/wp-content\/uploads\/2022\/10\/logo-ugt-web.png\",\"contentUrl\":\"https:\/\/ugtfgvalicante.com\/wp-content\/uploads\/2022\/10\/logo-ugt-web.png\",\"width\":2283,\"height\":1126,\"caption\":\"UGT FGV Alicante\"},\"image\":{\"@id\":\"https:\/\/ugtfgvalicante.com\/#\/schema\/logo\/image\/\"},\"sameAs\":[\"https:\/\/es-es.facebook.com\/ugt.fgvalicante\/\"]},{\"@type\":\"Person\",\"@id\":\"https:\/\/ugtfgvalicante.com\/#\/schema\/person\/a1375a9c1ef53e624aa79c34b93b62e8\",\"name\":\"Ugt FGV Alicante\",\"image\":{\"@type\":\"ImageObject\",\"inLanguage\":\"es\",\"@id\":\"https:\/\/ugtfgvalicante.com\/#\/schema\/person\/image\/\",\"url\":\"https:\/\/secure.gravatar.com\/avatar\/ea41cd8456808460c6c0caa1a213c3c921573555df6b57a7ee2f16fb6f502866?s=96&d=mm&r=g\",\"contentUrl\":\"https:\/\/secure.gravatar.com\/avatar\/ea41cd8456808460c6c0caa1a213c3c921573555df6b57a7ee2f16fb6f502866?s=96&d=mm&r=g\",\"caption\":\"Ugt FGV Alicante\"},\"url\":\"https:\/\/ugtfgvalicante.com\/index.php\/author\/ggrau\/\"}]}<\/script>\n<!-- \/ Yoast SEO plugin. -->","yoast_head_json":{"title":"Alicante quiere un Tram circular por Aguilera y Carbonell; el Consell estudia opciones sur y norte - FGV Alicante","robots":{"index":"index","follow":"follow","max-snippet":"max-snippet:-1","max-image-preview":"max-image-preview:large","max-video-preview":"max-video-preview:-1"},"canonical":"https:\/\/ugtfgvalicante.com\/index.php\/2025\/05\/08\/alicante-quiere-un-tram-circular-por-aguilera-y-carbonell-el-consell-estudia-opciones-sur-y-norte\/","og_locale":"es_ES","og_type":"article","og_title":"Alicante quiere un Tram circular por Aguilera y Carbonell; el Consell estudia opciones sur y norte - FGV Alicante","og_description":"Infraestructuras encarga estudios de viabilidad para concretar los futuros recorridos hacia el barrio de San Gabriel y hasta el Hospital Universitario de San Juan con [...]","og_url":"https:\/\/ugtfgvalicante.com\/index.php\/2025\/05\/08\/alicante-quiere-un-tram-circular-por-aguilera-y-carbonell-el-consell-estudia-opciones-sur-y-norte\/","og_site_name":"FGV Alicante","article_publisher":"https:\/\/es-es.facebook.com\/ugt.fgvalicante\/","article_published_time":"2025-05-08T18:50:44+00:00","article_modified_time":"2025-05-08T18:50:45+00:00","og_image":[{"width":1200,"height":900,"url":"https:\/\/ugtfgvalicante.com\/wp-content\/uploads\/2025\/05\/articulos-1573487.jpg","type":"image\/jpeg"}],"author":"Ugt FGV Alicante","twitter_card":"summary_large_image","twitter_misc":{"Escrito por":"Ugt FGV Alicante","Tiempo de lectura":"6 minutos"},"schema":{"@context":"https:\/\/schema.org","@graph":[{"@type":"Article","@id":"https:\/\/ugtfgvalicante.com\/index.php\/2025\/05\/08\/alicante-quiere-un-tram-circular-por-aguilera-y-carbonell-el-consell-estudia-opciones-sur-y-norte\/#article","isPartOf":{"@id":"https:\/\/ugtfgvalicante.com\/index.php\/2025\/05\/08\/alicante-quiere-un-tram-circular-por-aguilera-y-carbonell-el-consell-estudia-opciones-sur-y-norte\/"},"author":{"name":"Ugt FGV Alicante","@id":"https:\/\/ugtfgvalicante.com\/#\/schema\/person\/a1375a9c1ef53e624aa79c34b93b62e8"},"headline":"Alicante quiere un Tram circular por Aguilera y Carbonell; el Consell estudia opciones sur y norte","datePublished":"2025-05-08T18:50:44+00:00","dateModified":"2025-05-08T18:50:45+00:00","mainEntityOfPage":{"@id":"https:\/\/ugtfgvalicante.com\/index.php\/2025\/05\/08\/alicante-quiere-un-tram-circular-por-aguilera-y-carbonell-el-consell-estudia-opciones-sur-y-norte\/"},"wordCount":1414,"publisher":{"@id":"https:\/\/ugtfgvalicante.com\/#organization"},"image":{"@id":"https:\/\/ugtfgvalicante.com\/index.php\/2025\/05\/08\/alicante-quiere-un-tram-circular-por-aguilera-y-carbonell-el-consell-estudia-opciones-sur-y-norte\/#primaryimage"},"thumbnailUrl":"https:\/\/ugtfgvalicante.com\/wp-content\/uploads\/2025\/05\/articulos-1573487.jpg","articleSection":["Noticias prensa"],"inLanguage":"es"},{"@type":"WebPage","@id":"https:\/\/ugtfgvalicante.com\/index.php\/2025\/05\/08\/alicante-quiere-un-tram-circular-por-aguilera-y-carbonell-el-consell-estudia-opciones-sur-y-norte\/","url":"https:\/\/ugtfgvalicante.com\/index.php\/2025\/05\/08\/alicante-quiere-un-tram-circular-por-aguilera-y-carbonell-el-consell-estudia-opciones-sur-y-norte\/","name":"Alicante quiere un Tram circular por Aguilera y Carbonell; el Consell estudia opciones sur y norte - FGV Alicante","isPartOf":{"@id":"https:\/\/ugtfgvalicante.com\/#website"},"primaryImageOfPage":{"@id":"https:\/\/ugtfgvalicante.com\/index.php\/2025\/05\/08\/alicante-quiere-un-tram-circular-por-aguilera-y-carbonell-el-consell-estudia-opciones-sur-y-norte\/#primaryimage"},"image":{"@id":"https:\/\/ugtfgvalicante.com\/index.php\/2025\/05\/08\/alicante-quiere-un-tram-circular-por-aguilera-y-carbonell-el-consell-estudia-opciones-sur-y-norte\/#primaryimage"},"thumbnailUrl":"https:\/\/ugtfgvalicante.com\/wp-content\/uploads\/2025\/05\/articulos-1573487.jpg","datePublished":"2025-05-08T18:50:44+00:00","dateModified":"2025-05-08T18:50:45+00:00","breadcrumb":{"@id":"https:\/\/ugtfgvalicante.com\/index.php\/2025\/05\/08\/alicante-quiere-un-tram-circular-por-aguilera-y-carbonell-el-consell-estudia-opciones-sur-y-norte\/#breadcrumb"},"inLanguage":"es","potentialAction":[{"@type":"ReadAction","target":["https:\/\/ugtfgvalicante.com\/index.php\/2025\/05\/08\/alicante-quiere-un-tram-circular-por-aguilera-y-carbonell-el-consell-estudia-opciones-sur-y-norte\/"]}]},{"@type":"ImageObject","inLanguage":"es","@id":"https:\/\/ugtfgvalicante.com\/index.php\/2025\/05\/08\/alicante-quiere-un-tram-circular-por-aguilera-y-carbonell-el-consell-estudia-opciones-sur-y-norte\/#primaryimage","url":"https:\/\/ugtfgvalicante.com\/wp-content\/uploads\/2025\/05\/articulos-1573487.jpg","contentUrl":"https:\/\/ugtfgvalicante.com\/wp-content\/uploads\/2025\/05\/articulos-1573487.jpg","width":1200,"height":900},{"@type":"BreadcrumbList","@id":"https:\/\/ugtfgvalicante.com\/index.php\/2025\/05\/08\/alicante-quiere-un-tram-circular-por-aguilera-y-carbonell-el-consell-estudia-opciones-sur-y-norte\/#breadcrumb","itemListElement":[{"@type":"ListItem","position":1,"name":"Portada","item":"https:\/\/ugtfgvalicante.com\/"},{"@type":"ListItem","position":2,"name":"Alicante quiere un Tram circular por Aguilera y Carbonell; el Consell estudia opciones sur y norte"}]},{"@type":"WebSite","@id":"https:\/\/ugtfgvalicante.com\/#website","url":"https:\/\/ugtfgvalicante.com\/","name":"FGV Alicante","description":"","publisher":{"@id":"https:\/\/ugtfgvalicante.com\/#organization"},"potentialAction":[{"@type":"SearchAction","target":{"@type":"EntryPoint","urlTemplate":"https:\/\/ugtfgvalicante.com\/?s={search_term_string}"},"query-input":{"@type":"PropertyValueSpecification","valueRequired":true,"valueName":"search_term_string"}}],"inLanguage":"es"},{"@type":"Organization","@id":"https:\/\/ugtfgvalicante.com\/#organization","name":"UGT FGV Alicante","url":"https:\/\/ugtfgvalicante.com\/","logo":{"@type":"ImageObject","inLanguage":"es","@id":"https:\/\/ugtfgvalicante.com\/#\/schema\/logo\/image\/","url":"https:\/\/ugtfgvalicante.com\/wp-content\/uploads\/2022\/10\/logo-ugt-web.png","contentUrl":"https:\/\/ugtfgvalicante.com\/wp-content\/uploads\/2022\/10\/logo-ugt-web.png","width":2283,"height":1126,"caption":"UGT FGV Alicante"},"image":{"@id":"https:\/\/ugtfgvalicante.com\/#\/schema\/logo\/image\/"},"sameAs":["https:\/\/es-es.facebook.com\/ugt.fgvalicante\/"]},{"@type":"Person","@id":"https:\/\/ugtfgvalicante.com\/#\/schema\/person\/a1375a9c1ef53e624aa79c34b93b62e8","name":"Ugt FGV Alicante","image":{"@type":"ImageObject","inLanguage":"es","@id":"https:\/\/ugtfgvalicante.com\/#\/schema\/person\/image\/","url":"https:\/\/secure.gravatar.com\/avatar\/ea41cd8456808460c6c0caa1a213c3c921573555df6b57a7ee2f16fb6f502866?s=96&d=mm&r=g","contentUrl":"https:\/\/secure.gravatar.com\/avatar\/ea41cd8456808460c6c0caa1a213c3c921573555df6b57a7ee2f16fb6f502866?s=96&d=mm&r=g","caption":"Ugt FGV Alicante"},"url":"https:\/\/ugtfgvalicante.com\/index.php\/author\/ggrau\/"}]}},"_links":{"self":[{"href":"https:\/\/ugtfgvalicante.com\/index.php\/wp-json\/wp\/v2\/posts\/942","targetHints":{"allow":["GET"]}}],"collection":[{"href":"https:\/\/ugtfgvalicante.com\/index.php\/wp-json\/wp\/v2\/posts"}],"about":[{"href":"https:\/\/ugtfgvalicante.com\/index.php\/wp-json\/wp\/v2\/types\/post"}],"author":[{"embeddable":true,"href":"https:\/\/ugtfgvalicante.com\/index.php\/wp-json\/wp\/v2\/users\/4"}],"replies":[{"embeddable":true,"href":"https:\/\/ugtfgvalicante.com\/index.php\/wp-json\/wp\/v2\/comments?post=942"}],"version-history":[{"count":1,"href":"https:\/\/ugtfgvalicante.com\/index.php\/wp-json\/wp\/v2\/posts\/942\/revisions"}],"predecessor-version":[{"id":944,"href":"https:\/\/ugtfgvalicante.com\/index.php\/wp-json\/wp\/v2\/posts\/942\/revisions\/944"}],"wp:featuredmedia":[{"embeddable":true,"href":"https:\/\/ugtfgvalicante.com\/index.php\/wp-json\/wp\/v2\/media\/943"}],"wp:attachment":[{"href":"https:\/\/ugtfgvalicante.com\/index.php\/wp-json\/wp\/v2\/media?parent=942"}],"wp:term":[{"taxonomy":"category","embeddable":true,"href":"https:\/\/ugtfgvalicante.com\/index.php\/wp-json\/wp\/v2\/categories?post=942"},{"taxonomy":"post_tag","embeddable":true,"href":"https:\/\/ugtfgvalicante.com\/index.php\/wp-json\/wp\/v2\/tags?post=942"}],"curies":[{"name":"wp","href":"https:\/\/api.w.org\/{rel}","templated":true}]}}