{"id":945,"date":"2025-05-08T18:56:42","date_gmt":"2025-05-08T18:56:42","guid":{"rendered":"https:\/\/ugtfgvalicante.com\/?p=945"},"modified":"2025-05-08T18:56:44","modified_gmt":"2025-05-08T18:56:44","slug":"la-generalitat-prolonga-hasta-mayo-la-validez-de-la-tarjeta-joven-gratuita-de-transporte-en-carton","status":"publish","type":"post","link":"https:\/\/ugtfgvalicante.com\/index.php\/2025\/05\/08\/la-generalitat-prolonga-hasta-mayo-la-validez-de-la-tarjeta-joven-gratuita-de-transporte-en-carton\/","title":{"rendered":"La Generalitat prolonga hasta mayo la validez de la tarjeta joven gratuita de transporte \u2018en cart\u00f3n\u2019"},"content":{"rendered":"\n<p>La medida permite usar la tarjeta de cart\u00f3n hasta el 31 de mayo de 2025 para garantizar el acceso gratuito al transporte mientras se entrega la M\u00f3bilis 30.<\/p>\n\n\n\n<p>La Generalitat Valenciana ha decidido extender hasta el 31 de mayo de 2025 la vigencia del actual formato de cart\u00f3n de la&nbsp;<strong>tarjeta joven gratuita<\/strong>. Esta decisi\u00f3n, adoptada por la&nbsp;<strong>Conselleria de Infraestructuras<\/strong>, tiene como finalidad facilitar la transici\u00f3n al nuevo modelo de tarjeta sin que los usuarios sufran interrupciones en el servicio.<\/p>\n\n\n\n<p>El aumento de solicitudes registrado en las \u00faltimas semanas ha llevado a la administraci\u00f3n a ampliar el plazo inicialmente previsto, que expiraba el 1 de mayo. As\u00ed se garantiza que todos los menores de 31 a\u00f1os sigan accediendo al&nbsp;<strong>transporte p\u00fablico gratuito<\/strong>&nbsp;mientras esperan la recepci\u00f3n de la nueva tarjeta&nbsp;<strong>M\u00f3bilis 30<\/strong>.<\/p>\n\n\n\n<h2 class=\"wp-block-heading\" id=\"h-mobilis-30-el-nuevo-soporte-personalizado-y-mas-seguro\">M\u00f3bilis 30: el nuevo soporte personalizado y m\u00e1s seguro<\/h2>\n\n\n\n<p>El nuevo soporte, que comenz\u00f3 a tramitarse en febrero, est\u00e1 fabricado en pl\u00e1stico, incluye fotograf\u00eda y datos personales del usuario, y sustituir\u00e1 de forma definitiva al cart\u00f3n. La tarjeta&nbsp;<strong>M\u00f3bilis 30<\/strong>&nbsp;ser\u00e1 v\u00e1lida en los servicios metropolitanos gratuitos de&nbsp;<strong>Val\u00e8ncia, Castell\u00f3 y Alacant<\/strong>.<\/p>\n\n\n\n<p>Con esta actualizaci\u00f3n, la Generalitat apuesta por un sistema de transporte m\u00e1s moderno y seguro. Adem\u00e1s, la tarjeta se utilizar\u00e1 como base para futuras bonificaciones, una vez concluya el periodo actual de gratuidad.<\/p>\n\n\n\n<h2 class=\"wp-block-heading\" id=\"h-refuerzo-del-proceso-de-gestion-para-atender-la-alta-demanda\">Refuerzo del proceso de gesti\u00f3n para atender la alta demanda<\/h2>\n\n\n\n<p>Para hacer frente al elevado n\u00famero de peticiones, la Conselleria ha anunciado un refuerzo del personal encargado del dispositivo de gesti\u00f3n y atenci\u00f3n. Esta medida busca agilizar la entrega de la nueva tarjeta a todos los j\u00f3venes que la han solicitado de forma telem\u00e1tica.<\/p>\n\n\n\n<p>A partir del 1 de junio, solo ser\u00e1 v\u00e1lida la tarjeta&nbsp;<strong>M\u00f3bilis 30<\/strong>&nbsp;para acceder al beneficio de transporte gratuito. Por eso, el mes adicional de uso del cart\u00f3n servir\u00e1 de margen para completar todas las entregas pendientes.<\/p>\n\n\n\n<h2 class=\"wp-block-heading\" id=\"h-solicitud-online-y-envio-al-domicilio\">Solicitud online y env\u00edo al domicilio<\/h2>\n\n\n\n<p>El tr\u00e1mite de solicitud debe realizarse exclusivamente por internet a trav\u00e9s de la web oficial de la Generalitat Valenciana. Es obligatorio presentar el&nbsp;<strong>Carnet Jove del IVAJ<\/strong>, una&nbsp;<strong>foto reciente<\/strong>&nbsp;y el&nbsp;<strong>DNI<\/strong>. En el caso de menores de 14 a\u00f1os, es necesario a\u00f1adir el&nbsp;<strong>Libro de Familia<\/strong>&nbsp;y el DNI del tutor o tutora legal.<\/p>\n\n\n\n<p>Una vez revisada y aceptada la documentaci\u00f3n, la tarjeta se env\u00eda al domicilio facilitado por correo ordinario. El coste del nuevo soporte es de&nbsp;<strong>4 euros<\/strong>, aunque el env\u00edo ser\u00e1 gratuito durante el proceso de transici\u00f3n. No se contempla recogida presencial.<\/p>\n\n\n\n<h2 class=\"wp-block-heading\" id=\"h-activacion-y-beneficios-a-largo-plazo\">Activaci\u00f3n y beneficios a largo plazo<\/h2>\n\n\n\n<p>Para comenzar a utilizar la&nbsp;<strong>M\u00f3bilis 30<\/strong>, es necesario cargar el t\u00edtulo gratuito en las m\u00e1quinas de autoventa de las estaciones de&nbsp;<strong>Metrovalencia<\/strong>. A partir de ah\u00ed, la tarjeta estar\u00e1 lista para su uso.<\/p>\n\n\n\n<p>Este nuevo formato no solo da acceso al transporte gratuito actual, sino que tambi\u00e9n se integrar\u00e1 en el sistema de descuentos previstos a partir del&nbsp;<strong>30 de junio de 2025<\/strong>, reforzando su papel como herramienta clave para la movilidad de los j\u00f3venes.<\/p>\n\n\n\n<p>Con esta pr\u00f3rroga, la Generalitat apuesta por una transici\u00f3n sin sobresaltos hacia un modelo m\u00e1s s\u00f3lido, eficiente y accesible para los menores de 31 a\u00f1os, reafirmando su compromiso con una movilidad urbana sostenible y universal.<\/p>\n\n\n\n<p>Fuente: <a href=\"https:\/\/diariodealicante.net\/validez-tarjeta-joven-gratuita-hasta-mayo-2025\/\">diariodeALICANTE<\/a><\/p>\n","protected":false},"excerpt":{"rendered":"<div class=\"mh-excerpt\"><p>La medida permite usar la tarjeta de cart\u00f3n hasta el 31 de mayo de 2025 para garantizar el acceso gratuito al transporte mientras se entrega <a class=\"mh-excerpt-more\" href=\"https:\/\/ugtfgvalicante.com\/index.php\/2025\/05\/08\/la-generalitat-prolonga-hasta-mayo-la-validez-de-la-tarjeta-joven-gratuita-de-transporte-en-carton\/\" title=\"La Generalitat prolonga hasta mayo la validez de la tarjeta joven gratuita de transporte \u2018en cart\u00f3n\u2019\">[&#8230;]<\/a><\/p>\n<\/div>","protected":false},"author":4,"featured_media":946,"comment_status":"closed","ping_status":"closed","sticky":false,"template":"","format":"standard","meta":{"footnotes":""},"categories":[5],"tags":[],"class_list":["post-945","post","type-post","status-publish","format-standard","has-post-thumbnail","hentry","category-noticias-prensa"],"yoast_head":"<!-- This site is optimized with the Yoast SEO plugin v26.6 - https:\/\/yoast.com\/wordpress\/plugins\/seo\/ -->\n<title>La Generalitat prolonga hasta mayo la validez de la tarjeta joven gratuita de transporte \u2018en cart\u00f3n\u2019 - FGV Alicante<\/title>\n<meta name=\"robots\" content=\"index, follow, max-snippet:-1, max-image-preview:large, max-video-preview:-1\" \/>\n<link rel=\"canonical\" href=\"https:\/\/ugtfgvalicante.com\/index.php\/2025\/05\/08\/la-generalitat-prolonga-hasta-mayo-la-validez-de-la-tarjeta-joven-gratuita-de-transporte-en-carton\/\" \/>\n<meta property=\"og:locale\" content=\"es_ES\" \/>\n<meta property=\"og:type\" content=\"article\" \/>\n<meta property=\"og:title\" content=\"La Generalitat prolonga hasta mayo la validez de la tarjeta joven gratuita de transporte \u2018en cart\u00f3n\u2019 - FGV Alicante\" \/>\n<meta property=\"og:description\" content=\"La medida permite usar la tarjeta de cart\u00f3n hasta el 31 de mayo de 2025 para garantizar el acceso gratuito al transporte mientras se entrega [...]\" \/>\n<meta property=\"og:url\" content=\"https:\/\/ugtfgvalicante.com\/index.php\/2025\/05\/08\/la-generalitat-prolonga-hasta-mayo-la-validez-de-la-tarjeta-joven-gratuita-de-transporte-en-carton\/\" \/>\n<meta property=\"og:site_name\" content=\"FGV Alicante\" \/>\n<meta property=\"article:publisher\" content=\"https:\/\/es-es.facebook.com\/ugt.fgvalicante\/\" \/>\n<meta property=\"article:published_time\" content=\"2025-05-08T18:56:42+00:00\" \/>\n<meta property=\"article:modified_time\" content=\"2025-05-08T18:56:44+00:00\" \/>\n<meta name=\"author\" content=\"Ugt FGV Alicante\" \/>\n<meta name=\"twitter:card\" content=\"summary_large_image\" \/>\n<meta name=\"twitter:label1\" content=\"Escrito por\" \/>\n\t<meta name=\"twitter:data1\" content=\"Ugt FGV Alicante\" \/>\n\t<meta name=\"twitter:label2\" content=\"Tiempo de lectura\" \/>\n\t<meta name=\"twitter:data2\" content=\"3 minutos\" \/>\n<script type=\"application\/ld+json\" class=\"yoast-schema-graph\">{\"@context\":\"https:\/\/schema.org\",\"@graph\":[{\"@type\":\"Article\",\"@id\":\"https:\/\/ugtfgvalicante.com\/index.php\/2025\/05\/08\/la-generalitat-prolonga-hasta-mayo-la-validez-de-la-tarjeta-joven-gratuita-de-transporte-en-carton\/#article\",\"isPartOf\":{\"@id\":\"https:\/\/ugtfgvalicante.com\/index.php\/2025\/05\/08\/la-generalitat-prolonga-hasta-mayo-la-validez-de-la-tarjeta-joven-gratuita-de-transporte-en-carton\/\"},\"author\":{\"name\":\"Ugt FGV Alicante\",\"@id\":\"https:\/\/ugtfgvalicante.com\/#\/schema\/person\/a1375a9c1ef53e624aa79c34b93b62e8\"},\"headline\":\"La Generalitat prolonga hasta mayo la validez de la tarjeta joven gratuita de transporte \u2018en cart\u00f3n\u2019\",\"datePublished\":\"2025-05-08T18:56:42+00:00\",\"dateModified\":\"2025-05-08T18:56:44+00:00\",\"mainEntityOfPage\":{\"@id\":\"https:\/\/ugtfgvalicante.com\/index.php\/2025\/05\/08\/la-generalitat-prolonga-hasta-mayo-la-validez-de-la-tarjeta-joven-gratuita-de-transporte-en-carton\/\"},\"wordCount\":601,\"publisher\":{\"@id\":\"https:\/\/ugtfgvalicante.com\/#organization\"},\"image\":{\"@id\":\"https:\/\/ugtfgvalicante.com\/index.php\/2025\/05\/08\/la-generalitat-prolonga-hasta-mayo-la-validez-de-la-tarjeta-joven-gratuita-de-transporte-en-carton\/#primaryimage\"},\"thumbnailUrl\":\"https:\/\/ugtfgvalicante.com\/wp-content\/uploads\/2025\/05\/fotonoticia_20250216130147_1920-696x462-1.avif\",\"articleSection\":[\"Noticias prensa\"],\"inLanguage\":\"es\"},{\"@type\":\"WebPage\",\"@id\":\"https:\/\/ugtfgvalicante.com\/index.php\/2025\/05\/08\/la-generalitat-prolonga-hasta-mayo-la-validez-de-la-tarjeta-joven-gratuita-de-transporte-en-carton\/\",\"url\":\"https:\/\/ugtfgvalicante.com\/index.php\/2025\/05\/08\/la-generalitat-prolonga-hasta-mayo-la-validez-de-la-tarjeta-joven-gratuita-de-transporte-en-carton\/\",\"name\":\"La Generalitat prolonga hasta mayo la validez de la tarjeta joven gratuita de transporte \u2018en cart\u00f3n\u2019 - FGV Alicante\",\"isPartOf\":{\"@id\":\"https:\/\/ugtfgvalicante.com\/#website\"},\"primaryImageOfPage\":{\"@id\":\"https:\/\/ugtfgvalicante.com\/index.php\/2025\/05\/08\/la-generalitat-prolonga-hasta-mayo-la-validez-de-la-tarjeta-joven-gratuita-de-transporte-en-carton\/#primaryimage\"},\"image\":{\"@id\":\"https:\/\/ugtfgvalicante.com\/index.php\/2025\/05\/08\/la-generalitat-prolonga-hasta-mayo-la-validez-de-la-tarjeta-joven-gratuita-de-transporte-en-carton\/#primaryimage\"},\"thumbnailUrl\":\"https:\/\/ugtfgvalicante.com\/wp-content\/uploads\/2025\/05\/fotonoticia_20250216130147_1920-696x462-1.avif\",\"datePublished\":\"2025-05-08T18:56:42+00:00\",\"dateModified\":\"2025-05-08T18:56:44+00:00\",\"breadcrumb\":{\"@id\":\"https:\/\/ugtfgvalicante.com\/index.php\/2025\/05\/08\/la-generalitat-prolonga-hasta-mayo-la-validez-de-la-tarjeta-joven-gratuita-de-transporte-en-carton\/#breadcrumb\"},\"inLanguage\":\"es\",\"potentialAction\":[{\"@type\":\"ReadAction\",\"target\":[\"https:\/\/ugtfgvalicante.com\/index.php\/2025\/05\/08\/la-generalitat-prolonga-hasta-mayo-la-validez-de-la-tarjeta-joven-gratuita-de-transporte-en-carton\/\"]}]},{\"@type\":\"ImageObject\",\"inLanguage\":\"es\",\"@id\":\"https:\/\/ugtfgvalicante.com\/index.php\/2025\/05\/08\/la-generalitat-prolonga-hasta-mayo-la-validez-de-la-tarjeta-joven-gratuita-de-transporte-en-carton\/#primaryimage\",\"url\":\"https:\/\/ugtfgvalicante.com\/wp-content\/uploads\/2025\/05\/fotonoticia_20250216130147_1920-696x462-1.avif\",\"contentUrl\":\"https:\/\/ugtfgvalicante.com\/wp-content\/uploads\/2025\/05\/fotonoticia_20250216130147_1920-696x462-1.avif\",\"width\":696,\"height\":462},{\"@type\":\"BreadcrumbList\",\"@id\":\"https:\/\/ugtfgvalicante.com\/index.php\/2025\/05\/08\/la-generalitat-prolonga-hasta-mayo-la-validez-de-la-tarjeta-joven-gratuita-de-transporte-en-carton\/#breadcrumb\",\"itemListElement\":[{\"@type\":\"ListItem\",\"position\":1,\"name\":\"Portada\",\"item\":\"https:\/\/ugtfgvalicante.com\/\"},{\"@type\":\"ListItem\",\"position\":2,\"name\":\"La Generalitat prolonga hasta mayo la validez de la tarjeta joven gratuita de transporte \u2018en cart\u00f3n\u2019\"}]},{\"@type\":\"WebSite\",\"@id\":\"https:\/\/ugtfgvalicante.com\/#website\",\"url\":\"https:\/\/ugtfgvalicante.com\/\",\"name\":\"FGV Alicante\",\"description\":\"\",\"publisher\":{\"@id\":\"https:\/\/ugtfgvalicante.com\/#organization\"},\"potentialAction\":[{\"@type\":\"SearchAction\",\"target\":{\"@type\":\"EntryPoint\",\"urlTemplate\":\"https:\/\/ugtfgvalicante.com\/?s={search_term_string}\"},\"query-input\":{\"@type\":\"PropertyValueSpecification\",\"valueRequired\":true,\"valueName\":\"search_term_string\"}}],\"inLanguage\":\"es\"},{\"@type\":\"Organization\",\"@id\":\"https:\/\/ugtfgvalicante.com\/#organization\",\"name\":\"UGT FGV Alicante\",\"url\":\"https:\/\/ugtfgvalicante.com\/\",\"logo\":{\"@type\":\"ImageObject\",\"inLanguage\":\"es\",\"@id\":\"https:\/\/ugtfgvalicante.com\/#\/schema\/logo\/image\/\",\"url\":\"https:\/\/ugtfgvalicante.com\/wp-content\/uploads\/2022\/10\/logo-ugt-web.png\",\"contentUrl\":\"https:\/\/ugtfgvalicante.com\/wp-content\/uploads\/2022\/10\/logo-ugt-web.png\",\"width\":2283,\"height\":1126,\"caption\":\"UGT FGV Alicante\"},\"image\":{\"@id\":\"https:\/\/ugtfgvalicante.com\/#\/schema\/logo\/image\/\"},\"sameAs\":[\"https:\/\/es-es.facebook.com\/ugt.fgvalicante\/\"]},{\"@type\":\"Person\",\"@id\":\"https:\/\/ugtfgvalicante.com\/#\/schema\/person\/a1375a9c1ef53e624aa79c34b93b62e8\",\"name\":\"Ugt FGV Alicante\",\"image\":{\"@type\":\"ImageObject\",\"inLanguage\":\"es\",\"@id\":\"https:\/\/ugtfgvalicante.com\/#\/schema\/person\/image\/\",\"url\":\"https:\/\/secure.gravatar.com\/avatar\/ea41cd8456808460c6c0caa1a213c3c921573555df6b57a7ee2f16fb6f502866?s=96&d=mm&r=g\",\"contentUrl\":\"https:\/\/secure.gravatar.com\/avatar\/ea41cd8456808460c6c0caa1a213c3c921573555df6b57a7ee2f16fb6f502866?s=96&d=mm&r=g\",\"caption\":\"Ugt FGV Alicante\"},\"url\":\"https:\/\/ugtfgvalicante.com\/index.php\/author\/ggrau\/\"}]}<\/script>\n<!-- \/ Yoast SEO plugin. -->","yoast_head_json":{"title":"La Generalitat prolonga hasta mayo la validez de la tarjeta joven gratuita de transporte \u2018en cart\u00f3n\u2019 - FGV Alicante","robots":{"index":"index","follow":"follow","max-snippet":"max-snippet:-1","max-image-preview":"max-image-preview:large","max-video-preview":"max-video-preview:-1"},"canonical":"https:\/\/ugtfgvalicante.com\/index.php\/2025\/05\/08\/la-generalitat-prolonga-hasta-mayo-la-validez-de-la-tarjeta-joven-gratuita-de-transporte-en-carton\/","og_locale":"es_ES","og_type":"article","og_title":"La Generalitat prolonga hasta mayo la validez de la tarjeta joven gratuita de transporte \u2018en cart\u00f3n\u2019 - FGV Alicante","og_description":"La medida permite usar la tarjeta de cart\u00f3n hasta el 31 de mayo de 2025 para garantizar el acceso gratuito al transporte mientras se entrega [...]","og_url":"https:\/\/ugtfgvalicante.com\/index.php\/2025\/05\/08\/la-generalitat-prolonga-hasta-mayo-la-validez-de-la-tarjeta-joven-gratuita-de-transporte-en-carton\/","og_site_name":"FGV Alicante","article_publisher":"https:\/\/es-es.facebook.com\/ugt.fgvalicante\/","article_published_time":"2025-05-08T18:56:42+00:00","article_modified_time":"2025-05-08T18:56:44+00:00","author":"Ugt FGV Alicante","twitter_card":"summary_large_image","twitter_misc":{"Escrito por":"Ugt FGV Alicante","Tiempo de lectura":"3 minutos"},"schema":{"@context":"https:\/\/schema.org","@graph":[{"@type":"Article","@id":"https:\/\/ugtfgvalicante.com\/index.php\/2025\/05\/08\/la-generalitat-prolonga-hasta-mayo-la-validez-de-la-tarjeta-joven-gratuita-de-transporte-en-carton\/#article","isPartOf":{"@id":"https:\/\/ugtfgvalicante.com\/index.php\/2025\/05\/08\/la-generalitat-prolonga-hasta-mayo-la-validez-de-la-tarjeta-joven-gratuita-de-transporte-en-carton\/"},"author":{"name":"Ugt FGV Alicante","@id":"https:\/\/ugtfgvalicante.com\/#\/schema\/person\/a1375a9c1ef53e624aa79c34b93b62e8"},"headline":"La Generalitat prolonga hasta mayo la validez de la tarjeta joven gratuita de transporte \u2018en cart\u00f3n\u2019","datePublished":"2025-05-08T18:56:42+00:00","dateModified":"2025-05-08T18:56:44+00:00","mainEntityOfPage":{"@id":"https:\/\/ugtfgvalicante.com\/index.php\/2025\/05\/08\/la-generalitat-prolonga-hasta-mayo-la-validez-de-la-tarjeta-joven-gratuita-de-transporte-en-carton\/"},"wordCount":601,"publisher":{"@id":"https:\/\/ugtfgvalicante.com\/#organization"},"image":{"@id":"https:\/\/ugtfgvalicante.com\/index.php\/2025\/05\/08\/la-generalitat-prolonga-hasta-mayo-la-validez-de-la-tarjeta-joven-gratuita-de-transporte-en-carton\/#primaryimage"},"thumbnailUrl":"https:\/\/ugtfgvalicante.com\/wp-content\/uploads\/2025\/05\/fotonoticia_20250216130147_1920-696x462-1.avif","articleSection":["Noticias prensa"],"inLanguage":"es"},{"@type":"WebPage","@id":"https:\/\/ugtfgvalicante.com\/index.php\/2025\/05\/08\/la-generalitat-prolonga-hasta-mayo-la-validez-de-la-tarjeta-joven-gratuita-de-transporte-en-carton\/","url":"https:\/\/ugtfgvalicante.com\/index.php\/2025\/05\/08\/la-generalitat-prolonga-hasta-mayo-la-validez-de-la-tarjeta-joven-gratuita-de-transporte-en-carton\/","name":"La Generalitat prolonga hasta mayo la validez de la tarjeta joven gratuita de transporte \u2018en cart\u00f3n\u2019 - FGV Alicante","isPartOf":{"@id":"https:\/\/ugtfgvalicante.com\/#website"},"primaryImageOfPage":{"@id":"https:\/\/ugtfgvalicante.com\/index.php\/2025\/05\/08\/la-generalitat-prolonga-hasta-mayo-la-validez-de-la-tarjeta-joven-gratuita-de-transporte-en-carton\/#primaryimage"},"image":{"@id":"https:\/\/ugtfgvalicante.com\/index.php\/2025\/05\/08\/la-generalitat-prolonga-hasta-mayo-la-validez-de-la-tarjeta-joven-gratuita-de-transporte-en-carton\/#primaryimage"},"thumbnailUrl":"https:\/\/ugtfgvalicante.com\/wp-content\/uploads\/2025\/05\/fotonoticia_20250216130147_1920-696x462-1.avif","datePublished":"2025-05-08T18:56:42+00:00","dateModified":"2025-05-08T18:56:44+00:00","breadcrumb":{"@id":"https:\/\/ugtfgvalicante.com\/index.php\/2025\/05\/08\/la-generalitat-prolonga-hasta-mayo-la-validez-de-la-tarjeta-joven-gratuita-de-transporte-en-carton\/#breadcrumb"},"inLanguage":"es","potentialAction":[{"@type":"ReadAction","target":["https:\/\/ugtfgvalicante.com\/index.php\/2025\/05\/08\/la-generalitat-prolonga-hasta-mayo-la-validez-de-la-tarjeta-joven-gratuita-de-transporte-en-carton\/"]}]},{"@type":"ImageObject","inLanguage":"es","@id":"https:\/\/ugtfgvalicante.com\/index.php\/2025\/05\/08\/la-generalitat-prolonga-hasta-mayo-la-validez-de-la-tarjeta-joven-gratuita-de-transporte-en-carton\/#primaryimage","url":"https:\/\/ugtfgvalicante.com\/wp-content\/uploads\/2025\/05\/fotonoticia_20250216130147_1920-696x462-1.avif","contentUrl":"https:\/\/ugtfgvalicante.com\/wp-content\/uploads\/2025\/05\/fotonoticia_20250216130147_1920-696x462-1.avif","width":696,"height":462},{"@type":"BreadcrumbList","@id":"https:\/\/ugtfgvalicante.com\/index.php\/2025\/05\/08\/la-generalitat-prolonga-hasta-mayo-la-validez-de-la-tarjeta-joven-gratuita-de-transporte-en-carton\/#breadcrumb","itemListElement":[{"@type":"ListItem","position":1,"name":"Portada","item":"https:\/\/ugtfgvalicante.com\/"},{"@type":"ListItem","position":2,"name":"La Generalitat prolonga hasta mayo la validez de la tarjeta joven gratuita de transporte \u2018en cart\u00f3n\u2019"}]},{"@type":"WebSite","@id":"https:\/\/ugtfgvalicante.com\/#website","url":"https:\/\/ugtfgvalicante.com\/","name":"FGV Alicante","description":"","publisher":{"@id":"https:\/\/ugtfgvalicante.com\/#organization"},"potentialAction":[{"@type":"SearchAction","target":{"@type":"EntryPoint","urlTemplate":"https:\/\/ugtfgvalicante.com\/?s={search_term_string}"},"query-input":{"@type":"PropertyValueSpecification","valueRequired":true,"valueName":"search_term_string"}}],"inLanguage":"es"},{"@type":"Organization","@id":"https:\/\/ugtfgvalicante.com\/#organization","name":"UGT FGV Alicante","url":"https:\/\/ugtfgvalicante.com\/","logo":{"@type":"ImageObject","inLanguage":"es","@id":"https:\/\/ugtfgvalicante.com\/#\/schema\/logo\/image\/","url":"https:\/\/ugtfgvalicante.com\/wp-content\/uploads\/2022\/10\/logo-ugt-web.png","contentUrl":"https:\/\/ugtfgvalicante.com\/wp-content\/uploads\/2022\/10\/logo-ugt-web.png","width":2283,"height":1126,"caption":"UGT FGV Alicante"},"image":{"@id":"https:\/\/ugtfgvalicante.com\/#\/schema\/logo\/image\/"},"sameAs":["https:\/\/es-es.facebook.com\/ugt.fgvalicante\/"]},{"@type":"Person","@id":"https:\/\/ugtfgvalicante.com\/#\/schema\/person\/a1375a9c1ef53e624aa79c34b93b62e8","name":"Ugt FGV Alicante","image":{"@type":"ImageObject","inLanguage":"es","@id":"https:\/\/ugtfgvalicante.com\/#\/schema\/person\/image\/","url":"https:\/\/secure.gravatar.com\/avatar\/ea41cd8456808460c6c0caa1a213c3c921573555df6b57a7ee2f16fb6f502866?s=96&d=mm&r=g","contentUrl":"https:\/\/secure.gravatar.com\/avatar\/ea41cd8456808460c6c0caa1a213c3c921573555df6b57a7ee2f16fb6f502866?s=96&d=mm&r=g","caption":"Ugt FGV Alicante"},"url":"https:\/\/ugtfgvalicante.com\/index.php\/author\/ggrau\/"}]}},"_links":{"self":[{"href":"https:\/\/ugtfgvalicante.com\/index.php\/wp-json\/wp\/v2\/posts\/945","targetHints":{"allow":["GET"]}}],"collection":[{"href":"https:\/\/ugtfgvalicante.com\/index.php\/wp-json\/wp\/v2\/posts"}],"about":[{"href":"https:\/\/ugtfgvalicante.com\/index.php\/wp-json\/wp\/v2\/types\/post"}],"author":[{"embeddable":true,"href":"https:\/\/ugtfgvalicante.com\/index.php\/wp-json\/wp\/v2\/users\/4"}],"replies":[{"embeddable":true,"href":"https:\/\/ugtfgvalicante.com\/index.php\/wp-json\/wp\/v2\/comments?post=945"}],"version-history":[{"count":1,"href":"https:\/\/ugtfgvalicante.com\/index.php\/wp-json\/wp\/v2\/posts\/945\/revisions"}],"predecessor-version":[{"id":947,"href":"https:\/\/ugtfgvalicante.com\/index.php\/wp-json\/wp\/v2\/posts\/945\/revisions\/947"}],"wp:featuredmedia":[{"embeddable":true,"href":"https:\/\/ugtfgvalicante.com\/index.php\/wp-json\/wp\/v2\/media\/946"}],"wp:attachment":[{"href":"https:\/\/ugtfgvalicante.com\/index.php\/wp-json\/wp\/v2\/media?parent=945"}],"wp:term":[{"taxonomy":"category","embeddable":true,"href":"https:\/\/ugtfgvalicante.com\/index.php\/wp-json\/wp\/v2\/categories?post=945"},{"taxonomy":"post_tag","embeddable":true,"href":"https:\/\/ugtfgvalicante.com\/index.php\/wp-json\/wp\/v2\/tags?post=945"}],"curies":[{"name":"wp","href":"https:\/\/api.w.org\/{rel}","templated":true}]}}