{"id":948,"date":"2025-05-08T19:01:10","date_gmt":"2025-05-08T19:01:10","guid":{"rendered":"https:\/\/ugtfgvalicante.com\/?p=948"},"modified":"2025-05-08T19:01:11","modified_gmt":"2025-05-08T19:01:11","slug":"fgv-amplia-hasta-junio-el-servicio-de-bus-entre-la-vila-joiosa-y-benidorm-por-las-obras-del-tram","status":"publish","type":"post","link":"https:\/\/ugtfgvalicante.com\/index.php\/2025\/05\/08\/fgv-amplia-hasta-junio-el-servicio-de-bus-entre-la-vila-joiosa-y-benidorm-por-las-obras-del-tram\/","title":{"rendered":"FGV ampl\u00eda hasta junio el servicio de bus entre la Vila Joiosa y Benidorm por las obras del Tram"},"content":{"rendered":"\n<p>El trayecto se sustituy\u00f3 en enero y estaba previsto que el servicio se restableciera con tren a principios de mayo<\/p>\n\n\n\n<p>Ferrocarrils de la Generalitat Valenciana (FGV) retrasa la reanudaci\u00f3n del tr\u00e1fico del Tram&nbsp;interrumpido por las obras entre Benidorm y la Vila Joiosa. La entidad dependiente de la Generalitat Valenciana ampl\u00eda sus previsiones a principios de junio, momento en el que se espera finalizar el trayecto en&nbsp;<a href=\"https:\/\/alicanteplaza.es\/alicanteplaza\/marinabaixa\/tram-autobus-hospital-vila-benidorm\">autob\u00fas que se realiza entre la parada de la Creueta y la estaci\u00f3n de Benidorm<\/a>.&nbsp;<\/p>\n\n\n\n<p>Seg\u00fan inform\u00f3 en su d\u00eda FGV, en un principio estaba previsto que se cortara el Tram desde el 28 de enero hasta&nbsp;principios de mayo. Sin embargo, las obras se han prolongado como m\u00e1ximo hasta el 11 de junio, afectando tambi\u00e9n a este trayecto que permanecer\u00e1 en bus.&nbsp;La entidad contrat\u00f3 a trav\u00e9s de un procedimiento p\u00fablico de licitaci\u00f3n a&nbsp;<strong>Sub\u00fas Grupo de Transporte SLU&nbsp;<\/strong>para realizar este servicio por un importe de&nbsp;692.860 euros, IVA excluido. Se formalizaba por un plazo de 101 d\u00edas, estableciendo el fin del contrato el 8 de mayo.&nbsp;<\/p>\n\n\n\n<p>Como viene contando este diario, se est\u00e1n acometiendo trabajos para la&nbsp;duplicaci\u00f3n de v\u00eda y electrificaci\u00f3n del tramo. Tambi\u00e9n&nbsp;rehabilitar\u00e1n los apeaderos Cala Finestrat y Terra M\u00edtica con los nuevos requerimientos de accesibilidad y equipamientos. Adem\u00e1s se&nbsp;mejorar\u00e1 el acceso al Hospital de la Marina Baixa desde el apeadero de Hospital Vila con la instalaci\u00f3n de un ascensor para dotar de un mejor acceso y cumplir con los criterios de accesibilidad.&nbsp;<\/p>\n\n\n\n<p>Seg\u00fan recoge la documentaci\u00f3n para la modificaci\u00f3n del contrato, en el mes de marzo se plante\u00f3 la posibilidad de ampliar el tiempo inicial previsto para el corte de la v\u00eda,&nbsp;que staba en tres meses y medio. As\u00ed, ped\u00edan un mes m\u00e1s. \u00abEsta solicitud se fundamenta en el retraso en la provisi\u00f3n de los rel\u00e9s de protecci\u00f3n que finalmente ha sido de siete&nbsp;meses\u00bb, un mes m\u00e1s de lo previsto, seg\u00fan explica el informe de necesidad. Este concreta que solo podr\u00edan disponer de los rel\u00e9s para la migraci\u00f3n de una subestaci\u00f3n, la de Terra M\u00edtica, y las alternativas contempladas conllevaban un riesgo de&nbsp;quedar inoperativo el tr\u00e1fico ante cualquier problema de tensi\u00f3n.<\/p>\n\n\n\n<p>As\u00ed, la restituci\u00f3n del tr\u00e1fico ferroviario previsto para el 9 de mayo podr\u00eda alargarse hasta principios de junio, sin fecha por determinar a\u00fan seg\u00fan informan a&nbsp;<em>Plaza&nbsp;<\/em>desde FGV. De momento, la ampliaci\u00f3n del plazo del contrato llega hasta el 11 de junio, 34 d\u00edas m\u00e1s. Como consecuencia,&nbsp;<strong>el presupuesto de la concesi\u00f3n se incrementar\u00e1 en&nbsp;178.428,60 euros,<\/strong>&nbsp;es decir, un 33,66% m\u00e1s con respecto al precio inicial del contrato. Por debajo del 50% que pone de l\u00edmite el&nbsp;art 205.2.b LSCP 2017.<\/p>\n\n\n\n<p>Fuente: <a href=\"https:\/\/alicanteplaza.es\/alicanteplaza\/marinabaixa\/fvg-amplia-hasta-junio-el-servicio-de-bus-entre-la-vila-joiosa-y-benidorm-por-las-obras-del-tram\">Alicanteplaza<\/a><\/p>\n","protected":false},"excerpt":{"rendered":"<div class=\"mh-excerpt\"><p>El trayecto se sustituy\u00f3 en enero y estaba previsto que el servicio se restableciera con tren a principios de mayo Ferrocarrils de la Generalitat Valenciana <a class=\"mh-excerpt-more\" href=\"https:\/\/ugtfgvalicante.com\/index.php\/2025\/05\/08\/fgv-amplia-hasta-junio-el-servicio-de-bus-entre-la-vila-joiosa-y-benidorm-por-las-obras-del-tram\/\" title=\"FGV ampl\u00eda hasta junio el servicio de bus entre la Vila Joiosa y Benidorm por las obras del Tram\">[&#8230;]<\/a><\/p>\n<\/div>","protected":false},"author":4,"featured_media":949,"comment_status":"closed","ping_status":"closed","sticky":false,"template":"","format":"standard","meta":{"footnotes":""},"categories":[5],"tags":[],"class_list":["post-948","post","type-post","status-publish","format-standard","has-post-thumbnail","hentry","category-noticias-prensa"],"yoast_head":"<!-- This site is optimized with the Yoast SEO plugin v26.6 - https:\/\/yoast.com\/wordpress\/plugins\/seo\/ -->\n<title>FGV ampl\u00eda hasta junio el servicio de bus entre la Vila Joiosa y Benidorm por las obras del Tram - FGV Alicante<\/title>\n<meta name=\"robots\" content=\"index, follow, max-snippet:-1, max-image-preview:large, max-video-preview:-1\" \/>\n<link rel=\"canonical\" href=\"https:\/\/ugtfgvalicante.com\/index.php\/2025\/05\/08\/fgv-amplia-hasta-junio-el-servicio-de-bus-entre-la-vila-joiosa-y-benidorm-por-las-obras-del-tram\/\" \/>\n<meta property=\"og:locale\" content=\"es_ES\" \/>\n<meta property=\"og:type\" content=\"article\" \/>\n<meta property=\"og:title\" content=\"FGV ampl\u00eda hasta junio el servicio de bus entre la Vila Joiosa y Benidorm por las obras del Tram - FGV Alicante\" \/>\n<meta property=\"og:description\" content=\"El trayecto se sustituy\u00f3 en enero y estaba previsto que el servicio se restableciera con tren a principios de mayo Ferrocarrils de la Generalitat Valenciana [...]\" \/>\n<meta property=\"og:url\" content=\"https:\/\/ugtfgvalicante.com\/index.php\/2025\/05\/08\/fgv-amplia-hasta-junio-el-servicio-de-bus-entre-la-vila-joiosa-y-benidorm-por-las-obras-del-tram\/\" \/>\n<meta property=\"og:site_name\" content=\"FGV Alicante\" \/>\n<meta property=\"article:publisher\" content=\"https:\/\/es-es.facebook.com\/ugt.fgvalicante\/\" \/>\n<meta property=\"article:published_time\" content=\"2025-05-08T19:01:10+00:00\" \/>\n<meta property=\"article:modified_time\" content=\"2025-05-08T19:01:11+00:00\" \/>\n<meta property=\"og:image\" content=\"https:\/\/ugtfgvalicante.com\/wp-content\/uploads\/2025\/05\/articulos-1581226.jpg\" \/>\n\t<meta property=\"og:image:width\" content=\"980\" \/>\n\t<meta property=\"og:image:height\" content=\"735\" \/>\n\t<meta property=\"og:image:type\" content=\"image\/jpeg\" \/>\n<meta name=\"author\" content=\"Ugt FGV Alicante\" \/>\n<meta name=\"twitter:card\" content=\"summary_large_image\" \/>\n<meta name=\"twitter:label1\" content=\"Escrito por\" \/>\n\t<meta name=\"twitter:data1\" content=\"Ugt FGV Alicante\" \/>\n\t<meta name=\"twitter:label2\" content=\"Tiempo de lectura\" \/>\n\t<meta name=\"twitter:data2\" content=\"3 minutos\" \/>\n<script type=\"application\/ld+json\" class=\"yoast-schema-graph\">{\"@context\":\"https:\/\/schema.org\",\"@graph\":[{\"@type\":\"Article\",\"@id\":\"https:\/\/ugtfgvalicante.com\/index.php\/2025\/05\/08\/fgv-amplia-hasta-junio-el-servicio-de-bus-entre-la-vila-joiosa-y-benidorm-por-las-obras-del-tram\/#article\",\"isPartOf\":{\"@id\":\"https:\/\/ugtfgvalicante.com\/index.php\/2025\/05\/08\/fgv-amplia-hasta-junio-el-servicio-de-bus-entre-la-vila-joiosa-y-benidorm-por-las-obras-del-tram\/\"},\"author\":{\"name\":\"Ugt FGV Alicante\",\"@id\":\"https:\/\/ugtfgvalicante.com\/#\/schema\/person\/a1375a9c1ef53e624aa79c34b93b62e8\"},\"headline\":\"FGV ampl\u00eda hasta junio el servicio de bus entre la Vila Joiosa y Benidorm por las obras del Tram\",\"datePublished\":\"2025-05-08T19:01:10+00:00\",\"dateModified\":\"2025-05-08T19:01:11+00:00\",\"mainEntityOfPage\":{\"@id\":\"https:\/\/ugtfgvalicante.com\/index.php\/2025\/05\/08\/fgv-amplia-hasta-junio-el-servicio-de-bus-entre-la-vila-joiosa-y-benidorm-por-las-obras-del-tram\/\"},\"wordCount\":526,\"publisher\":{\"@id\":\"https:\/\/ugtfgvalicante.com\/#organization\"},\"image\":{\"@id\":\"https:\/\/ugtfgvalicante.com\/index.php\/2025\/05\/08\/fgv-amplia-hasta-junio-el-servicio-de-bus-entre-la-vila-joiosa-y-benidorm-por-las-obras-del-tram\/#primaryimage\"},\"thumbnailUrl\":\"https:\/\/ugtfgvalicante.com\/wp-content\/uploads\/2025\/05\/articulos-1581226.jpg\",\"articleSection\":[\"Noticias prensa\"],\"inLanguage\":\"es\"},{\"@type\":\"WebPage\",\"@id\":\"https:\/\/ugtfgvalicante.com\/index.php\/2025\/05\/08\/fgv-amplia-hasta-junio-el-servicio-de-bus-entre-la-vila-joiosa-y-benidorm-por-las-obras-del-tram\/\",\"url\":\"https:\/\/ugtfgvalicante.com\/index.php\/2025\/05\/08\/fgv-amplia-hasta-junio-el-servicio-de-bus-entre-la-vila-joiosa-y-benidorm-por-las-obras-del-tram\/\",\"name\":\"FGV ampl\u00eda hasta junio el servicio de bus entre la Vila Joiosa y Benidorm por las obras del Tram - FGV Alicante\",\"isPartOf\":{\"@id\":\"https:\/\/ugtfgvalicante.com\/#website\"},\"primaryImageOfPage\":{\"@id\":\"https:\/\/ugtfgvalicante.com\/index.php\/2025\/05\/08\/fgv-amplia-hasta-junio-el-servicio-de-bus-entre-la-vila-joiosa-y-benidorm-por-las-obras-del-tram\/#primaryimage\"},\"image\":{\"@id\":\"https:\/\/ugtfgvalicante.com\/index.php\/2025\/05\/08\/fgv-amplia-hasta-junio-el-servicio-de-bus-entre-la-vila-joiosa-y-benidorm-por-las-obras-del-tram\/#primaryimage\"},\"thumbnailUrl\":\"https:\/\/ugtfgvalicante.com\/wp-content\/uploads\/2025\/05\/articulos-1581226.jpg\",\"datePublished\":\"2025-05-08T19:01:10+00:00\",\"dateModified\":\"2025-05-08T19:01:11+00:00\",\"breadcrumb\":{\"@id\":\"https:\/\/ugtfgvalicante.com\/index.php\/2025\/05\/08\/fgv-amplia-hasta-junio-el-servicio-de-bus-entre-la-vila-joiosa-y-benidorm-por-las-obras-del-tram\/#breadcrumb\"},\"inLanguage\":\"es\",\"potentialAction\":[{\"@type\":\"ReadAction\",\"target\":[\"https:\/\/ugtfgvalicante.com\/index.php\/2025\/05\/08\/fgv-amplia-hasta-junio-el-servicio-de-bus-entre-la-vila-joiosa-y-benidorm-por-las-obras-del-tram\/\"]}]},{\"@type\":\"ImageObject\",\"inLanguage\":\"es\",\"@id\":\"https:\/\/ugtfgvalicante.com\/index.php\/2025\/05\/08\/fgv-amplia-hasta-junio-el-servicio-de-bus-entre-la-vila-joiosa-y-benidorm-por-las-obras-del-tram\/#primaryimage\",\"url\":\"https:\/\/ugtfgvalicante.com\/wp-content\/uploads\/2025\/05\/articulos-1581226.jpg\",\"contentUrl\":\"https:\/\/ugtfgvalicante.com\/wp-content\/uploads\/2025\/05\/articulos-1581226.jpg\",\"width\":980,\"height\":735},{\"@type\":\"BreadcrumbList\",\"@id\":\"https:\/\/ugtfgvalicante.com\/index.php\/2025\/05\/08\/fgv-amplia-hasta-junio-el-servicio-de-bus-entre-la-vila-joiosa-y-benidorm-por-las-obras-del-tram\/#breadcrumb\",\"itemListElement\":[{\"@type\":\"ListItem\",\"position\":1,\"name\":\"Portada\",\"item\":\"https:\/\/ugtfgvalicante.com\/\"},{\"@type\":\"ListItem\",\"position\":2,\"name\":\"FGV ampl\u00eda hasta junio el servicio de bus entre la Vila Joiosa y Benidorm por las obras del Tram\"}]},{\"@type\":\"WebSite\",\"@id\":\"https:\/\/ugtfgvalicante.com\/#website\",\"url\":\"https:\/\/ugtfgvalicante.com\/\",\"name\":\"FGV Alicante\",\"description\":\"\",\"publisher\":{\"@id\":\"https:\/\/ugtfgvalicante.com\/#organization\"},\"potentialAction\":[{\"@type\":\"SearchAction\",\"target\":{\"@type\":\"EntryPoint\",\"urlTemplate\":\"https:\/\/ugtfgvalicante.com\/?s={search_term_string}\"},\"query-input\":{\"@type\":\"PropertyValueSpecification\",\"valueRequired\":true,\"valueName\":\"search_term_string\"}}],\"inLanguage\":\"es\"},{\"@type\":\"Organization\",\"@id\":\"https:\/\/ugtfgvalicante.com\/#organization\",\"name\":\"UGT FGV Alicante\",\"url\":\"https:\/\/ugtfgvalicante.com\/\",\"logo\":{\"@type\":\"ImageObject\",\"inLanguage\":\"es\",\"@id\":\"https:\/\/ugtfgvalicante.com\/#\/schema\/logo\/image\/\",\"url\":\"https:\/\/ugtfgvalicante.com\/wp-content\/uploads\/2022\/10\/logo-ugt-web.png\",\"contentUrl\":\"https:\/\/ugtfgvalicante.com\/wp-content\/uploads\/2022\/10\/logo-ugt-web.png\",\"width\":2283,\"height\":1126,\"caption\":\"UGT FGV Alicante\"},\"image\":{\"@id\":\"https:\/\/ugtfgvalicante.com\/#\/schema\/logo\/image\/\"},\"sameAs\":[\"https:\/\/es-es.facebook.com\/ugt.fgvalicante\/\"]},{\"@type\":\"Person\",\"@id\":\"https:\/\/ugtfgvalicante.com\/#\/schema\/person\/a1375a9c1ef53e624aa79c34b93b62e8\",\"name\":\"Ugt FGV Alicante\",\"image\":{\"@type\":\"ImageObject\",\"inLanguage\":\"es\",\"@id\":\"https:\/\/ugtfgvalicante.com\/#\/schema\/person\/image\/\",\"url\":\"https:\/\/secure.gravatar.com\/avatar\/ea41cd8456808460c6c0caa1a213c3c921573555df6b57a7ee2f16fb6f502866?s=96&d=mm&r=g\",\"contentUrl\":\"https:\/\/secure.gravatar.com\/avatar\/ea41cd8456808460c6c0caa1a213c3c921573555df6b57a7ee2f16fb6f502866?s=96&d=mm&r=g\",\"caption\":\"Ugt FGV Alicante\"},\"url\":\"https:\/\/ugtfgvalicante.com\/index.php\/author\/ggrau\/\"}]}<\/script>\n<!-- \/ Yoast SEO plugin. -->","yoast_head_json":{"title":"FGV ampl\u00eda hasta junio el servicio de bus entre la Vila Joiosa y Benidorm por las obras del Tram - FGV Alicante","robots":{"index":"index","follow":"follow","max-snippet":"max-snippet:-1","max-image-preview":"max-image-preview:large","max-video-preview":"max-video-preview:-1"},"canonical":"https:\/\/ugtfgvalicante.com\/index.php\/2025\/05\/08\/fgv-amplia-hasta-junio-el-servicio-de-bus-entre-la-vila-joiosa-y-benidorm-por-las-obras-del-tram\/","og_locale":"es_ES","og_type":"article","og_title":"FGV ampl\u00eda hasta junio el servicio de bus entre la Vila Joiosa y Benidorm por las obras del Tram - FGV Alicante","og_description":"El trayecto se sustituy\u00f3 en enero y estaba previsto que el servicio se restableciera con tren a principios de mayo Ferrocarrils de la Generalitat Valenciana [...]","og_url":"https:\/\/ugtfgvalicante.com\/index.php\/2025\/05\/08\/fgv-amplia-hasta-junio-el-servicio-de-bus-entre-la-vila-joiosa-y-benidorm-por-las-obras-del-tram\/","og_site_name":"FGV Alicante","article_publisher":"https:\/\/es-es.facebook.com\/ugt.fgvalicante\/","article_published_time":"2025-05-08T19:01:10+00:00","article_modified_time":"2025-05-08T19:01:11+00:00","og_image":[{"width":980,"height":735,"url":"https:\/\/ugtfgvalicante.com\/wp-content\/uploads\/2025\/05\/articulos-1581226.jpg","type":"image\/jpeg"}],"author":"Ugt FGV Alicante","twitter_card":"summary_large_image","twitter_misc":{"Escrito por":"Ugt FGV Alicante","Tiempo de lectura":"3 minutos"},"schema":{"@context":"https:\/\/schema.org","@graph":[{"@type":"Article","@id":"https:\/\/ugtfgvalicante.com\/index.php\/2025\/05\/08\/fgv-amplia-hasta-junio-el-servicio-de-bus-entre-la-vila-joiosa-y-benidorm-por-las-obras-del-tram\/#article","isPartOf":{"@id":"https:\/\/ugtfgvalicante.com\/index.php\/2025\/05\/08\/fgv-amplia-hasta-junio-el-servicio-de-bus-entre-la-vila-joiosa-y-benidorm-por-las-obras-del-tram\/"},"author":{"name":"Ugt FGV Alicante","@id":"https:\/\/ugtfgvalicante.com\/#\/schema\/person\/a1375a9c1ef53e624aa79c34b93b62e8"},"headline":"FGV ampl\u00eda hasta junio el servicio de bus entre la Vila Joiosa y Benidorm por las obras del Tram","datePublished":"2025-05-08T19:01:10+00:00","dateModified":"2025-05-08T19:01:11+00:00","mainEntityOfPage":{"@id":"https:\/\/ugtfgvalicante.com\/index.php\/2025\/05\/08\/fgv-amplia-hasta-junio-el-servicio-de-bus-entre-la-vila-joiosa-y-benidorm-por-las-obras-del-tram\/"},"wordCount":526,"publisher":{"@id":"https:\/\/ugtfgvalicante.com\/#organization"},"image":{"@id":"https:\/\/ugtfgvalicante.com\/index.php\/2025\/05\/08\/fgv-amplia-hasta-junio-el-servicio-de-bus-entre-la-vila-joiosa-y-benidorm-por-las-obras-del-tram\/#primaryimage"},"thumbnailUrl":"https:\/\/ugtfgvalicante.com\/wp-content\/uploads\/2025\/05\/articulos-1581226.jpg","articleSection":["Noticias prensa"],"inLanguage":"es"},{"@type":"WebPage","@id":"https:\/\/ugtfgvalicante.com\/index.php\/2025\/05\/08\/fgv-amplia-hasta-junio-el-servicio-de-bus-entre-la-vila-joiosa-y-benidorm-por-las-obras-del-tram\/","url":"https:\/\/ugtfgvalicante.com\/index.php\/2025\/05\/08\/fgv-amplia-hasta-junio-el-servicio-de-bus-entre-la-vila-joiosa-y-benidorm-por-las-obras-del-tram\/","name":"FGV ampl\u00eda hasta junio el servicio de bus entre la Vila Joiosa y Benidorm por las obras del Tram - FGV Alicante","isPartOf":{"@id":"https:\/\/ugtfgvalicante.com\/#website"},"primaryImageOfPage":{"@id":"https:\/\/ugtfgvalicante.com\/index.php\/2025\/05\/08\/fgv-amplia-hasta-junio-el-servicio-de-bus-entre-la-vila-joiosa-y-benidorm-por-las-obras-del-tram\/#primaryimage"},"image":{"@id":"https:\/\/ugtfgvalicante.com\/index.php\/2025\/05\/08\/fgv-amplia-hasta-junio-el-servicio-de-bus-entre-la-vila-joiosa-y-benidorm-por-las-obras-del-tram\/#primaryimage"},"thumbnailUrl":"https:\/\/ugtfgvalicante.com\/wp-content\/uploads\/2025\/05\/articulos-1581226.jpg","datePublished":"2025-05-08T19:01:10+00:00","dateModified":"2025-05-08T19:01:11+00:00","breadcrumb":{"@id":"https:\/\/ugtfgvalicante.com\/index.php\/2025\/05\/08\/fgv-amplia-hasta-junio-el-servicio-de-bus-entre-la-vila-joiosa-y-benidorm-por-las-obras-del-tram\/#breadcrumb"},"inLanguage":"es","potentialAction":[{"@type":"ReadAction","target":["https:\/\/ugtfgvalicante.com\/index.php\/2025\/05\/08\/fgv-amplia-hasta-junio-el-servicio-de-bus-entre-la-vila-joiosa-y-benidorm-por-las-obras-del-tram\/"]}]},{"@type":"ImageObject","inLanguage":"es","@id":"https:\/\/ugtfgvalicante.com\/index.php\/2025\/05\/08\/fgv-amplia-hasta-junio-el-servicio-de-bus-entre-la-vila-joiosa-y-benidorm-por-las-obras-del-tram\/#primaryimage","url":"https:\/\/ugtfgvalicante.com\/wp-content\/uploads\/2025\/05\/articulos-1581226.jpg","contentUrl":"https:\/\/ugtfgvalicante.com\/wp-content\/uploads\/2025\/05\/articulos-1581226.jpg","width":980,"height":735},{"@type":"BreadcrumbList","@id":"https:\/\/ugtfgvalicante.com\/index.php\/2025\/05\/08\/fgv-amplia-hasta-junio-el-servicio-de-bus-entre-la-vila-joiosa-y-benidorm-por-las-obras-del-tram\/#breadcrumb","itemListElement":[{"@type":"ListItem","position":1,"name":"Portada","item":"https:\/\/ugtfgvalicante.com\/"},{"@type":"ListItem","position":2,"name":"FGV ampl\u00eda hasta junio el servicio de bus entre la Vila Joiosa y Benidorm por las obras del Tram"}]},{"@type":"WebSite","@id":"https:\/\/ugtfgvalicante.com\/#website","url":"https:\/\/ugtfgvalicante.com\/","name":"FGV Alicante","description":"","publisher":{"@id":"https:\/\/ugtfgvalicante.com\/#organization"},"potentialAction":[{"@type":"SearchAction","target":{"@type":"EntryPoint","urlTemplate":"https:\/\/ugtfgvalicante.com\/?s={search_term_string}"},"query-input":{"@type":"PropertyValueSpecification","valueRequired":true,"valueName":"search_term_string"}}],"inLanguage":"es"},{"@type":"Organization","@id":"https:\/\/ugtfgvalicante.com\/#organization","name":"UGT FGV Alicante","url":"https:\/\/ugtfgvalicante.com\/","logo":{"@type":"ImageObject","inLanguage":"es","@id":"https:\/\/ugtfgvalicante.com\/#\/schema\/logo\/image\/","url":"https:\/\/ugtfgvalicante.com\/wp-content\/uploads\/2022\/10\/logo-ugt-web.png","contentUrl":"https:\/\/ugtfgvalicante.com\/wp-content\/uploads\/2022\/10\/logo-ugt-web.png","width":2283,"height":1126,"caption":"UGT FGV Alicante"},"image":{"@id":"https:\/\/ugtfgvalicante.com\/#\/schema\/logo\/image\/"},"sameAs":["https:\/\/es-es.facebook.com\/ugt.fgvalicante\/"]},{"@type":"Person","@id":"https:\/\/ugtfgvalicante.com\/#\/schema\/person\/a1375a9c1ef53e624aa79c34b93b62e8","name":"Ugt FGV Alicante","image":{"@type":"ImageObject","inLanguage":"es","@id":"https:\/\/ugtfgvalicante.com\/#\/schema\/person\/image\/","url":"https:\/\/secure.gravatar.com\/avatar\/ea41cd8456808460c6c0caa1a213c3c921573555df6b57a7ee2f16fb6f502866?s=96&d=mm&r=g","contentUrl":"https:\/\/secure.gravatar.com\/avatar\/ea41cd8456808460c6c0caa1a213c3c921573555df6b57a7ee2f16fb6f502866?s=96&d=mm&r=g","caption":"Ugt FGV Alicante"},"url":"https:\/\/ugtfgvalicante.com\/index.php\/author\/ggrau\/"}]}},"_links":{"self":[{"href":"https:\/\/ugtfgvalicante.com\/index.php\/wp-json\/wp\/v2\/posts\/948","targetHints":{"allow":["GET"]}}],"collection":[{"href":"https:\/\/ugtfgvalicante.com\/index.php\/wp-json\/wp\/v2\/posts"}],"about":[{"href":"https:\/\/ugtfgvalicante.com\/index.php\/wp-json\/wp\/v2\/types\/post"}],"author":[{"embeddable":true,"href":"https:\/\/ugtfgvalicante.com\/index.php\/wp-json\/wp\/v2\/users\/4"}],"replies":[{"embeddable":true,"href":"https:\/\/ugtfgvalicante.com\/index.php\/wp-json\/wp\/v2\/comments?post=948"}],"version-history":[{"count":1,"href":"https:\/\/ugtfgvalicante.com\/index.php\/wp-json\/wp\/v2\/posts\/948\/revisions"}],"predecessor-version":[{"id":950,"href":"https:\/\/ugtfgvalicante.com\/index.php\/wp-json\/wp\/v2\/posts\/948\/revisions\/950"}],"wp:featuredmedia":[{"embeddable":true,"href":"https:\/\/ugtfgvalicante.com\/index.php\/wp-json\/wp\/v2\/media\/949"}],"wp:attachment":[{"href":"https:\/\/ugtfgvalicante.com\/index.php\/wp-json\/wp\/v2\/media?parent=948"}],"wp:term":[{"taxonomy":"category","embeddable":true,"href":"https:\/\/ugtfgvalicante.com\/index.php\/wp-json\/wp\/v2\/categories?post=948"},{"taxonomy":"post_tag","embeddable":true,"href":"https:\/\/ugtfgvalicante.com\/index.php\/wp-json\/wp\/v2\/tags?post=948"}],"curies":[{"name":"wp","href":"https:\/\/api.w.org\/{rel}","templated":true}]}}