{"id":99,"date":"2022-07-05T07:11:36","date_gmt":"2022-07-05T07:11:36","guid":{"rendered":"https:\/\/ugtfgvalicante.com\/?p=99"},"modified":"2022-07-05T07:11:36","modified_gmt":"2022-07-05T07:11:36","slug":"el-tram-nocturno-se-activa-los-viernes-y-sabados-en-alicante","status":"publish","type":"post","link":"https:\/\/ugtfgvalicante.com\/index.php\/2022\/07\/05\/el-tram-nocturno-se-activa-los-viernes-y-sabados-en-alicante\/","title":{"rendered":"El TRAM nocturno se activa los viernes y s\u00e1bados en Alicante"},"content":{"rendered":"\n<h3 class=\"wp-block-heading\">A partir del 1 de julio vuelve a prestar servicio nocturno el TRAM de Alicante los viernes, s\u00e1bados y v\u00edsperas de festivos.<\/h3>\n\n\n\n<p>El servicio nocturno del&nbsp;<strong>TRAM d\u2019Alacant (tramnochador)&nbsp;se activa&nbsp;los fines de semana del verano<\/strong>&nbsp;en el \u00e1rea metropolitana, y El Mussol de Les Marines, que circula tambi\u00e9n por la noche y en las mismas fechas entre&nbsp;<strong>Benidorm y<\/strong>&nbsp;Garganes, desde este viernes, 1 de julio hasta&nbsp;el pr\u00f3ximo 27 de agosto.<\/p>\n\n\n\n<p>La consellera de Pol\u00edtica Territorial, Obr\u00e1s P\u00fablicas y Movilidad,&nbsp;<strong>Rebeca Torr\u00f3<\/strong>, ha destacado \u201cla<strong>&nbsp;vuelta del servicio nocturno del TRAM d\u2019Alacant,<\/strong>&nbsp;tras los a\u00f1os de pandemia, coincidiendo con la recuperaci\u00f3n de los viajeros y viajeras, que ya se sit\u00faa a niveles de prepandemia, y con la bajada de precios impulsada por la Generalitat, que rebaja los t\u00edtulos de transporte hasta un 50%\u201d.<\/p>\n\n\n\n<p>Como ha indicado Rebeca Torr\u00f3, \u201ceste servicio es una muestra m\u00e1s de la apuesta decidida de la<strong>&nbsp;Generalitat por la movilidad sostenible,<\/strong>&nbsp;que pasa por ampliar las l\u00edneas, pero tambi\u00e9n por mejorar el servicio y reducir los precios para ofrecer un transporte p\u00fablico cada vez m\u00e1s competitivo, que contribuya a avanzar en descarbonizaci\u00f3n\u201d.<\/p>\n\n\n\n<p><strong>Servicio nocturno viernes, s\u00e1bado y v\u00edspera de&nbsp;festivos<\/strong><\/p>\n\n\n\n<p>Todos los viernes y s\u00e1bados de&nbsp;verano, la Generalitat, a trav\u00e9s del TRAM d\u2019Alacant, facilitar\u00e1 la movilidad de sus usuarios con los&nbsp;<strong>nuevos precios<\/strong>, en vigor desde el 17 de junio, que permiten que los desplazamientos sean&nbsp;<strong>m\u00e1s baratos, hasta en un 50%<\/strong>. Adem\u00e1s de los fines de semana, el mi\u00e9rcoles, 14 de agosto, v\u00edspera de la festividad de la Asunci\u00f3n de la Virgen, tambi\u00e9n habr\u00e1 servicio de&nbsp;<strong>Tramnochador<\/strong>&nbsp;y El Mussol de Les Marines.<\/p>\n\n\n\n<p>Estos servicios especiales forman parte de las iniciativas para mejorar el servicio que prestan Metrovalencia y el TRAM d\u00b4Alacant, entre las que figuran incrementar los servicios nocturnos para ampliar la oferta a un n\u00famero mayor de personas usuarias.<\/p>\n\n\n\n<p>Con ambos servicios, Ferrocarrils de la Generalitat Valenciana (FGV) facilita el acceso a las principales \u00e1reas de ocio de Alicante de forma segura y llega as\u00ed a miles de ciudadanos y ciudadanas, sobre todo&nbsp;<strong>j\u00f3venes<\/strong>, que se desplazan durante la<strong>&nbsp;madrugada<\/strong>, sin necesidad de utilizar veh\u00edculo propio.<\/p>\n\n\n\n<p><strong>El Tramnochador ofrecer\u00e1 servicio durante toda la noche entre Luceros y las localidades de Benidorm (L1); Sant Vicent del Raspeig (L2); El Campello (L3); y Playa de San Juan (L4), con parada en las diferentes estaciones y apeaderos de estos trayectos.<\/strong><\/p>\n\n\n\n<p>Por su parte, El Mussol de Les Marines, unir\u00e1 Benidorm y Garganes, en el municipio de&nbsp;<strong>Altea<\/strong>, los viernes y s\u00e1bados del verano en la L\u00ednea 9 de TRAM d\u2019Alacant.<\/p>\n\n\n\n<p>Las frecuencias de los trenes y tranv\u00edas depender\u00e1n de las diferentes l\u00edneas y de las franjas horarias, por lo que se aconseja a los clientes que se informen en la p\u00e1gina web www.tramalacant.es, en el tel\u00e9fono gratuito de informaci\u00f3n y Atenci\u00f3n al Cliente (900 72 04 72), en redes sociales y en la App oficial de TRAM d\u2019Alacant.<\/p>\n\n\n\n<p>Fuente: <a href=\"https:\/\/alicantepress.com\/art\/47882\/el-tram-nocturno-se-activa-los-viernes-y-sabados-en-alicante\">AlicantePress<\/a><\/p>\n","protected":false},"excerpt":{"rendered":"<div class=\"mh-excerpt\"><p>A partir del 1 de julio vuelve a prestar servicio nocturno el TRAM de Alicante los viernes, s\u00e1bados y v\u00edsperas de festivos. El servicio nocturno <a class=\"mh-excerpt-more\" href=\"https:\/\/ugtfgvalicante.com\/index.php\/2022\/07\/05\/el-tram-nocturno-se-activa-los-viernes-y-sabados-en-alicante\/\" title=\"El TRAM nocturno se activa los viernes y s\u00e1bados en Alicante\">[&#8230;]<\/a><\/p>\n<\/div>","protected":false},"author":4,"featured_media":100,"comment_status":"closed","ping_status":"","sticky":false,"template":"","format":"standard","meta":{"footnotes":""},"categories":[1],"tags":[],"class_list":["post-99","post","type-post","status-publish","format-standard","has-post-thumbnail","hentry","category-sin-categoria"],"yoast_head":"<!-- This site is optimized with the Yoast SEO plugin v26.6 - https:\/\/yoast.com\/wordpress\/plugins\/seo\/ -->\n<title>El TRAM nocturno se activa los viernes y s\u00e1bados en Alicante - FGV Alicante<\/title>\n<meta name=\"robots\" content=\"index, follow, max-snippet:-1, max-image-preview:large, max-video-preview:-1\" \/>\n<link rel=\"canonical\" href=\"https:\/\/ugtfgvalicante.com\/index.php\/2022\/07\/05\/el-tram-nocturno-se-activa-los-viernes-y-sabados-en-alicante\/\" \/>\n<meta property=\"og:locale\" content=\"es_ES\" \/>\n<meta property=\"og:type\" content=\"article\" \/>\n<meta property=\"og:title\" content=\"El TRAM nocturno se activa los viernes y s\u00e1bados en Alicante - FGV Alicante\" \/>\n<meta property=\"og:description\" content=\"A partir del 1 de julio vuelve a prestar servicio nocturno el TRAM de Alicante los viernes, s\u00e1bados y v\u00edsperas de festivos. El servicio nocturno [...]\" \/>\n<meta property=\"og:url\" content=\"https:\/\/ugtfgvalicante.com\/index.php\/2022\/07\/05\/el-tram-nocturno-se-activa-los-viernes-y-sabados-en-alicante\/\" \/>\n<meta property=\"og:site_name\" content=\"FGV Alicante\" \/>\n<meta property=\"article:publisher\" content=\"https:\/\/es-es.facebook.com\/ugt.fgvalicante\/\" \/>\n<meta property=\"article:published_time\" content=\"2022-07-05T07:11:36+00:00\" \/>\n<meta property=\"og:image\" content=\"https:\/\/ugtfgvalicante.com\/wp-content\/uploads\/2022\/07\/3399_5661_tram-alicante-de-noche.jpg\" \/>\n\t<meta property=\"og:image:width\" content=\"670\" \/>\n\t<meta property=\"og:image:height\" content=\"448\" \/>\n\t<meta property=\"og:image:type\" content=\"image\/jpeg\" \/>\n<meta name=\"author\" content=\"Ugt FGV Alicante\" \/>\n<meta name=\"twitter:card\" content=\"summary_large_image\" \/>\n<meta name=\"twitter:label1\" content=\"Escrito por\" \/>\n\t<meta name=\"twitter:data1\" content=\"Ugt FGV Alicante\" \/>\n\t<meta name=\"twitter:label2\" content=\"Tiempo de lectura\" \/>\n\t<meta name=\"twitter:data2\" content=\"3 minutos\" \/>\n<script type=\"application\/ld+json\" class=\"yoast-schema-graph\">{\"@context\":\"https:\/\/schema.org\",\"@graph\":[{\"@type\":\"Article\",\"@id\":\"https:\/\/ugtfgvalicante.com\/index.php\/2022\/07\/05\/el-tram-nocturno-se-activa-los-viernes-y-sabados-en-alicante\/#article\",\"isPartOf\":{\"@id\":\"https:\/\/ugtfgvalicante.com\/index.php\/2022\/07\/05\/el-tram-nocturno-se-activa-los-viernes-y-sabados-en-alicante\/\"},\"author\":{\"name\":\"Ugt FGV Alicante\",\"@id\":\"https:\/\/ugtfgvalicante.com\/#\/schema\/person\/a1375a9c1ef53e624aa79c34b93b62e8\"},\"headline\":\"El TRAM nocturno se activa los viernes y s\u00e1bados en Alicante\",\"datePublished\":\"2022-07-05T07:11:36+00:00\",\"mainEntityOfPage\":{\"@id\":\"https:\/\/ugtfgvalicante.com\/index.php\/2022\/07\/05\/el-tram-nocturno-se-activa-los-viernes-y-sabados-en-alicante\/\"},\"wordCount\":556,\"publisher\":{\"@id\":\"https:\/\/ugtfgvalicante.com\/#organization\"},\"image\":{\"@id\":\"https:\/\/ugtfgvalicante.com\/index.php\/2022\/07\/05\/el-tram-nocturno-se-activa-los-viernes-y-sabados-en-alicante\/#primaryimage\"},\"thumbnailUrl\":\"https:\/\/ugtfgvalicante.com\/wp-content\/uploads\/2022\/07\/3399_5661_tram-alicante-de-noche.jpg\",\"inLanguage\":\"es\"},{\"@type\":\"WebPage\",\"@id\":\"https:\/\/ugtfgvalicante.com\/index.php\/2022\/07\/05\/el-tram-nocturno-se-activa-los-viernes-y-sabados-en-alicante\/\",\"url\":\"https:\/\/ugtfgvalicante.com\/index.php\/2022\/07\/05\/el-tram-nocturno-se-activa-los-viernes-y-sabados-en-alicante\/\",\"name\":\"El TRAM nocturno se activa los viernes y s\u00e1bados en Alicante - FGV Alicante\",\"isPartOf\":{\"@id\":\"https:\/\/ugtfgvalicante.com\/#website\"},\"primaryImageOfPage\":{\"@id\":\"https:\/\/ugtfgvalicante.com\/index.php\/2022\/07\/05\/el-tram-nocturno-se-activa-los-viernes-y-sabados-en-alicante\/#primaryimage\"},\"image\":{\"@id\":\"https:\/\/ugtfgvalicante.com\/index.php\/2022\/07\/05\/el-tram-nocturno-se-activa-los-viernes-y-sabados-en-alicante\/#primaryimage\"},\"thumbnailUrl\":\"https:\/\/ugtfgvalicante.com\/wp-content\/uploads\/2022\/07\/3399_5661_tram-alicante-de-noche.jpg\",\"datePublished\":\"2022-07-05T07:11:36+00:00\",\"breadcrumb\":{\"@id\":\"https:\/\/ugtfgvalicante.com\/index.php\/2022\/07\/05\/el-tram-nocturno-se-activa-los-viernes-y-sabados-en-alicante\/#breadcrumb\"},\"inLanguage\":\"es\",\"potentialAction\":[{\"@type\":\"ReadAction\",\"target\":[\"https:\/\/ugtfgvalicante.com\/index.php\/2022\/07\/05\/el-tram-nocturno-se-activa-los-viernes-y-sabados-en-alicante\/\"]}]},{\"@type\":\"ImageObject\",\"inLanguage\":\"es\",\"@id\":\"https:\/\/ugtfgvalicante.com\/index.php\/2022\/07\/05\/el-tram-nocturno-se-activa-los-viernes-y-sabados-en-alicante\/#primaryimage\",\"url\":\"https:\/\/ugtfgvalicante.com\/wp-content\/uploads\/2022\/07\/3399_5661_tram-alicante-de-noche.jpg\",\"contentUrl\":\"https:\/\/ugtfgvalicante.com\/wp-content\/uploads\/2022\/07\/3399_5661_tram-alicante-de-noche.jpg\",\"width\":670,\"height\":448},{\"@type\":\"BreadcrumbList\",\"@id\":\"https:\/\/ugtfgvalicante.com\/index.php\/2022\/07\/05\/el-tram-nocturno-se-activa-los-viernes-y-sabados-en-alicante\/#breadcrumb\",\"itemListElement\":[{\"@type\":\"ListItem\",\"position\":1,\"name\":\"Portada\",\"item\":\"https:\/\/ugtfgvalicante.com\/\"},{\"@type\":\"ListItem\",\"position\":2,\"name\":\"El TRAM nocturno se activa los viernes y s\u00e1bados en Alicante\"}]},{\"@type\":\"WebSite\",\"@id\":\"https:\/\/ugtfgvalicante.com\/#website\",\"url\":\"https:\/\/ugtfgvalicante.com\/\",\"name\":\"FGV Alicante\",\"description\":\"\",\"publisher\":{\"@id\":\"https:\/\/ugtfgvalicante.com\/#organization\"},\"potentialAction\":[{\"@type\":\"SearchAction\",\"target\":{\"@type\":\"EntryPoint\",\"urlTemplate\":\"https:\/\/ugtfgvalicante.com\/?s={search_term_string}\"},\"query-input\":{\"@type\":\"PropertyValueSpecification\",\"valueRequired\":true,\"valueName\":\"search_term_string\"}}],\"inLanguage\":\"es\"},{\"@type\":\"Organization\",\"@id\":\"https:\/\/ugtfgvalicante.com\/#organization\",\"name\":\"UGT FGV Alicante\",\"url\":\"https:\/\/ugtfgvalicante.com\/\",\"logo\":{\"@type\":\"ImageObject\",\"inLanguage\":\"es\",\"@id\":\"https:\/\/ugtfgvalicante.com\/#\/schema\/logo\/image\/\",\"url\":\"https:\/\/ugtfgvalicante.com\/wp-content\/uploads\/2022\/10\/logo-ugt-web.png\",\"contentUrl\":\"https:\/\/ugtfgvalicante.com\/wp-content\/uploads\/2022\/10\/logo-ugt-web.png\",\"width\":2283,\"height\":1126,\"caption\":\"UGT FGV Alicante\"},\"image\":{\"@id\":\"https:\/\/ugtfgvalicante.com\/#\/schema\/logo\/image\/\"},\"sameAs\":[\"https:\/\/es-es.facebook.com\/ugt.fgvalicante\/\"]},{\"@type\":\"Person\",\"@id\":\"https:\/\/ugtfgvalicante.com\/#\/schema\/person\/a1375a9c1ef53e624aa79c34b93b62e8\",\"name\":\"Ugt FGV Alicante\",\"image\":{\"@type\":\"ImageObject\",\"inLanguage\":\"es\",\"@id\":\"https:\/\/ugtfgvalicante.com\/#\/schema\/person\/image\/\",\"url\":\"https:\/\/secure.gravatar.com\/avatar\/ea41cd8456808460c6c0caa1a213c3c921573555df6b57a7ee2f16fb6f502866?s=96&d=mm&r=g\",\"contentUrl\":\"https:\/\/secure.gravatar.com\/avatar\/ea41cd8456808460c6c0caa1a213c3c921573555df6b57a7ee2f16fb6f502866?s=96&d=mm&r=g\",\"caption\":\"Ugt FGV Alicante\"},\"url\":\"https:\/\/ugtfgvalicante.com\/index.php\/author\/ggrau\/\"}]}<\/script>\n<!-- \/ Yoast SEO plugin. -->","yoast_head_json":{"title":"El TRAM nocturno se activa los viernes y s\u00e1bados en Alicante - FGV Alicante","robots":{"index":"index","follow":"follow","max-snippet":"max-snippet:-1","max-image-preview":"max-image-preview:large","max-video-preview":"max-video-preview:-1"},"canonical":"https:\/\/ugtfgvalicante.com\/index.php\/2022\/07\/05\/el-tram-nocturno-se-activa-los-viernes-y-sabados-en-alicante\/","og_locale":"es_ES","og_type":"article","og_title":"El TRAM nocturno se activa los viernes y s\u00e1bados en Alicante - FGV Alicante","og_description":"A partir del 1 de julio vuelve a prestar servicio nocturno el TRAM de Alicante los viernes, s\u00e1bados y v\u00edsperas de festivos. El servicio nocturno [...]","og_url":"https:\/\/ugtfgvalicante.com\/index.php\/2022\/07\/05\/el-tram-nocturno-se-activa-los-viernes-y-sabados-en-alicante\/","og_site_name":"FGV Alicante","article_publisher":"https:\/\/es-es.facebook.com\/ugt.fgvalicante\/","article_published_time":"2022-07-05T07:11:36+00:00","og_image":[{"width":670,"height":448,"url":"https:\/\/ugtfgvalicante.com\/wp-content\/uploads\/2022\/07\/3399_5661_tram-alicante-de-noche.jpg","type":"image\/jpeg"}],"author":"Ugt FGV Alicante","twitter_card":"summary_large_image","twitter_misc":{"Escrito por":"Ugt FGV Alicante","Tiempo de lectura":"3 minutos"},"schema":{"@context":"https:\/\/schema.org","@graph":[{"@type":"Article","@id":"https:\/\/ugtfgvalicante.com\/index.php\/2022\/07\/05\/el-tram-nocturno-se-activa-los-viernes-y-sabados-en-alicante\/#article","isPartOf":{"@id":"https:\/\/ugtfgvalicante.com\/index.php\/2022\/07\/05\/el-tram-nocturno-se-activa-los-viernes-y-sabados-en-alicante\/"},"author":{"name":"Ugt FGV Alicante","@id":"https:\/\/ugtfgvalicante.com\/#\/schema\/person\/a1375a9c1ef53e624aa79c34b93b62e8"},"headline":"El TRAM nocturno se activa los viernes y s\u00e1bados en Alicante","datePublished":"2022-07-05T07:11:36+00:00","mainEntityOfPage":{"@id":"https:\/\/ugtfgvalicante.com\/index.php\/2022\/07\/05\/el-tram-nocturno-se-activa-los-viernes-y-sabados-en-alicante\/"},"wordCount":556,"publisher":{"@id":"https:\/\/ugtfgvalicante.com\/#organization"},"image":{"@id":"https:\/\/ugtfgvalicante.com\/index.php\/2022\/07\/05\/el-tram-nocturno-se-activa-los-viernes-y-sabados-en-alicante\/#primaryimage"},"thumbnailUrl":"https:\/\/ugtfgvalicante.com\/wp-content\/uploads\/2022\/07\/3399_5661_tram-alicante-de-noche.jpg","inLanguage":"es"},{"@type":"WebPage","@id":"https:\/\/ugtfgvalicante.com\/index.php\/2022\/07\/05\/el-tram-nocturno-se-activa-los-viernes-y-sabados-en-alicante\/","url":"https:\/\/ugtfgvalicante.com\/index.php\/2022\/07\/05\/el-tram-nocturno-se-activa-los-viernes-y-sabados-en-alicante\/","name":"El TRAM nocturno se activa los viernes y s\u00e1bados en Alicante - FGV Alicante","isPartOf":{"@id":"https:\/\/ugtfgvalicante.com\/#website"},"primaryImageOfPage":{"@id":"https:\/\/ugtfgvalicante.com\/index.php\/2022\/07\/05\/el-tram-nocturno-se-activa-los-viernes-y-sabados-en-alicante\/#primaryimage"},"image":{"@id":"https:\/\/ugtfgvalicante.com\/index.php\/2022\/07\/05\/el-tram-nocturno-se-activa-los-viernes-y-sabados-en-alicante\/#primaryimage"},"thumbnailUrl":"https:\/\/ugtfgvalicante.com\/wp-content\/uploads\/2022\/07\/3399_5661_tram-alicante-de-noche.jpg","datePublished":"2022-07-05T07:11:36+00:00","breadcrumb":{"@id":"https:\/\/ugtfgvalicante.com\/index.php\/2022\/07\/05\/el-tram-nocturno-se-activa-los-viernes-y-sabados-en-alicante\/#breadcrumb"},"inLanguage":"es","potentialAction":[{"@type":"ReadAction","target":["https:\/\/ugtfgvalicante.com\/index.php\/2022\/07\/05\/el-tram-nocturno-se-activa-los-viernes-y-sabados-en-alicante\/"]}]},{"@type":"ImageObject","inLanguage":"es","@id":"https:\/\/ugtfgvalicante.com\/index.php\/2022\/07\/05\/el-tram-nocturno-se-activa-los-viernes-y-sabados-en-alicante\/#primaryimage","url":"https:\/\/ugtfgvalicante.com\/wp-content\/uploads\/2022\/07\/3399_5661_tram-alicante-de-noche.jpg","contentUrl":"https:\/\/ugtfgvalicante.com\/wp-content\/uploads\/2022\/07\/3399_5661_tram-alicante-de-noche.jpg","width":670,"height":448},{"@type":"BreadcrumbList","@id":"https:\/\/ugtfgvalicante.com\/index.php\/2022\/07\/05\/el-tram-nocturno-se-activa-los-viernes-y-sabados-en-alicante\/#breadcrumb","itemListElement":[{"@type":"ListItem","position":1,"name":"Portada","item":"https:\/\/ugtfgvalicante.com\/"},{"@type":"ListItem","position":2,"name":"El TRAM nocturno se activa los viernes y s\u00e1bados en Alicante"}]},{"@type":"WebSite","@id":"https:\/\/ugtfgvalicante.com\/#website","url":"https:\/\/ugtfgvalicante.com\/","name":"FGV Alicante","description":"","publisher":{"@id":"https:\/\/ugtfgvalicante.com\/#organization"},"potentialAction":[{"@type":"SearchAction","target":{"@type":"EntryPoint","urlTemplate":"https:\/\/ugtfgvalicante.com\/?s={search_term_string}"},"query-input":{"@type":"PropertyValueSpecification","valueRequired":true,"valueName":"search_term_string"}}],"inLanguage":"es"},{"@type":"Organization","@id":"https:\/\/ugtfgvalicante.com\/#organization","name":"UGT FGV Alicante","url":"https:\/\/ugtfgvalicante.com\/","logo":{"@type":"ImageObject","inLanguage":"es","@id":"https:\/\/ugtfgvalicante.com\/#\/schema\/logo\/image\/","url":"https:\/\/ugtfgvalicante.com\/wp-content\/uploads\/2022\/10\/logo-ugt-web.png","contentUrl":"https:\/\/ugtfgvalicante.com\/wp-content\/uploads\/2022\/10\/logo-ugt-web.png","width":2283,"height":1126,"caption":"UGT FGV Alicante"},"image":{"@id":"https:\/\/ugtfgvalicante.com\/#\/schema\/logo\/image\/"},"sameAs":["https:\/\/es-es.facebook.com\/ugt.fgvalicante\/"]},{"@type":"Person","@id":"https:\/\/ugtfgvalicante.com\/#\/schema\/person\/a1375a9c1ef53e624aa79c34b93b62e8","name":"Ugt FGV Alicante","image":{"@type":"ImageObject","inLanguage":"es","@id":"https:\/\/ugtfgvalicante.com\/#\/schema\/person\/image\/","url":"https:\/\/secure.gravatar.com\/avatar\/ea41cd8456808460c6c0caa1a213c3c921573555df6b57a7ee2f16fb6f502866?s=96&d=mm&r=g","contentUrl":"https:\/\/secure.gravatar.com\/avatar\/ea41cd8456808460c6c0caa1a213c3c921573555df6b57a7ee2f16fb6f502866?s=96&d=mm&r=g","caption":"Ugt FGV Alicante"},"url":"https:\/\/ugtfgvalicante.com\/index.php\/author\/ggrau\/"}]}},"_links":{"self":[{"href":"https:\/\/ugtfgvalicante.com\/index.php\/wp-json\/wp\/v2\/posts\/99","targetHints":{"allow":["GET"]}}],"collection":[{"href":"https:\/\/ugtfgvalicante.com\/index.php\/wp-json\/wp\/v2\/posts"}],"about":[{"href":"https:\/\/ugtfgvalicante.com\/index.php\/wp-json\/wp\/v2\/types\/post"}],"author":[{"embeddable":true,"href":"https:\/\/ugtfgvalicante.com\/index.php\/wp-json\/wp\/v2\/users\/4"}],"replies":[{"embeddable":true,"href":"https:\/\/ugtfgvalicante.com\/index.php\/wp-json\/wp\/v2\/comments?post=99"}],"version-history":[{"count":1,"href":"https:\/\/ugtfgvalicante.com\/index.php\/wp-json\/wp\/v2\/posts\/99\/revisions"}],"predecessor-version":[{"id":101,"href":"https:\/\/ugtfgvalicante.com\/index.php\/wp-json\/wp\/v2\/posts\/99\/revisions\/101"}],"wp:featuredmedia":[{"embeddable":true,"href":"https:\/\/ugtfgvalicante.com\/index.php\/wp-json\/wp\/v2\/media\/100"}],"wp:attachment":[{"href":"https:\/\/ugtfgvalicante.com\/index.php\/wp-json\/wp\/v2\/media?parent=99"}],"wp:term":[{"taxonomy":"category","embeddable":true,"href":"https:\/\/ugtfgvalicante.com\/index.php\/wp-json\/wp\/v2\/categories?post=99"},{"taxonomy":"post_tag","embeddable":true,"href":"https:\/\/ugtfgvalicante.com\/index.php\/wp-json\/wp\/v2\/tags?post=99"}],"curies":[{"name":"wp","href":"https:\/\/api.w.org\/{rel}","templated":true}]}}